{"id":32011,"date":"2016-10-26T09:40:42","date_gmt":"2016-10-26T12:40:42","guid":{"rendered":"http:\/\/www.fraterinternacional.org\/en\/?p=32011"},"modified":"2016-11-01T19:21:04","modified_gmt":"2016-11-01T22:21:04","slug":"first-aid-course-community-light-nova-terra","status":"publish","type":"post","link":"https:\/\/www.fraterinternacional.org\/en\/first-aid-course-community-light-nova-terra\/","title":{"rendered":"First Aid Course in the Community-of-Light of the Nova Terra"},"content":{"rendered":"<p style=\"text-align: justify;\"><strong><em>The union of action groups and young people strengthen the will to serve in any situation<\/em><\/strong><\/p>\n<p style=\"text-align: justify;\">Twenty young people of the <a href=\"http:\/\/www.comunidadenovaterra.org\/novaterra\/\" target=\"_blank\">Community-of-Light of the Nova Terra<\/a>, in Teres\u00f3polis city, State of Rio de Janeiro, Brazil, attended the First Aid Course, from Oct. 13 to 16. \u00a0The group received instructions on first aids and basic survival techniques.<\/p>\n<p style=\"text-align: justify;\"><a href=\"http:\/\/www.fraterinternacional.org\/wp-content\/uploads\/2016\/10\/primeiros_socorros_comunidade_nova_terra_grupo_solar_outubro_2016_imobilizacao.jpg\"><img decoding=\"async\" class=\"alignleft wp-image-31187\" src=\"http:\/\/www.fraterinternacional.org\/wp-content\/uploads\/2016\/10\/primeiros_socorros_comunidade_nova_terra_grupo_solar_outubro_2016_imobilizacao-212x300.jpg\" alt=\"primeiros_socorros_comunidade_nova_terra_grupo_solar_outubro_2016_imobilizacao\" width=\"192\" height=\"272\" srcset=\"https:\/\/www.fraterinternacional.org\/wp-content\/uploads\/2016\/10\/primeiros_socorros_comunidade_nova_terra_grupo_solar_outubro_2016_imobilizacao-200x283.jpg 200w, https:\/\/www.fraterinternacional.org\/wp-content\/uploads\/2016\/10\/primeiros_socorros_comunidade_nova_terra_grupo_solar_outubro_2016_imobilizacao-212x300.jpg 212w, https:\/\/www.fraterinternacional.org\/wp-content\/uploads\/2016\/10\/primeiros_socorros_comunidade_nova_terra_grupo_solar_outubro_2016_imobilizacao.jpg 400w\" sizes=\"(max-width: 192px) 100vw, 192px\" \/><\/a><\/p>\n<p style=\"text-align: justify;\">The event had as instructor the physician Dr. Vitor de S\u00e1, with the support of members of the <a href=\"http:\/\/www.fraterinternacional.org\/en\/emergencies\/\">Solar Group<\/a>, affiliated with the <strong>Fraternidade \u2013 International Humanitarian Federation<\/strong>.<\/p>\n<p style=\"text-align: justify;\">During these three days, the young people were instructed on basic techniques of first aids, survival in emergency cases and also on emergent procedures in disasters. All along the activities, the spaces of the <a href=\"http:\/\/www.fraterinternacional.org\/en\/communities-of-light\/\">Community-of-Light<\/a> were used to train several situations, such as the learning of immobilization and transport of injured people.<\/p>\n<p style=\"text-align: justify;\">Raquel is part of the GAAP (Grupo de Amor e A\u00e7\u00e3o Preventiva \u2013 Group of Love and Preventive Action) of the Community-of-Light of the Nova Terra and also participated in the course. \u201cIt was a very important course in this moment. This first module was quite complete in many ways. We noticed the union of the Solar Group with the GAAP and the effort of the young people during the event. All this strengthened our will to be useful in any single situation\u201d, said Raquel.<\/p>\n<p style=\"text-align: justify;\"><strong>Groups of Service<br \/>\n<\/strong><strong> <a href=\"http:\/\/www.fraterinternacional.org\/wp-content\/uploads\/2016\/10\/primeiros_socorros_comunidade_nova_terra_grupo_solar_outubro_2016_3.jpg\"><img decoding=\"async\" class=\"alignright size-medium wp-image-31178\" src=\"http:\/\/www.fraterinternacional.org\/wp-content\/uploads\/2016\/10\/primeiros_socorros_comunidade_nova_terra_grupo_solar_outubro_2016_3-300x169.jpg\" alt=\"primeiros_socorros_comunidade_nova_terra_grupo_solar_outubro_2016_3\" width=\"300\" height=\"169\" srcset=\"https:\/\/www.fraterinternacional.org\/wp-content\/uploads\/2016\/10\/primeiros_socorros_comunidade_nova_terra_grupo_solar_outubro_2016_3-200x112.jpg 200w, https:\/\/www.fraterinternacional.org\/wp-content\/uploads\/2016\/10\/primeiros_socorros_comunidade_nova_terra_grupo_solar_outubro_2016_3-300x169.jpg 300w, https:\/\/www.fraterinternacional.org\/wp-content\/uploads\/2016\/10\/primeiros_socorros_comunidade_nova_terra_grupo_solar_outubro_2016_3-400x225.jpg 400w, https:\/\/www.fraterinternacional.org\/wp-content\/uploads\/2016\/10\/primeiros_socorros_comunidade_nova_terra_grupo_solar_outubro_2016_3-600x337.jpg 600w, https:\/\/www.fraterinternacional.org\/wp-content\/uploads\/2016\/10\/primeiros_socorros_comunidade_nova_terra_grupo_solar_outubro_2016_3.jpg 690w\" sizes=\"(max-width: 300px) 100vw, 300px\" \/><\/a><\/strong>Both the GAAP and the Solar Group and, even the group itself formed during the course, are considered as Groups of Service. According to the <a href=\"http:\/\/www.irdin.org.br\/acervo\/detalhes\/53\" target=\"_blank\">book<\/a> Gloss\u00e1rio Esot\u00e9rico (\u201cEsoteric Glossary\u201d), by <a href=\"http:\/\/www.trigueirinho.org.br\/web\/php\/index.php?lang=ing\" target=\"_blank\">Trigueirinho<\/a>, each individual who is part of a group of service has as its primary task the expansion of its own consciousness, \u00a0what will reflect in the quality of the service it can render. The text also explains that a group properly attuned with the Hierarchy, although not numerous, can operate significant transformations on a planetary level or beyond.<\/p>\n<div class=\"fusion-fullwidth fullwidth-box fusion-builder-row-1 hundred-percent-fullwidth non-hundred-percent-height-scrolling\" style=\"--awb-border-radius-top-left:0px;--awb-border-radius-top-right:0px;--awb-border-radius-bottom-right:0px;--awb-border-radius-bottom-left:0px;--awb-overflow:visible;--awb-flex-wrap:wrap;\" ><div class=\"fusion-builder-row fusion-row\"><div class=\"fusion-layout-column fusion_builder_column fusion-builder-column-0 fusion_builder_column_1_1 1_1 fusion-one-full fusion-column-first fusion-column-last fusion-column-no-min-height\" style=\"--awb-bg-size:cover;--awb-margin-bottom:0px;\"><div class=\"fusion-column-wrapper fusion-flex-column-wrapper-legacy\">\n\t\t<style type=\"text\/css\">\n\t\t\t#gallery-1 {\n\t\t\t\tmargin: auto;\n\t\t\t}\n\t\t\t#gallery-1 .gallery-item {\n\t\t\t\tfloat: left;\n\t\t\t\tmargin-top: 10px;\n\t\t\t\ttext-align: center;\n\t\t\t\twidth: 50%;\n\t\t\t}\n\t\t\t#gallery-1 img {\n\t\t\t\tborder: 2px solid #cfcfcf;\n\t\t\t}\n\t\t\t#gallery-1 .gallery-caption {\n\t\t\t\tmargin-left: 0;\n\t\t\t}\n\t\t\t\/* see gallery_shortcode() in wp-includes\/media.php *\/\n\t\t<\/style>\n\t\t<div id='gallery-1' class='gallery galleryid-32011 gallery-columns-2 gallery-size-medium'><dl class='gallery-item'>\n\t\t\t<dt class='gallery-icon portrait'>\n\t\t\t\t<a data-rel=\"iLightbox[postimages]\" data-title=\"primeiros_socorros_comunidade_nova_terra_grupo_solar_outubro_2016_2\" data-caption=\"\" href='https:\/\/www.fraterinternacional.org\/wp-content\/uploads\/2016\/10\/primeiros_socorros_comunidade_nova_terra_grupo_solar_outubro_2016_2.jpg'><img decoding=\"async\" width=\"182\" height=\"300\" src=\"https:\/\/www.fraterinternacional.org\/wp-content\/uploads\/2016\/10\/primeiros_socorros_comunidade_nova_terra_grupo_solar_outubro_2016_2-182x300.jpg\" class=\"attachment-medium size-medium\" alt=\"\" srcset=\"https:\/\/www.fraterinternacional.org\/wp-content\/uploads\/2016\/10\/primeiros_socorros_comunidade_nova_terra_grupo_solar_outubro_2016_2-182x300.jpg 182w, https:\/\/www.fraterinternacional.org\/wp-content\/uploads\/2016\/10\/primeiros_socorros_comunidade_nova_terra_grupo_solar_outubro_2016_2-200x329.jpg 200w, https:\/\/www.fraterinternacional.org\/wp-content\/uploads\/2016\/10\/primeiros_socorros_comunidade_nova_terra_grupo_solar_outubro_2016_2-400x658.jpg 400w, https:\/\/www.fraterinternacional.org\/wp-content\/uploads\/2016\/10\/primeiros_socorros_comunidade_nova_terra_grupo_solar_outubro_2016_2.jpg 500w\" sizes=\"(max-width: 182px) 100vw, 182px\" \/><\/a>\n\t\t\t<\/dt><\/dl><dl class='gallery-item'>\n\t\t\t<dt class='gallery-icon landscape'>\n\t\t\t\t<a data-rel=\"iLightbox[postimages]\" data-title=\"primeiros_socorros_comunidade_nova_terra_grupo_solar_outubro_2016_4\" data-caption=\"\" href='https:\/\/www.fraterinternacional.org\/wp-content\/uploads\/2016\/10\/primeiros_socorros_comunidade_nova_terra_grupo_solar_outubro_2016_4.jpg'><img decoding=\"async\" width=\"300\" height=\"169\" src=\"https:\/\/www.fraterinternacional.org\/wp-content\/uploads\/2016\/10\/primeiros_socorros_comunidade_nova_terra_grupo_solar_outubro_2016_4-300x169.jpg\" class=\"attachment-medium size-medium\" alt=\"\" srcset=\"https:\/\/www.fraterinternacional.org\/wp-content\/uploads\/2016\/10\/primeiros_socorros_comunidade_nova_terra_grupo_solar_outubro_2016_4-200x112.jpg 200w, https:\/\/www.fraterinternacional.org\/wp-content\/uploads\/2016\/10\/primeiros_socorros_comunidade_nova_terra_grupo_solar_outubro_2016_4-300x169.jpg 300w, https:\/\/www.fraterinternacional.org\/wp-content\/uploads\/2016\/10\/primeiros_socorros_comunidade_nova_terra_grupo_solar_outubro_2016_4-400x225.jpg 400w, https:\/\/www.fraterinternacional.org\/wp-content\/uploads\/2016\/10\/primeiros_socorros_comunidade_nova_terra_grupo_solar_outubro_2016_4-600x337.jpg 600w, https:\/\/www.fraterinternacional.org\/wp-content\/uploads\/2016\/10\/primeiros_socorros_comunidade_nova_terra_grupo_solar_outubro_2016_4.jpg 690w\" sizes=\"(max-width: 300px) 100vw, 300px\" \/><\/a>\n\t\t\t<\/dt><\/dl><br style=\"clear: both\" \/>\n\t\t<\/div>\n<div class=\"fusion-clearfix\"><\/div><\/div><\/div><\/div><\/div>\n","protected":false},"excerpt":{"rendered":"<p>The union of action groups and young people strengthen the will to serve in any situation Twenty young people of [&hellip;]<\/p>\n","protected":false},"author":11,"featured_media":31185,"comment_status":"closed","ping_status":"closed","sticky":false,"template":"","format":"standard","meta":{"footnotes":""},"categories":[150],"tags":[115,108],"class_list":["post-32011","post","type-post","status-publish","format-standard","has-post-thumbnail","hentry","category-news","tag-communities-of-light","tag-emergencies"],"yoast_head":"<!-- This site is optimized with the Yoast SEO Premium plugin v21.0 (Yoast SEO v21.0) - https:\/\/yoast.com\/wordpress\/plugins\/seo\/ -->\n<title>First Aid Course in the Community-of-Light of the Nova Terra<\/title>\n<meta name=\"description\" content=\"Youths had instruction on First Aids and basic survival techniques in emergencies. The union of action groups and youths strengthened the will to serve.\" \/>\n<meta name=\"robots\" content=\"index, follow, max-snippet:-1, max-image-preview:large, max-video-preview:-1\" \/>\n<link rel=\"canonical\" href=\"https:\/\/www.fraterinternacional.org\/en\/first-aid-course-community-light-nova-terra\/\" \/>\n<meta property=\"og:locale\" content=\"en_US\" \/>\n<meta property=\"og:type\" content=\"article\" \/>\n<meta property=\"og:title\" content=\"First Aid Course in the Community-of-Light of the Nova Terra\" \/>\n<meta property=\"og:description\" content=\"Youths had instruction on First Aids and basic survival techniques in emergencies. The union of action groups and youths strengthened the will to serve.\" \/>\n<meta property=\"og:url\" content=\"https:\/\/www.fraterinternacional.org\/en\/first-aid-course-community-light-nova-terra\/\" \/>\n<meta property=\"og:site_name\" content=\"Fraternidade - Federa\u00e7\u00e3o Humanit\u00e1ria Internacional\" \/>\n<meta property=\"article:publisher\" content=\"https:\/\/www.facebook.com\/fraternidadehumanitaria\" \/>\n<meta property=\"article:published_time\" content=\"2016-10-26T12:40:42+00:00\" \/>\n<meta property=\"article:modified_time\" content=\"2016-11-01T22:21:04+00:00\" \/>\n<meta property=\"og:image\" content=\"https:\/\/www.fraterinternacional.org\/wp-content\/uploads\/2016\/10\/primeiros_socorros_comunidade_nova_terra_grupo_solar_outubro_2016_grupo.jpg\" \/>\n\t<meta property=\"og:image:width\" content=\"690\" \/>\n\t<meta property=\"og:image:height\" content=\"388\" \/>\n\t<meta property=\"og:image:type\" content=\"image\/jpeg\" \/>\n<meta name=\"author\" content=\"Nelson Frater\" \/>\n<meta name=\"twitter:card\" content=\"summary_large_image\" \/>\n<meta name=\"twitter:creator\" content=\"@fraternidadeFHI\" \/>\n<meta name=\"twitter:site\" content=\"@fraternidadeFHI\" \/>\n<meta name=\"twitter:label1\" content=\"Written by\" \/>\n\t<meta name=\"twitter:data1\" content=\"Nelson Frater\" \/>\n\t<meta name=\"twitter:label2\" content=\"Est. reading time\" \/>\n\t<meta name=\"twitter:data2\" content=\"2 minutes\" \/>\n<script type=\"application\/ld+json\" class=\"yoast-schema-graph\">{\"@context\":\"https:\/\/schema.org\",\"@graph\":[{\"@type\":\"WebPage\",\"@id\":\"https:\/\/www.fraterinternacional.org\/en\/first-aid-course-community-light-nova-terra\/\",\"url\":\"https:\/\/www.fraterinternacional.org\/en\/first-aid-course-community-light-nova-terra\/\",\"name\":\"First Aid Course in the Community-of-Light of the Nova Terra\",\"isPartOf\":{\"@id\":\"https:\/\/www.fraterinternacional.org\/es\/#website\"},\"datePublished\":\"2016-10-26T12:40:42+00:00\",\"dateModified\":\"2016-11-01T22:21:04+00:00\",\"author\":{\"@id\":\"https:\/\/www.fraterinternacional.org\/es\/#\/schema\/person\/facd24ae5f7e6b4ee1aeec7ad1b960ae\"},\"description\":\"Youths had instruction on First Aids and basic survival techniques in emergencies. The union of action groups and youths strengthened the will to serve.\",\"breadcrumb\":{\"@id\":\"https:\/\/www.fraterinternacional.org\/en\/first-aid-course-community-light-nova-terra\/#breadcrumb\"},\"inLanguage\":\"en-US\",\"potentialAction\":[{\"@type\":\"ReadAction\",\"target\":[\"https:\/\/www.fraterinternacional.org\/en\/first-aid-course-community-light-nova-terra\/\"]}]},{\"@type\":\"BreadcrumbList\",\"@id\":\"https:\/\/www.fraterinternacional.org\/en\/first-aid-course-community-light-nova-terra\/#breadcrumb\",\"itemListElement\":[{\"@type\":\"ListItem\",\"position\":1,\"name\":\"In\u00edcio\",\"item\":\"https:\/\/www.fraterinternacional.org\/en\/\"},{\"@type\":\"ListItem\",\"position\":2,\"name\":\"First Aid Course in the Community-of-Light of the Nova Terra\"}]},{\"@type\":\"WebSite\",\"@id\":\"https:\/\/www.fraterinternacional.org\/es\/#website\",\"url\":\"https:\/\/www.fraterinternacional.org\/es\/\",\"name\":\"Fraternidade - Federa\u00e7\u00e3o Humanit\u00e1ria Internacional\",\"description\":\"Fraternidade - Federa\u00e7\u00e3o Humanit\u00e1ria Internacional\",\"potentialAction\":[{\"@type\":\"SearchAction\",\"target\":{\"@type\":\"EntryPoint\",\"urlTemplate\":\"https:\/\/www.fraterinternacional.org\/es\/?s={search_term_string}\"},\"query-input\":\"required name=search_term_string\"}],\"inLanguage\":\"en-US\"},{\"@type\":\"Person\",\"@id\":\"https:\/\/www.fraterinternacional.org\/es\/#\/schema\/person\/facd24ae5f7e6b4ee1aeec7ad1b960ae\",\"name\":\"Nelson Frater\"}]}<\/script>\n<!-- \/ Yoast SEO Premium plugin. -->","yoast_head_json":{"title":"First Aid Course in the Community-of-Light of the Nova Terra","description":"Youths had instruction on First Aids and basic survival techniques in emergencies. The union of action groups and youths strengthened the will to serve.","robots":{"index":"index","follow":"follow","max-snippet":"max-snippet:-1","max-image-preview":"max-image-preview:large","max-video-preview":"max-video-preview:-1"},"canonical":"https:\/\/www.fraterinternacional.org\/en\/first-aid-course-community-light-nova-terra\/","og_locale":"en_US","og_type":"article","og_title":"First Aid Course in the Community-of-Light of the Nova Terra","og_description":"Youths had instruction on First Aids and basic survival techniques in emergencies. The union of action groups and youths strengthened the will to serve.","og_url":"https:\/\/www.fraterinternacional.org\/en\/first-aid-course-community-light-nova-terra\/","og_site_name":"Fraternidade - Federa\u00e7\u00e3o Humanit\u00e1ria Internacional","article_publisher":"https:\/\/www.facebook.com\/fraternidadehumanitaria","article_published_time":"2016-10-26T12:40:42+00:00","article_modified_time":"2016-11-01T22:21:04+00:00","og_image":[{"width":690,"height":388,"url":"https:\/\/www.fraterinternacional.org\/wp-content\/uploads\/2016\/10\/primeiros_socorros_comunidade_nova_terra_grupo_solar_outubro_2016_grupo.jpg","type":"image\/jpeg"}],"author":"Nelson Frater","twitter_card":"summary_large_image","twitter_creator":"@fraternidadeFHI","twitter_site":"@fraternidadeFHI","twitter_misc":{"Written by":"Nelson Frater","Est. reading time":"2 minutes"},"schema":{"@context":"https:\/\/schema.org","@graph":[{"@type":"WebPage","@id":"https:\/\/www.fraterinternacional.org\/en\/first-aid-course-community-light-nova-terra\/","url":"https:\/\/www.fraterinternacional.org\/en\/first-aid-course-community-light-nova-terra\/","name":"First Aid Course in the Community-of-Light of the Nova Terra","isPartOf":{"@id":"https:\/\/www.fraterinternacional.org\/es\/#website"},"datePublished":"2016-10-26T12:40:42+00:00","dateModified":"2016-11-01T22:21:04+00:00","author":{"@id":"https:\/\/www.fraterinternacional.org\/es\/#\/schema\/person\/facd24ae5f7e6b4ee1aeec7ad1b960ae"},"description":"Youths had instruction on First Aids and basic survival techniques in emergencies. The union of action groups and youths strengthened the will to serve.","breadcrumb":{"@id":"https:\/\/www.fraterinternacional.org\/en\/first-aid-course-community-light-nova-terra\/#breadcrumb"},"inLanguage":"en-US","potentialAction":[{"@type":"ReadAction","target":["https:\/\/www.fraterinternacional.org\/en\/first-aid-course-community-light-nova-terra\/"]}]},{"@type":"BreadcrumbList","@id":"https:\/\/www.fraterinternacional.org\/en\/first-aid-course-community-light-nova-terra\/#breadcrumb","itemListElement":[{"@type":"ListItem","position":1,"name":"In\u00edcio","item":"https:\/\/www.fraterinternacional.org\/en\/"},{"@type":"ListItem","position":2,"name":"First Aid Course in the Community-of-Light of the Nova Terra"}]},{"@type":"WebSite","@id":"https:\/\/www.fraterinternacional.org\/es\/#website","url":"https:\/\/www.fraterinternacional.org\/es\/","name":"Fraternidade - Federa\u00e7\u00e3o Humanit\u00e1ria Internacional","description":"Fraternidade - Federa\u00e7\u00e3o Humanit\u00e1ria Internacional","potentialAction":[{"@type":"SearchAction","target":{"@type":"EntryPoint","urlTemplate":"https:\/\/www.fraterinternacional.org\/es\/?s={search_term_string}"},"query-input":"required name=search_term_string"}],"inLanguage":"en-US"},{"@type":"Person","@id":"https:\/\/www.fraterinternacional.org\/es\/#\/schema\/person\/facd24ae5f7e6b4ee1aeec7ad1b960ae","name":"Nelson Frater"}]}},"_links":{"self":[{"href":"https:\/\/www.fraterinternacional.org\/en\/wp-json\/wp\/v2\/posts\/32011"}],"collection":[{"href":"https:\/\/www.fraterinternacional.org\/en\/wp-json\/wp\/v2\/posts"}],"about":[{"href":"https:\/\/www.fraterinternacional.org\/en\/wp-json\/wp\/v2\/types\/post"}],"author":[{"embeddable":true,"href":"https:\/\/www.fraterinternacional.org\/en\/wp-json\/wp\/v2\/users\/11"}],"replies":[{"embeddable":true,"href":"https:\/\/www.fraterinternacional.org\/en\/wp-json\/wp\/v2\/comments?post=32011"}],"version-history":[{"count":0,"href":"https:\/\/www.fraterinternacional.org\/en\/wp-json\/wp\/v2\/posts\/32011\/revisions"}],"wp:featuredmedia":[{"embeddable":true,"href":"https:\/\/www.fraterinternacional.org\/en\/wp-json\/wp\/v2\/media\/31185"}],"wp:attachment":[{"href":"https:\/\/www.fraterinternacional.org\/en\/wp-json\/wp\/v2\/media?parent=32011"}],"wp:term":[{"taxonomy":"category","embeddable":true,"href":"https:\/\/www.fraterinternacional.org\/en\/wp-json\/wp\/v2\/categories?post=32011"},{"taxonomy":"post_tag","embeddable":true,"href":"https:\/\/www.fraterinternacional.org\/en\/wp-json\/wp\/v2\/tags?post=32011"}],"curies":[{"name":"wp","href":"https:\/\/api.w.org\/{rel}","templated":true}]}}