{"id":31607,"date":"2016-10-21T13:59:53","date_gmt":"2016-10-21T16:59:53","guid":{"rendered":"http:\/\/www.fraterinternacional.org\/en\/?p=31607"},"modified":"2016-11-01T19:21:11","modified_gmt":"2016-11-01T22:21:11","slug":"criancas-tomaram-contato-com-a-musica-classica-na-casa-luz-da-colina","status":"publish","type":"post","link":"https:\/\/www.fraterinternacional.org\/en\/criancas-tomaram-contato-com-a-musica-classica-na-casa-luz-da-colina\/","title":{"rendered":"Children had contact with classical music in the House of Light on the Hill"},"content":{"rendered":"<p style=\"text-align: justify;\"><a href=\"http:\/\/www.fraterinternacional.org\/wp-content\/uploads\/2016\/10\/casa-luz-colina-musica-classica-criancas-carentes-07.jpg\"><img decoding=\"async\" class=\"alignright size-medium wp-image-31586\" src=\"http:\/\/www.fraterinternacional.org\/wp-content\/uploads\/2016\/10\/casa-luz-colina-musica-classica-criancas-carentes-07-300x169.jpg\" alt=\"casa-luz-colina-musica-classica-criancas-carentes-07\" width=\"300\" height=\"169\" srcset=\"https:\/\/www.fraterinternacional.org\/wp-content\/uploads\/2016\/10\/casa-luz-colina-musica-classica-criancas-carentes-07-200x112.jpg 200w, https:\/\/www.fraterinternacional.org\/wp-content\/uploads\/2016\/10\/casa-luz-colina-musica-classica-criancas-carentes-07-300x169.jpg 300w, https:\/\/www.fraterinternacional.org\/wp-content\/uploads\/2016\/10\/casa-luz-colina-musica-classica-criancas-carentes-07-400x225.jpg 400w, https:\/\/www.fraterinternacional.org\/wp-content\/uploads\/2016\/10\/casa-luz-colina-musica-classica-criancas-carentes-07-600x337.jpg 600w, https:\/\/www.fraterinternacional.org\/wp-content\/uploads\/2016\/10\/casa-luz-colina-musica-classica-criancas-carentes-07.jpg 690w\" sizes=\"(max-width: 300px) 100vw, 300px\" \/><\/a><\/p>\n<p style=\"text-align: justify;\">The <a href=\"http:\/\/www.casaluzdacolina.org.br\/\" target=\"_blank\">House of Light on the Hill<\/a>, affiliated to the <strong>Fraternidade \u2013 International Humanitarian Federation<\/strong>, has offered to the poor children of the Bom Retiro neighborhood, of Carmo da Cachoeira, Minas Gerais, Brazil, the opportunity of having contact with classical music. For this, it gathered at its headquarters 40 children in the \u201cMeeting with Harmony\u201d, which included playful activities with sound, visual arts and an introductory piano class.<\/p>\n<p style=\"text-align: justify;\"><a href=\"http:\/\/www.fraterinternacional.org\/wp-content\/uploads\/2016\/10\/casa-luz-colina-musica-classica-criancas-carentes-03.jpg\"><img decoding=\"async\" class=\"size-medium wp-image-31574 alignright\" src=\"http:\/\/www.fraterinternacional.org\/wp-content\/uploads\/2016\/10\/casa-luz-colina-musica-classica-criancas-carentes-03-300x169.jpg\" alt=\"casa-luz-colina-musica-classica-criancas-carentes-03\" width=\"300\" height=\"169\" srcset=\"https:\/\/www.fraterinternacional.org\/wp-content\/uploads\/2016\/10\/casa-luz-colina-musica-classica-criancas-carentes-03-200x112.jpg 200w, https:\/\/www.fraterinternacional.org\/wp-content\/uploads\/2016\/10\/casa-luz-colina-musica-classica-criancas-carentes-03-300x169.jpg 300w, https:\/\/www.fraterinternacional.org\/wp-content\/uploads\/2016\/10\/casa-luz-colina-musica-classica-criancas-carentes-03-400x225.jpg 400w, https:\/\/www.fraterinternacional.org\/wp-content\/uploads\/2016\/10\/casa-luz-colina-musica-classica-criancas-carentes-03-600x337.jpg 600w, https:\/\/www.fraterinternacional.org\/wp-content\/uploads\/2016\/10\/casa-luz-colina-musica-classica-criancas-carentes-03.jpg 690w\" sizes=\"(max-width: 300px) 100vw, 300px\" \/><\/a><\/p>\n<p style=\"text-align: justify;\">The event had the special collaboration of Francis Vilela, a piano teacher of the Music Conservatory of Varginha, Minas Gerais. Making use of works of Beethoven, Mozart and other classical composers, the professional managed to awaken the admiration and the interest of several participants. During the meeting, the children learnt and talked about classical\u00a0 music, got to know the piano and did exercises of musical perception.<\/p>\n<p style=\"text-align: justify;\">The introductory part began at 10 a.m. \u201cTo initiate the students in the piano class, we first perfected their inner harmony. We used sound and rhythm techniques, and opened the possibility that each participant might put an attribute, a sound of the heart, to form a rainbow, in this way expressing the love of each one\u201d, told sister Maria Imaculada, a nun of the <a href=\"http:\/\/www.fraterinternacional.org\/en\/grace-mercy-order\/\">Grace Mercy Order<\/a> and the coordinator\u00a0of the services that the House of Light on the Hill conducts for the children.<\/p>\n<p style=\"text-align: justify;\"><a href=\"http:\/\/www.fraterinternacional.org\/wp-content\/uploads\/2016\/10\/casa-luz-colina-musica-classica-criancas-carentes-05.jpg\"><img decoding=\"async\" class=\"size-medium wp-image-31580 alignright\" src=\"http:\/\/www.fraterinternacional.org\/wp-content\/uploads\/2016\/10\/casa-luz-colina-musica-classica-criancas-carentes-05-300x169.jpg\" alt=\"casa-luz-colina-musica-classica-criancas-carentes-05\" width=\"300\" height=\"169\" srcset=\"https:\/\/www.fraterinternacional.org\/wp-content\/uploads\/2016\/10\/casa-luz-colina-musica-classica-criancas-carentes-05-200x112.jpg 200w, https:\/\/www.fraterinternacional.org\/wp-content\/uploads\/2016\/10\/casa-luz-colina-musica-classica-criancas-carentes-05-300x169.jpg 300w, https:\/\/www.fraterinternacional.org\/wp-content\/uploads\/2016\/10\/casa-luz-colina-musica-classica-criancas-carentes-05-400x225.jpg 400w, https:\/\/www.fraterinternacional.org\/wp-content\/uploads\/2016\/10\/casa-luz-colina-musica-classica-criancas-carentes-05-600x337.jpg 600w, https:\/\/www.fraterinternacional.org\/wp-content\/uploads\/2016\/10\/casa-luz-colina-musica-classica-criancas-carentes-05.jpg 690w\" sizes=\"(max-width: 300px) 100vw, 300px\" \/><\/a><\/p>\n<p style=\"text-align: justify;\">After lunch, the children participated in a mandala session, and then in a piano class, when they had the opportunity of feeling a little like artists, sitting and accompanying the teacher at the keyboard, playing some musical notes. Despite the interest shown in several\u00a0 moments of the meeting, the children seemed absent-minded. \u201cAs a first experience, the activity contribute to plant a seed in these little hearts and to awaken the inner beauty that everyone has\u201d, explained sister Maria Imaculada.<\/p>\n<p style=\"text-align: justify;\">\u201cThe children are gifted with a lot of intelligence, a lot of sensitivity, and they deserve to have continuity in this study of music; to me, it seems important for the formation of the human being\u201d, said the teacher Francis Vilela.<\/p>\n<p style=\"text-align: justify;\">The children that experienced the \u201cMeeting with Harmony\u201d have been accompanied by the House of Light on the Hill for three years, with playful meetings that take place at its headquarters three times a week.<\/p>\n<div class=\"fusion-fullwidth fullwidth-box fusion-builder-row-1 hundred-percent-fullwidth non-hundred-percent-height-scrolling\" style=\"--awb-border-radius-top-left:0px;--awb-border-radius-top-right:0px;--awb-border-radius-bottom-right:0px;--awb-border-radius-bottom-left:0px;--awb-overflow:visible;--awb-flex-wrap:wrap;\" ><div class=\"fusion-builder-row fusion-row\"><div class=\"fusion-layout-column fusion_builder_column fusion-builder-column-0 fusion_builder_column_1_1 1_1 fusion-one-full fusion-column-first fusion-column-last fusion-column-no-min-height\" style=\"--awb-bg-size:cover;--awb-margin-bottom:0px;\"><div class=\"fusion-column-wrapper fusion-flex-column-wrapper-legacy\">\n\t\t<style type=\"text\/css\">\n\t\t\t#gallery-1 {\n\t\t\t\tmargin: auto;\n\t\t\t}\n\t\t\t#gallery-1 .gallery-item {\n\t\t\t\tfloat: left;\n\t\t\t\tmargin-top: 10px;\n\t\t\t\ttext-align: center;\n\t\t\t\twidth: 33%;\n\t\t\t}\n\t\t\t#gallery-1 img {\n\t\t\t\tborder: 2px solid #cfcfcf;\n\t\t\t}\n\t\t\t#gallery-1 .gallery-caption {\n\t\t\t\tmargin-left: 0;\n\t\t\t}\n\t\t\t\/* see gallery_shortcode() in wp-includes\/media.php *\/\n\t\t<\/style>\n\t\t<div id='gallery-1' class='gallery galleryid-31607 gallery-columns-3 gallery-size-medium'><dl class='gallery-item'>\n\t\t\t<dt class='gallery-icon landscape'>\n\t\t\t\t<a data-rel=\"iLightbox[postimages]\" data-title=\"casa-luz-colina-musica-classica-criancas-carentes-08\" data-caption=\"\" href='https:\/\/www.fraterinternacional.org\/wp-content\/uploads\/2016\/10\/casa-luz-colina-musica-classica-criancas-carentes-08.jpg'><img decoding=\"async\" width=\"300\" height=\"169\" src=\"https:\/\/www.fraterinternacional.org\/wp-content\/uploads\/2016\/10\/casa-luz-colina-musica-classica-criancas-carentes-08-300x169.jpg\" class=\"attachment-medium size-medium\" alt=\"\" srcset=\"https:\/\/www.fraterinternacional.org\/wp-content\/uploads\/2016\/10\/casa-luz-colina-musica-classica-criancas-carentes-08-200x112.jpg 200w, https:\/\/www.fraterinternacional.org\/wp-content\/uploads\/2016\/10\/casa-luz-colina-musica-classica-criancas-carentes-08-300x169.jpg 300w, https:\/\/www.fraterinternacional.org\/wp-content\/uploads\/2016\/10\/casa-luz-colina-musica-classica-criancas-carentes-08-400x225.jpg 400w, https:\/\/www.fraterinternacional.org\/wp-content\/uploads\/2016\/10\/casa-luz-colina-musica-classica-criancas-carentes-08-600x337.jpg 600w, https:\/\/www.fraterinternacional.org\/wp-content\/uploads\/2016\/10\/casa-luz-colina-musica-classica-criancas-carentes-08.jpg 690w\" sizes=\"(max-width: 300px) 100vw, 300px\" \/><\/a>\n\t\t\t<\/dt><\/dl><dl class='gallery-item'>\n\t\t\t<dt class='gallery-icon landscape'>\n\t\t\t\t<a data-rel=\"iLightbox[postimages]\" data-title=\"casa-luz-colina-musica-classica-criancas-carentes-06\" data-caption=\"\" href='https:\/\/www.fraterinternacional.org\/wp-content\/uploads\/2016\/10\/casa-luz-colina-musica-classica-criancas-carentes-06.jpg'><img decoding=\"async\" width=\"300\" height=\"169\" src=\"https:\/\/www.fraterinternacional.org\/wp-content\/uploads\/2016\/10\/casa-luz-colina-musica-classica-criancas-carentes-06-300x169.jpg\" class=\"attachment-medium size-medium\" alt=\"\" srcset=\"https:\/\/www.fraterinternacional.org\/wp-content\/uploads\/2016\/10\/casa-luz-colina-musica-classica-criancas-carentes-06-200x112.jpg 200w, https:\/\/www.fraterinternacional.org\/wp-content\/uploads\/2016\/10\/casa-luz-colina-musica-classica-criancas-carentes-06-300x169.jpg 300w, https:\/\/www.fraterinternacional.org\/wp-content\/uploads\/2016\/10\/casa-luz-colina-musica-classica-criancas-carentes-06-400x225.jpg 400w, https:\/\/www.fraterinternacional.org\/wp-content\/uploads\/2016\/10\/casa-luz-colina-musica-classica-criancas-carentes-06-600x337.jpg 600w, https:\/\/www.fraterinternacional.org\/wp-content\/uploads\/2016\/10\/casa-luz-colina-musica-classica-criancas-carentes-06.jpg 690w\" sizes=\"(max-width: 300px) 100vw, 300px\" \/><\/a>\n\t\t\t<\/dt><\/dl><dl class='gallery-item'>\n\t\t\t<dt class='gallery-icon landscape'>\n\t\t\t\t<a data-rel=\"iLightbox[postimages]\" data-title=\"casa-luz-colina-musica-classica-criancas-carentes-02\" data-caption=\"\" href='https:\/\/www.fraterinternacional.org\/wp-content\/uploads\/2016\/10\/casa-luz-colina-musica-classica-criancas-carentes-02.jpg'><img decoding=\"async\" width=\"300\" height=\"169\" src=\"https:\/\/www.fraterinternacional.org\/wp-content\/uploads\/2016\/10\/casa-luz-colina-musica-classica-criancas-carentes-02-300x169.jpg\" class=\"attachment-medium size-medium\" alt=\"\" srcset=\"https:\/\/www.fraterinternacional.org\/wp-content\/uploads\/2016\/10\/casa-luz-colina-musica-classica-criancas-carentes-02-200x112.jpg 200w, https:\/\/www.fraterinternacional.org\/wp-content\/uploads\/2016\/10\/casa-luz-colina-musica-classica-criancas-carentes-02-300x169.jpg 300w, https:\/\/www.fraterinternacional.org\/wp-content\/uploads\/2016\/10\/casa-luz-colina-musica-classica-criancas-carentes-02-400x225.jpg 400w, https:\/\/www.fraterinternacional.org\/wp-content\/uploads\/2016\/10\/casa-luz-colina-musica-classica-criancas-carentes-02-600x337.jpg 600w, https:\/\/www.fraterinternacional.org\/wp-content\/uploads\/2016\/10\/casa-luz-colina-musica-classica-criancas-carentes-02.jpg 690w\" sizes=\"(max-width: 300px) 100vw, 300px\" \/><\/a>\n\t\t\t<\/dt><\/dl><br style=\"clear: both\" \/><dl class='gallery-item'>\n\t\t\t<dt class='gallery-icon landscape'>\n\t\t\t\t<a data-rel=\"iLightbox[postimages]\" data-title=\"casa-luz-colina-musica-classica-criancas-carentes-09\" data-caption=\"\" href='https:\/\/www.fraterinternacional.org\/wp-content\/uploads\/2016\/10\/casa-luz-colina-musica-classica-criancas-carentes-09.jpg'><img decoding=\"async\" width=\"300\" height=\"169\" src=\"https:\/\/www.fraterinternacional.org\/wp-content\/uploads\/2016\/10\/casa-luz-colina-musica-classica-criancas-carentes-09-300x169.jpg\" class=\"attachment-medium size-medium\" alt=\"\" srcset=\"https:\/\/www.fraterinternacional.org\/wp-content\/uploads\/2016\/10\/casa-luz-colina-musica-classica-criancas-carentes-09-200x112.jpg 200w, https:\/\/www.fraterinternacional.org\/wp-content\/uploads\/2016\/10\/casa-luz-colina-musica-classica-criancas-carentes-09-300x169.jpg 300w, https:\/\/www.fraterinternacional.org\/wp-content\/uploads\/2016\/10\/casa-luz-colina-musica-classica-criancas-carentes-09-400x225.jpg 400w, https:\/\/www.fraterinternacional.org\/wp-content\/uploads\/2016\/10\/casa-luz-colina-musica-classica-criancas-carentes-09-600x337.jpg 600w, https:\/\/www.fraterinternacional.org\/wp-content\/uploads\/2016\/10\/casa-luz-colina-musica-classica-criancas-carentes-09.jpg 690w\" sizes=\"(max-width: 300px) 100vw, 300px\" \/><\/a>\n\t\t\t<\/dt><\/dl><dl class='gallery-item'>\n\t\t\t<dt class='gallery-icon landscape'>\n\t\t\t\t<a data-rel=\"iLightbox[postimages]\" data-title=\"casa-luz-colina-musica-classica-criancas-carentes-04b\" data-caption=\"?\" href='https:\/\/www.fraterinternacional.org\/wp-content\/uploads\/2016\/10\/casa-luz-colina-musica-classica-criancas-carentes-04B.jpg'><img decoding=\"async\" width=\"300\" height=\"178\" src=\"https:\/\/www.fraterinternacional.org\/wp-content\/uploads\/2016\/10\/casa-luz-colina-musica-classica-criancas-carentes-04B-300x178.jpg\" class=\"attachment-medium size-medium\" alt=\"\" aria-describedby=\"gallery-1-31599\" srcset=\"https:\/\/www.fraterinternacional.org\/wp-content\/uploads\/2016\/10\/casa-luz-colina-musica-classica-criancas-carentes-04B-200x119.jpg 200w, https:\/\/www.fraterinternacional.org\/wp-content\/uploads\/2016\/10\/casa-luz-colina-musica-classica-criancas-carentes-04B-300x178.jpg 300w, https:\/\/www.fraterinternacional.org\/wp-content\/uploads\/2016\/10\/casa-luz-colina-musica-classica-criancas-carentes-04B-400x237.jpg 400w, https:\/\/www.fraterinternacional.org\/wp-content\/uploads\/2016\/10\/casa-luz-colina-musica-classica-criancas-carentes-04B-600x356.jpg 600w, https:\/\/www.fraterinternacional.org\/wp-content\/uploads\/2016\/10\/casa-luz-colina-musica-classica-criancas-carentes-04B.jpg 690w\" sizes=\"(max-width: 300px) 100vw, 300px\" \/><\/a>\n\t\t\t<\/dt>\n\t\t\t\t<dd class='wp-caption-text gallery-caption' id='gallery-1-31599'>\n\t\t\t\t?\n\t\t\t\t<\/dd><\/dl>\n\t\t\t<br style='clear: both' \/>\n\t\t<\/div>\n<div class=\"fusion-clearfix\"><\/div><\/div><\/div><\/div><\/div>\n","protected":false},"excerpt":{"rendered":"<p>The House of Light on the Hill, affiliated to the Fraternidade \u2013 International Humanitarian Federation, has offered to the poor [&hellip;]<\/p>\n","protected":false},"author":16,"featured_media":31569,"comment_status":"closed","ping_status":"closed","sticky":false,"template":"","format":"standard","meta":{"footnotes":""},"categories":[150],"tags":[110],"class_list":["post-31607","post","type-post","status-publish","format-standard","has-post-thumbnail","hentry","category-news","tag-associations-of-service"],"yoast_head":"<!-- This site is optimized with the Yoast SEO Premium plugin v21.0 (Yoast SEO v21.0) - https:\/\/yoast.com\/wordpress\/plugins\/seo\/ -->\n<title>Children had contact with classical music in the House of Light on the Hill -<\/title>\n<meta name=\"description\" content=\"Poor children participated in a \u201cMeeting with Harmony\u201d that included playful activities with sound, visual arts and a piano class with classical music.\" \/>\n<meta name=\"robots\" content=\"index, follow, max-snippet:-1, max-image-preview:large, max-video-preview:-1\" \/>\n<link rel=\"canonical\" href=\"https:\/\/www.fraterinternacional.org\/en\/criancas-tomaram-contato-com-a-musica-classica-na-casa-luz-da-colina\/\" \/>\n<meta property=\"og:locale\" content=\"en_US\" \/>\n<meta property=\"og:type\" content=\"article\" \/>\n<meta property=\"og:title\" content=\"Children had contact with classical music in the House of Light on the Hill\" \/>\n<meta property=\"og:description\" content=\"Poor children participated in a \u201cMeeting with Harmony\u201d that included playful activities with sound, visual arts and a piano class with classical music.\" \/>\n<meta property=\"og:url\" content=\"https:\/\/www.fraterinternacional.org\/en\/criancas-tomaram-contato-com-a-musica-classica-na-casa-luz-da-colina\/\" \/>\n<meta property=\"og:site_name\" content=\"Fraternidade - Federa\u00e7\u00e3o Humanit\u00e1ria Internacional\" \/>\n<meta property=\"article:publisher\" content=\"https:\/\/www.facebook.com\/fraternidadehumanitaria\" \/>\n<meta property=\"article:published_time\" content=\"2016-10-21T16:59:53+00:00\" \/>\n<meta property=\"article:modified_time\" content=\"2016-11-01T22:21:11+00:00\" \/>\n<meta property=\"og:image\" content=\"https:\/\/www.fraterinternacional.org\/wp-content\/uploads\/2016\/10\/casa-luz-colina-musica-classica-criancas-carentes-01.jpg\" \/>\n\t<meta property=\"og:image:width\" content=\"690\" \/>\n\t<meta property=\"og:image:height\" content=\"388\" \/>\n\t<meta property=\"og:image:type\" content=\"image\/jpeg\" \/>\n<meta name=\"author\" content=\"Sergio Redator Espanhol\" \/>\n<meta name=\"twitter:card\" content=\"summary_large_image\" \/>\n<meta name=\"twitter:creator\" content=\"@fraternidadeFHI\" \/>\n<meta name=\"twitter:site\" content=\"@fraternidadeFHI\" \/>\n<meta name=\"twitter:label1\" content=\"Written by\" \/>\n\t<meta name=\"twitter:data1\" content=\"Sergio Redator Espanhol\" \/>\n\t<meta name=\"twitter:label2\" content=\"Est. reading time\" \/>\n\t<meta name=\"twitter:data2\" content=\"2 minutes\" \/>\n<script type=\"application\/ld+json\" class=\"yoast-schema-graph\">{\"@context\":\"https:\/\/schema.org\",\"@graph\":[{\"@type\":\"WebPage\",\"@id\":\"https:\/\/www.fraterinternacional.org\/en\/criancas-tomaram-contato-com-a-musica-classica-na-casa-luz-da-colina\/\",\"url\":\"https:\/\/www.fraterinternacional.org\/en\/criancas-tomaram-contato-com-a-musica-classica-na-casa-luz-da-colina\/\",\"name\":\"Children had contact with classical music in the House of Light on the Hill -\",\"isPartOf\":{\"@id\":\"https:\/\/www.fraterinternacional.org\/es\/#website\"},\"datePublished\":\"2016-10-21T16:59:53+00:00\",\"dateModified\":\"2016-11-01T22:21:11+00:00\",\"author\":{\"@id\":\"https:\/\/www.fraterinternacional.org\/es\/#\/schema\/person\/cf24d3eac28b0e09714ecb8cbd865c28\"},\"description\":\"Poor children participated in a \u201cMeeting with Harmony\u201d that included playful activities with sound, visual arts and a piano class with classical music.\",\"breadcrumb\":{\"@id\":\"https:\/\/www.fraterinternacional.org\/en\/criancas-tomaram-contato-com-a-musica-classica-na-casa-luz-da-colina\/#breadcrumb\"},\"inLanguage\":\"en-US\",\"potentialAction\":[{\"@type\":\"ReadAction\",\"target\":[\"https:\/\/www.fraterinternacional.org\/en\/criancas-tomaram-contato-com-a-musica-classica-na-casa-luz-da-colina\/\"]}]},{\"@type\":\"BreadcrumbList\",\"@id\":\"https:\/\/www.fraterinternacional.org\/en\/criancas-tomaram-contato-com-a-musica-classica-na-casa-luz-da-colina\/#breadcrumb\",\"itemListElement\":[{\"@type\":\"ListItem\",\"position\":1,\"name\":\"In\u00edcio\",\"item\":\"https:\/\/www.fraterinternacional.org\/en\/\"},{\"@type\":\"ListItem\",\"position\":2,\"name\":\"Children had contact with classical music in the House of Light on the Hill\"}]},{\"@type\":\"WebSite\",\"@id\":\"https:\/\/www.fraterinternacional.org\/es\/#website\",\"url\":\"https:\/\/www.fraterinternacional.org\/es\/\",\"name\":\"Fraternidade - Federa\u00e7\u00e3o Humanit\u00e1ria Internacional\",\"description\":\"Fraternidade - Federa\u00e7\u00e3o Humanit\u00e1ria Internacional\",\"potentialAction\":[{\"@type\":\"SearchAction\",\"target\":{\"@type\":\"EntryPoint\",\"urlTemplate\":\"https:\/\/www.fraterinternacional.org\/es\/?s={search_term_string}\"},\"query-input\":\"required name=search_term_string\"}],\"inLanguage\":\"en-US\"},{\"@type\":\"Person\",\"@id\":\"https:\/\/www.fraterinternacional.org\/es\/#\/schema\/person\/cf24d3eac28b0e09714ecb8cbd865c28\",\"name\":\"Sergio Redator Espanhol\"}]}<\/script>\n<!-- \/ Yoast SEO Premium plugin. -->","yoast_head_json":{"title":"Children had contact with classical music in the House of Light on the Hill -","description":"Poor children participated in a \u201cMeeting with Harmony\u201d that included playful activities with sound, visual arts and a piano class with classical music.","robots":{"index":"index","follow":"follow","max-snippet":"max-snippet:-1","max-image-preview":"max-image-preview:large","max-video-preview":"max-video-preview:-1"},"canonical":"https:\/\/www.fraterinternacional.org\/en\/criancas-tomaram-contato-com-a-musica-classica-na-casa-luz-da-colina\/","og_locale":"en_US","og_type":"article","og_title":"Children had contact with classical music in the House of Light on the Hill","og_description":"Poor children participated in a \u201cMeeting with Harmony\u201d that included playful activities with sound, visual arts and a piano class with classical music.","og_url":"https:\/\/www.fraterinternacional.org\/en\/criancas-tomaram-contato-com-a-musica-classica-na-casa-luz-da-colina\/","og_site_name":"Fraternidade - Federa\u00e7\u00e3o Humanit\u00e1ria Internacional","article_publisher":"https:\/\/www.facebook.com\/fraternidadehumanitaria","article_published_time":"2016-10-21T16:59:53+00:00","article_modified_time":"2016-11-01T22:21:11+00:00","og_image":[{"width":690,"height":388,"url":"https:\/\/www.fraterinternacional.org\/wp-content\/uploads\/2016\/10\/casa-luz-colina-musica-classica-criancas-carentes-01.jpg","type":"image\/jpeg"}],"author":"Sergio Redator Espanhol","twitter_card":"summary_large_image","twitter_creator":"@fraternidadeFHI","twitter_site":"@fraternidadeFHI","twitter_misc":{"Written by":"Sergio Redator Espanhol","Est. reading time":"2 minutes"},"schema":{"@context":"https:\/\/schema.org","@graph":[{"@type":"WebPage","@id":"https:\/\/www.fraterinternacional.org\/en\/criancas-tomaram-contato-com-a-musica-classica-na-casa-luz-da-colina\/","url":"https:\/\/www.fraterinternacional.org\/en\/criancas-tomaram-contato-com-a-musica-classica-na-casa-luz-da-colina\/","name":"Children had contact with classical music in the House of Light on the Hill -","isPartOf":{"@id":"https:\/\/www.fraterinternacional.org\/es\/#website"},"datePublished":"2016-10-21T16:59:53+00:00","dateModified":"2016-11-01T22:21:11+00:00","author":{"@id":"https:\/\/www.fraterinternacional.org\/es\/#\/schema\/person\/cf24d3eac28b0e09714ecb8cbd865c28"},"description":"Poor children participated in a \u201cMeeting with Harmony\u201d that included playful activities with sound, visual arts and a piano class with classical music.","breadcrumb":{"@id":"https:\/\/www.fraterinternacional.org\/en\/criancas-tomaram-contato-com-a-musica-classica-na-casa-luz-da-colina\/#breadcrumb"},"inLanguage":"en-US","potentialAction":[{"@type":"ReadAction","target":["https:\/\/www.fraterinternacional.org\/en\/criancas-tomaram-contato-com-a-musica-classica-na-casa-luz-da-colina\/"]}]},{"@type":"BreadcrumbList","@id":"https:\/\/www.fraterinternacional.org\/en\/criancas-tomaram-contato-com-a-musica-classica-na-casa-luz-da-colina\/#breadcrumb","itemListElement":[{"@type":"ListItem","position":1,"name":"In\u00edcio","item":"https:\/\/www.fraterinternacional.org\/en\/"},{"@type":"ListItem","position":2,"name":"Children had contact with classical music in the House of Light on the Hill"}]},{"@type":"WebSite","@id":"https:\/\/www.fraterinternacional.org\/es\/#website","url":"https:\/\/www.fraterinternacional.org\/es\/","name":"Fraternidade - Federa\u00e7\u00e3o Humanit\u00e1ria Internacional","description":"Fraternidade - Federa\u00e7\u00e3o Humanit\u00e1ria Internacional","potentialAction":[{"@type":"SearchAction","target":{"@type":"EntryPoint","urlTemplate":"https:\/\/www.fraterinternacional.org\/es\/?s={search_term_string}"},"query-input":"required name=search_term_string"}],"inLanguage":"en-US"},{"@type":"Person","@id":"https:\/\/www.fraterinternacional.org\/es\/#\/schema\/person\/cf24d3eac28b0e09714ecb8cbd865c28","name":"Sergio Redator Espanhol"}]}},"_links":{"self":[{"href":"https:\/\/www.fraterinternacional.org\/en\/wp-json\/wp\/v2\/posts\/31607"}],"collection":[{"href":"https:\/\/www.fraterinternacional.org\/en\/wp-json\/wp\/v2\/posts"}],"about":[{"href":"https:\/\/www.fraterinternacional.org\/en\/wp-json\/wp\/v2\/types\/post"}],"author":[{"embeddable":true,"href":"https:\/\/www.fraterinternacional.org\/en\/wp-json\/wp\/v2\/users\/16"}],"replies":[{"embeddable":true,"href":"https:\/\/www.fraterinternacional.org\/en\/wp-json\/wp\/v2\/comments?post=31607"}],"version-history":[{"count":0,"href":"https:\/\/www.fraterinternacional.org\/en\/wp-json\/wp\/v2\/posts\/31607\/revisions"}],"wp:featuredmedia":[{"embeddable":true,"href":"https:\/\/www.fraterinternacional.org\/en\/wp-json\/wp\/v2\/media\/31569"}],"wp:attachment":[{"href":"https:\/\/www.fraterinternacional.org\/en\/wp-json\/wp\/v2\/media?parent=31607"}],"wp:term":[{"taxonomy":"category","embeddable":true,"href":"https:\/\/www.fraterinternacional.org\/en\/wp-json\/wp\/v2\/categories?post=31607"},{"taxonomy":"post_tag","embeddable":true,"href":"https:\/\/www.fraterinternacional.org\/en\/wp-json\/wp\/v2\/tags?post=31607"}],"curies":[{"name":"wp","href":"https:\/\/api.w.org\/{rel}","templated":true}]}}