{"id":31358,"date":"2016-10-26T10:28:15","date_gmt":"2016-10-26T13:28:15","guid":{"rendered":"http:\/\/www.fraterinternacional.org\/en\/?p=31358"},"modified":"2016-11-01T19:21:03","modified_gmt":"2016-11-01T22:21:03","slug":"service-and-the-spiritual-quest","status":"publish","type":"post","link":"https:\/\/www.fraterinternacional.org\/en\/service-and-the-spiritual-quest\/","title":{"rendered":"Service and the spiritual quest"},"content":{"rendered":"<h3>Listen to the \u00e1udio of Trigueirinho about the theme <img decoding=\"async\" class=\"alignnone wp-image-3635\" src=\"http:\/\/www.fraterinternacional.org\/wp-content\/uploads\/2015\/09\/icone-audio.png\" alt=\"icone-audio\" width=\"33\" height=\"23\" \/><\/h3>\n<div class=\"fusion-fullwidth fullwidth-box fusion-builder-row-1 hundred-percent-fullwidth non-hundred-percent-height-scrolling\" style=\"--awb-border-radius-top-left:0px;--awb-border-radius-top-right:0px;--awb-border-radius-bottom-right:0px;--awb-border-radius-bottom-left:0px;--awb-overflow:visible;--awb-flex-wrap:wrap;\" ><div class=\"fusion-builder-row fusion-row\"><div class=\"fusion-layout-column fusion_builder_column fusion-builder-column-0 fusion_builder_column_1_1 1_1 fusion-one-full fusion-column-first fusion-column-last fusion-column-no-min-height\" style=\"--awb-bg-size:cover;--awb-margin-bottom:0px;\"><div class=\"fusion-column-wrapper fusion-flex-column-wrapper-legacy\"><div style=\"width: 720px;\" class=\"wp-video\"><!--[if lt IE 9]><script>document.createElement('video');<\/script><![endif]-->\n<video class=\"wp-video-shortcode\" id=\"video-31358-1\" width=\"720\" height=\"100\" preload=\"metadata\" controls=\"controls\"><source type=\"video\/mp4\" src=\"http:\/\/www.fraterinternacional.org\/wp-content\/uploads\/2016\/10\/servico-e-busca-espiritual-ING.mp4?_=1\" \/><a href=\"http:\/\/www.fraterinternacional.org\/wp-content\/uploads\/2016\/10\/servico-e-busca-espiritual-ING.mp4\">http:\/\/www.fraterinternacional.org\/wp-content\/uploads\/2016\/10\/servico-e-busca-espiritual-ING.mp4<\/a><\/video><\/div>\n<p>&nbsp;<\/p>\n<p style=\"text-align: justify;\"><a href=\"http:\/\/www.fraterinternacional.org\/wp-content\/uploads\/2016\/10\/servico-e-busca-epiritual.jpg\"><img decoding=\"async\" class=\"size-medium wp-image-31314 alignleft\" src=\"http:\/\/www.fraterinternacional.org\/wp-content\/uploads\/2016\/10\/servico-e-busca-epiritual-300x169.jpg\" alt=\"O servi\u00e7o e a busca espiritual\" width=\"300\" height=\"169\" srcset=\"https:\/\/www.fraterinternacional.org\/wp-content\/uploads\/2016\/10\/servico-e-busca-epiritual-200x112.jpg 200w, https:\/\/www.fraterinternacional.org\/wp-content\/uploads\/2016\/10\/servico-e-busca-epiritual-300x169.jpg 300w, https:\/\/www.fraterinternacional.org\/wp-content\/uploads\/2016\/10\/servico-e-busca-epiritual-400x225.jpg 400w, https:\/\/www.fraterinternacional.org\/wp-content\/uploads\/2016\/10\/servico-e-busca-epiritual-600x337.jpg 600w, https:\/\/www.fraterinternacional.org\/wp-content\/uploads\/2016\/10\/servico-e-busca-epiritual.jpg 690w\" sizes=\"(max-width: 300px) 100vw, 300px\" \/><\/a><\/p>\n<p style=\"text-align: justify;\">In these times of disharmony and conflict, it becomes necessary to assume the spiritual life. Many are already discovering, after recognizing that the common human life is a mere play of dispersive forces. They sincerely seek the essence of their being, and, the more they penetrate this track, the more they identify themselves with the strength that there is in the center of their beings. Thus they expand their opportunity of self-perfecting and of service to the world and to humanity.<\/p>\n<p style=\"text-align: justify;\">In the quest for spiritual union, we will be accompanined by a greater radiance than earthly light. We will see, then, what we did not use to perceive, and our imperfection will be highlighted. We remain attentive not to yield to suffering because of our shortcomings; it is good that we know that we will never be completely prepared. Self-perfecting is never-ending, and the continuous evolution will lead us step by step to our Dwelling.<\/p>\n<p style=\"text-align: justify;\">If we want to find a pearl, we must seek it at the bottom of the sea. If we want to enjoy the beauty of the flowers, we must reverently place ourselves before them. If we want to discover the new, we must move towards God, the Source of all that is created. We must seek the light that neither the water nor the wind can extinguish.<\/p>\n<p><strong>Article of reference:<\/strong>\u00a0Newspaper O Tempo of July 24, 2016<br \/>\n<strong>Article title:<\/strong> Como podemos servir ao mundo atrav\u00e9s da busca espiritual(How can we serve the world through the spiritual quest)<br \/>\n<strong>Audio of Irdin:<\/strong> Conversas com Trigueirinho, 362 (Talkswith Trigueirinho, 362)<br \/>\n<strong>Recorded on<\/strong>: November 19, 2005<br \/>\n<strong>Complete audio:\u00a0<\/strong><a href=\"http:\/\/www.irdin.org.br\/acervo\/detalhes\/4560\" target=\"_blank\">http:\/\/www.irdin.org.br\/acervo\/detalhes\/4560<\/a><div class=\"fusion-clearfix\"><\/div><\/div><\/div><\/div><\/div>\n","protected":false},"excerpt":{"rendered":"<p>Listen to the \u00e1udio of Trigueirinho about the theme<\/p>\n","protected":false},"author":4,"featured_media":31315,"comment_status":"closed","ping_status":"closed","sticky":false,"template":"","format":"standard","meta":{"footnotes":""},"categories":[3243],"tags":[3247],"class_list":["post-31358","post","type-post","status-publish","format-standard","has-post-thumbnail","hentry","category-impulses-for-the-week","tag-instruction-en"],"yoast_head":"<!-- This site is optimized with the Yoast SEO Premium plugin v21.0 (Yoast SEO v21.0) - https:\/\/yoast.com\/wordpress\/plugins\/seo\/ -->\n<title>Service and the spiritual quest -<\/title>\n<meta name=\"robots\" content=\"index, follow, max-snippet:-1, max-image-preview:large, max-video-preview:-1\" \/>\n<link rel=\"canonical\" href=\"https:\/\/www.fraterinternacional.org\/en\/service-and-the-spiritual-quest\/\" \/>\n<meta property=\"og:locale\" content=\"en_US\" \/>\n<meta property=\"og:type\" content=\"article\" \/>\n<meta property=\"og:title\" content=\"Service and the spiritual quest\" \/>\n<meta property=\"og:description\" content=\"Listen to the \u00e1udio of Trigueirinho about the theme\" \/>\n<meta property=\"og:url\" content=\"https:\/\/www.fraterinternacional.org\/en\/service-and-the-spiritual-quest\/\" \/>\n<meta property=\"og:site_name\" content=\"Fraternidade - Federa\u00e7\u00e3o Humanit\u00e1ria Internacional\" \/>\n<meta property=\"article:publisher\" content=\"https:\/\/www.facebook.com\/fraternidadehumanitaria\" \/>\n<meta property=\"article:published_time\" content=\"2016-10-26T13:28:15+00:00\" \/>\n<meta property=\"article:modified_time\" content=\"2016-11-01T22:21:03+00:00\" \/>\n<meta property=\"og:image\" content=\"https:\/\/www.fraterinternacional.org\/wp-content\/uploads\/2016\/10\/servico-e-busca-epiritual.jpg\" \/>\n\t<meta property=\"og:image:width\" content=\"690\" \/>\n\t<meta property=\"og:image:height\" content=\"388\" \/>\n\t<meta property=\"og:image:type\" content=\"image\/jpeg\" \/>\n<meta name=\"author\" content=\"maducato_admin\" \/>\n<meta name=\"twitter:card\" content=\"summary_large_image\" \/>\n<meta name=\"twitter:creator\" content=\"@fraternidadeFHI\" \/>\n<meta name=\"twitter:site\" content=\"@fraternidadeFHI\" \/>\n<meta name=\"twitter:label1\" content=\"Written by\" \/>\n\t<meta name=\"twitter:data1\" content=\"maducato_admin\" \/>\n\t<meta name=\"twitter:label2\" content=\"Est. reading time\" \/>\n\t<meta name=\"twitter:data2\" content=\"2 minutes\" \/>\n<script type=\"application\/ld+json\" class=\"yoast-schema-graph\">{\"@context\":\"https:\/\/schema.org\",\"@graph\":[{\"@type\":\"WebPage\",\"@id\":\"https:\/\/www.fraterinternacional.org\/en\/service-and-the-spiritual-quest\/\",\"url\":\"https:\/\/www.fraterinternacional.org\/en\/service-and-the-spiritual-quest\/\",\"name\":\"Service and the spiritual quest -\",\"isPartOf\":{\"@id\":\"https:\/\/www.fraterinternacional.org\/es\/#website\"},\"datePublished\":\"2016-10-26T13:28:15+00:00\",\"dateModified\":\"2016-11-01T22:21:03+00:00\",\"author\":{\"@id\":\"https:\/\/www.fraterinternacional.org\/es\/#\/schema\/person\/19cb7a5541fd019768c7fe255d72701e\"},\"breadcrumb\":{\"@id\":\"https:\/\/www.fraterinternacional.org\/en\/service-and-the-spiritual-quest\/#breadcrumb\"},\"inLanguage\":\"en-US\",\"potentialAction\":[{\"@type\":\"ReadAction\",\"target\":[\"https:\/\/www.fraterinternacional.org\/en\/service-and-the-spiritual-quest\/\"]}]},{\"@type\":\"BreadcrumbList\",\"@id\":\"https:\/\/www.fraterinternacional.org\/en\/service-and-the-spiritual-quest\/#breadcrumb\",\"itemListElement\":[{\"@type\":\"ListItem\",\"position\":1,\"name\":\"In\u00edcio\",\"item\":\"https:\/\/www.fraterinternacional.org\/en\/\"},{\"@type\":\"ListItem\",\"position\":2,\"name\":\"Service and the spiritual quest\"}]},{\"@type\":\"WebSite\",\"@id\":\"https:\/\/www.fraterinternacional.org\/es\/#website\",\"url\":\"https:\/\/www.fraterinternacional.org\/es\/\",\"name\":\"Fraternidade - Federa\u00e7\u00e3o Humanit\u00e1ria Internacional\",\"description\":\"Fraternidade - Federa\u00e7\u00e3o Humanit\u00e1ria Internacional\",\"potentialAction\":[{\"@type\":\"SearchAction\",\"target\":{\"@type\":\"EntryPoint\",\"urlTemplate\":\"https:\/\/www.fraterinternacional.org\/es\/?s={search_term_string}\"},\"query-input\":\"required name=search_term_string\"}],\"inLanguage\":\"en-US\"},{\"@type\":\"Person\",\"@id\":\"https:\/\/www.fraterinternacional.org\/es\/#\/schema\/person\/19cb7a5541fd019768c7fe255d72701e\",\"name\":\"maducato_admin\"}]}<\/script>\n<!-- \/ Yoast SEO Premium plugin. -->","yoast_head_json":{"title":"Service and the spiritual quest -","robots":{"index":"index","follow":"follow","max-snippet":"max-snippet:-1","max-image-preview":"max-image-preview:large","max-video-preview":"max-video-preview:-1"},"canonical":"https:\/\/www.fraterinternacional.org\/en\/service-and-the-spiritual-quest\/","og_locale":"en_US","og_type":"article","og_title":"Service and the spiritual quest","og_description":"Listen to the \u00e1udio of Trigueirinho about the theme","og_url":"https:\/\/www.fraterinternacional.org\/en\/service-and-the-spiritual-quest\/","og_site_name":"Fraternidade - Federa\u00e7\u00e3o Humanit\u00e1ria Internacional","article_publisher":"https:\/\/www.facebook.com\/fraternidadehumanitaria","article_published_time":"2016-10-26T13:28:15+00:00","article_modified_time":"2016-11-01T22:21:03+00:00","og_image":[{"width":690,"height":388,"url":"https:\/\/www.fraterinternacional.org\/wp-content\/uploads\/2016\/10\/servico-e-busca-epiritual.jpg","type":"image\/jpeg"}],"author":"maducato_admin","twitter_card":"summary_large_image","twitter_creator":"@fraternidadeFHI","twitter_site":"@fraternidadeFHI","twitter_misc":{"Written by":"maducato_admin","Est. reading time":"2 minutes"},"schema":{"@context":"https:\/\/schema.org","@graph":[{"@type":"WebPage","@id":"https:\/\/www.fraterinternacional.org\/en\/service-and-the-spiritual-quest\/","url":"https:\/\/www.fraterinternacional.org\/en\/service-and-the-spiritual-quest\/","name":"Service and the spiritual quest -","isPartOf":{"@id":"https:\/\/www.fraterinternacional.org\/es\/#website"},"datePublished":"2016-10-26T13:28:15+00:00","dateModified":"2016-11-01T22:21:03+00:00","author":{"@id":"https:\/\/www.fraterinternacional.org\/es\/#\/schema\/person\/19cb7a5541fd019768c7fe255d72701e"},"breadcrumb":{"@id":"https:\/\/www.fraterinternacional.org\/en\/service-and-the-spiritual-quest\/#breadcrumb"},"inLanguage":"en-US","potentialAction":[{"@type":"ReadAction","target":["https:\/\/www.fraterinternacional.org\/en\/service-and-the-spiritual-quest\/"]}]},{"@type":"BreadcrumbList","@id":"https:\/\/www.fraterinternacional.org\/en\/service-and-the-spiritual-quest\/#breadcrumb","itemListElement":[{"@type":"ListItem","position":1,"name":"In\u00edcio","item":"https:\/\/www.fraterinternacional.org\/en\/"},{"@type":"ListItem","position":2,"name":"Service and the spiritual quest"}]},{"@type":"WebSite","@id":"https:\/\/www.fraterinternacional.org\/es\/#website","url":"https:\/\/www.fraterinternacional.org\/es\/","name":"Fraternidade - Federa\u00e7\u00e3o Humanit\u00e1ria Internacional","description":"Fraternidade - Federa\u00e7\u00e3o Humanit\u00e1ria Internacional","potentialAction":[{"@type":"SearchAction","target":{"@type":"EntryPoint","urlTemplate":"https:\/\/www.fraterinternacional.org\/es\/?s={search_term_string}"},"query-input":"required name=search_term_string"}],"inLanguage":"en-US"},{"@type":"Person","@id":"https:\/\/www.fraterinternacional.org\/es\/#\/schema\/person\/19cb7a5541fd019768c7fe255d72701e","name":"maducato_admin"}]}},"_links":{"self":[{"href":"https:\/\/www.fraterinternacional.org\/en\/wp-json\/wp\/v2\/posts\/31358"}],"collection":[{"href":"https:\/\/www.fraterinternacional.org\/en\/wp-json\/wp\/v2\/posts"}],"about":[{"href":"https:\/\/www.fraterinternacional.org\/en\/wp-json\/wp\/v2\/types\/post"}],"author":[{"embeddable":true,"href":"https:\/\/www.fraterinternacional.org\/en\/wp-json\/wp\/v2\/users\/4"}],"replies":[{"embeddable":true,"href":"https:\/\/www.fraterinternacional.org\/en\/wp-json\/wp\/v2\/comments?post=31358"}],"version-history":[{"count":0,"href":"https:\/\/www.fraterinternacional.org\/en\/wp-json\/wp\/v2\/posts\/31358\/revisions"}],"wp:featuredmedia":[{"embeddable":true,"href":"https:\/\/www.fraterinternacional.org\/en\/wp-json\/wp\/v2\/media\/31315"}],"wp:attachment":[{"href":"https:\/\/www.fraterinternacional.org\/en\/wp-json\/wp\/v2\/media?parent=31358"}],"wp:term":[{"taxonomy":"category","embeddable":true,"href":"https:\/\/www.fraterinternacional.org\/en\/wp-json\/wp\/v2\/categories?post=31358"},{"taxonomy":"post_tag","embeddable":true,"href":"https:\/\/www.fraterinternacional.org\/en\/wp-json\/wp\/v2\/tags?post=31358"}],"curies":[{"name":"wp","href":"https:\/\/api.w.org\/{rel}","templated":true}]}}