{"id":29631,"date":"2016-10-01T10:30:37","date_gmt":"2016-10-01T13:30:37","guid":{"rendered":"http:\/\/www.fraterinternacional.org\/en\/?p=29631"},"modified":"2016-11-01T19:21:56","modified_gmt":"2016-11-01T22:21:56","slug":"house-light-hill-third-experience-biodynamic-agriculture","status":"publish","type":"post","link":"https:\/\/www.fraterinternacional.org\/en\/house-light-hill-third-experience-biodynamic-agriculture\/","title":{"rendered":"The House of Light on the Hill conducted its third Experience of Biodynamic Agriculture"},"content":{"rendered":"<p style=\"text-align: justify;\"><a href=\"http:\/\/www.fraterinternacional.org\/wp-content\/uploads\/2016\/10\/agricultura_biodinamica_clc_3_vivencia_1.jpg\"><img decoding=\"async\" class=\"alignleft size-medium wp-image-29602\" src=\"http:\/\/www.fraterinternacional.org\/wp-content\/uploads\/2016\/10\/agricultura_biodinamica_clc_3_vivencia_1-300x169.jpg\" alt=\"agricultura_biodinamica_clc_3_vivencia_1\" width=\"300\" height=\"169\" srcset=\"https:\/\/www.fraterinternacional.org\/wp-content\/uploads\/2016\/10\/agricultura_biodinamica_clc_3_vivencia_1-200x112.jpg 200w, https:\/\/www.fraterinternacional.org\/wp-content\/uploads\/2016\/10\/agricultura_biodinamica_clc_3_vivencia_1-300x169.jpg 300w, https:\/\/www.fraterinternacional.org\/wp-content\/uploads\/2016\/10\/agricultura_biodinamica_clc_3_vivencia_1-400x225.jpg 400w, https:\/\/www.fraterinternacional.org\/wp-content\/uploads\/2016\/10\/agricultura_biodinamica_clc_3_vivencia_1-600x337.jpg 600w, https:\/\/www.fraterinternacional.org\/wp-content\/uploads\/2016\/10\/agricultura_biodinamica_clc_3_vivencia_1.jpg 690w\" sizes=\"(max-width: 300px) 100vw, 300px\" \/><\/a>The Experience of Biodynamic Agriculture was organized by the <a href=\"http:\/\/www.casaluzdacolina.org.br\/\" target=\"_blank\">House of Light on the Hill<\/a>, affiliated with the <strong>Fraternidade \u2013 International Humanitarian Federation<\/strong>, and Espa\u00e7o Recanto da Folha, from Porto Alegre, State of Rio Grande do Sul, and had its third meeting on Saturday, the 17<sup>th<\/sup> of September.<\/p>\n<p style=\"text-align: justify;\">This time the event called \u201c\u2018Sowing and planting love with kids and youths on Earth\u2019\u201d gathered permanent volunteers of the House of Light on the Hill with the objective of forming multiplying agents who can extend the knowledge to other interested publics. Also a family of agriculturists from Carmo da Cachoeira, Minas Gerais, participated.<\/p>\n<p style=\"text-align: justify;\"><a href=\"http:\/\/www.fraterinternacional.org\/wp-content\/uploads\/2016\/10\/agricultura_biodinamica_clc_3_vivencia_6.jpg\"><img decoding=\"async\" class=\"alignright size-medium wp-image-29617\" src=\"http:\/\/www.fraterinternacional.org\/wp-content\/uploads\/2016\/10\/agricultura_biodinamica_clc_3_vivencia_6-300x169.jpg\" alt=\"agricultura_biodinamica_clc_3_vivencia_6\" width=\"300\" height=\"169\" srcset=\"https:\/\/www.fraterinternacional.org\/wp-content\/uploads\/2016\/10\/agricultura_biodinamica_clc_3_vivencia_6-200x112.jpg 200w, https:\/\/www.fraterinternacional.org\/wp-content\/uploads\/2016\/10\/agricultura_biodinamica_clc_3_vivencia_6-300x169.jpg 300w, https:\/\/www.fraterinternacional.org\/wp-content\/uploads\/2016\/10\/agricultura_biodinamica_clc_3_vivencia_6-400x225.jpg 400w, https:\/\/www.fraterinternacional.org\/wp-content\/uploads\/2016\/10\/agricultura_biodinamica_clc_3_vivencia_6-600x337.jpg 600w, https:\/\/www.fraterinternacional.org\/wp-content\/uploads\/2016\/10\/agricultura_biodinamica_clc_3_vivencia_6.jpg 690w\" sizes=\"(max-width: 300px) 100vw, 300px\" \/><\/a>The group continued with the tasks begun in the previous meetings, such as revitalization of the soil where is the vegetable garden in the form of a mandala created in the House of Light on the Hill and the preparation of a fermented compost.<br \/>\n\u201cWe took advantage of all available resources: dry grass leaves, cow and horse manure brought from the Park of the Kingdoms and a biodynamic preparation created previously to accelerate and harmonize the fermentation of the compost. This biological fertilizer, which will be ready in two months from now, will be put into the plants and in the vegetable garden to help the soil recover its chemical and physical balance\u201d, described Aly Batista, environmental technician and eco-educator from Porto Alegre, Rio Grande do Sul, responsible for the course.<\/p>\n<p style=\"text-align: justify;\"><a href=\"http:\/\/www.fraterinternacional.org\/wp-content\/uploads\/2016\/10\/agricultura_biodinamica_clc_3_vivencia_7.jpg\"><img decoding=\"async\" class=\"alignleft size-medium wp-image-29620\" src=\"http:\/\/www.fraterinternacional.org\/wp-content\/uploads\/2016\/10\/agricultura_biodinamica_clc_3_vivencia_7-300x169.jpg\" alt=\"agricultura_biodinamica_clc_3_vivencia_7\" width=\"300\" height=\"169\" srcset=\"https:\/\/www.fraterinternacional.org\/wp-content\/uploads\/2016\/10\/agricultura_biodinamica_clc_3_vivencia_7-200x112.jpg 200w, https:\/\/www.fraterinternacional.org\/wp-content\/uploads\/2016\/10\/agricultura_biodinamica_clc_3_vivencia_7-300x169.jpg 300w, https:\/\/www.fraterinternacional.org\/wp-content\/uploads\/2016\/10\/agricultura_biodinamica_clc_3_vivencia_7-400x225.jpg 400w, https:\/\/www.fraterinternacional.org\/wp-content\/uploads\/2016\/10\/agricultura_biodinamica_clc_3_vivencia_7-600x337.jpg 600w, https:\/\/www.fraterinternacional.org\/wp-content\/uploads\/2016\/10\/agricultura_biodinamica_clc_3_vivencia_7.jpg 690w\" sizes=\"(max-width: 300px) 100vw, 300px\" \/><\/a>Also a variety of forage legume that collaborates in the process of soil revitalization as it catches the air nitrogen and fixes it in the soil through its roots.<\/p>\n<p style=\"text-align: justify;\">In another moment of the course the theoretical part was developed, with a clarification of doubts of the participants. \u201cWe did a specific work with the family that participated \u2013 parents and daughter \u2013 who are conventional agriculturists who use a lot of agrochemicals. I became very touched and willing to concentrate more in the families of the rural community. It would be good to sensitize the rural producers about the losses brought about by the agrochemicals in all the Kingdoms of Nature and in humans, as well as offer them the options of the biodynamic agriculture so that they can replace their practices by methods that act in harmony with the whole Creation\u201d, commented Aly.<\/p>\n<p style=\"text-align: justify;\"><a href=\"http:\/\/www.fraterinternacional.org\/wp-content\/uploads\/2016\/10\/agricultura_biodinamica_clc_3_vivencia_4.jpg\"><img decoding=\"async\" class=\"alignright size-medium wp-image-29611\" src=\"http:\/\/www.fraterinternacional.org\/wp-content\/uploads\/2016\/10\/agricultura_biodinamica_clc_3_vivencia_4-300x169.jpg\" alt=\"agricultura_biodinamica_clc_3_vivencia_4\" width=\"300\" height=\"169\" srcset=\"https:\/\/www.fraterinternacional.org\/wp-content\/uploads\/2016\/10\/agricultura_biodinamica_clc_3_vivencia_4-200x112.jpg 200w, https:\/\/www.fraterinternacional.org\/wp-content\/uploads\/2016\/10\/agricultura_biodinamica_clc_3_vivencia_4-300x169.jpg 300w, https:\/\/www.fraterinternacional.org\/wp-content\/uploads\/2016\/10\/agricultura_biodinamica_clc_3_vivencia_4-400x225.jpg 400w, https:\/\/www.fraterinternacional.org\/wp-content\/uploads\/2016\/10\/agricultura_biodinamica_clc_3_vivencia_4-600x337.jpg 600w, https:\/\/www.fraterinternacional.org\/wp-content\/uploads\/2016\/10\/agricultura_biodinamica_clc_3_vivencia_4.jpg 690w\" sizes=\"(max-width: 300px) 100vw, 300px\" \/><\/a>The technician responsible for the course also explained that biodynamic agriculture works as an energetic impulse for the Plant Kingdom (seeds, seedlings and plants), as well as for the Mineral Kingdom (soil where the cultivation is done) and for the Animal Kingdom (insects and annelids that contribute to the soil). He explained that this construction takes place with a group of people \u2013 Human Kingdom \u2013 in unity (children, youths and adults) who work focusing a common objective: the production of healthy food.<\/p>\n<div class=\"fusion-fullwidth fullwidth-box fusion-builder-row-1 hundred-percent-fullwidth non-hundred-percent-height-scrolling\" style=\"--awb-border-radius-top-left:0px;--awb-border-radius-top-right:0px;--awb-border-radius-bottom-right:0px;--awb-border-radius-bottom-left:0px;--awb-overflow:visible;--awb-flex-wrap:wrap;\" ><div class=\"fusion-builder-row fusion-row\"><div class=\"fusion-layout-column fusion_builder_column fusion-builder-column-0 fusion_builder_column_1_1 1_1 fusion-one-full fusion-column-first fusion-column-last fusion-column-no-min-height\" style=\"--awb-bg-size:cover;--awb-margin-bottom:0px;\"><div class=\"fusion-column-wrapper fusion-flex-column-wrapper-legacy\">\n\t\t<style type=\"text\/css\">\n\t\t\t#gallery-1 {\n\t\t\t\tmargin: auto;\n\t\t\t}\n\t\t\t#gallery-1 .gallery-item {\n\t\t\t\tfloat: left;\n\t\t\t\tmargin-top: 10px;\n\t\t\t\ttext-align: center;\n\t\t\t\twidth: 50%;\n\t\t\t}\n\t\t\t#gallery-1 img {\n\t\t\t\tborder: 2px solid #cfcfcf;\n\t\t\t}\n\t\t\t#gallery-1 .gallery-caption {\n\t\t\t\tmargin-left: 0;\n\t\t\t}\n\t\t\t\/* see gallery_shortcode() in wp-includes\/media.php *\/\n\t\t<\/style>\n\t\t<div id='gallery-1' class='gallery galleryid-29631 gallery-columns-2 gallery-size-medium'><dl class='gallery-item'>\n\t\t\t<dt class='gallery-icon landscape'>\n\t\t\t\t<a data-rel=\"iLightbox[postimages]\" data-title=\"agricultura_biodinamica_clc_3_vivencia_5\" data-caption=\"\" href='https:\/\/www.fraterinternacional.org\/wp-content\/uploads\/2016\/10\/agricultura_biodinamica_clc_3_vivencia_5.jpg'><img decoding=\"async\" width=\"300\" height=\"169\" src=\"https:\/\/www.fraterinternacional.org\/wp-content\/uploads\/2016\/10\/agricultura_biodinamica_clc_3_vivencia_5-300x169.jpg\" class=\"attachment-medium size-medium\" alt=\"\" srcset=\"https:\/\/www.fraterinternacional.org\/wp-content\/uploads\/2016\/10\/agricultura_biodinamica_clc_3_vivencia_5-200x112.jpg 200w, https:\/\/www.fraterinternacional.org\/wp-content\/uploads\/2016\/10\/agricultura_biodinamica_clc_3_vivencia_5-300x169.jpg 300w, https:\/\/www.fraterinternacional.org\/wp-content\/uploads\/2016\/10\/agricultura_biodinamica_clc_3_vivencia_5-400x225.jpg 400w, https:\/\/www.fraterinternacional.org\/wp-content\/uploads\/2016\/10\/agricultura_biodinamica_clc_3_vivencia_5-600x337.jpg 600w, https:\/\/www.fraterinternacional.org\/wp-content\/uploads\/2016\/10\/agricultura_biodinamica_clc_3_vivencia_5.jpg 690w\" sizes=\"(max-width: 300px) 100vw, 300px\" \/><\/a>\n\t\t\t<\/dt><\/dl><dl class='gallery-item'>\n\t\t\t<dt class='gallery-icon landscape'>\n\t\t\t\t<a data-rel=\"iLightbox[postimages]\" data-title=\"agricultura_biodinamica_clc_3_vivencia_2\" data-caption=\"\" href='https:\/\/www.fraterinternacional.org\/wp-content\/uploads\/2016\/10\/agricultura_biodinamica_clc_3_vivencia_2.jpg'><img decoding=\"async\" width=\"300\" height=\"169\" src=\"https:\/\/www.fraterinternacional.org\/wp-content\/uploads\/2016\/10\/agricultura_biodinamica_clc_3_vivencia_2-300x169.jpg\" class=\"attachment-medium size-medium\" alt=\"\" srcset=\"https:\/\/www.fraterinternacional.org\/wp-content\/uploads\/2016\/10\/agricultura_biodinamica_clc_3_vivencia_2-200x112.jpg 200w, https:\/\/www.fraterinternacional.org\/wp-content\/uploads\/2016\/10\/agricultura_biodinamica_clc_3_vivencia_2-300x169.jpg 300w, https:\/\/www.fraterinternacional.org\/wp-content\/uploads\/2016\/10\/agricultura_biodinamica_clc_3_vivencia_2-400x225.jpg 400w, https:\/\/www.fraterinternacional.org\/wp-content\/uploads\/2016\/10\/agricultura_biodinamica_clc_3_vivencia_2-600x337.jpg 600w, https:\/\/www.fraterinternacional.org\/wp-content\/uploads\/2016\/10\/agricultura_biodinamica_clc_3_vivencia_2.jpg 690w\" sizes=\"(max-width: 300px) 100vw, 300px\" \/><\/a>\n\t\t\t<\/dt><\/dl><br style=\"clear: both\" \/>\n\t\t<\/div>\n<div class=\"fusion-clearfix\"><\/div><\/div><\/div><\/div><\/div>\n","protected":false},"excerpt":{"rendered":"<p>The Experience of Biodynamic Agriculture was organized by the House of Light on the Hill, affiliated with the Fraternidade \u2013 [&hellip;]<\/p>\n","protected":false},"author":11,"featured_media":29624,"comment_status":"closed","ping_status":"closed","sticky":false,"template":"","format":"standard","meta":{"footnotes":""},"categories":[150],"tags":[110,102],"class_list":["post-29631","post","type-post","status-publish","format-standard","has-post-thumbnail","hentry","category-news","tag-associations-of-service","tag-love-and-service-to-the-kingdoms"],"yoast_head":"<!-- This site is optimized with the Yoast SEO Premium plugin v21.0 (Yoast SEO v21.0) - https:\/\/yoast.com\/wordpress\/plugins\/seo\/ -->\n<title>The House of Light on the Hill conducted its third Experience of Biodynamic Agriculture<\/title>\n<meta name=\"description\" content=\"This time the Experience focused on the formation of multiplying agents of knowledge and worked with a family of conventional agriculturists.\" \/>\n<meta name=\"robots\" content=\"index, follow, max-snippet:-1, max-image-preview:large, max-video-preview:-1\" \/>\n<link rel=\"canonical\" href=\"https:\/\/www.fraterinternacional.org\/en\/house-light-hill-third-experience-biodynamic-agriculture\/\" \/>\n<meta property=\"og:locale\" content=\"en_US\" \/>\n<meta property=\"og:type\" content=\"article\" \/>\n<meta property=\"og:title\" content=\"The House of Light on the Hill conducted its third Experience of Biodynamic Agriculture\" \/>\n<meta property=\"og:description\" content=\"This time the Experience focused on the formation of multiplying agents of knowledge and worked with a family of conventional agriculturists.\" \/>\n<meta property=\"og:url\" content=\"https:\/\/www.fraterinternacional.org\/en\/house-light-hill-third-experience-biodynamic-agriculture\/\" \/>\n<meta property=\"og:site_name\" content=\"Fraternidade - Federa\u00e7\u00e3o Humanit\u00e1ria Internacional\" \/>\n<meta property=\"article:publisher\" content=\"https:\/\/www.facebook.com\/fraternidadehumanitaria\" \/>\n<meta property=\"article:published_time\" content=\"2016-10-01T13:30:37+00:00\" \/>\n<meta property=\"article:modified_time\" content=\"2016-11-01T22:21:56+00:00\" \/>\n<meta property=\"og:image\" content=\"https:\/\/www.fraterinternacional.org\/wp-content\/uploads\/2016\/10\/agricultura_biodinamica_clc_3_vivencia_chamada.jpg\" \/>\n\t<meta property=\"og:image:width\" content=\"690\" \/>\n\t<meta property=\"og:image:height\" content=\"388\" \/>\n\t<meta property=\"og:image:type\" content=\"image\/jpeg\" \/>\n<meta name=\"author\" content=\"Nelson Frater\" \/>\n<meta name=\"twitter:card\" content=\"summary_large_image\" \/>\n<meta name=\"twitter:creator\" content=\"@fraternidadeFHI\" \/>\n<meta name=\"twitter:site\" content=\"@fraternidadeFHI\" \/>\n<meta name=\"twitter:label1\" content=\"Written by\" \/>\n\t<meta name=\"twitter:data1\" content=\"Nelson Frater\" \/>\n\t<meta name=\"twitter:label2\" content=\"Est. reading time\" \/>\n\t<meta name=\"twitter:data2\" content=\"3 minutes\" \/>\n<script type=\"application\/ld+json\" class=\"yoast-schema-graph\">{\"@context\":\"https:\/\/schema.org\",\"@graph\":[{\"@type\":\"WebPage\",\"@id\":\"https:\/\/www.fraterinternacional.org\/en\/house-light-hill-third-experience-biodynamic-agriculture\/\",\"url\":\"https:\/\/www.fraterinternacional.org\/en\/house-light-hill-third-experience-biodynamic-agriculture\/\",\"name\":\"The House of Light on the Hill conducted its third Experience of Biodynamic Agriculture\",\"isPartOf\":{\"@id\":\"https:\/\/www.fraterinternacional.org\/es\/#website\"},\"datePublished\":\"2016-10-01T13:30:37+00:00\",\"dateModified\":\"2016-11-01T22:21:56+00:00\",\"author\":{\"@id\":\"https:\/\/www.fraterinternacional.org\/es\/#\/schema\/person\/facd24ae5f7e6b4ee1aeec7ad1b960ae\"},\"description\":\"This time the Experience focused on the formation of multiplying agents of knowledge and worked with a family of conventional agriculturists.\",\"breadcrumb\":{\"@id\":\"https:\/\/www.fraterinternacional.org\/en\/house-light-hill-third-experience-biodynamic-agriculture\/#breadcrumb\"},\"inLanguage\":\"en-US\",\"potentialAction\":[{\"@type\":\"ReadAction\",\"target\":[\"https:\/\/www.fraterinternacional.org\/en\/house-light-hill-third-experience-biodynamic-agriculture\/\"]}]},{\"@type\":\"BreadcrumbList\",\"@id\":\"https:\/\/www.fraterinternacional.org\/en\/house-light-hill-third-experience-biodynamic-agriculture\/#breadcrumb\",\"itemListElement\":[{\"@type\":\"ListItem\",\"position\":1,\"name\":\"In\u00edcio\",\"item\":\"https:\/\/www.fraterinternacional.org\/en\/\"},{\"@type\":\"ListItem\",\"position\":2,\"name\":\"The House of Light on the Hill conducted its third Experience of Biodynamic Agriculture\"}]},{\"@type\":\"WebSite\",\"@id\":\"https:\/\/www.fraterinternacional.org\/es\/#website\",\"url\":\"https:\/\/www.fraterinternacional.org\/es\/\",\"name\":\"Fraternidade - Federa\u00e7\u00e3o Humanit\u00e1ria Internacional\",\"description\":\"Fraternidade - Federa\u00e7\u00e3o Humanit\u00e1ria Internacional\",\"potentialAction\":[{\"@type\":\"SearchAction\",\"target\":{\"@type\":\"EntryPoint\",\"urlTemplate\":\"https:\/\/www.fraterinternacional.org\/es\/?s={search_term_string}\"},\"query-input\":\"required name=search_term_string\"}],\"inLanguage\":\"en-US\"},{\"@type\":\"Person\",\"@id\":\"https:\/\/www.fraterinternacional.org\/es\/#\/schema\/person\/facd24ae5f7e6b4ee1aeec7ad1b960ae\",\"name\":\"Nelson Frater\"}]}<\/script>\n<!-- \/ Yoast SEO Premium plugin. -->","yoast_head_json":{"title":"The House of Light on the Hill conducted its third Experience of Biodynamic Agriculture","description":"This time the Experience focused on the formation of multiplying agents of knowledge and worked with a family of conventional agriculturists.","robots":{"index":"index","follow":"follow","max-snippet":"max-snippet:-1","max-image-preview":"max-image-preview:large","max-video-preview":"max-video-preview:-1"},"canonical":"https:\/\/www.fraterinternacional.org\/en\/house-light-hill-third-experience-biodynamic-agriculture\/","og_locale":"en_US","og_type":"article","og_title":"The House of Light on the Hill conducted its third Experience of Biodynamic Agriculture","og_description":"This time the Experience focused on the formation of multiplying agents of knowledge and worked with a family of conventional agriculturists.","og_url":"https:\/\/www.fraterinternacional.org\/en\/house-light-hill-third-experience-biodynamic-agriculture\/","og_site_name":"Fraternidade - Federa\u00e7\u00e3o Humanit\u00e1ria Internacional","article_publisher":"https:\/\/www.facebook.com\/fraternidadehumanitaria","article_published_time":"2016-10-01T13:30:37+00:00","article_modified_time":"2016-11-01T22:21:56+00:00","og_image":[{"width":690,"height":388,"url":"https:\/\/www.fraterinternacional.org\/wp-content\/uploads\/2016\/10\/agricultura_biodinamica_clc_3_vivencia_chamada.jpg","type":"image\/jpeg"}],"author":"Nelson Frater","twitter_card":"summary_large_image","twitter_creator":"@fraternidadeFHI","twitter_site":"@fraternidadeFHI","twitter_misc":{"Written by":"Nelson Frater","Est. reading time":"3 minutes"},"schema":{"@context":"https:\/\/schema.org","@graph":[{"@type":"WebPage","@id":"https:\/\/www.fraterinternacional.org\/en\/house-light-hill-third-experience-biodynamic-agriculture\/","url":"https:\/\/www.fraterinternacional.org\/en\/house-light-hill-third-experience-biodynamic-agriculture\/","name":"The House of Light on the Hill conducted its third Experience of Biodynamic Agriculture","isPartOf":{"@id":"https:\/\/www.fraterinternacional.org\/es\/#website"},"datePublished":"2016-10-01T13:30:37+00:00","dateModified":"2016-11-01T22:21:56+00:00","author":{"@id":"https:\/\/www.fraterinternacional.org\/es\/#\/schema\/person\/facd24ae5f7e6b4ee1aeec7ad1b960ae"},"description":"This time the Experience focused on the formation of multiplying agents of knowledge and worked with a family of conventional agriculturists.","breadcrumb":{"@id":"https:\/\/www.fraterinternacional.org\/en\/house-light-hill-third-experience-biodynamic-agriculture\/#breadcrumb"},"inLanguage":"en-US","potentialAction":[{"@type":"ReadAction","target":["https:\/\/www.fraterinternacional.org\/en\/house-light-hill-third-experience-biodynamic-agriculture\/"]}]},{"@type":"BreadcrumbList","@id":"https:\/\/www.fraterinternacional.org\/en\/house-light-hill-third-experience-biodynamic-agriculture\/#breadcrumb","itemListElement":[{"@type":"ListItem","position":1,"name":"In\u00edcio","item":"https:\/\/www.fraterinternacional.org\/en\/"},{"@type":"ListItem","position":2,"name":"The House of Light on the Hill conducted its third Experience of Biodynamic Agriculture"}]},{"@type":"WebSite","@id":"https:\/\/www.fraterinternacional.org\/es\/#website","url":"https:\/\/www.fraterinternacional.org\/es\/","name":"Fraternidade - Federa\u00e7\u00e3o Humanit\u00e1ria Internacional","description":"Fraternidade - Federa\u00e7\u00e3o Humanit\u00e1ria Internacional","potentialAction":[{"@type":"SearchAction","target":{"@type":"EntryPoint","urlTemplate":"https:\/\/www.fraterinternacional.org\/es\/?s={search_term_string}"},"query-input":"required name=search_term_string"}],"inLanguage":"en-US"},{"@type":"Person","@id":"https:\/\/www.fraterinternacional.org\/es\/#\/schema\/person\/facd24ae5f7e6b4ee1aeec7ad1b960ae","name":"Nelson Frater"}]}},"_links":{"self":[{"href":"https:\/\/www.fraterinternacional.org\/en\/wp-json\/wp\/v2\/posts\/29631"}],"collection":[{"href":"https:\/\/www.fraterinternacional.org\/en\/wp-json\/wp\/v2\/posts"}],"about":[{"href":"https:\/\/www.fraterinternacional.org\/en\/wp-json\/wp\/v2\/types\/post"}],"author":[{"embeddable":true,"href":"https:\/\/www.fraterinternacional.org\/en\/wp-json\/wp\/v2\/users\/11"}],"replies":[{"embeddable":true,"href":"https:\/\/www.fraterinternacional.org\/en\/wp-json\/wp\/v2\/comments?post=29631"}],"version-history":[{"count":0,"href":"https:\/\/www.fraterinternacional.org\/en\/wp-json\/wp\/v2\/posts\/29631\/revisions"}],"wp:featuredmedia":[{"embeddable":true,"href":"https:\/\/www.fraterinternacional.org\/en\/wp-json\/wp\/v2\/media\/29624"}],"wp:attachment":[{"href":"https:\/\/www.fraterinternacional.org\/en\/wp-json\/wp\/v2\/media?parent=29631"}],"wp:term":[{"taxonomy":"category","embeddable":true,"href":"https:\/\/www.fraterinternacional.org\/en\/wp-json\/wp\/v2\/categories?post=29631"},{"taxonomy":"post_tag","embeddable":true,"href":"https:\/\/www.fraterinternacional.org\/en\/wp-json\/wp\/v2\/tags?post=29631"}],"curies":[{"name":"wp","href":"https:\/\/api.w.org\/{rel}","templated":true}]}}