{"id":29475,"date":"2016-09-30T15:10:12","date_gmt":"2016-09-30T18:10:12","guid":{"rendered":"http:\/\/www.fraterinternacional.org\/en\/?p=29475"},"modified":"2016-11-01T19:21:59","modified_gmt":"2016-11-01T22:21:59","slug":"1st-missionary-experience-fraternidade-europe-portugal","status":"publish","type":"post","link":"https:\/\/www.fraterinternacional.org\/en\/1st-missionary-experience-fraternidade-europe-portugal\/","title":{"rendered":"1st Missionary Experience of the Fraternidade in Europe has taken place in Portugal"},"content":{"rendered":"<p style=\"text-align: justify;\"><a href=\"http:\/\/www.fraterinternacional.org\/wp-content\/uploads\/2016\/09\/missionarios_vivencia_porto_setembro_2016_grupo.jpg\"><img decoding=\"async\" class=\"alignleft size-medium wp-image-29440\" src=\"http:\/\/www.fraterinternacional.org\/wp-content\/uploads\/2016\/09\/missionarios_vivencia_porto_setembro_2016_grupo-300x169.jpg\" alt=\"missionarios_vivencia_porto_setembro_2016_grupo\" width=\"300\" height=\"169\" srcset=\"https:\/\/www.fraterinternacional.org\/wp-content\/uploads\/2016\/09\/missionarios_vivencia_porto_setembro_2016_grupo-200x112.jpg 200w, https:\/\/www.fraterinternacional.org\/wp-content\/uploads\/2016\/09\/missionarios_vivencia_porto_setembro_2016_grupo-300x169.jpg 300w, https:\/\/www.fraterinternacional.org\/wp-content\/uploads\/2016\/09\/missionarios_vivencia_porto_setembro_2016_grupo-400x225.jpg 400w, https:\/\/www.fraterinternacional.org\/wp-content\/uploads\/2016\/09\/missionarios_vivencia_porto_setembro_2016_grupo-600x337.jpg 600w, https:\/\/www.fraterinternacional.org\/wp-content\/uploads\/2016\/09\/missionarios_vivencia_porto_setembro_2016_grupo.jpg 690w\" sizes=\"(max-width: 300px) 100vw, 300px\" \/><\/a>From September 23 thru 25, 2016, the 1<sup>st<\/sup> Missionary Experience of the <strong>Fraternidade \u2013 International Humanitarian Federation<\/strong>, in Europe took place in the city of Porto, Portugal. Twenty-five people participated. The event was a hallmark in the union of the groups of Europe and brought about a great opening concerning the work in the Continent.<\/p>\n<p style=\"text-align: justify;\">\u27e2<\/p>\n<p style=\"text-align: justify;\">Members of the <a href=\"http:\/\/www.fraterinternacional.org\/en\/communities-of-light\/\">Community-of-Light<\/a> of Fleur-de-Lys, of the monasteries of the <a href=\"http:\/\/www.fraterinternacional.org\/en\/grace-mercy-order\/\">Grace Mercy Order<\/a> in Europe and of the <a href=\"http:\/\/www.fraterinternacional.org\/en\/network-of-light\/\">Network-of-Light<\/a> groups of the region of Porto participated along with the Missionaries of the Fraternidade.<\/p>\n<p style=\"text-align: justify;\"><a href=\"http:\/\/www.fraterinternacional.org\/wp-content\/uploads\/2016\/09\/missionarios_vivencia_porto_setembro_2016_atividade4.jpg\"><img decoding=\"async\" class=\"alignright wp-image-29437\" src=\"http:\/\/www.fraterinternacional.org\/wp-content\/uploads\/2016\/09\/missionarios_vivencia_porto_setembro_2016_atividade4-300x225.jpg\" alt=\"missionarios_vivencia_porto_setembro_2016_atividade4\" width=\"251\" height=\"188\" srcset=\"https:\/\/www.fraterinternacional.org\/wp-content\/uploads\/2016\/09\/missionarios_vivencia_porto_setembro_2016_atividade4-200x150.jpg 200w, https:\/\/www.fraterinternacional.org\/wp-content\/uploads\/2016\/09\/missionarios_vivencia_porto_setembro_2016_atividade4-300x225.jpg 300w, https:\/\/www.fraterinternacional.org\/wp-content\/uploads\/2016\/09\/missionarios_vivencia_porto_setembro_2016_atividade4-400x300.jpg 400w, https:\/\/www.fraterinternacional.org\/wp-content\/uploads\/2016\/09\/missionarios_vivencia_porto_setembro_2016_atividade4-600x450.jpg 600w, https:\/\/www.fraterinternacional.org\/wp-content\/uploads\/2016\/09\/missionarios_vivencia_porto_setembro_2016_atividade4.jpg 690w\" sizes=\"(max-width: 251px) 100vw, 251px\" \/><\/a>The experience took place in the \u201cFleur-of-Lys Space\u201d, a place used by the Network-of-Light of Oporto for prayers and rhythms of the group and also in the &#8220;Quinta da Curtinha&#8221; (Villa of the Curtinha) or &#8220;Fazenda da Curtinha&#8221; (Farm of the Curtinha), a place dedicated to hosting and care provided to abandoned animals of medium size (sheep, dogs and cats) and big size (horses and asses). The place also functions as a hotel for animals.<\/p>\n<p style=\"text-align: justify;\">On the first day of the meeting, the work was done in the \u201cFazenda da Curtinha\u201d, where nine external kennels were harmonized, with the removal of much trash and debris. Then little walls were built to separate the kennels and to avoid the dogs passing under the fence. Also the external area was harmonized, with the treatment of the plants and removing the weeds of the area.<\/p>\n<p style=\"text-align: justify;\"><a href=\"http:\/\/www.fraterinternacional.org\/wp-content\/uploads\/2016\/09\/missionarios_vivencia_porto_setembro_2016_atividade3.jpg\"><img decoding=\"async\" class=\"alignleft wp-image-29434\" src=\"http:\/\/www.fraterinternacional.org\/wp-content\/uploads\/2016\/09\/missionarios_vivencia_porto_setembro_2016_atividade3-300x225.jpg\" alt=\"missionarios_vivencia_porto_setembro_2016_atividade3\" width=\"239\" height=\"179\" srcset=\"https:\/\/www.fraterinternacional.org\/wp-content\/uploads\/2016\/09\/missionarios_vivencia_porto_setembro_2016_atividade3-200x150.jpg 200w, https:\/\/www.fraterinternacional.org\/wp-content\/uploads\/2016\/09\/missionarios_vivencia_porto_setembro_2016_atividade3-300x225.jpg 300w, https:\/\/www.fraterinternacional.org\/wp-content\/uploads\/2016\/09\/missionarios_vivencia_porto_setembro_2016_atividade3-400x300.jpg 400w, https:\/\/www.fraterinternacional.org\/wp-content\/uploads\/2016\/09\/missionarios_vivencia_porto_setembro_2016_atividade3-600x450.jpg 600w, https:\/\/www.fraterinternacional.org\/wp-content\/uploads\/2016\/09\/missionarios_vivencia_porto_setembro_2016_atividade3.jpg 690w\" sizes=\"(max-width: 239px) 100vw, 239px\" \/><\/a>A work of harmonization of the internal areas, with the cleansing of walls and ceilings was also done.<\/p>\n<p style=\"text-align: justify;\">\u201cIt was a very harmonious work, we had moments to pray, to make attunements at the beginning and at the end of each activity and we shared the lunch. It was a very fraternal meeting\u201d, said Emmanuella, the coordinator of the Community-of-Light of Fleur-de-Lys.<\/p>\n<p style=\"text-align: justify;\">\u27e2<\/p>\n<p style=\"text-align: justify;\"><a href=\"http:\/\/www.fraterinternacional.org\/wp-content\/uploads\/2016\/09\/missionarios_vivencia_porto_setembro_2016_atividade2.jpg\"><img decoding=\"async\" class=\"alignright wp-image-29431\" src=\"http:\/\/www.fraterinternacional.org\/wp-content\/uploads\/2016\/09\/missionarios_vivencia_porto_setembro_2016_atividade2-300x225.jpg\" alt=\"missionarios_vivencia_porto_setembro_2016_atividade2\" width=\"250\" height=\"187\" srcset=\"https:\/\/www.fraterinternacional.org\/wp-content\/uploads\/2016\/09\/missionarios_vivencia_porto_setembro_2016_atividade2-200x150.jpg 200w, https:\/\/www.fraterinternacional.org\/wp-content\/uploads\/2016\/09\/missionarios_vivencia_porto_setembro_2016_atividade2-300x225.jpg 300w, https:\/\/www.fraterinternacional.org\/wp-content\/uploads\/2016\/09\/missionarios_vivencia_porto_setembro_2016_atividade2-400x300.jpg 400w, https:\/\/www.fraterinternacional.org\/wp-content\/uploads\/2016\/09\/missionarios_vivencia_porto_setembro_2016_atividade2-600x450.jpg 600w, https:\/\/www.fraterinternacional.org\/wp-content\/uploads\/2016\/09\/missionarios_vivencia_porto_setembro_2016_atividade2.jpg 690w\" sizes=\"(max-width: 250px) 100vw, 250px\" \/><\/a>The group of the Network-of-Light of Oporto and the members of the Community-of-Light are getting ready to collaborate and keep a monthly rhythm of work in the Farm. \u201cIt is a very special place of dissemination and care of the Animal Kingdom, because they are treated with a lot of love. It can be an important area of awareness-raising of the works with the Kingdoms\u201d, said Emmanuella.<\/p>\n<p style=\"text-align: justify;\">On the two following days of experience, the work happened in the Space Fleur-de-Lys. Activities in the external area were conducted and so were several meetings with the group, when themes were touched upon such as what is the missionary life, how will the Permanent Mission in Greece be and how the group of Europe can collaborate.\u00a0\u201cMany doors were opened and several people have offered to participate\u201d, said Emmanuella.<\/p>\n<p style=\"text-align: justify;\"><a href=\"http:\/\/www.fraterinternacional.org\/wp-content\/uploads\/2016\/09\/missionarios_vivencia_porto_setembro_2016_atividade1.jpg\"><img decoding=\"async\" class=\"alignleft size-medium wp-image-29428\" src=\"http:\/\/www.fraterinternacional.org\/wp-content\/uploads\/2016\/09\/missionarios_vivencia_porto_setembro_2016_atividade1-300x169.jpg\" alt=\"missionarios_vivencia_porto_setembro_2016_atividade1\" width=\"300\" height=\"169\" srcset=\"https:\/\/www.fraterinternacional.org\/wp-content\/uploads\/2016\/09\/missionarios_vivencia_porto_setembro_2016_atividade1-200x112.jpg 200w, https:\/\/www.fraterinternacional.org\/wp-content\/uploads\/2016\/09\/missionarios_vivencia_porto_setembro_2016_atividade1-300x169.jpg 300w, https:\/\/www.fraterinternacional.org\/wp-content\/uploads\/2016\/09\/missionarios_vivencia_porto_setembro_2016_atividade1-400x225.jpg 400w, https:\/\/www.fraterinternacional.org\/wp-content\/uploads\/2016\/09\/missionarios_vivencia_porto_setembro_2016_atividade1-600x337.jpg 600w, https:\/\/www.fraterinternacional.org\/wp-content\/uploads\/2016\/09\/missionarios_vivencia_porto_setembro_2016_atividade1.jpg 690w\" sizes=\"(max-width: 300px) 100vw, 300px\" \/><\/a>There was also a presentation of the Missionaries of the Fraternidade to a group of Boy and Girl Scouts from the age of 8 thru 17 that is close to the region of Porto.<br \/>\n\u201cThe passage of the missionaries here was fundamental to create a greater proximity with the group (monasteries, Community-of-Light and Network-of-Light), as we have this permanent mission in Greece and we feel that it was an opening for the people concerning this work in Europe\u201d, completed Emmanuella.<\/p>\n","protected":false},"excerpt":{"rendered":"<p>From September 23 thru 25, 2016, the 1st Missionary Experience of the Fraternidade \u2013 International Humanitarian Federation, in Europe took [&hellip;]<\/p>\n","protected":false},"author":11,"featured_media":29440,"comment_status":"closed","ping_status":"closed","sticky":false,"template":"","format":"standard","meta":{"footnotes":""},"categories":[121,150],"tags":[115,100],"class_list":["post-29475","post","type-post","status-publish","format-standard","has-post-thumbnail","hentry","category-network-of-light","category-news","tag-communities-of-light","tag-humanitarian-service"],"yoast_head":"<!-- This site is optimized with the Yoast SEO Premium plugin v21.0 (Yoast SEO v21.0) - https:\/\/yoast.com\/wordpress\/plugins\/seo\/ -->\n<title>1st Missionary Experience of the Fraternidade in Europe has taken place in Portugal<\/title>\n<meta name=\"description\" content=\"25 people participated. The event was a hallmark in the union of the groups of Europe and brought a great opening concerning the work in the Continent.\" \/>\n<meta name=\"robots\" content=\"index, follow, max-snippet:-1, max-image-preview:large, max-video-preview:-1\" \/>\n<link rel=\"canonical\" href=\"https:\/\/www.fraterinternacional.org\/en\/1st-missionary-experience-fraternidade-europe-portugal\/\" \/>\n<meta property=\"og:locale\" content=\"en_US\" \/>\n<meta property=\"og:type\" content=\"article\" \/>\n<meta property=\"og:title\" content=\"1st Missionary Experience of the Fraternidade in Europe has taken place in Portugal\" \/>\n<meta property=\"og:description\" content=\"25 people participated. The event was a hallmark in the union of the groups of Europe and brought a great opening concerning the work in the Continent.\" \/>\n<meta property=\"og:url\" content=\"https:\/\/www.fraterinternacional.org\/en\/1st-missionary-experience-fraternidade-europe-portugal\/\" \/>\n<meta property=\"og:site_name\" content=\"Fraternidade - Federa\u00e7\u00e3o Humanit\u00e1ria Internacional\" \/>\n<meta property=\"article:publisher\" content=\"https:\/\/www.facebook.com\/fraternidadehumanitaria\" \/>\n<meta property=\"article:published_time\" content=\"2016-09-30T18:10:12+00:00\" \/>\n<meta property=\"article:modified_time\" content=\"2016-11-01T22:21:59+00:00\" \/>\n<meta property=\"og:image\" content=\"https:\/\/www.fraterinternacional.org\/wp-content\/uploads\/2016\/09\/missionarios_vivencia_porto_setembro_2016_grupo.jpg\" \/>\n\t<meta property=\"og:image:width\" content=\"690\" \/>\n\t<meta property=\"og:image:height\" content=\"388\" \/>\n\t<meta property=\"og:image:type\" content=\"image\/jpeg\" \/>\n<meta name=\"author\" content=\"Nelson Frater\" \/>\n<meta name=\"twitter:card\" content=\"summary_large_image\" \/>\n<meta name=\"twitter:creator\" content=\"@fraternidadeFHI\" \/>\n<meta name=\"twitter:site\" content=\"@fraternidadeFHI\" \/>\n<meta name=\"twitter:label1\" content=\"Written by\" \/>\n\t<meta name=\"twitter:data1\" content=\"Nelson Frater\" \/>\n\t<meta name=\"twitter:label2\" content=\"Est. reading time\" \/>\n\t<meta name=\"twitter:data2\" content=\"3 minutes\" \/>\n<script type=\"application\/ld+json\" class=\"yoast-schema-graph\">{\"@context\":\"https:\/\/schema.org\",\"@graph\":[{\"@type\":\"WebPage\",\"@id\":\"https:\/\/www.fraterinternacional.org\/en\/1st-missionary-experience-fraternidade-europe-portugal\/\",\"url\":\"https:\/\/www.fraterinternacional.org\/en\/1st-missionary-experience-fraternidade-europe-portugal\/\",\"name\":\"1st Missionary Experience of the Fraternidade in Europe has taken place in Portugal\",\"isPartOf\":{\"@id\":\"https:\/\/www.fraterinternacional.org\/es\/#website\"},\"datePublished\":\"2016-09-30T18:10:12+00:00\",\"dateModified\":\"2016-11-01T22:21:59+00:00\",\"author\":{\"@id\":\"https:\/\/www.fraterinternacional.org\/es\/#\/schema\/person\/facd24ae5f7e6b4ee1aeec7ad1b960ae\"},\"description\":\"25 people participated. The event was a hallmark in the union of the groups of Europe and brought a great opening concerning the work in the Continent.\",\"breadcrumb\":{\"@id\":\"https:\/\/www.fraterinternacional.org\/en\/1st-missionary-experience-fraternidade-europe-portugal\/#breadcrumb\"},\"inLanguage\":\"en-US\",\"potentialAction\":[{\"@type\":\"ReadAction\",\"target\":[\"https:\/\/www.fraterinternacional.org\/en\/1st-missionary-experience-fraternidade-europe-portugal\/\"]}]},{\"@type\":\"BreadcrumbList\",\"@id\":\"https:\/\/www.fraterinternacional.org\/en\/1st-missionary-experience-fraternidade-europe-portugal\/#breadcrumb\",\"itemListElement\":[{\"@type\":\"ListItem\",\"position\":1,\"name\":\"In\u00edcio\",\"item\":\"https:\/\/www.fraterinternacional.org\/en\/\"},{\"@type\":\"ListItem\",\"position\":2,\"name\":\"1st Missionary Experience of the Fraternidade in Europe has taken place in Portugal\"}]},{\"@type\":\"WebSite\",\"@id\":\"https:\/\/www.fraterinternacional.org\/es\/#website\",\"url\":\"https:\/\/www.fraterinternacional.org\/es\/\",\"name\":\"Fraternidade - Federa\u00e7\u00e3o Humanit\u00e1ria Internacional\",\"description\":\"Fraternidade - Federa\u00e7\u00e3o Humanit\u00e1ria Internacional\",\"potentialAction\":[{\"@type\":\"SearchAction\",\"target\":{\"@type\":\"EntryPoint\",\"urlTemplate\":\"https:\/\/www.fraterinternacional.org\/es\/?s={search_term_string}\"},\"query-input\":\"required name=search_term_string\"}],\"inLanguage\":\"en-US\"},{\"@type\":\"Person\",\"@id\":\"https:\/\/www.fraterinternacional.org\/es\/#\/schema\/person\/facd24ae5f7e6b4ee1aeec7ad1b960ae\",\"name\":\"Nelson Frater\"}]}<\/script>\n<!-- \/ Yoast SEO Premium plugin. -->","yoast_head_json":{"title":"1st Missionary Experience of the Fraternidade in Europe has taken place in Portugal","description":"25 people participated. The event was a hallmark in the union of the groups of Europe and brought a great opening concerning the work in the Continent.","robots":{"index":"index","follow":"follow","max-snippet":"max-snippet:-1","max-image-preview":"max-image-preview:large","max-video-preview":"max-video-preview:-1"},"canonical":"https:\/\/www.fraterinternacional.org\/en\/1st-missionary-experience-fraternidade-europe-portugal\/","og_locale":"en_US","og_type":"article","og_title":"1st Missionary Experience of the Fraternidade in Europe has taken place in Portugal","og_description":"25 people participated. The event was a hallmark in the union of the groups of Europe and brought a great opening concerning the work in the Continent.","og_url":"https:\/\/www.fraterinternacional.org\/en\/1st-missionary-experience-fraternidade-europe-portugal\/","og_site_name":"Fraternidade - Federa\u00e7\u00e3o Humanit\u00e1ria Internacional","article_publisher":"https:\/\/www.facebook.com\/fraternidadehumanitaria","article_published_time":"2016-09-30T18:10:12+00:00","article_modified_time":"2016-11-01T22:21:59+00:00","og_image":[{"width":690,"height":388,"url":"https:\/\/www.fraterinternacional.org\/wp-content\/uploads\/2016\/09\/missionarios_vivencia_porto_setembro_2016_grupo.jpg","type":"image\/jpeg"}],"author":"Nelson Frater","twitter_card":"summary_large_image","twitter_creator":"@fraternidadeFHI","twitter_site":"@fraternidadeFHI","twitter_misc":{"Written by":"Nelson Frater","Est. reading time":"3 minutes"},"schema":{"@context":"https:\/\/schema.org","@graph":[{"@type":"WebPage","@id":"https:\/\/www.fraterinternacional.org\/en\/1st-missionary-experience-fraternidade-europe-portugal\/","url":"https:\/\/www.fraterinternacional.org\/en\/1st-missionary-experience-fraternidade-europe-portugal\/","name":"1st Missionary Experience of the Fraternidade in Europe has taken place in Portugal","isPartOf":{"@id":"https:\/\/www.fraterinternacional.org\/es\/#website"},"datePublished":"2016-09-30T18:10:12+00:00","dateModified":"2016-11-01T22:21:59+00:00","author":{"@id":"https:\/\/www.fraterinternacional.org\/es\/#\/schema\/person\/facd24ae5f7e6b4ee1aeec7ad1b960ae"},"description":"25 people participated. The event was a hallmark in the union of the groups of Europe and brought a great opening concerning the work in the Continent.","breadcrumb":{"@id":"https:\/\/www.fraterinternacional.org\/en\/1st-missionary-experience-fraternidade-europe-portugal\/#breadcrumb"},"inLanguage":"en-US","potentialAction":[{"@type":"ReadAction","target":["https:\/\/www.fraterinternacional.org\/en\/1st-missionary-experience-fraternidade-europe-portugal\/"]}]},{"@type":"BreadcrumbList","@id":"https:\/\/www.fraterinternacional.org\/en\/1st-missionary-experience-fraternidade-europe-portugal\/#breadcrumb","itemListElement":[{"@type":"ListItem","position":1,"name":"In\u00edcio","item":"https:\/\/www.fraterinternacional.org\/en\/"},{"@type":"ListItem","position":2,"name":"1st Missionary Experience of the Fraternidade in Europe has taken place in Portugal"}]},{"@type":"WebSite","@id":"https:\/\/www.fraterinternacional.org\/es\/#website","url":"https:\/\/www.fraterinternacional.org\/es\/","name":"Fraternidade - Federa\u00e7\u00e3o Humanit\u00e1ria Internacional","description":"Fraternidade - Federa\u00e7\u00e3o Humanit\u00e1ria Internacional","potentialAction":[{"@type":"SearchAction","target":{"@type":"EntryPoint","urlTemplate":"https:\/\/www.fraterinternacional.org\/es\/?s={search_term_string}"},"query-input":"required name=search_term_string"}],"inLanguage":"en-US"},{"@type":"Person","@id":"https:\/\/www.fraterinternacional.org\/es\/#\/schema\/person\/facd24ae5f7e6b4ee1aeec7ad1b960ae","name":"Nelson Frater"}]}},"_links":{"self":[{"href":"https:\/\/www.fraterinternacional.org\/en\/wp-json\/wp\/v2\/posts\/29475"}],"collection":[{"href":"https:\/\/www.fraterinternacional.org\/en\/wp-json\/wp\/v2\/posts"}],"about":[{"href":"https:\/\/www.fraterinternacional.org\/en\/wp-json\/wp\/v2\/types\/post"}],"author":[{"embeddable":true,"href":"https:\/\/www.fraterinternacional.org\/en\/wp-json\/wp\/v2\/users\/11"}],"replies":[{"embeddable":true,"href":"https:\/\/www.fraterinternacional.org\/en\/wp-json\/wp\/v2\/comments?post=29475"}],"version-history":[{"count":0,"href":"https:\/\/www.fraterinternacional.org\/en\/wp-json\/wp\/v2\/posts\/29475\/revisions"}],"wp:featuredmedia":[{"embeddable":true,"href":"https:\/\/www.fraterinternacional.org\/en\/wp-json\/wp\/v2\/media\/29440"}],"wp:attachment":[{"href":"https:\/\/www.fraterinternacional.org\/en\/wp-json\/wp\/v2\/media?parent=29475"}],"wp:term":[{"taxonomy":"category","embeddable":true,"href":"https:\/\/www.fraterinternacional.org\/en\/wp-json\/wp\/v2\/categories?post=29475"},{"taxonomy":"post_tag","embeddable":true,"href":"https:\/\/www.fraterinternacional.org\/en\/wp-json\/wp\/v2\/tags?post=29475"}],"curies":[{"name":"wp","href":"https:\/\/api.w.org\/{rel}","templated":true}]}}