{"id":28433,"date":"2016-09-22T12:10:35","date_gmt":"2016-09-22T15:10:35","guid":{"rendered":"http:\/\/www.fraterinternacional.org\/en\/?p=28433"},"modified":"2016-11-01T19:22:10","modified_gmt":"2016-11-01T22:22:10","slug":"57th-general-meeting-figueira-brought-updatings-group","status":"publish","type":"post","link":"https:\/\/www.fraterinternacional.org\/en\/57th-general-meeting-figueira-brought-updatings-group\/","title":{"rendered":"57th General Meeting of Figueira brought updatings to the group"},"content":{"rendered":"<p style=\"text-align: justify;\"><a href=\"http:\/\/www.fraterinternacional.org\/wp-content\/uploads\/2016\/09\/figueira_57_encontro_geral_by_abel_coral3.jpg\"><img decoding=\"async\" class=\"alignleft wp-image-28309 size-medium\" src=\"http:\/\/www.fraterinternacional.org\/wp-content\/uploads\/2016\/09\/figueira_57_encontro_geral_by_abel_coral3-300x169.jpg\" alt=\"figueira_57_encontro_geral_by_abel_coral3\" width=\"300\" height=\"169\" srcset=\"https:\/\/www.fraterinternacional.org\/wp-content\/uploads\/2016\/09\/figueira_57_encontro_geral_by_abel_coral3-200x112.jpg 200w, https:\/\/www.fraterinternacional.org\/wp-content\/uploads\/2016\/09\/figueira_57_encontro_geral_by_abel_coral3-300x169.jpg 300w, https:\/\/www.fraterinternacional.org\/wp-content\/uploads\/2016\/09\/figueira_57_encontro_geral_by_abel_coral3-400x225.jpg 400w, https:\/\/www.fraterinternacional.org\/wp-content\/uploads\/2016\/09\/figueira_57_encontro_geral_by_abel_coral3-600x337.jpg 600w, https:\/\/www.fraterinternacional.org\/wp-content\/uploads\/2016\/09\/figueira_57_encontro_geral_by_abel_coral3.jpg 690w\" sizes=\"(max-width: 300px) 100vw, 300px\" \/><\/a><\/p>\n<p style=\"text-align: justify;\">Between September 8 and 11 the 57<sup>th<\/sup> General Meeting of Figueira was held in the <a href=\"http:\/\/www.comunidadefigueira.org.br\" target=\"_blank\">Community-of-Light of Figueira<\/a>, in the region of Carmo da Cachoeira, Minas Gerais, Brazil. The meeting, which had the objective of celebrating and updating all those involved in the work, had the participation of more than one thousand people from 11 countries of South America, Europe and North America.<\/p>\n<p style=\"text-align: justify;\">The 57<sup>th<\/sup> edition of the General Meeting took place on the area of F2 and began on Thursday, 8, in the afternoon, with the presentation of the Choir of the Communities-of-Light, formed by collaborators, residents, monks and nuns of the <a href=\"ttp:\/\/www.fraterinternacional.org\/en\/grace-mercy-order\/\">Grace Mercy Order<\/a> and by the Choir of <a href=\"http:\/\/www.divinamadre.org\/en\/inicio\" target=\"_blank\">Divina Madre<\/a> \u2013 <a href=\"http:\/\/www.divinamadre.org\/en\/association-maria\" target=\"_blank\">Association Mary<\/a>. Then, Jos\u00e9 Trigueirinho Netto and Mother Mar\u00eda Shimani de Montserrat transmitted several updatings about the work of the group.<\/p>\n<p style=\"text-align: justify;\"><a href=\"http:\/\/www.fraterinternacional.org\/wp-content\/uploads\/2016\/09\/figueira_57_encontro_geral_setembro_2016_dupla_orando_2.jpg\"><img decoding=\"async\" class=\"alignright wp-image-28313\" src=\"http:\/\/www.fraterinternacional.org\/wp-content\/uploads\/2016\/09\/figueira_57_encontro_geral_setembro_2016_dupla_orando_2-235x300.jpg\" alt=\"figueira_57_encontro_geral_setembro_2016_dupla_orando_2\" width=\"196\" height=\"251\" srcset=\"https:\/\/www.fraterinternacional.org\/wp-content\/uploads\/2016\/09\/figueira_57_encontro_geral_setembro_2016_dupla_orando_2-200x256.jpg 200w, https:\/\/www.fraterinternacional.org\/wp-content\/uploads\/2016\/09\/figueira_57_encontro_geral_setembro_2016_dupla_orando_2-235x300.jpg 235w, https:\/\/www.fraterinternacional.org\/wp-content\/uploads\/2016\/09\/figueira_57_encontro_geral_setembro_2016_dupla_orando_2.jpg 313w\" sizes=\"(max-width: 196px) 100vw, 196px\" \/><\/a><\/p>\n<p style=\"text-align: justify;\">The second day of the Meeting was opened with the musical presentation executed by the Choir, followed by a \u201csharing\u201d of Trigueirinho. Also the sharing of Mother Shimani recorded in Aurora was transmitted.<\/p>\n<p class=\"p1\" style=\"text-align: justify;\">During the intervals, people had the opportunity of visiting the stands of the <a href=\"http:\/\/www.fraterinternacional.org\/en\/communities-of-light\/\">Communities-of-Light<\/a>, Nuclei of Service, associations and institutions that are a part of the work, which were placed around the hall of F2. Another stand set up near the entrance to the hall showed the importance of the <a href=\"http:\/\/www.fraterinternacional.org\/en\/campanhas-ffhi\/lands-of-the-sun-and-lands-of-the-fraternity\/\">Campaign<\/a> for the acquisition of the <a href=\"http:\/\/www.comunidadefigueira.org.br\/eng\/pagina\/areas-of-figueira\/terras-do-sol\" target=\"_blank\">Lands of the Sun<\/a> and the <a href=\"http:\/\/www.comunidadefigueira.org.br\/eng\/pagina\/areas-of-figueira\/terras-da-irmandade\" target=\"_blank\">Lands of the Fraternity<\/a>. During all the days of the event, many people waited for the recommencement of the activities praying in groups or individually.<\/p>\n<p style=\"text-align: justify;\"><a href=\"http:\/\/www.fraterinternacional.org\/wp-content\/uploads\/2016\/09\/figueira_57_encontro_geral_setembro_2016_externa_geral_6.jpg\"><img decoding=\"async\" class=\"alignleft size-medium wp-image-28349\" src=\"http:\/\/www.fraterinternacional.org\/wp-content\/uploads\/2016\/09\/figueira_57_encontro_geral_setembro_2016_externa_geral_6-300x169.jpg\" alt=\"figueira_57_encontro_geral_setembro_2016_externa_geral_6\" width=\"300\" height=\"169\" srcset=\"https:\/\/www.fraterinternacional.org\/wp-content\/uploads\/2016\/09\/figueira_57_encontro_geral_setembro_2016_externa_geral_6-200x112.jpg 200w, https:\/\/www.fraterinternacional.org\/wp-content\/uploads\/2016\/09\/figueira_57_encontro_geral_setembro_2016_externa_geral_6-300x169.jpg 300w, https:\/\/www.fraterinternacional.org\/wp-content\/uploads\/2016\/09\/figueira_57_encontro_geral_setembro_2016_externa_geral_6-400x225.jpg 400w, https:\/\/www.fraterinternacional.org\/wp-content\/uploads\/2016\/09\/figueira_57_encontro_geral_setembro_2016_externa_geral_6-600x337.jpg 600w, https:\/\/www.fraterinternacional.org\/wp-content\/uploads\/2016\/09\/figueira_57_encontro_geral_setembro_2016_externa_geral_6.jpg 690w\" sizes=\"(max-width: 300px) 100vw, 300px\" \/><\/a>L\u00edvia Almeida de Queiroz, from Uberaba, Minas Gerais, was walking in the stand of the <a href=\"http:\/\/www.comunidadenovaterra.org\/novaterra\/\" target=\"_blank\">Community-of-Light of the Nova Terra<\/a>. She became interested in the novelties and solved some doubts about the work conducted in the Community. She decided to take a new music CD and the Calendar of the Community-of-Light of the Nova Terra. \u201cI already have the CD of the Choir of the Youths of the Nucleus-of-Light Crer-Sendo, and I want to know this one with the canticles of the Community-of-Light\u201d, she said.<\/p>\n<p class=\"p1\" style=\"text-align: justify;\">L\u00edvia also became interested in the booklet of the Living <a href=\"http:\/\/www.fraterinternacional.org\/en\/instruction\/\">School Tibetan Park<\/a> and took the opportunity to get informed about the subject. \u201cThe fact that there is a place with a different education, with another way to deal with the children, drew my attention\u201d, explained L\u00edvia.<\/p>\n<p style=\"text-align: justify;\"><a href=\"http:\/\/www.fraterinternacional.org\/wp-content\/uploads\/2016\/09\/figueira_57_encontro_geral_setembro_2016_estande_nova_terra_37.jpg\"><img decoding=\"async\" class=\"wp-image-28336 size-medium alignright\" src=\"http:\/\/www.fraterinternacional.org\/wp-content\/uploads\/2016\/09\/figueira_57_encontro_geral_setembro_2016_estande_nova_terra_37-300x169.jpg\" width=\"300\" height=\"169\" srcset=\"https:\/\/www.fraterinternacional.org\/wp-content\/uploads\/2016\/09\/figueira_57_encontro_geral_setembro_2016_estande_nova_terra_37-200x112.jpg 200w, https:\/\/www.fraterinternacional.org\/wp-content\/uploads\/2016\/09\/figueira_57_encontro_geral_setembro_2016_estande_nova_terra_37-300x169.jpg 300w, https:\/\/www.fraterinternacional.org\/wp-content\/uploads\/2016\/09\/figueira_57_encontro_geral_setembro_2016_estande_nova_terra_37-400x225.jpg 400w, https:\/\/www.fraterinternacional.org\/wp-content\/uploads\/2016\/09\/figueira_57_encontro_geral_setembro_2016_estande_nova_terra_37-600x337.jpg 600w, https:\/\/www.fraterinternacional.org\/wp-content\/uploads\/2016\/09\/figueira_57_encontro_geral_setembro_2016_estande_nova_terra_37.jpg 690w\" sizes=\"(max-width: 300px) 100vw, 300px\" \/><\/a><\/p>\n<p class=\"p1\" style=\"text-align: justify;\">In charge of the stand of the Community-of-Light was Nadia Moya, a collaborator with the Community-of-Light of the Nova Terra, where she has been living for one and a half year with her son of three. \u201cPeople get very interested in the Living School Tibetan Park, about how is the educational method, which includes both the practice and the theory and the co-existence with the animals. There are also the people who are interested in the animal cause and ask about the hosting of this Kingdom and how they can help. Many are collaborating, a very good result is being reached\u201d, said Nadia.<\/p>\n<p style=\"text-align: justify;\"><a href=\"http:\/\/www.fraterinternacional.org\/wp-content\/uploads\/2016\/09\/figueira_57_encontro_geral_setembro_2016_estande_fraternidade_tv_5.jpg\"><img decoding=\"async\" class=\"size-medium wp-image-28333 alignleft\" src=\"http:\/\/www.fraterinternacional.org\/wp-content\/uploads\/2016\/09\/figueira_57_encontro_geral_setembro_2016_estande_fraternidade_tv_5-300x169.jpg\" alt=\"figueira_57_encontro_geral_setembro_2016_estande_fraternidade_tv_5\" width=\"300\" height=\"169\" srcset=\"https:\/\/www.fraterinternacional.org\/wp-content\/uploads\/2016\/09\/figueira_57_encontro_geral_setembro_2016_estande_fraternidade_tv_5-200x112.jpg 200w, https:\/\/www.fraterinternacional.org\/wp-content\/uploads\/2016\/09\/figueira_57_encontro_geral_setembro_2016_estande_fraternidade_tv_5-300x169.jpg 300w, https:\/\/www.fraterinternacional.org\/wp-content\/uploads\/2016\/09\/figueira_57_encontro_geral_setembro_2016_estande_fraternidade_tv_5-400x225.jpg 400w, https:\/\/www.fraterinternacional.org\/wp-content\/uploads\/2016\/09\/figueira_57_encontro_geral_setembro_2016_estande_fraternidade_tv_5-600x337.jpg 600w, https:\/\/www.fraterinternacional.org\/wp-content\/uploads\/2016\/09\/figueira_57_encontro_geral_setembro_2016_estande_fraternidade_tv_5.jpg 690w\" sizes=\"(max-width: 300px) 100vw, 300px\" \/><\/a><\/p>\n<p class=\"p1\" style=\"text-align: justify;\">In front of the room of stands of the <b>Fraternidade \u2013 International Humanitarian Federation<\/b>, many people watched videos about the <a href=\"http:\/\/www.fraterinternacional.org\/en\/love-and-service-to-the-kingdoms\/\">Plant Kingdom<\/a> with testimonies by Trigueirinho, members of the Grace Mercy Order, the Group of the Trees of the Community-of-Light of Figueira and passages of the film \u201cThe Man Who Planted Trees\u201d.<br \/>\n\u201cThis composition with the testimonies talking about the Plant Kingdom gives a real notion of what is the love for this Kingdom. I will take the video to my family, so that they may be able to participate in the beauty that this new world is. It was very touching\u201d, said L\u00edsia Maria Azevedo, a resident in Carmo da Cachoeira.<\/p>\n<p class=\"p1\" style=\"text-align: justify;\"><a href=\"http:\/\/www.fraterinternacional.org\/wp-content\/uploads\/2016\/09\/figueira_57_encontro_geral_setembro_2016_estande_fraternidade_tv_3.jpg\"><img decoding=\"async\" class=\"alignright size-medium wp-image-28331\" src=\"http:\/\/www.fraterinternacional.org\/wp-content\/uploads\/2016\/09\/figueira_57_encontro_geral_setembro_2016_estande_fraternidade_tv_3-300x169.jpg\" alt=\"figueira_57_encontro_geral_setembro_2016_estande_fraternidade_tv_3\" width=\"300\" height=\"169\" srcset=\"https:\/\/www.fraterinternacional.org\/wp-content\/uploads\/2016\/09\/figueira_57_encontro_geral_setembro_2016_estande_fraternidade_tv_3-200x112.jpg 200w, https:\/\/www.fraterinternacional.org\/wp-content\/uploads\/2016\/09\/figueira_57_encontro_geral_setembro_2016_estande_fraternidade_tv_3-300x169.jpg 300w, https:\/\/www.fraterinternacional.org\/wp-content\/uploads\/2016\/09\/figueira_57_encontro_geral_setembro_2016_estande_fraternidade_tv_3-400x225.jpg 400w, https:\/\/www.fraterinternacional.org\/wp-content\/uploads\/2016\/09\/figueira_57_encontro_geral_setembro_2016_estande_fraternidade_tv_3-600x337.jpg 600w, https:\/\/www.fraterinternacional.org\/wp-content\/uploads\/2016\/09\/figueira_57_encontro_geral_setembro_2016_estande_fraternidade_tv_3.jpg 690w\" sizes=\"(max-width: 300px) 100vw, 300px\" \/><\/a>Luciene Lima Dias came from Salvador to the General Meeting, participated in the Marathon of the Divine Mercy in Belo Horizonte a few days before arriving in Figueira. Luciene is a member of a group of prayer in her city and accompanies attentively the videos that were being shown. \u201cI am in ecstasy watching this work that is being conducted here in Figueira, so much harmony and the beauty of nature\u201d, said Luciene.<\/p>\n<p style=\"text-align: justify;\"><a href=\"http:\/\/www.fraterinternacional.org\/wp-content\/uploads\/2016\/09\/figueira_57_encontro_geral_setembro_2016_rede_luz_es_coordenadora_2.jpg\"><img decoding=\"async\" class=\"size-medium wp-image-28366 alignleft\" src=\"http:\/\/www.fraterinternacional.org\/wp-content\/uploads\/2016\/09\/figueira_57_encontro_geral_setembro_2016_rede_luz_es_coordenadora_2-170x300.jpg\" alt=\"figueira_57_encontro_geral_setembro_2016_rede_luz_es_coordenadora_2\" width=\"170\" height=\"300\" srcset=\"https:\/\/www.fraterinternacional.org\/wp-content\/uploads\/2016\/09\/figueira_57_encontro_geral_setembro_2016_rede_luz_es_coordenadora_2-170x300.jpg 170w, https:\/\/www.fraterinternacional.org\/wp-content\/uploads\/2016\/09\/figueira_57_encontro_geral_setembro_2016_rede_luz_es_coordenadora_2-200x353.jpg 200w, https:\/\/www.fraterinternacional.org\/wp-content\/uploads\/2016\/09\/figueira_57_encontro_geral_setembro_2016_rede_luz_es_coordenadora_2.jpg 400w\" sizes=\"(max-width: 170px) 100vw, 170px\" \/><\/a><\/p>\n<p class=\"p1\" style=\"text-align: justify;\">On Saturday, the third day of the Meeting, there was a sharing of Trigueirinho and of Mother Shimani. Also an attunement with the Planetary Center of Mirna Jad was done and remembered the history of the manifestation of the Community-of-Light of Figueira and its importance in the upliftment of the consciousness of the being and in the planetary work.<\/p>\n<p class=\"p1\" style=\"text-align: justify;\">L\u00e9a Regina Penedo Gon\u00e7alves, the coordinator of the <a href=\"http:\/\/www.fraterinternacional.org\/en\/network-of-light\/\">Network-of-Light<\/a> of Esp\u00edrito Santo, has been participating in the work of Figueira since 1988 and always attends the General Meetings. She observed the changes that took place in the work during all these years. \u201cThe changes along these years mean a great joy, and the descent of the energy in Figueira as a <a href=\"http:\/\/www.fraterinternacional.org\/en\/marian-centers\/\">Marian Center<\/a> brought the power of prayer. This energy has always been very strong and keeps Faith very intense. We can see the fraternity that we are living in this General Meeting in the eyes and hearts of of the people\u201d.<\/p>\n<p class=\"p1\" style=\"text-align: justify;\">Many collaborators came from far-away places to participate in the General Meeting that has taken place in the Community-of-Light of Figueira since 1988.<\/p>\n<p style=\"text-align: justify;\"><a href=\"http:\/\/www.fraterinternacional.org\/wp-content\/uploads\/2016\/09\/figueira_57_encontro_geral_setembro_2016_rede_luz_ceara_4.jpg\"><img decoding=\"async\" class=\"size-medium wp-image-28360 alignright\" src=\"http:\/\/www.fraterinternacional.org\/wp-content\/uploads\/2016\/09\/figueira_57_encontro_geral_setembro_2016_rede_luz_ceara_4-300x169.jpg\" alt=\"figueira_57_encontro_geral_setembro_2016_rede_luz_ceara_4\" width=\"300\" height=\"169\" srcset=\"https:\/\/www.fraterinternacional.org\/wp-content\/uploads\/2016\/09\/figueira_57_encontro_geral_setembro_2016_rede_luz_ceara_4-200x112.jpg 200w, https:\/\/www.fraterinternacional.org\/wp-content\/uploads\/2016\/09\/figueira_57_encontro_geral_setembro_2016_rede_luz_ceara_4-300x169.jpg 300w, https:\/\/www.fraterinternacional.org\/wp-content\/uploads\/2016\/09\/figueira_57_encontro_geral_setembro_2016_rede_luz_ceara_4-400x225.jpg 400w, https:\/\/www.fraterinternacional.org\/wp-content\/uploads\/2016\/09\/figueira_57_encontro_geral_setembro_2016_rede_luz_ceara_4-600x337.jpg 600w, https:\/\/www.fraterinternacional.org\/wp-content\/uploads\/2016\/09\/figueira_57_encontro_geral_setembro_2016_rede_luz_ceara_4.jpg 690w\" sizes=\"(max-width: 300px) 100vw, 300px\" \/><\/a><\/p>\n<p class=\"p1\" style=\"text-align: justify;\">Socorro Meira came from the city of Fortaleza, state of Cear\u00e1, in the Northeast region of Brazil, with a group of five people of the local Network-of-Light. Socorro began the work with Figueira with a study group twenty years ago. Today she is one of the coordinators of the Network-of-Light of Cear\u00e1. She visits the Community-of-Light of Figueira twice a year, during the General Meetings.\u00a0\u201cThe GM is a moment of updating. As a coordinator, I feel it is very important to keep updated with the instructions. This direct connection with Mirna Jad is very important for our transformation and so that we may serve better\u201d, said Socorro.<\/p>\n<p class=\"p1\" style=\"text-align: justify;\">On Sunday, 11, the last day of the Meeting, songs of the Choir were presented, as well as sharing of the instructors Trigueirinho and Mother Shimani.<\/p>\n<p>&nbsp;<\/p>\n<div class=\"fusion-fullwidth fullwidth-box fusion-builder-row-1 hundred-percent-fullwidth non-hundred-percent-height-scrolling\" style=\"--awb-border-radius-top-left:0px;--awb-border-radius-top-right:0px;--awb-border-radius-bottom-right:0px;--awb-border-radius-bottom-left:0px;--awb-overflow:visible;--awb-flex-wrap:wrap;\" ><div class=\"fusion-builder-row fusion-row\"><div class=\"fusion-layout-column fusion_builder_column fusion-builder-column-0 fusion_builder_column_1_1 1_1 fusion-one-full fusion-column-first fusion-column-last fusion-column-no-min-height\" style=\"--awb-bg-size:cover;--awb-margin-bottom:0px;\"><div class=\"fusion-column-wrapper fusion-flex-column-wrapper-legacy\">\n\t\t<style type=\"text\/css\">\n\t\t\t#gallery-1 {\n\t\t\t\tmargin: auto;\n\t\t\t}\n\t\t\t#gallery-1 .gallery-item {\n\t\t\t\tfloat: left;\n\t\t\t\tmargin-top: 10px;\n\t\t\t\ttext-align: center;\n\t\t\t\twidth: 33%;\n\t\t\t}\n\t\t\t#gallery-1 img {\n\t\t\t\tborder: 2px solid #cfcfcf;\n\t\t\t}\n\t\t\t#gallery-1 .gallery-caption {\n\t\t\t\tmargin-left: 0;\n\t\t\t}\n\t\t\t\/* see gallery_shortcode() in wp-includes\/media.php *\/\n\t\t<\/style>\n\t\t<div id='gallery-1' class='gallery galleryid-28433 gallery-columns-3 gallery-size-medium'><dl class='gallery-item'>\n\t\t\t<dt class='gallery-icon landscape'>\n\t\t\t\t<a data-rel=\"iLightbox[postimages]\" data-title=\"figueira_57_encontro_geral_setembro_2016_externa_geral_1\" data-caption=\"\" href='https:\/\/www.fraterinternacional.org\/wp-content\/uploads\/2016\/09\/figueira_57_encontro_geral_setembro_2016_externa_geral_1.jpg'><img decoding=\"async\" width=\"300\" height=\"169\" src=\"https:\/\/www.fraterinternacional.org\/wp-content\/uploads\/2016\/09\/figueira_57_encontro_geral_setembro_2016_externa_geral_1-300x169.jpg\" class=\"attachment-medium size-medium\" alt=\"\" srcset=\"https:\/\/www.fraterinternacional.org\/wp-content\/uploads\/2016\/09\/figueira_57_encontro_geral_setembro_2016_externa_geral_1-200x112.jpg 200w, https:\/\/www.fraterinternacional.org\/wp-content\/uploads\/2016\/09\/figueira_57_encontro_geral_setembro_2016_externa_geral_1-300x169.jpg 300w, https:\/\/www.fraterinternacional.org\/wp-content\/uploads\/2016\/09\/figueira_57_encontro_geral_setembro_2016_externa_geral_1-400x225.jpg 400w, https:\/\/www.fraterinternacional.org\/wp-content\/uploads\/2016\/09\/figueira_57_encontro_geral_setembro_2016_externa_geral_1-600x337.jpg 600w, https:\/\/www.fraterinternacional.org\/wp-content\/uploads\/2016\/09\/figueira_57_encontro_geral_setembro_2016_externa_geral_1.jpg 690w\" sizes=\"(max-width: 300px) 100vw, 300px\" \/><\/a>\n\t\t\t<\/dt><\/dl><dl class='gallery-item'>\n\t\t\t<dt class='gallery-icon landscape'>\n\t\t\t\t<a data-rel=\"iLightbox[postimages]\" data-title=\"figueira_57_encontro_geral_setembro_2016_externa_geral_4\" data-caption=\"\" href='https:\/\/www.fraterinternacional.org\/wp-content\/uploads\/2016\/09\/figueira_57_encontro_geral_setembro_2016_externa_geral_4.jpg'><img decoding=\"async\" width=\"300\" height=\"169\" src=\"https:\/\/www.fraterinternacional.org\/wp-content\/uploads\/2016\/09\/figueira_57_encontro_geral_setembro_2016_externa_geral_4-300x169.jpg\" class=\"attachment-medium size-medium\" alt=\"\" srcset=\"https:\/\/www.fraterinternacional.org\/wp-content\/uploads\/2016\/09\/figueira_57_encontro_geral_setembro_2016_externa_geral_4-200x112.jpg 200w, https:\/\/www.fraterinternacional.org\/wp-content\/uploads\/2016\/09\/figueira_57_encontro_geral_setembro_2016_externa_geral_4-300x169.jpg 300w, https:\/\/www.fraterinternacional.org\/wp-content\/uploads\/2016\/09\/figueira_57_encontro_geral_setembro_2016_externa_geral_4-400x225.jpg 400w, https:\/\/www.fraterinternacional.org\/wp-content\/uploads\/2016\/09\/figueira_57_encontro_geral_setembro_2016_externa_geral_4-600x337.jpg 600w, https:\/\/www.fraterinternacional.org\/wp-content\/uploads\/2016\/09\/figueira_57_encontro_geral_setembro_2016_externa_geral_4.jpg 690w\" sizes=\"(max-width: 300px) 100vw, 300px\" \/><\/a>\n\t\t\t<\/dt><\/dl><dl class='gallery-item'>\n\t\t\t<dt class='gallery-icon landscape'>\n\t\t\t\t<a data-rel=\"iLightbox[postimages]\" data-title=\"figueira_57_encontro_geral_setembro_2016_salao_publico\" data-caption=\"\" href='https:\/\/www.fraterinternacional.org\/wp-content\/uploads\/2016\/09\/figueira_57_encontro_geral_setembro_2016_salao_publico.jpg'><img decoding=\"async\" width=\"300\" height=\"169\" src=\"https:\/\/www.fraterinternacional.org\/wp-content\/uploads\/2016\/09\/figueira_57_encontro_geral_setembro_2016_salao_publico-300x169.jpg\" class=\"attachment-medium size-medium\" alt=\"\" srcset=\"https:\/\/www.fraterinternacional.org\/wp-content\/uploads\/2016\/09\/figueira_57_encontro_geral_setembro_2016_salao_publico-200x112.jpg 200w, https:\/\/www.fraterinternacional.org\/wp-content\/uploads\/2016\/09\/figueira_57_encontro_geral_setembro_2016_salao_publico-300x169.jpg 300w, https:\/\/www.fraterinternacional.org\/wp-content\/uploads\/2016\/09\/figueira_57_encontro_geral_setembro_2016_salao_publico-400x225.jpg 400w, https:\/\/www.fraterinternacional.org\/wp-content\/uploads\/2016\/09\/figueira_57_encontro_geral_setembro_2016_salao_publico-600x337.jpg 600w, https:\/\/www.fraterinternacional.org\/wp-content\/uploads\/2016\/09\/figueira_57_encontro_geral_setembro_2016_salao_publico.jpg 690w\" sizes=\"(max-width: 300px) 100vw, 300px\" \/><\/a>\n\t\t\t<\/dt><\/dl><br style=\"clear: both\" \/><dl class='gallery-item'>\n\t\t\t<dt class='gallery-icon landscape'>\n\t\t\t\t<a data-rel=\"iLightbox[postimages]\" data-title=\"figueira_57_encontro_geral_setembro_2016_estande_associacao_maria_1\" data-caption=\"\" href='https:\/\/www.fraterinternacional.org\/wp-content\/uploads\/2016\/09\/figueira_57_encontro_geral_setembro_2016_estande_associacao_maria_1.jpg'><img decoding=\"async\" width=\"300\" height=\"169\" src=\"https:\/\/www.fraterinternacional.org\/wp-content\/uploads\/2016\/09\/figueira_57_encontro_geral_setembro_2016_estande_associacao_maria_1-300x169.jpg\" class=\"attachment-medium size-medium\" alt=\"\" srcset=\"https:\/\/www.fraterinternacional.org\/wp-content\/uploads\/2016\/09\/figueira_57_encontro_geral_setembro_2016_estande_associacao_maria_1-200x112.jpg 200w, https:\/\/www.fraterinternacional.org\/wp-content\/uploads\/2016\/09\/figueira_57_encontro_geral_setembro_2016_estande_associacao_maria_1-300x169.jpg 300w, https:\/\/www.fraterinternacional.org\/wp-content\/uploads\/2016\/09\/figueira_57_encontro_geral_setembro_2016_estande_associacao_maria_1-400x225.jpg 400w, https:\/\/www.fraterinternacional.org\/wp-content\/uploads\/2016\/09\/figueira_57_encontro_geral_setembro_2016_estande_associacao_maria_1-600x337.jpg 600w, https:\/\/www.fraterinternacional.org\/wp-content\/uploads\/2016\/09\/figueira_57_encontro_geral_setembro_2016_estande_associacao_maria_1.jpg 690w\" sizes=\"(max-width: 300px) 100vw, 300px\" \/><\/a>\n\t\t\t<\/dt><\/dl><dl class='gallery-item'>\n\t\t\t<dt class='gallery-icon landscape'>\n\t\t\t\t<a data-rel=\"iLightbox[postimages]\" data-title=\"figueira_57_encontro_geral_setembro_2016_orando_estande_associacao_maria_2\" data-caption=\"\" href='https:\/\/www.fraterinternacional.org\/wp-content\/uploads\/2016\/09\/figueira_57_encontro_geral_setembro_2016_orando_estande_associacao_maria_2.jpg'><img decoding=\"async\" width=\"300\" height=\"169\" src=\"https:\/\/www.fraterinternacional.org\/wp-content\/uploads\/2016\/09\/figueira_57_encontro_geral_setembro_2016_orando_estande_associacao_maria_2-300x169.jpg\" class=\"attachment-medium size-medium\" alt=\"\" srcset=\"https:\/\/www.fraterinternacional.org\/wp-content\/uploads\/2016\/09\/figueira_57_encontro_geral_setembro_2016_orando_estande_associacao_maria_2-200x112.jpg 200w, https:\/\/www.fraterinternacional.org\/wp-content\/uploads\/2016\/09\/figueira_57_encontro_geral_setembro_2016_orando_estande_associacao_maria_2-300x169.jpg 300w, https:\/\/www.fraterinternacional.org\/wp-content\/uploads\/2016\/09\/figueira_57_encontro_geral_setembro_2016_orando_estande_associacao_maria_2-400x225.jpg 400w, https:\/\/www.fraterinternacional.org\/wp-content\/uploads\/2016\/09\/figueira_57_encontro_geral_setembro_2016_orando_estande_associacao_maria_2-600x337.jpg 600w, https:\/\/www.fraterinternacional.org\/wp-content\/uploads\/2016\/09\/figueira_57_encontro_geral_setembro_2016_orando_estande_associacao_maria_2.jpg 690w\" sizes=\"(max-width: 300px) 100vw, 300px\" \/><\/a>\n\t\t\t<\/dt><\/dl><dl class='gallery-item'>\n\t\t\t<dt class='gallery-icon landscape'>\n\t\t\t\t<a data-rel=\"iLightbox[postimages]\" data-title=\"figueira_57_encontro_geral_setembro_2016_livraria_7\" data-caption=\"\" href='https:\/\/www.fraterinternacional.org\/wp-content\/uploads\/2016\/09\/figueira_57_encontro_geral_setembro_2016_livraria_7.jpg'><img decoding=\"async\" width=\"300\" height=\"169\" src=\"https:\/\/www.fraterinternacional.org\/wp-content\/uploads\/2016\/09\/figueira_57_encontro_geral_setembro_2016_livraria_7-300x169.jpg\" class=\"attachment-medium size-medium\" alt=\"\" srcset=\"https:\/\/www.fraterinternacional.org\/wp-content\/uploads\/2016\/09\/figueira_57_encontro_geral_setembro_2016_livraria_7-200x112.jpg 200w, https:\/\/www.fraterinternacional.org\/wp-content\/uploads\/2016\/09\/figueira_57_encontro_geral_setembro_2016_livraria_7-300x169.jpg 300w, https:\/\/www.fraterinternacional.org\/wp-content\/uploads\/2016\/09\/figueira_57_encontro_geral_setembro_2016_livraria_7-400x225.jpg 400w, https:\/\/www.fraterinternacional.org\/wp-content\/uploads\/2016\/09\/figueira_57_encontro_geral_setembro_2016_livraria_7-600x337.jpg 600w, https:\/\/www.fraterinternacional.org\/wp-content\/uploads\/2016\/09\/figueira_57_encontro_geral_setembro_2016_livraria_7.jpg 690w\" sizes=\"(max-width: 300px) 100vw, 300px\" \/><\/a>\n\t\t\t<\/dt><\/dl><br style=\"clear: both\" \/><dl class='gallery-item'>\n\t\t\t<dt class='gallery-icon landscape'>\n\t\t\t\t<a data-rel=\"iLightbox[postimages]\" data-title=\"figueira_57_encontro_geral_setembro_2016_livraria_8\" data-caption=\"\" href='https:\/\/www.fraterinternacional.org\/wp-content\/uploads\/2016\/09\/figueira_57_encontro_geral_setembro_2016_livraria_8.jpg'><img decoding=\"async\" width=\"300\" height=\"169\" src=\"https:\/\/www.fraterinternacional.org\/wp-content\/uploads\/2016\/09\/figueira_57_encontro_geral_setembro_2016_livraria_8-300x169.jpg\" class=\"attachment-medium size-medium\" alt=\"\" srcset=\"https:\/\/www.fraterinternacional.org\/wp-content\/uploads\/2016\/09\/figueira_57_encontro_geral_setembro_2016_livraria_8-200x112.jpg 200w, https:\/\/www.fraterinternacional.org\/wp-content\/uploads\/2016\/09\/figueira_57_encontro_geral_setembro_2016_livraria_8-300x169.jpg 300w, https:\/\/www.fraterinternacional.org\/wp-content\/uploads\/2016\/09\/figueira_57_encontro_geral_setembro_2016_livraria_8-400x225.jpg 400w, https:\/\/www.fraterinternacional.org\/wp-content\/uploads\/2016\/09\/figueira_57_encontro_geral_setembro_2016_livraria_8-600x337.jpg 600w, https:\/\/www.fraterinternacional.org\/wp-content\/uploads\/2016\/09\/figueira_57_encontro_geral_setembro_2016_livraria_8.jpg 690w\" sizes=\"(max-width: 300px) 100vw, 300px\" \/><\/a>\n\t\t\t<\/dt><\/dl><dl class='gallery-item'>\n\t\t\t<dt class='gallery-icon landscape'>\n\t\t\t\t<a data-rel=\"iLightbox[postimages]\" data-title=\"figueira_57_encontro_geral_setembro_2016_estande_doacoes_2\" data-caption=\"\" href='https:\/\/www.fraterinternacional.org\/wp-content\/uploads\/2016\/09\/figueira_57_encontro_geral_setembro_2016_estande_doacoes_2.jpg'><img decoding=\"async\" width=\"300\" height=\"169\" src=\"https:\/\/www.fraterinternacional.org\/wp-content\/uploads\/2016\/09\/figueira_57_encontro_geral_setembro_2016_estande_doacoes_2-300x169.jpg\" class=\"attachment-medium size-medium\" alt=\"\" srcset=\"https:\/\/www.fraterinternacional.org\/wp-content\/uploads\/2016\/09\/figueira_57_encontro_geral_setembro_2016_estande_doacoes_2-200x112.jpg 200w, https:\/\/www.fraterinternacional.org\/wp-content\/uploads\/2016\/09\/figueira_57_encontro_geral_setembro_2016_estande_doacoes_2-300x169.jpg 300w, https:\/\/www.fraterinternacional.org\/wp-content\/uploads\/2016\/09\/figueira_57_encontro_geral_setembro_2016_estande_doacoes_2-400x225.jpg 400w, https:\/\/www.fraterinternacional.org\/wp-content\/uploads\/2016\/09\/figueira_57_encontro_geral_setembro_2016_estande_doacoes_2-600x337.jpg 600w, https:\/\/www.fraterinternacional.org\/wp-content\/uploads\/2016\/09\/figueira_57_encontro_geral_setembro_2016_estande_doacoes_2.jpg 690w\" sizes=\"(max-width: 300px) 100vw, 300px\" \/><\/a>\n\t\t\t<\/dt><\/dl><dl class='gallery-item'>\n\t\t\t<dt class='gallery-icon landscape'>\n\t\t\t\t<a data-rel=\"iLightbox[postimages]\" data-title=\"figueira_57_encontro_geral_setembro_2016_estande_doacoes_vendo_tv_2\" data-caption=\"\" href='https:\/\/www.fraterinternacional.org\/wp-content\/uploads\/2016\/09\/figueira_57_encontro_geral_setembro_2016_estande_doacoes_vendo_tv_2.jpg'><img decoding=\"async\" width=\"300\" height=\"169\" src=\"https:\/\/www.fraterinternacional.org\/wp-content\/uploads\/2016\/09\/figueira_57_encontro_geral_setembro_2016_estande_doacoes_vendo_tv_2-300x169.jpg\" class=\"attachment-medium size-medium\" alt=\"\" srcset=\"https:\/\/www.fraterinternacional.org\/wp-content\/uploads\/2016\/09\/figueira_57_encontro_geral_setembro_2016_estande_doacoes_vendo_tv_2-200x112.jpg 200w, https:\/\/www.fraterinternacional.org\/wp-content\/uploads\/2016\/09\/figueira_57_encontro_geral_setembro_2016_estande_doacoes_vendo_tv_2-300x169.jpg 300w, https:\/\/www.fraterinternacional.org\/wp-content\/uploads\/2016\/09\/figueira_57_encontro_geral_setembro_2016_estande_doacoes_vendo_tv_2-400x225.jpg 400w, https:\/\/www.fraterinternacional.org\/wp-content\/uploads\/2016\/09\/figueira_57_encontro_geral_setembro_2016_estande_doacoes_vendo_tv_2-600x337.jpg 600w, https:\/\/www.fraterinternacional.org\/wp-content\/uploads\/2016\/09\/figueira_57_encontro_geral_setembro_2016_estande_doacoes_vendo_tv_2.jpg 690w\" sizes=\"(max-width: 300px) 100vw, 300px\" \/><\/a>\n\t\t\t<\/dt><\/dl><br style=\"clear: both\" \/><dl class='gallery-item'>\n\t\t\t<dt class='gallery-icon landscape'>\n\t\t\t\t<a data-rel=\"iLightbox[postimages]\" data-title=\"figueira_57_encontro_geral_setembro_2016_estande_doacoes_3\" data-caption=\"\" href='https:\/\/www.fraterinternacional.org\/wp-content\/uploads\/2016\/09\/figueira_57_encontro_geral_setembro_2016_estande_doacoes_3.jpg'><img decoding=\"async\" width=\"300\" height=\"169\" src=\"https:\/\/www.fraterinternacional.org\/wp-content\/uploads\/2016\/09\/figueira_57_encontro_geral_setembro_2016_estande_doacoes_3-300x169.jpg\" class=\"attachment-medium size-medium\" alt=\"\" srcset=\"https:\/\/www.fraterinternacional.org\/wp-content\/uploads\/2016\/09\/figueira_57_encontro_geral_setembro_2016_estande_doacoes_3-200x112.jpg 200w, https:\/\/www.fraterinternacional.org\/wp-content\/uploads\/2016\/09\/figueira_57_encontro_geral_setembro_2016_estande_doacoes_3-300x169.jpg 300w, https:\/\/www.fraterinternacional.org\/wp-content\/uploads\/2016\/09\/figueira_57_encontro_geral_setembro_2016_estande_doacoes_3-400x225.jpg 400w, https:\/\/www.fraterinternacional.org\/wp-content\/uploads\/2016\/09\/figueira_57_encontro_geral_setembro_2016_estande_doacoes_3-600x337.jpg 600w, https:\/\/www.fraterinternacional.org\/wp-content\/uploads\/2016\/09\/figueira_57_encontro_geral_setembro_2016_estande_doacoes_3.jpg 690w\" sizes=\"(max-width: 300px) 100vw, 300px\" \/><\/a>\n\t\t\t<\/dt><\/dl><dl class='gallery-item'>\n\t\t\t<dt class='gallery-icon landscape'>\n\t\t\t\t<a data-rel=\"iLightbox[postimages]\" data-title=\"figueira_57_encontro_geral_setembro_2016_estande_clc_3\" data-caption=\"\" href='https:\/\/www.fraterinternacional.org\/wp-content\/uploads\/2016\/09\/figueira_57_encontro_geral_setembro_2016_estande_clc_3.jpg'><img decoding=\"async\" width=\"300\" height=\"169\" src=\"https:\/\/www.fraterinternacional.org\/wp-content\/uploads\/2016\/09\/figueira_57_encontro_geral_setembro_2016_estande_clc_3-300x169.jpg\" class=\"attachment-medium size-medium\" alt=\"\" srcset=\"https:\/\/www.fraterinternacional.org\/wp-content\/uploads\/2016\/09\/figueira_57_encontro_geral_setembro_2016_estande_clc_3-200x112.jpg 200w, https:\/\/www.fraterinternacional.org\/wp-content\/uploads\/2016\/09\/figueira_57_encontro_geral_setembro_2016_estande_clc_3-300x169.jpg 300w, https:\/\/www.fraterinternacional.org\/wp-content\/uploads\/2016\/09\/figueira_57_encontro_geral_setembro_2016_estande_clc_3-400x225.jpg 400w, https:\/\/www.fraterinternacional.org\/wp-content\/uploads\/2016\/09\/figueira_57_encontro_geral_setembro_2016_estande_clc_3-600x337.jpg 600w, https:\/\/www.fraterinternacional.org\/wp-content\/uploads\/2016\/09\/figueira_57_encontro_geral_setembro_2016_estande_clc_3.jpg 690w\" sizes=\"(max-width: 300px) 100vw, 300px\" \/><\/a>\n\t\t\t<\/dt><\/dl><dl class='gallery-item'>\n\t\t\t<dt class='gallery-icon landscape'>\n\t\t\t\t<a data-rel=\"iLightbox[postimages]\" data-title=\"figueira_57_encontro_geral_setembro_2016_estande_ordem_graca_misericordia_5\" data-caption=\"\" href='https:\/\/www.fraterinternacional.org\/wp-content\/uploads\/2016\/09\/figueira_57_encontro_geral_setembro_2016_estande_ordem_graca_misericordia_5.jpg'><img decoding=\"async\" width=\"300\" height=\"169\" src=\"https:\/\/www.fraterinternacional.org\/wp-content\/uploads\/2016\/09\/figueira_57_encontro_geral_setembro_2016_estande_ordem_graca_misericordia_5-300x169.jpg\" class=\"attachment-medium size-medium\" alt=\"\" srcset=\"https:\/\/www.fraterinternacional.org\/wp-content\/uploads\/2016\/09\/figueira_57_encontro_geral_setembro_2016_estande_ordem_graca_misericordia_5-200x112.jpg 200w, https:\/\/www.fraterinternacional.org\/wp-content\/uploads\/2016\/09\/figueira_57_encontro_geral_setembro_2016_estande_ordem_graca_misericordia_5-300x169.jpg 300w, https:\/\/www.fraterinternacional.org\/wp-content\/uploads\/2016\/09\/figueira_57_encontro_geral_setembro_2016_estande_ordem_graca_misericordia_5-400x225.jpg 400w, https:\/\/www.fraterinternacional.org\/wp-content\/uploads\/2016\/09\/figueira_57_encontro_geral_setembro_2016_estande_ordem_graca_misericordia_5-600x337.jpg 600w, https:\/\/www.fraterinternacional.org\/wp-content\/uploads\/2016\/09\/figueira_57_encontro_geral_setembro_2016_estande_ordem_graca_misericordia_5.jpg 690w\" sizes=\"(max-width: 300px) 100vw, 300px\" \/><\/a>\n\t\t\t<\/dt><\/dl><br style=\"clear: both\" \/>\n\t\t<\/div>\n<div class=\"fusion-clearfix\"><\/div><\/div><\/div><\/div><\/div>\n","protected":false},"excerpt":{"rendered":"<p>Between September 8 and 11 the 57th General Meeting of Figueira was held in the Community-of-Light of Figueira, in the [&hellip;]<\/p>\n","protected":false},"author":11,"featured_media":28310,"comment_status":"closed","ping_status":"closed","sticky":false,"template":"","format":"standard","meta":{"footnotes":""},"categories":[150],"tags":[115,114,119,101],"class_list":["post-28433","post","type-post","status-publish","format-standard","has-post-thumbnail","hentry","category-news","tag-communities-of-light","tag-group-life","tag-marian-centers","tag-nuclei-of-light"],"yoast_head":"<!-- This site is optimized with the Yoast SEO Premium plugin v21.0 (Yoast SEO v21.0) - https:\/\/yoast.com\/wordpress\/plugins\/seo\/ -->\n<title>57th General Meeting of Figueira brought updatings to the group<\/title>\n<meta name=\"description\" content=\"The meeting had the objective of celebration and updating, and had the participation of more than one thousand people from 11 countries.\" \/>\n<meta name=\"robots\" content=\"index, follow, max-snippet:-1, max-image-preview:large, max-video-preview:-1\" \/>\n<link rel=\"canonical\" href=\"https:\/\/www.fraterinternacional.org\/en\/57th-general-meeting-figueira-brought-updatings-group\/\" \/>\n<meta property=\"og:locale\" content=\"en_US\" \/>\n<meta property=\"og:type\" content=\"article\" \/>\n<meta property=\"og:title\" content=\"57th General Meeting of Figueira brought updatings to the group\" \/>\n<meta property=\"og:description\" content=\"The meeting had the objective of celebration and updating, and had the participation of more than one thousand people from 11 countries.\" \/>\n<meta property=\"og:url\" content=\"https:\/\/www.fraterinternacional.org\/en\/57th-general-meeting-figueira-brought-updatings-group\/\" \/>\n<meta property=\"og:site_name\" content=\"Fraternidade - Federa\u00e7\u00e3o Humanit\u00e1ria Internacional\" \/>\n<meta property=\"article:publisher\" content=\"https:\/\/www.facebook.com\/fraternidadehumanitaria\" \/>\n<meta property=\"article:published_time\" content=\"2016-09-22T15:10:35+00:00\" \/>\n<meta property=\"article:modified_time\" content=\"2016-11-01T22:22:10+00:00\" \/>\n<meta property=\"og:image\" content=\"https:\/\/www.fraterinternacional.org\/wp-content\/uploads\/2016\/09\/figueira_57_encontro_geral_by_abel_coral3.jpg\" \/>\n\t<meta property=\"og:image:width\" content=\"690\" \/>\n\t<meta property=\"og:image:height\" content=\"388\" \/>\n\t<meta property=\"og:image:type\" content=\"image\/jpeg\" \/>\n<meta name=\"author\" content=\"Nelson Frater\" \/>\n<meta name=\"twitter:card\" content=\"summary_large_image\" \/>\n<meta name=\"twitter:creator\" content=\"@fraternidadeFHI\" \/>\n<meta name=\"twitter:site\" content=\"@fraternidadeFHI\" \/>\n<meta name=\"twitter:label1\" content=\"Written by\" \/>\n\t<meta name=\"twitter:data1\" content=\"Nelson Frater\" \/>\n\t<meta name=\"twitter:label2\" content=\"Est. reading time\" \/>\n\t<meta name=\"twitter:data2\" content=\"5 minutes\" \/>\n<script type=\"application\/ld+json\" class=\"yoast-schema-graph\">{\"@context\":\"https:\/\/schema.org\",\"@graph\":[{\"@type\":\"WebPage\",\"@id\":\"https:\/\/www.fraterinternacional.org\/en\/57th-general-meeting-figueira-brought-updatings-group\/\",\"url\":\"https:\/\/www.fraterinternacional.org\/en\/57th-general-meeting-figueira-brought-updatings-group\/\",\"name\":\"57th General Meeting of Figueira brought updatings to the group\",\"isPartOf\":{\"@id\":\"https:\/\/www.fraterinternacional.org\/es\/#website\"},\"datePublished\":\"2016-09-22T15:10:35+00:00\",\"dateModified\":\"2016-11-01T22:22:10+00:00\",\"author\":{\"@id\":\"https:\/\/www.fraterinternacional.org\/es\/#\/schema\/person\/facd24ae5f7e6b4ee1aeec7ad1b960ae\"},\"description\":\"The meeting had the objective of celebration and updating, and had the participation of more than one thousand people from 11 countries.\",\"breadcrumb\":{\"@id\":\"https:\/\/www.fraterinternacional.org\/en\/57th-general-meeting-figueira-brought-updatings-group\/#breadcrumb\"},\"inLanguage\":\"en-US\",\"potentialAction\":[{\"@type\":\"ReadAction\",\"target\":[\"https:\/\/www.fraterinternacional.org\/en\/57th-general-meeting-figueira-brought-updatings-group\/\"]}]},{\"@type\":\"BreadcrumbList\",\"@id\":\"https:\/\/www.fraterinternacional.org\/en\/57th-general-meeting-figueira-brought-updatings-group\/#breadcrumb\",\"itemListElement\":[{\"@type\":\"ListItem\",\"position\":1,\"name\":\"In\u00edcio\",\"item\":\"https:\/\/www.fraterinternacional.org\/en\/\"},{\"@type\":\"ListItem\",\"position\":2,\"name\":\"57th General Meeting of Figueira brought updatings to the group\"}]},{\"@type\":\"WebSite\",\"@id\":\"https:\/\/www.fraterinternacional.org\/es\/#website\",\"url\":\"https:\/\/www.fraterinternacional.org\/es\/\",\"name\":\"Fraternidade - Federa\u00e7\u00e3o Humanit\u00e1ria Internacional\",\"description\":\"Fraternidade - Federa\u00e7\u00e3o Humanit\u00e1ria Internacional\",\"potentialAction\":[{\"@type\":\"SearchAction\",\"target\":{\"@type\":\"EntryPoint\",\"urlTemplate\":\"https:\/\/www.fraterinternacional.org\/es\/?s={search_term_string}\"},\"query-input\":\"required name=search_term_string\"}],\"inLanguage\":\"en-US\"},{\"@type\":\"Person\",\"@id\":\"https:\/\/www.fraterinternacional.org\/es\/#\/schema\/person\/facd24ae5f7e6b4ee1aeec7ad1b960ae\",\"name\":\"Nelson Frater\"}]}<\/script>\n<!-- \/ Yoast SEO Premium plugin. -->","yoast_head_json":{"title":"57th General Meeting of Figueira brought updatings to the group","description":"The meeting had the objective of celebration and updating, and had the participation of more than one thousand people from 11 countries.","robots":{"index":"index","follow":"follow","max-snippet":"max-snippet:-1","max-image-preview":"max-image-preview:large","max-video-preview":"max-video-preview:-1"},"canonical":"https:\/\/www.fraterinternacional.org\/en\/57th-general-meeting-figueira-brought-updatings-group\/","og_locale":"en_US","og_type":"article","og_title":"57th General Meeting of Figueira brought updatings to the group","og_description":"The meeting had the objective of celebration and updating, and had the participation of more than one thousand people from 11 countries.","og_url":"https:\/\/www.fraterinternacional.org\/en\/57th-general-meeting-figueira-brought-updatings-group\/","og_site_name":"Fraternidade - Federa\u00e7\u00e3o Humanit\u00e1ria Internacional","article_publisher":"https:\/\/www.facebook.com\/fraternidadehumanitaria","article_published_time":"2016-09-22T15:10:35+00:00","article_modified_time":"2016-11-01T22:22:10+00:00","og_image":[{"width":690,"height":388,"url":"https:\/\/www.fraterinternacional.org\/wp-content\/uploads\/2016\/09\/figueira_57_encontro_geral_by_abel_coral3.jpg","type":"image\/jpeg"}],"author":"Nelson Frater","twitter_card":"summary_large_image","twitter_creator":"@fraternidadeFHI","twitter_site":"@fraternidadeFHI","twitter_misc":{"Written by":"Nelson Frater","Est. reading time":"5 minutes"},"schema":{"@context":"https:\/\/schema.org","@graph":[{"@type":"WebPage","@id":"https:\/\/www.fraterinternacional.org\/en\/57th-general-meeting-figueira-brought-updatings-group\/","url":"https:\/\/www.fraterinternacional.org\/en\/57th-general-meeting-figueira-brought-updatings-group\/","name":"57th General Meeting of Figueira brought updatings to the group","isPartOf":{"@id":"https:\/\/www.fraterinternacional.org\/es\/#website"},"datePublished":"2016-09-22T15:10:35+00:00","dateModified":"2016-11-01T22:22:10+00:00","author":{"@id":"https:\/\/www.fraterinternacional.org\/es\/#\/schema\/person\/facd24ae5f7e6b4ee1aeec7ad1b960ae"},"description":"The meeting had the objective of celebration and updating, and had the participation of more than one thousand people from 11 countries.","breadcrumb":{"@id":"https:\/\/www.fraterinternacional.org\/en\/57th-general-meeting-figueira-brought-updatings-group\/#breadcrumb"},"inLanguage":"en-US","potentialAction":[{"@type":"ReadAction","target":["https:\/\/www.fraterinternacional.org\/en\/57th-general-meeting-figueira-brought-updatings-group\/"]}]},{"@type":"BreadcrumbList","@id":"https:\/\/www.fraterinternacional.org\/en\/57th-general-meeting-figueira-brought-updatings-group\/#breadcrumb","itemListElement":[{"@type":"ListItem","position":1,"name":"In\u00edcio","item":"https:\/\/www.fraterinternacional.org\/en\/"},{"@type":"ListItem","position":2,"name":"57th General Meeting of Figueira brought updatings to the group"}]},{"@type":"WebSite","@id":"https:\/\/www.fraterinternacional.org\/es\/#website","url":"https:\/\/www.fraterinternacional.org\/es\/","name":"Fraternidade - Federa\u00e7\u00e3o Humanit\u00e1ria Internacional","description":"Fraternidade - Federa\u00e7\u00e3o Humanit\u00e1ria Internacional","potentialAction":[{"@type":"SearchAction","target":{"@type":"EntryPoint","urlTemplate":"https:\/\/www.fraterinternacional.org\/es\/?s={search_term_string}"},"query-input":"required name=search_term_string"}],"inLanguage":"en-US"},{"@type":"Person","@id":"https:\/\/www.fraterinternacional.org\/es\/#\/schema\/person\/facd24ae5f7e6b4ee1aeec7ad1b960ae","name":"Nelson Frater"}]}},"_links":{"self":[{"href":"https:\/\/www.fraterinternacional.org\/en\/wp-json\/wp\/v2\/posts\/28433"}],"collection":[{"href":"https:\/\/www.fraterinternacional.org\/en\/wp-json\/wp\/v2\/posts"}],"about":[{"href":"https:\/\/www.fraterinternacional.org\/en\/wp-json\/wp\/v2\/types\/post"}],"author":[{"embeddable":true,"href":"https:\/\/www.fraterinternacional.org\/en\/wp-json\/wp\/v2\/users\/11"}],"replies":[{"embeddable":true,"href":"https:\/\/www.fraterinternacional.org\/en\/wp-json\/wp\/v2\/comments?post=28433"}],"version-history":[{"count":0,"href":"https:\/\/www.fraterinternacional.org\/en\/wp-json\/wp\/v2\/posts\/28433\/revisions"}],"wp:featuredmedia":[{"embeddable":true,"href":"https:\/\/www.fraterinternacional.org\/en\/wp-json\/wp\/v2\/media\/28310"}],"wp:attachment":[{"href":"https:\/\/www.fraterinternacional.org\/en\/wp-json\/wp\/v2\/media?parent=28433"}],"wp:term":[{"taxonomy":"category","embeddable":true,"href":"https:\/\/www.fraterinternacional.org\/en\/wp-json\/wp\/v2\/categories?post=28433"},{"taxonomy":"post_tag","embeddable":true,"href":"https:\/\/www.fraterinternacional.org\/en\/wp-json\/wp\/v2\/tags?post=28433"}],"curies":[{"name":"wp","href":"https:\/\/api.w.org\/{rel}","templated":true}]}}