{"id":28059,"date":"2016-09-13T17:25:00","date_gmt":"2016-09-13T20:25:00","guid":{"rendered":"http:\/\/www.fraterinternacional.org\/en\/?p=28059"},"modified":"2016-11-01T19:22:22","modified_gmt":"2016-11-01T22:22:22","slug":"nucleus-light-figueira-sao-paulo-training-first-aids-red-cross","status":"publish","type":"post","link":"https:\/\/www.fraterinternacional.org\/en\/nucleus-light-figueira-sao-paulo-training-first-aids-red-cross\/","title":{"rendered":"Nucleus-of-Light of Figueira in S\u00e3o Paulo conducts training of First-Aids with the Red Cross"},"content":{"rendered":"<p style=\"text-align: justify;\"><a href=\"http:\/\/www.fraterinternacional.org\/wp-content\/uploads\/2016\/09\/primeiros_socorros_treinamento_cruz_vermelha_nucleo_sp_4.jpg\"><img decoding=\"async\" class=\"alignleft size-medium wp-image-27851\" src=\"http:\/\/www.fraterinternacional.org\/wp-content\/uploads\/2016\/09\/primeiros_socorros_treinamento_cruz_vermelha_nucleo_sp_4-300x169.jpg\" alt=\"primeiros_socorros_treinamento_cruz_vermelha_nucleo_sp_4\" width=\"300\" height=\"169\" srcset=\"https:\/\/www.fraterinternacional.org\/wp-content\/uploads\/2016\/09\/primeiros_socorros_treinamento_cruz_vermelha_nucleo_sp_4-200x112.jpg 200w, https:\/\/www.fraterinternacional.org\/wp-content\/uploads\/2016\/09\/primeiros_socorros_treinamento_cruz_vermelha_nucleo_sp_4-300x169.jpg 300w, https:\/\/www.fraterinternacional.org\/wp-content\/uploads\/2016\/09\/primeiros_socorros_treinamento_cruz_vermelha_nucleo_sp_4-400x225.jpg 400w, https:\/\/www.fraterinternacional.org\/wp-content\/uploads\/2016\/09\/primeiros_socorros_treinamento_cruz_vermelha_nucleo_sp_4-600x337.jpg 600w, https:\/\/www.fraterinternacional.org\/wp-content\/uploads\/2016\/09\/primeiros_socorros_treinamento_cruz_vermelha_nucleo_sp_4.jpg 690w\" sizes=\"(max-width: 300px) 100vw, 300px\" \/><\/a>The Brazilian Red Cross conducted the training on First-Aids and Transportation to the Victim last Saturday, September 3, in the Nucleus-of-Light of Figueira in S\u00e3o Paulo \u2013 the Sacred House of Mary Mother of S\u00e3o Paulo, located in the city of Carapicu\u00edba, metropolitan region of S\u00e3o Paulo, Brazil.<\/p>\n<p style=\"text-align: justify;\"><a href=\"http:\/\/www.fraterinternacional.org\/wp-content\/uploads\/2016\/09\/primeiros_socorros_treinamento_cruz_vermelha_nucleo_sp_6a.jpg\"><img decoding=\"async\" class=\"alignright wp-image-27886 size-medium\" src=\"http:\/\/www.fraterinternacional.org\/wp-content\/uploads\/2016\/09\/primeiros_socorros_treinamento_cruz_vermelha_nucleo_sp_6a-169x300.jpg\" width=\"169\" height=\"300\" srcset=\"https:\/\/www.fraterinternacional.org\/wp-content\/uploads\/2016\/09\/primeiros_socorros_treinamento_cruz_vermelha_nucleo_sp_6a-169x300.jpg 169w, https:\/\/www.fraterinternacional.org\/wp-content\/uploads\/2016\/09\/primeiros_socorros_treinamento_cruz_vermelha_nucleo_sp_6a-200x356.jpg 200w, https:\/\/www.fraterinternacional.org\/wp-content\/uploads\/2016\/09\/primeiros_socorros_treinamento_cruz_vermelha_nucleo_sp_6a.jpg 225w\" sizes=\"(max-width: 169px) 100vw, 169px\" \/><\/a><\/p>\n<p style=\"text-align: justify;\">The training, which lasted for eight hours, was administered by a couple of life-guards of the Red Cross, and was directed to the collaborators of the <a href=\"http:\/\/www.fraterinternacional.org\/en\/nuclei-of-light\/\">Nucleus-of-Light<\/a>. The Course was split in two parts, with the exhibition of the theory in the morning and the practice in the afternoon.<\/p>\n<p style=\"text-align: justify;\">In the morning, themes such as all kinds of poisoning, bandages, cases of bruising and hemorrhages, choking, respiratory cardiac massage were touched upon.<\/p>\n<p style=\"text-align: justify;\">In the afternoon, the teachers had the participation of the collaborators to conduct the practical activities of what was taught in the theoretical part. The practice of the cardiac massage was done with the help of puppets and the whole procedure needed for the immobilization and transportation of the victim was carried out by the collaborators of the Nucleus-of-Light.<\/p>\n<p class=\"p1\" style=\"text-align: justify;\"><span class=\"s1\">Roberto Soares, a collaborator of the Emergency Sector of the <strong>Fraternidade \u2013 International Humanitarian Federation<\/strong>, in S\u00e3o Paulo, organized the training with the Red Cross.\u00a0<\/span>The content was adapted to the needs of the group at the moment. \u201cThe participants became very satisfied and were very interested in the continuity of the work so that they do not forget what was learnt and they deepen their knowledge on the theme\u201d, said Roberto.<\/p>\n<p style=\"text-align: justify;\"><a href=\"http:\/\/www.fraterinternacional.org\/wp-content\/uploads\/2016\/09\/primeiros_socorros_treinamento_cruz_vermelha_nucleo_sp_5.jpg\"><img decoding=\"async\" class=\"alignleft size-medium wp-image-27854\" src=\"http:\/\/www.fraterinternacional.org\/wp-content\/uploads\/2016\/09\/primeiros_socorros_treinamento_cruz_vermelha_nucleo_sp_5-300x169.jpg\" alt=\"primeiros_socorros_treinamento_cruz_vermelha_nucleo_sp_5\" width=\"300\" height=\"169\" srcset=\"https:\/\/www.fraterinternacional.org\/wp-content\/uploads\/2016\/09\/primeiros_socorros_treinamento_cruz_vermelha_nucleo_sp_5-200x112.jpg 200w, https:\/\/www.fraterinternacional.org\/wp-content\/uploads\/2016\/09\/primeiros_socorros_treinamento_cruz_vermelha_nucleo_sp_5-300x169.jpg 300w, https:\/\/www.fraterinternacional.org\/wp-content\/uploads\/2016\/09\/primeiros_socorros_treinamento_cruz_vermelha_nucleo_sp_5-400x225.jpg 400w, https:\/\/www.fraterinternacional.org\/wp-content\/uploads\/2016\/09\/primeiros_socorros_treinamento_cruz_vermelha_nucleo_sp_5-600x337.jpg 600w, https:\/\/www.fraterinternacional.org\/wp-content\/uploads\/2016\/09\/primeiros_socorros_treinamento_cruz_vermelha_nucleo_sp_5.jpg 690w\" sizes=\"(max-width: 300px) 100vw, 300px\" \/><\/a><\/p>\n<p style=\"text-align: justify;\">Since last June, the Nucleus-of-Light has been conducting activities related to the project of preparation for emergency situations.<\/p>\n<p style=\"text-align: justify;\">\u201cWe hope to be able to continue with other trainings in this sector, which will have the objective of keeping the group prepared and specially united\u201d, completed Roberto.<\/p>\n<p style=\"text-align: justify;\">_<\/p>\n<div class=\"fusion-fullwidth fullwidth-box fusion-builder-row-1 hundred-percent-fullwidth non-hundred-percent-height-scrolling\" style=\"--awb-border-radius-top-left:0px;--awb-border-radius-top-right:0px;--awb-border-radius-bottom-right:0px;--awb-border-radius-bottom-left:0px;--awb-overflow:visible;--awb-flex-wrap:wrap;\" ><div class=\"fusion-builder-row fusion-row\"><div class=\"fusion-layout-column fusion_builder_column fusion-builder-column-0 fusion_builder_column_1_1 1_1 fusion-one-full fusion-column-first fusion-column-last fusion-column-no-min-height\" style=\"--awb-bg-size:cover;--awb-margin-bottom:0px;\"><div class=\"fusion-column-wrapper fusion-flex-column-wrapper-legacy\">\n\t\t<style type=\"text\/css\">\n\t\t\t#gallery-1 {\n\t\t\t\tmargin: auto;\n\t\t\t}\n\t\t\t#gallery-1 .gallery-item {\n\t\t\t\tfloat: left;\n\t\t\t\tmargin-top: 10px;\n\t\t\t\ttext-align: center;\n\t\t\t\twidth: 50%;\n\t\t\t}\n\t\t\t#gallery-1 img {\n\t\t\t\tborder: 2px solid #cfcfcf;\n\t\t\t}\n\t\t\t#gallery-1 .gallery-caption {\n\t\t\t\tmargin-left: 0;\n\t\t\t}\n\t\t\t\/* see gallery_shortcode() in wp-includes\/media.php *\/\n\t\t<\/style>\n\t\t<div id='gallery-1' class='gallery galleryid-28059 gallery-columns-2 gallery-size-medium'><dl class='gallery-item'>\n\t\t\t<dt class='gallery-icon portrait'>\n\t\t\t\t<a data-rel=\"iLightbox[postimages]\" data-title=\"primeiros_socorros_treinamento_cruz_vermelha_nucleo_sp_1\" data-caption=\"\" href='https:\/\/www.fraterinternacional.org\/wp-content\/uploads\/2016\/09\/primeiros_socorros_treinamento_cruz_vermelha_nucleo_sp_1.jpg'><img decoding=\"async\" width=\"169\" height=\"300\" src=\"https:\/\/www.fraterinternacional.org\/wp-content\/uploads\/2016\/09\/primeiros_socorros_treinamento_cruz_vermelha_nucleo_sp_1-169x300.jpg\" class=\"attachment-medium size-medium\" alt=\"\" srcset=\"https:\/\/www.fraterinternacional.org\/wp-content\/uploads\/2016\/09\/primeiros_socorros_treinamento_cruz_vermelha_nucleo_sp_1-169x300.jpg 169w, https:\/\/www.fraterinternacional.org\/wp-content\/uploads\/2016\/09\/primeiros_socorros_treinamento_cruz_vermelha_nucleo_sp_1-200x356.jpg 200w, https:\/\/www.fraterinternacional.org\/wp-content\/uploads\/2016\/09\/primeiros_socorros_treinamento_cruz_vermelha_nucleo_sp_1.jpg 400w\" sizes=\"(max-width: 169px) 100vw, 169px\" \/><\/a>\n\t\t\t<\/dt><\/dl><dl class='gallery-item'>\n\t\t\t<dt class='gallery-icon landscape'>\n\t\t\t\t<a data-rel=\"iLightbox[postimages]\" data-title=\"primeiros_socorros_treinamento_cruz_vermelha_nucleo_sp_3\" data-caption=\"\" href='https:\/\/www.fraterinternacional.org\/wp-content\/uploads\/2016\/09\/primeiros_socorros_treinamento_cruz_vermelha_nucleo_sp_3.jpg'><img decoding=\"async\" width=\"300\" height=\"169\" src=\"https:\/\/www.fraterinternacional.org\/wp-content\/uploads\/2016\/09\/primeiros_socorros_treinamento_cruz_vermelha_nucleo_sp_3-300x169.jpg\" class=\"attachment-medium size-medium\" alt=\"\" srcset=\"https:\/\/www.fraterinternacional.org\/wp-content\/uploads\/2016\/09\/primeiros_socorros_treinamento_cruz_vermelha_nucleo_sp_3-200x112.jpg 200w, https:\/\/www.fraterinternacional.org\/wp-content\/uploads\/2016\/09\/primeiros_socorros_treinamento_cruz_vermelha_nucleo_sp_3-300x169.jpg 300w, https:\/\/www.fraterinternacional.org\/wp-content\/uploads\/2016\/09\/primeiros_socorros_treinamento_cruz_vermelha_nucleo_sp_3-400x225.jpg 400w, https:\/\/www.fraterinternacional.org\/wp-content\/uploads\/2016\/09\/primeiros_socorros_treinamento_cruz_vermelha_nucleo_sp_3-600x337.jpg 600w, https:\/\/www.fraterinternacional.org\/wp-content\/uploads\/2016\/09\/primeiros_socorros_treinamento_cruz_vermelha_nucleo_sp_3.jpg 690w\" sizes=\"(max-width: 300px) 100vw, 300px\" \/><\/a>\n\t\t\t<\/dt><\/dl><br style=\"clear: both\" \/>\n\t\t<\/div>\n<div class=\"fusion-clearfix\"><\/div><\/div><\/div><\/div><\/div>\n","protected":false},"excerpt":{"rendered":"<p>The Brazilian Red Cross conducted the training on First-Aids and Transportation to the Victim last Saturday, September 3, in the [&hellip;]<\/p>\n","protected":false},"author":11,"featured_media":27897,"comment_status":"closed","ping_status":"closed","sticky":false,"template":"","format":"standard","meta":{"footnotes":""},"categories":[150],"tags":[108,101],"class_list":["post-28059","post","type-post","status-publish","format-standard","has-post-thumbnail","hentry","category-news","tag-emergencies","tag-nuclei-of-light"],"yoast_head":"<!-- This site is optimized with the Yoast SEO Premium plugin v21.0 (Yoast SEO v21.0) - https:\/\/yoast.com\/wordpress\/plugins\/seo\/ -->\n<title>Nucleus-of-Light of Figueira in S\u00e3o Paulo conducts training of First-Aids with the Red Cross<\/title>\n<meta name=\"description\" content=\"The event took place in the Nucleus-of-Light of Figueira in S\u00e3o Paulo \u2013 the Sacred House of Mary, Mother of S\u00e3o Paulo,and had the participation of 45 people\" \/>\n<meta name=\"robots\" content=\"index, follow, max-snippet:-1, max-image-preview:large, max-video-preview:-1\" \/>\n<link rel=\"canonical\" href=\"https:\/\/www.fraterinternacional.org\/en\/nucleus-light-figueira-sao-paulo-training-first-aids-red-cross\/\" \/>\n<meta property=\"og:locale\" content=\"en_US\" \/>\n<meta property=\"og:type\" content=\"article\" \/>\n<meta property=\"og:title\" content=\"Nucleus-of-Light of Figueira in S\u00e3o Paulo conducts training of First-Aids with the Red Cross\" \/>\n<meta property=\"og:description\" content=\"The event took place in the Nucleus-of-Light of Figueira in S\u00e3o Paulo \u2013 the Sacred House of Mary, Mother of S\u00e3o Paulo,and had the participation of 45 people\" \/>\n<meta property=\"og:url\" content=\"https:\/\/www.fraterinternacional.org\/en\/nucleus-light-figueira-sao-paulo-training-first-aids-red-cross\/\" \/>\n<meta property=\"og:site_name\" content=\"Fraternidade - Federa\u00e7\u00e3o Humanit\u00e1ria Internacional\" \/>\n<meta property=\"article:publisher\" content=\"https:\/\/www.facebook.com\/fraternidadehumanitaria\" \/>\n<meta property=\"article:published_time\" content=\"2016-09-13T20:25:00+00:00\" \/>\n<meta property=\"article:modified_time\" content=\"2016-11-01T22:22:22+00:00\" \/>\n<meta property=\"og:image\" content=\"https:\/\/www.fraterinternacional.org\/wp-content\/uploads\/2016\/09\/primeiros_socorros_treinamento_cruz_vermelha_nucleo_sp_grupo2.jpg\" \/>\n\t<meta property=\"og:image:width\" content=\"690\" \/>\n\t<meta property=\"og:image:height\" content=\"388\" \/>\n\t<meta property=\"og:image:type\" content=\"image\/jpeg\" \/>\n<meta name=\"author\" content=\"Nelson Frater\" \/>\n<meta name=\"twitter:card\" content=\"summary_large_image\" \/>\n<meta name=\"twitter:creator\" content=\"@fraternidadeFHI\" \/>\n<meta name=\"twitter:site\" content=\"@fraternidadeFHI\" \/>\n<meta name=\"twitter:label1\" content=\"Written by\" \/>\n\t<meta name=\"twitter:data1\" content=\"Nelson Frater\" \/>\n\t<meta name=\"twitter:label2\" content=\"Est. reading time\" \/>\n\t<meta name=\"twitter:data2\" content=\"2 minutes\" \/>\n<script type=\"application\/ld+json\" class=\"yoast-schema-graph\">{\"@context\":\"https:\/\/schema.org\",\"@graph\":[{\"@type\":\"WebPage\",\"@id\":\"https:\/\/www.fraterinternacional.org\/en\/nucleus-light-figueira-sao-paulo-training-first-aids-red-cross\/\",\"url\":\"https:\/\/www.fraterinternacional.org\/en\/nucleus-light-figueira-sao-paulo-training-first-aids-red-cross\/\",\"name\":\"Nucleus-of-Light of Figueira in S\u00e3o Paulo conducts training of First-Aids with the Red Cross\",\"isPartOf\":{\"@id\":\"https:\/\/www.fraterinternacional.org\/es\/#website\"},\"datePublished\":\"2016-09-13T20:25:00+00:00\",\"dateModified\":\"2016-11-01T22:22:22+00:00\",\"author\":{\"@id\":\"https:\/\/www.fraterinternacional.org\/es\/#\/schema\/person\/facd24ae5f7e6b4ee1aeec7ad1b960ae\"},\"description\":\"The event took place in the Nucleus-of-Light of Figueira in S\u00e3o Paulo \u2013 the Sacred House of Mary, Mother of S\u00e3o Paulo,and had the participation of 45 people\",\"breadcrumb\":{\"@id\":\"https:\/\/www.fraterinternacional.org\/en\/nucleus-light-figueira-sao-paulo-training-first-aids-red-cross\/#breadcrumb\"},\"inLanguage\":\"en-US\",\"potentialAction\":[{\"@type\":\"ReadAction\",\"target\":[\"https:\/\/www.fraterinternacional.org\/en\/nucleus-light-figueira-sao-paulo-training-first-aids-red-cross\/\"]}]},{\"@type\":\"BreadcrumbList\",\"@id\":\"https:\/\/www.fraterinternacional.org\/en\/nucleus-light-figueira-sao-paulo-training-first-aids-red-cross\/#breadcrumb\",\"itemListElement\":[{\"@type\":\"ListItem\",\"position\":1,\"name\":\"In\u00edcio\",\"item\":\"https:\/\/www.fraterinternacional.org\/en\/\"},{\"@type\":\"ListItem\",\"position\":2,\"name\":\"Nucleus-of-Light of Figueira in S\u00e3o Paulo conducts training of First-Aids with the Red Cross\"}]},{\"@type\":\"WebSite\",\"@id\":\"https:\/\/www.fraterinternacional.org\/es\/#website\",\"url\":\"https:\/\/www.fraterinternacional.org\/es\/\",\"name\":\"Fraternidade - Federa\u00e7\u00e3o Humanit\u00e1ria Internacional\",\"description\":\"Fraternidade - Federa\u00e7\u00e3o Humanit\u00e1ria Internacional\",\"potentialAction\":[{\"@type\":\"SearchAction\",\"target\":{\"@type\":\"EntryPoint\",\"urlTemplate\":\"https:\/\/www.fraterinternacional.org\/es\/?s={search_term_string}\"},\"query-input\":\"required name=search_term_string\"}],\"inLanguage\":\"en-US\"},{\"@type\":\"Person\",\"@id\":\"https:\/\/www.fraterinternacional.org\/es\/#\/schema\/person\/facd24ae5f7e6b4ee1aeec7ad1b960ae\",\"name\":\"Nelson Frater\"}]}<\/script>\n<!-- \/ Yoast SEO Premium plugin. -->","yoast_head_json":{"title":"Nucleus-of-Light of Figueira in S\u00e3o Paulo conducts training of First-Aids with the Red Cross","description":"The event took place in the Nucleus-of-Light of Figueira in S\u00e3o Paulo \u2013 the Sacred House of Mary, Mother of S\u00e3o Paulo,and had the participation of 45 people","robots":{"index":"index","follow":"follow","max-snippet":"max-snippet:-1","max-image-preview":"max-image-preview:large","max-video-preview":"max-video-preview:-1"},"canonical":"https:\/\/www.fraterinternacional.org\/en\/nucleus-light-figueira-sao-paulo-training-first-aids-red-cross\/","og_locale":"en_US","og_type":"article","og_title":"Nucleus-of-Light of Figueira in S\u00e3o Paulo conducts training of First-Aids with the Red Cross","og_description":"The event took place in the Nucleus-of-Light of Figueira in S\u00e3o Paulo \u2013 the Sacred House of Mary, Mother of S\u00e3o Paulo,and had the participation of 45 people","og_url":"https:\/\/www.fraterinternacional.org\/en\/nucleus-light-figueira-sao-paulo-training-first-aids-red-cross\/","og_site_name":"Fraternidade - Federa\u00e7\u00e3o Humanit\u00e1ria Internacional","article_publisher":"https:\/\/www.facebook.com\/fraternidadehumanitaria","article_published_time":"2016-09-13T20:25:00+00:00","article_modified_time":"2016-11-01T22:22:22+00:00","og_image":[{"width":690,"height":388,"url":"https:\/\/www.fraterinternacional.org\/wp-content\/uploads\/2016\/09\/primeiros_socorros_treinamento_cruz_vermelha_nucleo_sp_grupo2.jpg","type":"image\/jpeg"}],"author":"Nelson Frater","twitter_card":"summary_large_image","twitter_creator":"@fraternidadeFHI","twitter_site":"@fraternidadeFHI","twitter_misc":{"Written by":"Nelson Frater","Est. reading time":"2 minutes"},"schema":{"@context":"https:\/\/schema.org","@graph":[{"@type":"WebPage","@id":"https:\/\/www.fraterinternacional.org\/en\/nucleus-light-figueira-sao-paulo-training-first-aids-red-cross\/","url":"https:\/\/www.fraterinternacional.org\/en\/nucleus-light-figueira-sao-paulo-training-first-aids-red-cross\/","name":"Nucleus-of-Light of Figueira in S\u00e3o Paulo conducts training of First-Aids with the Red Cross","isPartOf":{"@id":"https:\/\/www.fraterinternacional.org\/es\/#website"},"datePublished":"2016-09-13T20:25:00+00:00","dateModified":"2016-11-01T22:22:22+00:00","author":{"@id":"https:\/\/www.fraterinternacional.org\/es\/#\/schema\/person\/facd24ae5f7e6b4ee1aeec7ad1b960ae"},"description":"The event took place in the Nucleus-of-Light of Figueira in S\u00e3o Paulo \u2013 the Sacred House of Mary, Mother of S\u00e3o Paulo,and had the participation of 45 people","breadcrumb":{"@id":"https:\/\/www.fraterinternacional.org\/en\/nucleus-light-figueira-sao-paulo-training-first-aids-red-cross\/#breadcrumb"},"inLanguage":"en-US","potentialAction":[{"@type":"ReadAction","target":["https:\/\/www.fraterinternacional.org\/en\/nucleus-light-figueira-sao-paulo-training-first-aids-red-cross\/"]}]},{"@type":"BreadcrumbList","@id":"https:\/\/www.fraterinternacional.org\/en\/nucleus-light-figueira-sao-paulo-training-first-aids-red-cross\/#breadcrumb","itemListElement":[{"@type":"ListItem","position":1,"name":"In\u00edcio","item":"https:\/\/www.fraterinternacional.org\/en\/"},{"@type":"ListItem","position":2,"name":"Nucleus-of-Light of Figueira in S\u00e3o Paulo conducts training of First-Aids with the Red Cross"}]},{"@type":"WebSite","@id":"https:\/\/www.fraterinternacional.org\/es\/#website","url":"https:\/\/www.fraterinternacional.org\/es\/","name":"Fraternidade - Federa\u00e7\u00e3o Humanit\u00e1ria Internacional","description":"Fraternidade - Federa\u00e7\u00e3o Humanit\u00e1ria Internacional","potentialAction":[{"@type":"SearchAction","target":{"@type":"EntryPoint","urlTemplate":"https:\/\/www.fraterinternacional.org\/es\/?s={search_term_string}"},"query-input":"required name=search_term_string"}],"inLanguage":"en-US"},{"@type":"Person","@id":"https:\/\/www.fraterinternacional.org\/es\/#\/schema\/person\/facd24ae5f7e6b4ee1aeec7ad1b960ae","name":"Nelson Frater"}]}},"_links":{"self":[{"href":"https:\/\/www.fraterinternacional.org\/en\/wp-json\/wp\/v2\/posts\/28059"}],"collection":[{"href":"https:\/\/www.fraterinternacional.org\/en\/wp-json\/wp\/v2\/posts"}],"about":[{"href":"https:\/\/www.fraterinternacional.org\/en\/wp-json\/wp\/v2\/types\/post"}],"author":[{"embeddable":true,"href":"https:\/\/www.fraterinternacional.org\/en\/wp-json\/wp\/v2\/users\/11"}],"replies":[{"embeddable":true,"href":"https:\/\/www.fraterinternacional.org\/en\/wp-json\/wp\/v2\/comments?post=28059"}],"version-history":[{"count":0,"href":"https:\/\/www.fraterinternacional.org\/en\/wp-json\/wp\/v2\/posts\/28059\/revisions"}],"wp:featuredmedia":[{"embeddable":true,"href":"https:\/\/www.fraterinternacional.org\/en\/wp-json\/wp\/v2\/media\/27897"}],"wp:attachment":[{"href":"https:\/\/www.fraterinternacional.org\/en\/wp-json\/wp\/v2\/media?parent=28059"}],"wp:term":[{"taxonomy":"category","embeddable":true,"href":"https:\/\/www.fraterinternacional.org\/en\/wp-json\/wp\/v2\/categories?post=28059"},{"taxonomy":"post_tag","embeddable":true,"href":"https:\/\/www.fraterinternacional.org\/en\/wp-json\/wp\/v2\/tags?post=28059"}],"curies":[{"name":"wp","href":"https:\/\/api.w.org\/{rel}","templated":true}]}}