{"id":25050,"date":"2016-07-25T23:34:34","date_gmt":"2016-07-26T02:34:34","guid":{"rendered":"http:\/\/www.fraterinternacional.org\/en\/?p=25050"},"modified":"2016-11-01T19:23:18","modified_gmt":"2016-11-01T22:23:18","slug":"kids-participate-recreational-workshop-carmo-da-cachoeira","status":"publish","type":"post","link":"https:\/\/www.fraterinternacional.org\/en\/kids-participate-recreational-workshop-carmo-da-cachoeira\/","title":{"rendered":"Kids participate in recreational workshop in Carmo da Cachoeira"},"content":{"rendered":"<p style=\"text-align: justify;\"><a href=\"http:\/\/www.fraterinternacional.org\/wp-content\/uploads\/2016\/07\/Criancas_Carmo_Bom_Retiro_julho_2016_01.jpg.jpg\"><img decoding=\"async\" class=\"alignright size-medium wp-image-25040\" src=\"http:\/\/www.fraterinternacional.org\/wp-content\/uploads\/2016\/07\/Criancas_Carmo_Bom_Retiro_julho_2016_01.jpg-300x167.jpg\" alt=\"Criancas_Carmo_Bom_Retiro_julho_2016_01.jpg\" width=\"300\" height=\"167\" srcset=\"https:\/\/www.fraterinternacional.org\/wp-content\/uploads\/2016\/07\/Criancas_Carmo_Bom_Retiro_julho_2016_01.jpg-200x111.jpg 200w, https:\/\/www.fraterinternacional.org\/wp-content\/uploads\/2016\/07\/Criancas_Carmo_Bom_Retiro_julho_2016_01.jpg-300x167.jpg 300w, https:\/\/www.fraterinternacional.org\/wp-content\/uploads\/2016\/07\/Criancas_Carmo_Bom_Retiro_julho_2016_01.jpg-400x223.jpg 400w, https:\/\/www.fraterinternacional.org\/wp-content\/uploads\/2016\/07\/Criancas_Carmo_Bom_Retiro_julho_2016_01.jpg-600x334.jpg 600w, https:\/\/www.fraterinternacional.org\/wp-content\/uploads\/2016\/07\/Criancas_Carmo_Bom_Retiro_julho_2016_01.jpg.jpg 690w\" sizes=\"(max-width: 300px) 100vw, 300px\" \/><\/a><\/p>\n<p style=\"text-align: justify;\">The <a href=\"http:\/\/www.casaluzdacolina.org.br\/\" target=\"_blank\">House of Light on the Hill<\/a>, affiliated to the <strong>Fraternidade \u2013 International Humanitarian Federation<\/strong>, has organized a recreational workshop for kids in the neighborhood of Bom Retiro, in Carmo da Cachoeira, state of Minas Gerais, Brazil. The event was carried out on Saturday, July 23, in the morning, in the parish communitarian hall. Almost one hundred children and youths participated, ages 3 thru 15, and about 20 adults.<\/p>\n<p style=\"text-align: justify;\"><a href=\"http:\/\/www.fraterinternacional.org\/wp-content\/uploads\/2016\/07\/Criancas_Carmo_Bom_Retiro_julho_2016_03.jpg.jpg\"><img decoding=\"async\" class=\"alignleft size-medium wp-image-25029\" src=\"http:\/\/www.fraterinternacional.org\/wp-content\/uploads\/2016\/07\/Criancas_Carmo_Bom_Retiro_julho_2016_03.jpg-169x300.jpg\" alt=\"Criancas_Carmo_Bom_Retiro_julho_2016_03.jpg\" width=\"169\" height=\"300\" srcset=\"https:\/\/www.fraterinternacional.org\/wp-content\/uploads\/2016\/07\/Criancas_Carmo_Bom_Retiro_julho_2016_03.jpg-169x300.jpg 169w, https:\/\/www.fraterinternacional.org\/wp-content\/uploads\/2016\/07\/Criancas_Carmo_Bom_Retiro_julho_2016_03.jpg-200x356.jpg 200w, https:\/\/www.fraterinternacional.org\/wp-content\/uploads\/2016\/07\/Criancas_Carmo_Bom_Retiro_julho_2016_03.jpg.jpg 388w\" sizes=\"(max-width: 169px) 100vw, 169px\" \/><\/a><\/p>\n<p style=\"text-align: justify;\">\u2018They are children who normally spend a lot of time on the streets, without concrete activities, and because of this the House of Light on the Hill has thought of offering this activity; it is a seed that we are sowing in this neighborhood\u2019, commented Miriam Galv\u00e3o, one of the volunteers who integrated the organizing team. It is the second playful proposal carried out in the neighborhood of Bom Retiro after the one that took place last month of May, in the context of the \u2018World Week of Playing\u2019, organized by the institution Alliance for Children. The idea is to continue with this, possibly in the month of September\u2019, completed the collaborator.<\/p>\n<p style=\"text-align: justify;\">Several artisan activities were held, such as weaving; flower-making, making of bracelets, yo-yo and other toys; there was a presentation of theater with puppets; afterwards the children painted in canvas, did drawings and the youngest ones elaborated simple artisanship and games with music and various sounds. Also body works were done, such as games with ropes, with bags and with yo-yo. At the end of the meeting, those present shared a simple snack, with popcorn and juice<span style=\"line-height: 1.5;\">.<\/span><\/p>\n<p style=\"text-align: justify;\"><a href=\"http:\/\/www.fraterinternacional.org\/wp-content\/uploads\/2016\/07\/Criancas_Carmo_Bom_-Retiro_julho_2016_04.jpg.jpg\"><img decoding=\"async\" class=\"alignright size-medium wp-image-25032\" src=\"http:\/\/www.fraterinternacional.org\/wp-content\/uploads\/2016\/07\/Criancas_Carmo_Bom_-Retiro_julho_2016_04.jpg-225x300.jpg\" alt=\"Criancas_Carmo_Bom_ Retiro_julho_2016_04.jpg\" width=\"225\" height=\"300\" srcset=\"https:\/\/www.fraterinternacional.org\/wp-content\/uploads\/2016\/07\/Criancas_Carmo_Bom_-Retiro_julho_2016_04.jpg-200x266.jpg 200w, https:\/\/www.fraterinternacional.org\/wp-content\/uploads\/2016\/07\/Criancas_Carmo_Bom_-Retiro_julho_2016_04.jpg-225x300.jpg 225w, https:\/\/www.fraterinternacional.org\/wp-content\/uploads\/2016\/07\/Criancas_Carmo_Bom_-Retiro_julho_2016_04.jpg-400x533.jpg 400w, https:\/\/www.fraterinternacional.org\/wp-content\/uploads\/2016\/07\/Criancas_Carmo_Bom_-Retiro_julho_2016_04.jpg.jpg 518w\" sizes=\"(max-width: 225px) 100vw, 225px\" \/><\/a><\/p>\n<p style=\"text-align: justify;\">\u2018It is an opportunity for the little ones to express themselves in a playful, healthy and creative way, in a protected environment, with people who can be references for them, without the risks of the streets\u2019, highlighted Miriam Galv\u00e3o.<\/p>\n<p style=\"text-align: justify;\">\u2018Some children show intense gratitude and a great interest for having the possibility of doing something they consider useful such as making simple toys like the yo-yo, which is made with old newspaper, glue and color ribbons; they perceive they can play with these simple things they make themselves\u2019, she continued.<\/p>\n<p style=\"text-align: justify;\">The event had the support of the nuns of the <a href=\"http:\/\/www.fraterinternacional.org\/en\/grace-mercy-order\/\">Grace Mercy Order<\/a> and of a number of volunteers.<\/p>\n","protected":false},"excerpt":{"rendered":"<p>The House of Light on the Hill, affiliated to the Fraternidade \u2013 International Humanitarian Federation, has organized a recreational workshop [&hellip;]<\/p>\n","protected":false},"author":16,"featured_media":25048,"comment_status":"closed","ping_status":"closed","sticky":false,"template":"","format":"gallery","meta":{"footnotes":""},"categories":[150],"tags":[110],"class_list":["post-25050","post","type-post","status-publish","format-gallery","has-post-thumbnail","hentry","category-news","tag-associations-of-service","post_format-post-format-gallery"],"yoast_head":"<!-- This site is optimized with the Yoast SEO Premium plugin v21.0 (Yoast SEO v21.0) - https:\/\/yoast.com\/wordpress\/plugins\/seo\/ -->\n<title>Kids participate in recreational workshop in Carmo da Cachoeira<\/title>\n<meta name=\"description\" content=\"Almost one hundred kids participated in the event organized by the House of Light on the Hill. There were various games and artisan activities.\" \/>\n<meta name=\"robots\" content=\"index, follow, max-snippet:-1, max-image-preview:large, max-video-preview:-1\" \/>\n<link rel=\"canonical\" href=\"https:\/\/www.fraterinternacional.org\/en\/kids-participate-recreational-workshop-carmo-da-cachoeira\/\" \/>\n<meta property=\"og:locale\" content=\"en_US\" \/>\n<meta property=\"og:type\" content=\"article\" \/>\n<meta property=\"og:title\" content=\"Kids participate in recreational workshop in Carmo da Cachoeira\" \/>\n<meta property=\"og:description\" content=\"Almost one hundred kids participated in the event organized by the House of Light on the Hill. There were various games and artisan activities.\" \/>\n<meta property=\"og:url\" content=\"https:\/\/www.fraterinternacional.org\/en\/kids-participate-recreational-workshop-carmo-da-cachoeira\/\" \/>\n<meta property=\"og:site_name\" content=\"Fraternidade - Federa\u00e7\u00e3o Humanit\u00e1ria Internacional\" \/>\n<meta property=\"article:publisher\" content=\"https:\/\/www.facebook.com\/fraternidadehumanitaria\" \/>\n<meta property=\"article:published_time\" content=\"2016-07-26T02:34:34+00:00\" \/>\n<meta property=\"article:modified_time\" content=\"2016-11-01T22:23:18+00:00\" \/>\n<meta property=\"og:image\" content=\"https:\/\/www.fraterinternacional.org\/wp-content\/uploads\/2016\/07\/Criancas_Carmo_Bom_Retiro_julho_2016_02.jpg.jpg\" \/>\n\t<meta property=\"og:image:width\" content=\"690\" \/>\n\t<meta property=\"og:image:height\" content=\"385\" \/>\n\t<meta property=\"og:image:type\" content=\"image\/jpeg\" \/>\n<meta name=\"author\" content=\"Sergio Redator Espanhol\" \/>\n<meta name=\"twitter:card\" content=\"summary_large_image\" \/>\n<meta name=\"twitter:creator\" content=\"@fraternidadeFHI\" \/>\n<meta name=\"twitter:site\" content=\"@fraternidadeFHI\" \/>\n<meta name=\"twitter:label1\" content=\"Written by\" \/>\n\t<meta name=\"twitter:data1\" content=\"Sergio Redator Espanhol\" \/>\n\t<meta name=\"twitter:label2\" content=\"Est. reading time\" \/>\n\t<meta name=\"twitter:data2\" content=\"2 minutes\" \/>\n<script type=\"application\/ld+json\" class=\"yoast-schema-graph\">{\"@context\":\"https:\/\/schema.org\",\"@graph\":[{\"@type\":\"WebPage\",\"@id\":\"https:\/\/www.fraterinternacional.org\/en\/kids-participate-recreational-workshop-carmo-da-cachoeira\/\",\"url\":\"https:\/\/www.fraterinternacional.org\/en\/kids-participate-recreational-workshop-carmo-da-cachoeira\/\",\"name\":\"Kids participate in recreational workshop in Carmo da Cachoeira\",\"isPartOf\":{\"@id\":\"https:\/\/www.fraterinternacional.org\/es\/#website\"},\"datePublished\":\"2016-07-26T02:34:34+00:00\",\"dateModified\":\"2016-11-01T22:23:18+00:00\",\"author\":{\"@id\":\"https:\/\/www.fraterinternacional.org\/es\/#\/schema\/person\/cf24d3eac28b0e09714ecb8cbd865c28\"},\"description\":\"Almost one hundred kids participated in the event organized by the House of Light on the Hill. There were various games and artisan activities.\",\"breadcrumb\":{\"@id\":\"https:\/\/www.fraterinternacional.org\/en\/kids-participate-recreational-workshop-carmo-da-cachoeira\/#breadcrumb\"},\"inLanguage\":\"en-US\",\"potentialAction\":[{\"@type\":\"ReadAction\",\"target\":[\"https:\/\/www.fraterinternacional.org\/en\/kids-participate-recreational-workshop-carmo-da-cachoeira\/\"]}]},{\"@type\":\"BreadcrumbList\",\"@id\":\"https:\/\/www.fraterinternacional.org\/en\/kids-participate-recreational-workshop-carmo-da-cachoeira\/#breadcrumb\",\"itemListElement\":[{\"@type\":\"ListItem\",\"position\":1,\"name\":\"In\u00edcio\",\"item\":\"https:\/\/www.fraterinternacional.org\/en\/\"},{\"@type\":\"ListItem\",\"position\":2,\"name\":\"Kids participate in recreational workshop in Carmo da Cachoeira\"}]},{\"@type\":\"WebSite\",\"@id\":\"https:\/\/www.fraterinternacional.org\/es\/#website\",\"url\":\"https:\/\/www.fraterinternacional.org\/es\/\",\"name\":\"Fraternidade - Federa\u00e7\u00e3o Humanit\u00e1ria Internacional\",\"description\":\"Fraternidade - Federa\u00e7\u00e3o Humanit\u00e1ria Internacional\",\"potentialAction\":[{\"@type\":\"SearchAction\",\"target\":{\"@type\":\"EntryPoint\",\"urlTemplate\":\"https:\/\/www.fraterinternacional.org\/es\/?s={search_term_string}\"},\"query-input\":\"required name=search_term_string\"}],\"inLanguage\":\"en-US\"},{\"@type\":\"Person\",\"@id\":\"https:\/\/www.fraterinternacional.org\/es\/#\/schema\/person\/cf24d3eac28b0e09714ecb8cbd865c28\",\"name\":\"Sergio Redator Espanhol\"}]}<\/script>\n<!-- \/ Yoast SEO Premium plugin. -->","yoast_head_json":{"title":"Kids participate in recreational workshop in Carmo da Cachoeira","description":"Almost one hundred kids participated in the event organized by the House of Light on the Hill. There were various games and artisan activities.","robots":{"index":"index","follow":"follow","max-snippet":"max-snippet:-1","max-image-preview":"max-image-preview:large","max-video-preview":"max-video-preview:-1"},"canonical":"https:\/\/www.fraterinternacional.org\/en\/kids-participate-recreational-workshop-carmo-da-cachoeira\/","og_locale":"en_US","og_type":"article","og_title":"Kids participate in recreational workshop in Carmo da Cachoeira","og_description":"Almost one hundred kids participated in the event organized by the House of Light on the Hill. There were various games and artisan activities.","og_url":"https:\/\/www.fraterinternacional.org\/en\/kids-participate-recreational-workshop-carmo-da-cachoeira\/","og_site_name":"Fraternidade - Federa\u00e7\u00e3o Humanit\u00e1ria Internacional","article_publisher":"https:\/\/www.facebook.com\/fraternidadehumanitaria","article_published_time":"2016-07-26T02:34:34+00:00","article_modified_time":"2016-11-01T22:23:18+00:00","og_image":[{"width":690,"height":385,"url":"https:\/\/www.fraterinternacional.org\/wp-content\/uploads\/2016\/07\/Criancas_Carmo_Bom_Retiro_julho_2016_02.jpg.jpg","type":"image\/jpeg"}],"author":"Sergio Redator Espanhol","twitter_card":"summary_large_image","twitter_creator":"@fraternidadeFHI","twitter_site":"@fraternidadeFHI","twitter_misc":{"Written by":"Sergio Redator Espanhol","Est. reading time":"2 minutes"},"schema":{"@context":"https:\/\/schema.org","@graph":[{"@type":"WebPage","@id":"https:\/\/www.fraterinternacional.org\/en\/kids-participate-recreational-workshop-carmo-da-cachoeira\/","url":"https:\/\/www.fraterinternacional.org\/en\/kids-participate-recreational-workshop-carmo-da-cachoeira\/","name":"Kids participate in recreational workshop in Carmo da Cachoeira","isPartOf":{"@id":"https:\/\/www.fraterinternacional.org\/es\/#website"},"datePublished":"2016-07-26T02:34:34+00:00","dateModified":"2016-11-01T22:23:18+00:00","author":{"@id":"https:\/\/www.fraterinternacional.org\/es\/#\/schema\/person\/cf24d3eac28b0e09714ecb8cbd865c28"},"description":"Almost one hundred kids participated in the event organized by the House of Light on the Hill. There were various games and artisan activities.","breadcrumb":{"@id":"https:\/\/www.fraterinternacional.org\/en\/kids-participate-recreational-workshop-carmo-da-cachoeira\/#breadcrumb"},"inLanguage":"en-US","potentialAction":[{"@type":"ReadAction","target":["https:\/\/www.fraterinternacional.org\/en\/kids-participate-recreational-workshop-carmo-da-cachoeira\/"]}]},{"@type":"BreadcrumbList","@id":"https:\/\/www.fraterinternacional.org\/en\/kids-participate-recreational-workshop-carmo-da-cachoeira\/#breadcrumb","itemListElement":[{"@type":"ListItem","position":1,"name":"In\u00edcio","item":"https:\/\/www.fraterinternacional.org\/en\/"},{"@type":"ListItem","position":2,"name":"Kids participate in recreational workshop in Carmo da Cachoeira"}]},{"@type":"WebSite","@id":"https:\/\/www.fraterinternacional.org\/es\/#website","url":"https:\/\/www.fraterinternacional.org\/es\/","name":"Fraternidade - Federa\u00e7\u00e3o Humanit\u00e1ria Internacional","description":"Fraternidade - Federa\u00e7\u00e3o Humanit\u00e1ria Internacional","potentialAction":[{"@type":"SearchAction","target":{"@type":"EntryPoint","urlTemplate":"https:\/\/www.fraterinternacional.org\/es\/?s={search_term_string}"},"query-input":"required name=search_term_string"}],"inLanguage":"en-US"},{"@type":"Person","@id":"https:\/\/www.fraterinternacional.org\/es\/#\/schema\/person\/cf24d3eac28b0e09714ecb8cbd865c28","name":"Sergio Redator Espanhol"}]}},"_links":{"self":[{"href":"https:\/\/www.fraterinternacional.org\/en\/wp-json\/wp\/v2\/posts\/25050"}],"collection":[{"href":"https:\/\/www.fraterinternacional.org\/en\/wp-json\/wp\/v2\/posts"}],"about":[{"href":"https:\/\/www.fraterinternacional.org\/en\/wp-json\/wp\/v2\/types\/post"}],"author":[{"embeddable":true,"href":"https:\/\/www.fraterinternacional.org\/en\/wp-json\/wp\/v2\/users\/16"}],"replies":[{"embeddable":true,"href":"https:\/\/www.fraterinternacional.org\/en\/wp-json\/wp\/v2\/comments?post=25050"}],"version-history":[{"count":0,"href":"https:\/\/www.fraterinternacional.org\/en\/wp-json\/wp\/v2\/posts\/25050\/revisions"}],"wp:featuredmedia":[{"embeddable":true,"href":"https:\/\/www.fraterinternacional.org\/en\/wp-json\/wp\/v2\/media\/25048"}],"wp:attachment":[{"href":"https:\/\/www.fraterinternacional.org\/en\/wp-json\/wp\/v2\/media?parent=25050"}],"wp:term":[{"taxonomy":"category","embeddable":true,"href":"https:\/\/www.fraterinternacional.org\/en\/wp-json\/wp\/v2\/categories?post=25050"},{"taxonomy":"post_tag","embeddable":true,"href":"https:\/\/www.fraterinternacional.org\/en\/wp-json\/wp\/v2\/tags?post=25050"}],"curies":[{"name":"wp","href":"https:\/\/api.w.org\/{rel}","templated":true}]}}