{"id":24887,"date":"2016-07-22T18:51:54","date_gmt":"2016-07-22T21:51:54","guid":{"rendered":"http:\/\/www.fraterinternacional.org\/en\/?p=24887"},"modified":"2016-11-01T19:23:20","modified_gmt":"2016-11-01T22:23:20","slug":"community-light-fleur-lys-created-portugal","status":"publish","type":"post","link":"https:\/\/www.fraterinternacional.org\/en\/community-light-fleur-lys-created-portugal\/","title":{"rendered":"The Community-of-Light of Fleur-de-Lys is created in Portugal"},"content":{"rendered":"<p style=\"text-align: justify;\">In the context of the pilgrimage that the Divine Messengers are making in the European continent during these months of June and July 2016, on July 19, in the city of F\u00e1tima, Portugal, during a reserved apparition of Mary, the Divine Mother, in the <a href=\"http:\/\/www.fraterinternacional.org\/en\/nuclei-of-light\/\">Nucleus-of-Light<\/a> of Figueira of Sacred Heart, at the request of Our Lady, the <a href=\"http:\/\/www.fraterinternacional.org\/en\/communities-of-light\/\">Community-of-Light<\/a> of Fleur-de-Lys was created, as a future manifestation of the counterpart of the Planetary Center of Lys on the surface of the Planet.<\/p>\n<p style=\"text-align: justify;\"><a href=\"http:\/\/www.fraterinternacional.org\/wp-content\/uploads\/2016\/07\/lys_logo_fundo_violeta_ingles.png\"><img decoding=\"async\" class=\"alignleft wp-image-24905\" src=\"http:\/\/www.fraterinternacional.org\/wp-content\/uploads\/2016\/07\/lys_logo_fundo_violeta_ingles-300x300.png\" width=\"229\" height=\"229\" srcset=\"https:\/\/www.fraterinternacional.org\/wp-content\/uploads\/2016\/07\/lys_logo_fundo_violeta_ingles-45x45.png 45w, https:\/\/www.fraterinternacional.org\/wp-content\/uploads\/2016\/07\/lys_logo_fundo_violeta_ingles-150x150.png 150w, https:\/\/www.fraterinternacional.org\/wp-content\/uploads\/2016\/07\/lys_logo_fundo_violeta_ingles-200x200.png 200w, https:\/\/www.fraterinternacional.org\/wp-content\/uploads\/2016\/07\/lys_logo_fundo_violeta_ingles-300x300.png 300w, https:\/\/www.fraterinternacional.org\/wp-content\/uploads\/2016\/07\/lys_logo_fundo_violeta_ingles.png 400w\" sizes=\"(max-width: 229px) 100vw, 229px\" \/><\/a>In the event, were present the visionaries of the <a href=\"http:\/\/www.fraterinternacional.org\/en\/grace-mercy-order\/\">Grace Mercy Order<\/a> who accompany the Divine Messengers in this pilgrimage, Friar El\u00edas del Sagrado Coraz\u00f3n and Mother Maria Shimani de Montserrat, and other representatives of the Order.<\/p>\n<p style=\"text-align: justify;\">Were also present in the meeting representatives of the <strong>Fraternidade \u2013 International Humanitarian Federation<\/strong>, of which the new Community-of-Light is part, and members of the Planetary <a href=\"http:\/\/www.fraterinternacional.org\/en\/network-of-light\/\">Network-of-Light<\/a> of Europe and of the other existing Communities-of-Light and which represent other Planetary Centers: <a href=\"http:\/\/www.comunidadefigueira.org.br\" target=\"_blank\">Community-of-Light of Figueira<\/a>, in Brazil; <a href=\"http:\/\/casaredencion.org\/?page_id=20\" target=\"_blank\">Community-of-Light of Fraternity<\/a>, in Uruguay and <a href=\"http:\/\/www.fraterinternacional.org\/en\/communities-of-light\/\">Community-of-Light of the Brotherhood<\/a>, in Argentina.<\/p>\n<p style=\"text-align: justify;\">The Community-of-Light of Fleur-de-Lys will have its headquarters in Dornes and the existing Nuclei-of-Light (Nucleus-of-Light of the Sacred Heart, in F\u00e1tima, and the Nucleus-of-Light of Fleur-de-Lys, in Dornes) will become extensions of this Community-of-Light, just as the Monastery of the Grace and the Monastery of the Confederate Star of the Peace of Our Lord, also located in F\u00e1tima.<\/p>\n<p style=\"text-align: justify;\"><a href=\"http:\/\/www.fraterinternacional.org\/wp-content\/uploads\/2016\/07\/lis_comunidade_luz_flor_lis_criacao3.jpg\"><img decoding=\"async\" class=\"alignright size-medium wp-image-24769\" src=\"http:\/\/www.fraterinternacional.org\/wp-content\/uploads\/2016\/07\/lis_comunidade_luz_flor_lis_criacao3-300x169.jpg\" alt=\"lis_comunidade_luz_flor_lis_criacao3\" width=\"300\" height=\"169\" srcset=\"https:\/\/www.fraterinternacional.org\/wp-content\/uploads\/2016\/07\/lis_comunidade_luz_flor_lis_criacao3-200x112.jpg 200w, https:\/\/www.fraterinternacional.org\/wp-content\/uploads\/2016\/07\/lis_comunidade_luz_flor_lis_criacao3-300x169.jpg 300w, https:\/\/www.fraterinternacional.org\/wp-content\/uploads\/2016\/07\/lis_comunidade_luz_flor_lis_criacao3-400x225.jpg 400w, https:\/\/www.fraterinternacional.org\/wp-content\/uploads\/2016\/07\/lis_comunidade_luz_flor_lis_criacao3-600x337.jpg 600w, https:\/\/www.fraterinternacional.org\/wp-content\/uploads\/2016\/07\/lis_comunidade_luz_flor_lis_criacao3.jpg 690w\" sizes=\"(max-width: 300px) 100vw, 300px\" \/><\/a>The existence of a Community-of-Light determines a step that we take, as representatives of humanity, upon materializing the bases, on the surface of the Earth, of spaces of co-existence where groups of souls aspire to experience new patterns of life that may be bridges for the New Humanity.<\/p>\n<p style=\"text-align: justify;\">During the meeting, members of the nuclei and of the Network-of-Light offered to integrate the first group that will form the new community, thus responding to the proposal of the Divinity, of living the unconditional service to the Plan of God on Earth.<\/p>\n<p style=\"text-align: justify;\"><a href=\"http:\/\/www.fraterinternacional.org\/wp-content\/uploads\/2016\/07\/lis_comunidade_luz_flor_lis_criacao2.jpg\"><img decoding=\"async\" class=\"alignleft size-medium wp-image-24766\" src=\"http:\/\/www.fraterinternacional.org\/wp-content\/uploads\/2016\/07\/lis_comunidade_luz_flor_lis_criacao2-300x169.jpg\" alt=\"lis_comunidade_luz_flor_lis_criacao2\" width=\"300\" height=\"169\" srcset=\"https:\/\/www.fraterinternacional.org\/wp-content\/uploads\/2016\/07\/lis_comunidade_luz_flor_lis_criacao2-200x112.jpg 200w, https:\/\/www.fraterinternacional.org\/wp-content\/uploads\/2016\/07\/lis_comunidade_luz_flor_lis_criacao2-300x169.jpg 300w, https:\/\/www.fraterinternacional.org\/wp-content\/uploads\/2016\/07\/lis_comunidade_luz_flor_lis_criacao2-400x225.jpg 400w, https:\/\/www.fraterinternacional.org\/wp-content\/uploads\/2016\/07\/lis_comunidade_luz_flor_lis_criacao2-600x337.jpg 600w, https:\/\/www.fraterinternacional.org\/wp-content\/uploads\/2016\/07\/lis_comunidade_luz_flor_lis_criacao2.jpg 690w\" sizes=\"(max-width: 300px) 100vw, 300px\" \/><\/a>We participate in the experience of sowing these seeds of future life and of setting the foundations and lifting the walls of these communities, which aspire to experience a new life for the planet. It is an opportunity to materialize on the earthly matter a life consecrated and dedicated to the quest for the healing of humanity, of the kingdoms and rescuing the connection with the Divine Life.<\/p>\n<p style=\"text-align: justify;\">In the words that the Divine Mother transmitted during the apparition of the last July 19, She expressed Her intention of spiritually ruling this new community, as the Kingdom of Lys, the name She gives to the spiritual space that lives in the region of F\u00e1tima, was founded by Her during the apparitions of 1917.<\/p>\n","protected":false},"excerpt":{"rendered":"<p>In the context of the pilgrimage that the Divine Messengers are making in the European continent during these months of [&hellip;]<\/p>\n","protected":false},"author":11,"featured_media":24764,"comment_status":"closed","ping_status":"closed","sticky":false,"template":"","format":"standard","meta":{"footnotes":""},"categories":[150],"tags":[115,101],"class_list":["post-24887","post","type-post","status-publish","format-standard","has-post-thumbnail","hentry","category-news","tag-communities-of-light","tag-nuclei-of-light"],"yoast_head":"<!-- This site is optimized with the Yoast SEO Premium plugin v21.0 (Yoast SEO v21.0) - https:\/\/yoast.com\/wordpress\/plugins\/seo\/ -->\n<title>The Community-of-Light of Fleur-de-Lys is created in Portugal<\/title>\n<meta name=\"description\" content=\"The Community-of-Light, which will have its headquarters in Dornes, is an extension of the Planetary Center of Lis on the surface of the Planet.\" \/>\n<meta name=\"robots\" content=\"index, follow, max-snippet:-1, max-image-preview:large, max-video-preview:-1\" \/>\n<link rel=\"canonical\" href=\"https:\/\/www.fraterinternacional.org\/en\/community-light-fleur-lys-created-portugal\/\" \/>\n<meta property=\"og:locale\" content=\"en_US\" \/>\n<meta property=\"og:type\" content=\"article\" \/>\n<meta property=\"og:title\" content=\"The Community-of-Light of Fleur-de-Lys is created in Portugal\" \/>\n<meta property=\"og:description\" content=\"The Community-of-Light, which will have its headquarters in Dornes, is an extension of the Planetary Center of Lis on the surface of the Planet.\" \/>\n<meta property=\"og:url\" content=\"https:\/\/www.fraterinternacional.org\/en\/community-light-fleur-lys-created-portugal\/\" \/>\n<meta property=\"og:site_name\" content=\"Fraternidade - Federa\u00e7\u00e3o Humanit\u00e1ria Internacional\" \/>\n<meta property=\"article:publisher\" content=\"https:\/\/www.facebook.com\/fraternidadehumanitaria\" \/>\n<meta property=\"article:published_time\" content=\"2016-07-22T21:51:54+00:00\" \/>\n<meta property=\"article:modified_time\" content=\"2016-11-01T22:23:20+00:00\" \/>\n<meta property=\"og:image\" content=\"https:\/\/www.fraterinternacional.org\/wp-content\/uploads\/2016\/07\/lis_comunidade_luz_flor_lis_criacao1.jpg\" \/>\n\t<meta property=\"og:image:width\" content=\"690\" \/>\n\t<meta property=\"og:image:height\" content=\"388\" \/>\n\t<meta property=\"og:image:type\" content=\"image\/jpeg\" \/>\n<meta name=\"author\" content=\"Nelson Frater\" \/>\n<meta name=\"twitter:card\" content=\"summary_large_image\" \/>\n<meta name=\"twitter:creator\" content=\"@fraternidadeFHI\" \/>\n<meta name=\"twitter:site\" content=\"@fraternidadeFHI\" \/>\n<meta name=\"twitter:label1\" content=\"Written by\" \/>\n\t<meta name=\"twitter:data1\" content=\"Nelson Frater\" \/>\n\t<meta name=\"twitter:label2\" content=\"Est. reading time\" \/>\n\t<meta name=\"twitter:data2\" content=\"2 minutes\" \/>\n<script type=\"application\/ld+json\" class=\"yoast-schema-graph\">{\"@context\":\"https:\/\/schema.org\",\"@graph\":[{\"@type\":\"WebPage\",\"@id\":\"https:\/\/www.fraterinternacional.org\/en\/community-light-fleur-lys-created-portugal\/\",\"url\":\"https:\/\/www.fraterinternacional.org\/en\/community-light-fleur-lys-created-portugal\/\",\"name\":\"The Community-of-Light of Fleur-de-Lys is created in Portugal\",\"isPartOf\":{\"@id\":\"https:\/\/www.fraterinternacional.org\/es\/#website\"},\"datePublished\":\"2016-07-22T21:51:54+00:00\",\"dateModified\":\"2016-11-01T22:23:20+00:00\",\"author\":{\"@id\":\"https:\/\/www.fraterinternacional.org\/es\/#\/schema\/person\/facd24ae5f7e6b4ee1aeec7ad1b960ae\"},\"description\":\"The Community-of-Light, which will have its headquarters in Dornes, is an extension of the Planetary Center of Lis on the surface of the Planet.\",\"breadcrumb\":{\"@id\":\"https:\/\/www.fraterinternacional.org\/en\/community-light-fleur-lys-created-portugal\/#breadcrumb\"},\"inLanguage\":\"en-US\",\"potentialAction\":[{\"@type\":\"ReadAction\",\"target\":[\"https:\/\/www.fraterinternacional.org\/en\/community-light-fleur-lys-created-portugal\/\"]}]},{\"@type\":\"BreadcrumbList\",\"@id\":\"https:\/\/www.fraterinternacional.org\/en\/community-light-fleur-lys-created-portugal\/#breadcrumb\",\"itemListElement\":[{\"@type\":\"ListItem\",\"position\":1,\"name\":\"In\u00edcio\",\"item\":\"https:\/\/www.fraterinternacional.org\/en\/\"},{\"@type\":\"ListItem\",\"position\":2,\"name\":\"The Community-of-Light of Fleur-de-Lys is created in Portugal\"}]},{\"@type\":\"WebSite\",\"@id\":\"https:\/\/www.fraterinternacional.org\/es\/#website\",\"url\":\"https:\/\/www.fraterinternacional.org\/es\/\",\"name\":\"Fraternidade - Federa\u00e7\u00e3o Humanit\u00e1ria Internacional\",\"description\":\"Fraternidade - Federa\u00e7\u00e3o Humanit\u00e1ria Internacional\",\"potentialAction\":[{\"@type\":\"SearchAction\",\"target\":{\"@type\":\"EntryPoint\",\"urlTemplate\":\"https:\/\/www.fraterinternacional.org\/es\/?s={search_term_string}\"},\"query-input\":\"required name=search_term_string\"}],\"inLanguage\":\"en-US\"},{\"@type\":\"Person\",\"@id\":\"https:\/\/www.fraterinternacional.org\/es\/#\/schema\/person\/facd24ae5f7e6b4ee1aeec7ad1b960ae\",\"name\":\"Nelson Frater\"}]}<\/script>\n<!-- \/ Yoast SEO Premium plugin. -->","yoast_head_json":{"title":"The Community-of-Light of Fleur-de-Lys is created in Portugal","description":"The Community-of-Light, which will have its headquarters in Dornes, is an extension of the Planetary Center of Lis on the surface of the Planet.","robots":{"index":"index","follow":"follow","max-snippet":"max-snippet:-1","max-image-preview":"max-image-preview:large","max-video-preview":"max-video-preview:-1"},"canonical":"https:\/\/www.fraterinternacional.org\/en\/community-light-fleur-lys-created-portugal\/","og_locale":"en_US","og_type":"article","og_title":"The Community-of-Light of Fleur-de-Lys is created in Portugal","og_description":"The Community-of-Light, which will have its headquarters in Dornes, is an extension of the Planetary Center of Lis on the surface of the Planet.","og_url":"https:\/\/www.fraterinternacional.org\/en\/community-light-fleur-lys-created-portugal\/","og_site_name":"Fraternidade - Federa\u00e7\u00e3o Humanit\u00e1ria Internacional","article_publisher":"https:\/\/www.facebook.com\/fraternidadehumanitaria","article_published_time":"2016-07-22T21:51:54+00:00","article_modified_time":"2016-11-01T22:23:20+00:00","og_image":[{"width":690,"height":388,"url":"https:\/\/www.fraterinternacional.org\/wp-content\/uploads\/2016\/07\/lis_comunidade_luz_flor_lis_criacao1.jpg","type":"image\/jpeg"}],"author":"Nelson Frater","twitter_card":"summary_large_image","twitter_creator":"@fraternidadeFHI","twitter_site":"@fraternidadeFHI","twitter_misc":{"Written by":"Nelson Frater","Est. reading time":"2 minutes"},"schema":{"@context":"https:\/\/schema.org","@graph":[{"@type":"WebPage","@id":"https:\/\/www.fraterinternacional.org\/en\/community-light-fleur-lys-created-portugal\/","url":"https:\/\/www.fraterinternacional.org\/en\/community-light-fleur-lys-created-portugal\/","name":"The Community-of-Light of Fleur-de-Lys is created in Portugal","isPartOf":{"@id":"https:\/\/www.fraterinternacional.org\/es\/#website"},"datePublished":"2016-07-22T21:51:54+00:00","dateModified":"2016-11-01T22:23:20+00:00","author":{"@id":"https:\/\/www.fraterinternacional.org\/es\/#\/schema\/person\/facd24ae5f7e6b4ee1aeec7ad1b960ae"},"description":"The Community-of-Light, which will have its headquarters in Dornes, is an extension of the Planetary Center of Lis on the surface of the Planet.","breadcrumb":{"@id":"https:\/\/www.fraterinternacional.org\/en\/community-light-fleur-lys-created-portugal\/#breadcrumb"},"inLanguage":"en-US","potentialAction":[{"@type":"ReadAction","target":["https:\/\/www.fraterinternacional.org\/en\/community-light-fleur-lys-created-portugal\/"]}]},{"@type":"BreadcrumbList","@id":"https:\/\/www.fraterinternacional.org\/en\/community-light-fleur-lys-created-portugal\/#breadcrumb","itemListElement":[{"@type":"ListItem","position":1,"name":"In\u00edcio","item":"https:\/\/www.fraterinternacional.org\/en\/"},{"@type":"ListItem","position":2,"name":"The Community-of-Light of Fleur-de-Lys is created in Portugal"}]},{"@type":"WebSite","@id":"https:\/\/www.fraterinternacional.org\/es\/#website","url":"https:\/\/www.fraterinternacional.org\/es\/","name":"Fraternidade - Federa\u00e7\u00e3o Humanit\u00e1ria Internacional","description":"Fraternidade - Federa\u00e7\u00e3o Humanit\u00e1ria Internacional","potentialAction":[{"@type":"SearchAction","target":{"@type":"EntryPoint","urlTemplate":"https:\/\/www.fraterinternacional.org\/es\/?s={search_term_string}"},"query-input":"required name=search_term_string"}],"inLanguage":"en-US"},{"@type":"Person","@id":"https:\/\/www.fraterinternacional.org\/es\/#\/schema\/person\/facd24ae5f7e6b4ee1aeec7ad1b960ae","name":"Nelson Frater"}]}},"_links":{"self":[{"href":"https:\/\/www.fraterinternacional.org\/en\/wp-json\/wp\/v2\/posts\/24887"}],"collection":[{"href":"https:\/\/www.fraterinternacional.org\/en\/wp-json\/wp\/v2\/posts"}],"about":[{"href":"https:\/\/www.fraterinternacional.org\/en\/wp-json\/wp\/v2\/types\/post"}],"author":[{"embeddable":true,"href":"https:\/\/www.fraterinternacional.org\/en\/wp-json\/wp\/v2\/users\/11"}],"replies":[{"embeddable":true,"href":"https:\/\/www.fraterinternacional.org\/en\/wp-json\/wp\/v2\/comments?post=24887"}],"version-history":[{"count":0,"href":"https:\/\/www.fraterinternacional.org\/en\/wp-json\/wp\/v2\/posts\/24887\/revisions"}],"wp:featuredmedia":[{"embeddable":true,"href":"https:\/\/www.fraterinternacional.org\/en\/wp-json\/wp\/v2\/media\/24764"}],"wp:attachment":[{"href":"https:\/\/www.fraterinternacional.org\/en\/wp-json\/wp\/v2\/media?parent=24887"}],"wp:term":[{"taxonomy":"category","embeddable":true,"href":"https:\/\/www.fraterinternacional.org\/en\/wp-json\/wp\/v2\/categories?post=24887"},{"taxonomy":"post_tag","embeddable":true,"href":"https:\/\/www.fraterinternacional.org\/en\/wp-json\/wp\/v2\/tags?post=24887"}],"curies":[{"name":"wp","href":"https:\/\/api.w.org\/{rel}","templated":true}]}}