{"id":24783,"date":"2016-07-21T22:53:05","date_gmt":"2016-07-22T01:53:05","guid":{"rendered":"http:\/\/www.fraterinternacional.org\/en\/?p=24783"},"modified":"2016-11-01T19:23:25","modified_gmt":"2016-11-01T22:23:25","slug":"3rd-meeting-permanent-missions-argentine-chaco","status":"publish","type":"post","link":"https:\/\/www.fraterinternacional.org\/en\/3rd-meeting-permanent-missions-argentine-chaco\/","title":{"rendered":"3rd Meeting of Permanent Missions in the Argentine Chaco"},"content":{"rendered":"<p style=\"text-align: justify;\">From July 8<sup>th<\/sup> to 10<sup>th<\/sup> was held the Third Meeting of Permanent Missions in the Qom Communities in the Chaco region, in Argentina. Members of the <a href=\"http:\/\/www.fraterinternacional.org\/en\/network-of-light\/\">Network-of-Light<\/a> Argentina, collaborators and monks of the <a href=\"http:\/\/www.fraterinternacional.org\/en\/grace-mercy-order\/\">Grace Mercy Order<\/a> participated.<\/p>\n<p style=\"text-align: justify;\"><a href=\"http:\/\/www.fraterinternacional.org\/wp-content\/uploads\/2016\/07\/chaco_3encontro_atendimento_julho_2016.jpg\"><img decoding=\"async\" class=\"alignleft wp-image-24713\" src=\"http:\/\/www.fraterinternacional.org\/wp-content\/uploads\/2016\/07\/chaco_3encontro_atendimento_julho_2016-300x169.jpg\" alt=\"chaco_3encontro_atendimento_julho_2016\" width=\"284\" height=\"160\" srcset=\"https:\/\/www.fraterinternacional.org\/wp-content\/uploads\/2016\/07\/chaco_3encontro_atendimento_julho_2016-200x112.jpg 200w, https:\/\/www.fraterinternacional.org\/wp-content\/uploads\/2016\/07\/chaco_3encontro_atendimento_julho_2016-300x169.jpg 300w, https:\/\/www.fraterinternacional.org\/wp-content\/uploads\/2016\/07\/chaco_3encontro_atendimento_julho_2016-400x225.jpg 400w, https:\/\/www.fraterinternacional.org\/wp-content\/uploads\/2016\/07\/chaco_3encontro_atendimento_julho_2016-600x337.jpg 600w, https:\/\/www.fraterinternacional.org\/wp-content\/uploads\/2016\/07\/chaco_3encontro_atendimento_julho_2016.jpg 690w\" sizes=\"(max-width: 284px) 100vw, 284px\" \/><\/a>Members of the Argentina Network-of-Light came from different locations, such as Corrientes, C\u00f3rdoba, Formosa, Misiones, Salta and Tucum\u00e1n. This team joined the local Network-of-Light group from the city of Resistencia plus six others volunteers.<\/p>\n<p style=\"text-align: justify;\">On July 8, the group settled in the House of Jesus of Nazareth where they worked the selection of clothing, goods and the distribution of various tasks.<\/p>\n<p style=\"text-align: justify;\"><a href=\"http:\/\/www.fraterinternacional.org\/wp-content\/uploads\/2016\/07\/chaco_3encontro_musica_julho_2016.jpg\"><img decoding=\"async\" class=\"alignright size-medium wp-image-24737\" src=\"http:\/\/www.fraterinternacional.org\/wp-content\/uploads\/2016\/07\/chaco_3encontro_musica_julho_2016-300x169.jpg\" alt=\"chaco_3encontro_musica_julho_2016\" width=\"300\" height=\"169\" srcset=\"https:\/\/www.fraterinternacional.org\/wp-content\/uploads\/2016\/07\/chaco_3encontro_musica_julho_2016-200x112.jpg 200w, https:\/\/www.fraterinternacional.org\/wp-content\/uploads\/2016\/07\/chaco_3encontro_musica_julho_2016-300x169.jpg 300w, https:\/\/www.fraterinternacional.org\/wp-content\/uploads\/2016\/07\/chaco_3encontro_musica_julho_2016-400x225.jpg 400w, https:\/\/www.fraterinternacional.org\/wp-content\/uploads\/2016\/07\/chaco_3encontro_musica_julho_2016-600x337.jpg 600w, https:\/\/www.fraterinternacional.org\/wp-content\/uploads\/2016\/07\/chaco_3encontro_musica_julho_2016.jpg 690w\" sizes=\"(max-width: 300px) 100vw, 300px\" \/><\/a>On Saturday July 9,<sup>\u00a0<\/sup>the activity was in a Qom Community in the locality of Tirol , where the group met with St. Joseph\u2019s Parish servers to fix\u00a0breakfast for the children. Then they carried out various activities, such as washing of hair, lice removal service, hairdressing, games and songs. It was held also an important task of service in dentistry and dental prostheses, since the community is very lacking in this area. Many dogs also received attention from the group, where vaccinated and dewormed.<\/p>\n<p style=\"text-align: justify;\"><a href=\"http:\/\/www.fraterinternacional.org\/wp-content\/uploads\/2016\/07\/chaco_3encontro_corte_cabelo_julho_2016.jpg\"><img decoding=\"async\" class=\"alignleft wp-image-24723\" src=\"http:\/\/www.fraterinternacional.org\/wp-content\/uploads\/2016\/07\/chaco_3encontro_corte_cabelo_julho_2016-169x300.jpg\" alt=\"chaco_3encontro_corte_cabelo_julho_2016\" width=\"131\" height=\"233\" srcset=\"https:\/\/www.fraterinternacional.org\/wp-content\/uploads\/2016\/07\/chaco_3encontro_corte_cabelo_julho_2016-169x300.jpg 169w, https:\/\/www.fraterinternacional.org\/wp-content\/uploads\/2016\/07\/chaco_3encontro_corte_cabelo_julho_2016-200x356.jpg 200w, https:\/\/www.fraterinternacional.org\/wp-content\/uploads\/2016\/07\/chaco_3encontro_corte_cabelo_julho_2016.jpg 400w\" sizes=\"(max-width: 131px) 100vw, 131px\" \/><\/a><\/p>\n<p style=\"text-align: justify;\">On Sunday the works were performed in a Qom community of Costa Ine, 40 kilometers from the city of Resistencia. There the missionaries helped in renovations of windows and doors, shared games with children, offered seeds for cultivation and also provided dental care and helped the dogs. A lunch was shared at the home of one of the families of the community.<\/p>\n<p style=\"text-align: justify;\">There were also moments of prayer in Spanish and in the original language Qom.<\/p>\n<p style=\"text-align: justify;\">\u2018May this permanent mission in Chaco continue giving its fruits and may\u00a0unity manifest between the peoples\u2019, said Fray Francisco, a monk of the Grace Mercy Order.<\/p>\n<p style=\"text-align: justify;\">.<\/p>\n<div class=\"fusion-fullwidth fullwidth-box fusion-builder-row-1 hundred-percent-fullwidth non-hundred-percent-height-scrolling\" style=\"--awb-border-radius-top-left:0px;--awb-border-radius-top-right:0px;--awb-border-radius-bottom-right:0px;--awb-border-radius-bottom-left:0px;--awb-overflow:visible;--awb-flex-wrap:wrap;\" ><div class=\"fusion-builder-row fusion-row\"><div class=\"fusion-layout-column fusion_builder_column fusion-builder-column-0 fusion_builder_column_1_1 1_1 fusion-one-full fusion-column-first fusion-column-last fusion-column-no-min-height\" style=\"--awb-bg-size:cover;--awb-margin-bottom:0px;\"><div class=\"fusion-column-wrapper fusion-flex-column-wrapper-legacy\">\n\t\t<style type=\"text\/css\">\n\t\t\t#gallery-1 {\n\t\t\t\tmargin: auto;\n\t\t\t}\n\t\t\t#gallery-1 .gallery-item {\n\t\t\t\tfloat: left;\n\t\t\t\tmargin-top: 10px;\n\t\t\t\ttext-align: center;\n\t\t\t\twidth: 50%;\n\t\t\t}\n\t\t\t#gallery-1 img {\n\t\t\t\tborder: 2px solid #cfcfcf;\n\t\t\t}\n\t\t\t#gallery-1 .gallery-caption {\n\t\t\t\tmargin-left: 0;\n\t\t\t}\n\t\t\t\/* see gallery_shortcode() in wp-includes\/media.php *\/\n\t\t<\/style>\n\t\t<div id='gallery-1' class='gallery galleryid-24783 gallery-columns-2 gallery-size-medium'><dl class='gallery-item'>\n\t\t\t<dt class='gallery-icon landscape'>\n\t\t\t\t<a data-rel=\"iLightbox[postimages]\" data-title=\"chaco_3encontro_desenhos2_julho_2016\" data-caption=\"\" href='https:\/\/www.fraterinternacional.org\/wp-content\/uploads\/2016\/07\/chaco_3encontro_desenhos2_julho_2016.jpg'><img decoding=\"async\" width=\"300\" height=\"169\" src=\"https:\/\/www.fraterinternacional.org\/wp-content\/uploads\/2016\/07\/chaco_3encontro_desenhos2_julho_2016-300x169.jpg\" class=\"attachment-medium size-medium\" alt=\"\" srcset=\"https:\/\/www.fraterinternacional.org\/wp-content\/uploads\/2016\/07\/chaco_3encontro_desenhos2_julho_2016-200x112.jpg 200w, https:\/\/www.fraterinternacional.org\/wp-content\/uploads\/2016\/07\/chaco_3encontro_desenhos2_julho_2016-300x169.jpg 300w, https:\/\/www.fraterinternacional.org\/wp-content\/uploads\/2016\/07\/chaco_3encontro_desenhos2_julho_2016-400x225.jpg 400w, https:\/\/www.fraterinternacional.org\/wp-content\/uploads\/2016\/07\/chaco_3encontro_desenhos2_julho_2016-600x337.jpg 600w, https:\/\/www.fraterinternacional.org\/wp-content\/uploads\/2016\/07\/chaco_3encontro_desenhos2_julho_2016.jpg 690w\" sizes=\"(max-width: 300px) 100vw, 300px\" \/><\/a>\n\t\t\t<\/dt><\/dl><dl class='gallery-item'>\n\t\t\t<dt class='gallery-icon landscape'>\n\t\t\t\t<a data-rel=\"iLightbox[postimages]\" data-title=\"chaco_3encontro_alimento_julho_2016\" data-caption=\"\" href='https:\/\/www.fraterinternacional.org\/wp-content\/uploads\/2016\/07\/chaco_3encontro_alimento_julho_2016.jpg'><img decoding=\"async\" width=\"300\" height=\"169\" src=\"https:\/\/www.fraterinternacional.org\/wp-content\/uploads\/2016\/07\/chaco_3encontro_alimento_julho_2016-300x169.jpg\" class=\"attachment-medium size-medium\" alt=\"\" srcset=\"https:\/\/www.fraterinternacional.org\/wp-content\/uploads\/2016\/07\/chaco_3encontro_alimento_julho_2016-200x112.jpg 200w, https:\/\/www.fraterinternacional.org\/wp-content\/uploads\/2016\/07\/chaco_3encontro_alimento_julho_2016-300x169.jpg 300w, https:\/\/www.fraterinternacional.org\/wp-content\/uploads\/2016\/07\/chaco_3encontro_alimento_julho_2016-400x225.jpg 400w, https:\/\/www.fraterinternacional.org\/wp-content\/uploads\/2016\/07\/chaco_3encontro_alimento_julho_2016-600x337.jpg 600w, https:\/\/www.fraterinternacional.org\/wp-content\/uploads\/2016\/07\/chaco_3encontro_alimento_julho_2016.jpg 690w\" sizes=\"(max-width: 300px) 100vw, 300px\" \/><\/a>\n\t\t\t<\/dt><\/dl><br style=\"clear: both\" \/><dl class='gallery-item'>\n\t\t\t<dt class='gallery-icon portrait'>\n\t\t\t\t<a data-rel=\"iLightbox[postimages]\" data-title=\"chaco_3encontro_jovens_julho_2016\" data-caption=\"\" href='https:\/\/www.fraterinternacional.org\/wp-content\/uploads\/2016\/07\/chaco_3encontro_jovens_julho_2016.jpg'><img decoding=\"async\" width=\"169\" height=\"300\" src=\"https:\/\/www.fraterinternacional.org\/wp-content\/uploads\/2016\/07\/chaco_3encontro_jovens_julho_2016-169x300.jpg\" class=\"attachment-medium size-medium\" alt=\"\" srcset=\"https:\/\/www.fraterinternacional.org\/wp-content\/uploads\/2016\/07\/chaco_3encontro_jovens_julho_2016-169x300.jpg 169w, https:\/\/www.fraterinternacional.org\/wp-content\/uploads\/2016\/07\/chaco_3encontro_jovens_julho_2016-200x356.jpg 200w, https:\/\/www.fraterinternacional.org\/wp-content\/uploads\/2016\/07\/chaco_3encontro_jovens_julho_2016.jpg 400w\" sizes=\"(max-width: 169px) 100vw, 169px\" \/><\/a>\n\t\t\t<\/dt><\/dl><dl class='gallery-item'>\n\t\t\t<dt class='gallery-icon portrait'>\n\t\t\t\t<a data-rel=\"iLightbox[postimages]\" data-title=\"chaco_3encontro_brincando_julho_2016\" data-caption=\"\" href='https:\/\/www.fraterinternacional.org\/wp-content\/uploads\/2016\/07\/chaco_3encontro_brincando_julho_2016.jpg'><img decoding=\"async\" width=\"169\" height=\"300\" src=\"https:\/\/www.fraterinternacional.org\/wp-content\/uploads\/2016\/07\/chaco_3encontro_brincando_julho_2016-169x300.jpg\" class=\"attachment-medium size-medium\" alt=\"\" srcset=\"https:\/\/www.fraterinternacional.org\/wp-content\/uploads\/2016\/07\/chaco_3encontro_brincando_julho_2016-169x300.jpg 169w, https:\/\/www.fraterinternacional.org\/wp-content\/uploads\/2016\/07\/chaco_3encontro_brincando_julho_2016-200x356.jpg 200w, https:\/\/www.fraterinternacional.org\/wp-content\/uploads\/2016\/07\/chaco_3encontro_brincando_julho_2016.jpg 400w\" sizes=\"(max-width: 169px) 100vw, 169px\" \/><\/a>\n\t\t\t<\/dt><\/dl><br style=\"clear: both\" \/>\n\t\t<\/div>\n<div class=\"fusion-clearfix\"><\/div><\/div><\/div><\/div><\/div>\n","protected":false},"excerpt":{"rendered":"<p>From July 8th to 10th was held the Third Meeting of Permanent Missions in the Qom Communities in the Chaco [&hellip;]<\/p>\n","protected":false},"author":11,"featured_media":24717,"comment_status":"closed","ping_status":"closed","sticky":false,"template":"","format":"standard","meta":{"footnotes":""},"categories":[121,150,107],"tags":[184],"class_list":["post-24783","post","type-post","status-publish","format-standard","has-post-thumbnail","hentry","category-network-of-light","category-news","category-news-of-the-missions","tag-chaco-mission"],"yoast_head":"<!-- This site is optimized with the Yoast SEO Premium plugin v21.0 (Yoast SEO v21.0) - https:\/\/yoast.com\/wordpress\/plugins\/seo\/ -->\n<title>3rd Meeting of Permanent Missions in the Argentine Chaco<\/title>\n<meta name=\"description\" content=\"Group of the Network-of-Light Argentina and members of the Grace Mercy Order worked in the community Qom of the Tirol region and Costa Ine.\" \/>\n<meta name=\"robots\" content=\"index, follow, max-snippet:-1, max-image-preview:large, max-video-preview:-1\" \/>\n<link rel=\"canonical\" href=\"https:\/\/www.fraterinternacional.org\/en\/3rd-meeting-permanent-missions-argentine-chaco\/\" \/>\n<meta property=\"og:locale\" content=\"en_US\" \/>\n<meta property=\"og:type\" content=\"article\" \/>\n<meta property=\"og:title\" content=\"3rd Meeting of Permanent Missions in the Argentine Chaco\" \/>\n<meta property=\"og:description\" content=\"Group of the Network-of-Light Argentina and members of the Grace Mercy Order worked in the community Qom of the Tirol region and Costa Ine.\" \/>\n<meta property=\"og:url\" content=\"https:\/\/www.fraterinternacional.org\/en\/3rd-meeting-permanent-missions-argentine-chaco\/\" \/>\n<meta property=\"og:site_name\" content=\"Fraternidade - Federa\u00e7\u00e3o Humanit\u00e1ria Internacional\" \/>\n<meta property=\"article:publisher\" content=\"https:\/\/www.facebook.com\/fraternidadehumanitaria\" \/>\n<meta property=\"article:published_time\" content=\"2016-07-22T01:53:05+00:00\" \/>\n<meta property=\"article:modified_time\" content=\"2016-11-01T22:23:25+00:00\" \/>\n<meta property=\"og:image\" content=\"https:\/\/www.fraterinternacional.org\/wp-content\/uploads\/2016\/07\/chaco_3encontro_bebe_julho_2016.jpg\" \/>\n\t<meta property=\"og:image:width\" content=\"690\" \/>\n\t<meta property=\"og:image:height\" content=\"388\" \/>\n\t<meta property=\"og:image:type\" content=\"image\/jpeg\" \/>\n<meta name=\"author\" content=\"Nelson Frater\" \/>\n<meta name=\"twitter:card\" content=\"summary_large_image\" \/>\n<meta name=\"twitter:creator\" content=\"@fraternidadeFHI\" \/>\n<meta name=\"twitter:site\" content=\"@fraternidadeFHI\" \/>\n<meta name=\"twitter:label1\" content=\"Written by\" \/>\n\t<meta name=\"twitter:data1\" content=\"Nelson Frater\" \/>\n\t<meta name=\"twitter:label2\" content=\"Est. reading time\" \/>\n\t<meta name=\"twitter:data2\" content=\"2 minutes\" \/>\n<script type=\"application\/ld+json\" class=\"yoast-schema-graph\">{\"@context\":\"https:\/\/schema.org\",\"@graph\":[{\"@type\":\"WebPage\",\"@id\":\"https:\/\/www.fraterinternacional.org\/en\/3rd-meeting-permanent-missions-argentine-chaco\/\",\"url\":\"https:\/\/www.fraterinternacional.org\/en\/3rd-meeting-permanent-missions-argentine-chaco\/\",\"name\":\"3rd Meeting of Permanent Missions in the Argentine Chaco\",\"isPartOf\":{\"@id\":\"https:\/\/www.fraterinternacional.org\/es\/#website\"},\"datePublished\":\"2016-07-22T01:53:05+00:00\",\"dateModified\":\"2016-11-01T22:23:25+00:00\",\"author\":{\"@id\":\"https:\/\/www.fraterinternacional.org\/es\/#\/schema\/person\/facd24ae5f7e6b4ee1aeec7ad1b960ae\"},\"description\":\"Group of the Network-of-Light Argentina and members of the Grace Mercy Order worked in the community Qom of the Tirol region and Costa Ine.\",\"breadcrumb\":{\"@id\":\"https:\/\/www.fraterinternacional.org\/en\/3rd-meeting-permanent-missions-argentine-chaco\/#breadcrumb\"},\"inLanguage\":\"en-US\",\"potentialAction\":[{\"@type\":\"ReadAction\",\"target\":[\"https:\/\/www.fraterinternacional.org\/en\/3rd-meeting-permanent-missions-argentine-chaco\/\"]}]},{\"@type\":\"BreadcrumbList\",\"@id\":\"https:\/\/www.fraterinternacional.org\/en\/3rd-meeting-permanent-missions-argentine-chaco\/#breadcrumb\",\"itemListElement\":[{\"@type\":\"ListItem\",\"position\":1,\"name\":\"In\u00edcio\",\"item\":\"https:\/\/www.fraterinternacional.org\/en\/\"},{\"@type\":\"ListItem\",\"position\":2,\"name\":\"3rd Meeting of Permanent Missions in the Argentine Chaco\"}]},{\"@type\":\"WebSite\",\"@id\":\"https:\/\/www.fraterinternacional.org\/es\/#website\",\"url\":\"https:\/\/www.fraterinternacional.org\/es\/\",\"name\":\"Fraternidade - Federa\u00e7\u00e3o Humanit\u00e1ria Internacional\",\"description\":\"Fraternidade - Federa\u00e7\u00e3o Humanit\u00e1ria Internacional\",\"potentialAction\":[{\"@type\":\"SearchAction\",\"target\":{\"@type\":\"EntryPoint\",\"urlTemplate\":\"https:\/\/www.fraterinternacional.org\/es\/?s={search_term_string}\"},\"query-input\":\"required name=search_term_string\"}],\"inLanguage\":\"en-US\"},{\"@type\":\"Person\",\"@id\":\"https:\/\/www.fraterinternacional.org\/es\/#\/schema\/person\/facd24ae5f7e6b4ee1aeec7ad1b960ae\",\"name\":\"Nelson Frater\"}]}<\/script>\n<!-- \/ Yoast SEO Premium plugin. -->","yoast_head_json":{"title":"3rd Meeting of Permanent Missions in the Argentine Chaco","description":"Group of the Network-of-Light Argentina and members of the Grace Mercy Order worked in the community Qom of the Tirol region and Costa Ine.","robots":{"index":"index","follow":"follow","max-snippet":"max-snippet:-1","max-image-preview":"max-image-preview:large","max-video-preview":"max-video-preview:-1"},"canonical":"https:\/\/www.fraterinternacional.org\/en\/3rd-meeting-permanent-missions-argentine-chaco\/","og_locale":"en_US","og_type":"article","og_title":"3rd Meeting of Permanent Missions in the Argentine Chaco","og_description":"Group of the Network-of-Light Argentina and members of the Grace Mercy Order worked in the community Qom of the Tirol region and Costa Ine.","og_url":"https:\/\/www.fraterinternacional.org\/en\/3rd-meeting-permanent-missions-argentine-chaco\/","og_site_name":"Fraternidade - Federa\u00e7\u00e3o Humanit\u00e1ria Internacional","article_publisher":"https:\/\/www.facebook.com\/fraternidadehumanitaria","article_published_time":"2016-07-22T01:53:05+00:00","article_modified_time":"2016-11-01T22:23:25+00:00","og_image":[{"width":690,"height":388,"url":"https:\/\/www.fraterinternacional.org\/wp-content\/uploads\/2016\/07\/chaco_3encontro_bebe_julho_2016.jpg","type":"image\/jpeg"}],"author":"Nelson Frater","twitter_card":"summary_large_image","twitter_creator":"@fraternidadeFHI","twitter_site":"@fraternidadeFHI","twitter_misc":{"Written by":"Nelson Frater","Est. reading time":"2 minutes"},"schema":{"@context":"https:\/\/schema.org","@graph":[{"@type":"WebPage","@id":"https:\/\/www.fraterinternacional.org\/en\/3rd-meeting-permanent-missions-argentine-chaco\/","url":"https:\/\/www.fraterinternacional.org\/en\/3rd-meeting-permanent-missions-argentine-chaco\/","name":"3rd Meeting of Permanent Missions in the Argentine Chaco","isPartOf":{"@id":"https:\/\/www.fraterinternacional.org\/es\/#website"},"datePublished":"2016-07-22T01:53:05+00:00","dateModified":"2016-11-01T22:23:25+00:00","author":{"@id":"https:\/\/www.fraterinternacional.org\/es\/#\/schema\/person\/facd24ae5f7e6b4ee1aeec7ad1b960ae"},"description":"Group of the Network-of-Light Argentina and members of the Grace Mercy Order worked in the community Qom of the Tirol region and Costa Ine.","breadcrumb":{"@id":"https:\/\/www.fraterinternacional.org\/en\/3rd-meeting-permanent-missions-argentine-chaco\/#breadcrumb"},"inLanguage":"en-US","potentialAction":[{"@type":"ReadAction","target":["https:\/\/www.fraterinternacional.org\/en\/3rd-meeting-permanent-missions-argentine-chaco\/"]}]},{"@type":"BreadcrumbList","@id":"https:\/\/www.fraterinternacional.org\/en\/3rd-meeting-permanent-missions-argentine-chaco\/#breadcrumb","itemListElement":[{"@type":"ListItem","position":1,"name":"In\u00edcio","item":"https:\/\/www.fraterinternacional.org\/en\/"},{"@type":"ListItem","position":2,"name":"3rd Meeting of Permanent Missions in the Argentine Chaco"}]},{"@type":"WebSite","@id":"https:\/\/www.fraterinternacional.org\/es\/#website","url":"https:\/\/www.fraterinternacional.org\/es\/","name":"Fraternidade - Federa\u00e7\u00e3o Humanit\u00e1ria Internacional","description":"Fraternidade - Federa\u00e7\u00e3o Humanit\u00e1ria Internacional","potentialAction":[{"@type":"SearchAction","target":{"@type":"EntryPoint","urlTemplate":"https:\/\/www.fraterinternacional.org\/es\/?s={search_term_string}"},"query-input":"required name=search_term_string"}],"inLanguage":"en-US"},{"@type":"Person","@id":"https:\/\/www.fraterinternacional.org\/es\/#\/schema\/person\/facd24ae5f7e6b4ee1aeec7ad1b960ae","name":"Nelson Frater"}]}},"_links":{"self":[{"href":"https:\/\/www.fraterinternacional.org\/en\/wp-json\/wp\/v2\/posts\/24783"}],"collection":[{"href":"https:\/\/www.fraterinternacional.org\/en\/wp-json\/wp\/v2\/posts"}],"about":[{"href":"https:\/\/www.fraterinternacional.org\/en\/wp-json\/wp\/v2\/types\/post"}],"author":[{"embeddable":true,"href":"https:\/\/www.fraterinternacional.org\/en\/wp-json\/wp\/v2\/users\/11"}],"replies":[{"embeddable":true,"href":"https:\/\/www.fraterinternacional.org\/en\/wp-json\/wp\/v2\/comments?post=24783"}],"version-history":[{"count":0,"href":"https:\/\/www.fraterinternacional.org\/en\/wp-json\/wp\/v2\/posts\/24783\/revisions"}],"wp:featuredmedia":[{"embeddable":true,"href":"https:\/\/www.fraterinternacional.org\/en\/wp-json\/wp\/v2\/media\/24717"}],"wp:attachment":[{"href":"https:\/\/www.fraterinternacional.org\/en\/wp-json\/wp\/v2\/media?parent=24783"}],"wp:term":[{"taxonomy":"category","embeddable":true,"href":"https:\/\/www.fraterinternacional.org\/en\/wp-json\/wp\/v2\/categories?post=24783"},{"taxonomy":"post_tag","embeddable":true,"href":"https:\/\/www.fraterinternacional.org\/en\/wp-json\/wp\/v2\/tags?post=24783"}],"curies":[{"name":"wp","href":"https:\/\/api.w.org\/{rel}","templated":true}]}}