{"id":22060,"date":"2016-06-12T16:26:45","date_gmt":"2016-06-12T19:26:45","guid":{"rendered":"http:\/\/www.fraterinternacional.org\/en\/?p=22060"},"modified":"2016-11-01T19:24:10","modified_gmt":"2016-11-01T22:24:10","slug":"experience-biodynamic-agriculture-kids-youths","status":"publish","type":"post","link":"https:\/\/www.fraterinternacional.org\/en\/experience-biodynamic-agriculture-kids-youths\/","title":{"rendered":"Experience of Biodynamic Agriculture for kids and youths"},"content":{"rendered":"<p style=\"text-align: justify;\"><a href=\"http:\/\/www.fraterinternacional.org\/wp-content\/uploads\/2016\/06\/agricultura_biodinamica_clc_ninos_jovenes_02.jpg\"><img decoding=\"async\" class=\"alignleft wp-image-22091 size-medium\" src=\"http:\/\/www.fraterinternacional.org\/wp-content\/uploads\/2016\/06\/agricultura_biodinamica_clc_ninos_jovenes_02-300x169.jpg\" width=\"300\" height=\"169\" srcset=\"https:\/\/www.fraterinternacional.org\/wp-content\/uploads\/2016\/06\/agricultura_biodinamica_clc_ninos_jovenes_02-200x112.jpg 200w, https:\/\/www.fraterinternacional.org\/wp-content\/uploads\/2016\/06\/agricultura_biodinamica_clc_ninos_jovenes_02-300x169.jpg 300w, https:\/\/www.fraterinternacional.org\/wp-content\/uploads\/2016\/06\/agricultura_biodinamica_clc_ninos_jovenes_02-400x225.jpg 400w, https:\/\/www.fraterinternacional.org\/wp-content\/uploads\/2016\/06\/agricultura_biodinamica_clc_ninos_jovenes_02-600x337.jpg 600w, https:\/\/www.fraterinternacional.org\/wp-content\/uploads\/2016\/06\/agricultura_biodinamica_clc_ninos_jovenes_02.jpg 690w\" sizes=\"(max-width: 300px) 100vw, 300px\" \/><\/a>An Experience of Biodynamic Agriculture for kids and youths was developed in the headquarters of the <a href=\"http:\/\/www.casaluzdacolina.org.br\/\" target=\"_blank\">House of Light on the Hill<\/a>, affiliated to the <strong>Fraternidade \u2013 International Humanitarian Federation<\/strong>, on the weekend between June 10 and 12, with the participation of fifteen minors from Carmo da Cachoeira, S\u00e3o Bento Abade and Boa Esperan\u00e7a, towns of the state of Minas Gerais, Brazil.<\/p>\n<p style=\"text-align: justify;\"><a href=\"http:\/\/www.fraterinternacional.org\/wp-content\/uploads\/2016\/06\/agricultura_biodinamica_clc_ninos_jovenes_01.jpg\"><img decoding=\"async\" class=\"alignright wp-image-22088 size-medium\" src=\"http:\/\/www.fraterinternacional.org\/wp-content\/uploads\/2016\/06\/agricultura_biodinamica_clc_ninos_jovenes_01-300x169.jpg\" width=\"300\" height=\"169\" srcset=\"https:\/\/www.fraterinternacional.org\/wp-content\/uploads\/2016\/06\/agricultura_biodinamica_clc_ninos_jovenes_01-200x112.jpg 200w, https:\/\/www.fraterinternacional.org\/wp-content\/uploads\/2016\/06\/agricultura_biodinamica_clc_ninos_jovenes_01-300x169.jpg 300w, https:\/\/www.fraterinternacional.org\/wp-content\/uploads\/2016\/06\/agricultura_biodinamica_clc_ninos_jovenes_01-400x225.jpg 400w, https:\/\/www.fraterinternacional.org\/wp-content\/uploads\/2016\/06\/agricultura_biodinamica_clc_ninos_jovenes_01-600x337.jpg 600w, https:\/\/www.fraterinternacional.org\/wp-content\/uploads\/2016\/06\/agricultura_biodinamica_clc_ninos_jovenes_01.jpg 690w\" sizes=\"(max-width: 300px) 100vw, 300px\" \/><\/a>The activity is a part of a joint Project of the host entity and the Espa\u00e7o Recanto da Folha (Space Corner of the Leaf), from Porto Alegre, Rio Grande do Sul. This meeting was the first of several that will take place on a monthly basis. In this occasion, the group started to build a vegetable garden in the form of a mandala with the cultivation of vegetables, medicinal herbs and companion flowers, in an integrated system. Also concepts about the importance of healthy food were introduced, together with sustainable solutions inside a vegetable garden system.<\/p>\n<p style=\"text-align: justify;\"><a href=\"http:\/\/www.fraterinternacional.org\/wp-content\/uploads\/2016\/06\/agricultura_biodinamica_clc_ninos_jovenes_03.jpg\"><img decoding=\"async\" class=\"wp-image-22094 size-medium alignright\" src=\"http:\/\/www.fraterinternacional.org\/wp-content\/uploads\/2016\/06\/agricultura_biodinamica_clc_ninos_jovenes_03-300x169.jpg\" width=\"300\" height=\"169\" srcset=\"https:\/\/www.fraterinternacional.org\/wp-content\/uploads\/2016\/06\/agricultura_biodinamica_clc_ninos_jovenes_03-200x112.jpg 200w, https:\/\/www.fraterinternacional.org\/wp-content\/uploads\/2016\/06\/agricultura_biodinamica_clc_ninos_jovenes_03-300x169.jpg 300w, https:\/\/www.fraterinternacional.org\/wp-content\/uploads\/2016\/06\/agricultura_biodinamica_clc_ninos_jovenes_03-400x225.jpg 400w, https:\/\/www.fraterinternacional.org\/wp-content\/uploads\/2016\/06\/agricultura_biodinamica_clc_ninos_jovenes_03-600x337.jpg 600w, https:\/\/www.fraterinternacional.org\/wp-content\/uploads\/2016\/06\/agricultura_biodinamica_clc_ninos_jovenes_03.jpg 690w\" sizes=\"(max-width: 300px) 100vw, 300px\" \/><\/a>The event, called \u2018Sowing and planting love with kids and youths on the Earth\u2019, began with the projection of the comedy Inside Out, by the North-American Pete Docter, Friday night, and continued with the practical tasks on Saturday (morning and afternoon) and Sunday (morning). It was directed by Aly Baptista, an environmental technician, ecoeducator and advisor on permaculture, from the city of Porto Alegre. He explained that this work \u2018aims at integrating children and youths from poor communities to a more fraternal and humane reality, through the didactics of doing, where the apprenticeships arise from the activities that the students conduct, in a direct response to the needs of their environment, and not of abstract concepts\u2019. The experience is already being developed in public schools of the state of Rio Grande do Sul and in the Associa\u00e7\u00e3o Comunit\u00e1ria Monte Azul (Communitarian Association of Blue Hill), of S\u00e3o Paulo.<\/p>\n<p style=\"text-align: justify;\"><a href=\"http:\/\/www.fraterinternacional.org\/wp-content\/uploads\/2016\/06\/agricultura_biodinamica_clc_ninos_jovenes_05B.jpg\"><img decoding=\"async\" class=\"alignright wp-image-22097 size-medium\" src=\"http:\/\/www.fraterinternacional.org\/wp-content\/uploads\/2016\/06\/agricultura_biodinamica_clc_ninos_jovenes_05B-300x169.jpg\" width=\"300\" height=\"169\" srcset=\"https:\/\/www.fraterinternacional.org\/wp-content\/uploads\/2016\/06\/agricultura_biodinamica_clc_ninos_jovenes_05B-200x112.jpg 200w, https:\/\/www.fraterinternacional.org\/wp-content\/uploads\/2016\/06\/agricultura_biodinamica_clc_ninos_jovenes_05B-300x169.jpg 300w, https:\/\/www.fraterinternacional.org\/wp-content\/uploads\/2016\/06\/agricultura_biodinamica_clc_ninos_jovenes_05B-400x225.jpg 400w, https:\/\/www.fraterinternacional.org\/wp-content\/uploads\/2016\/06\/agricultura_biodinamica_clc_ninos_jovenes_05B-600x337.jpg 600w, https:\/\/www.fraterinternacional.org\/wp-content\/uploads\/2016\/06\/agricultura_biodinamica_clc_ninos_jovenes_05B.jpg 690w\" sizes=\"(max-width: 300px) 100vw, 300px\" \/><\/a>According to the technician, biodynamic agriculture is understood as the agricultural work developed in consonance with the energies that create and maintain life. It is an ecological method based on the theories of Rudolf Steiner, the founder of Anthroposophy. It utilizes organic fertilizers made in a way that respects the health of the soil and of the plants, securing a healthy nutrition for the animals and the human being.<\/p>\n<p style=\"text-align: justify;\"><a href=\"http:\/\/www.fraterinternacional.org\/wp-content\/uploads\/2016\/06\/agricultura_biodinamica_clc_ninos_jovenes_06B.jpg\"><img decoding=\"async\" class=\"alignleft wp-image-22100 size-medium\" src=\"http:\/\/www.fraterinternacional.org\/wp-content\/uploads\/2016\/06\/agricultura_biodinamica_clc_ninos_jovenes_06B-300x169.jpg\" width=\"300\" height=\"169\" srcset=\"https:\/\/www.fraterinternacional.org\/wp-content\/uploads\/2016\/06\/agricultura_biodinamica_clc_ninos_jovenes_06B-200x112.jpg 200w, https:\/\/www.fraterinternacional.org\/wp-content\/uploads\/2016\/06\/agricultura_biodinamica_clc_ninos_jovenes_06B-300x169.jpg 300w, https:\/\/www.fraterinternacional.org\/wp-content\/uploads\/2016\/06\/agricultura_biodinamica_clc_ninos_jovenes_06B-400x225.jpg 400w, https:\/\/www.fraterinternacional.org\/wp-content\/uploads\/2016\/06\/agricultura_biodinamica_clc_ninos_jovenes_06B-600x337.jpg 600w, https:\/\/www.fraterinternacional.org\/wp-content\/uploads\/2016\/06\/agricultura_biodinamica_clc_ninos_jovenes_06B.jpg 690w\" sizes=\"(max-width: 300px) 100vw, 300px\" \/><\/a>The experience developed in the House of Light on the Hill includes the use of several sustainable techniques, such as the co-existence of cultures in the cultivations of winter; practices of permaculture in the elaboration of seedbeds with plant cover and multi-level seedbeds; planning of the vegetable garden to radiate beauty in the moment of producing food, to expand the imagination of the kid and to generate a great variety of important food. In the forthcoming meetings, the participants will also learn how to prepare receipes of biofertilizers; make fermented compost and dynamize the basic preparations of biodynamics.<\/p>\n","protected":false},"excerpt":{"rendered":"<p>An Experience of Biodynamic Agriculture for kids and youths was developed in the headquarters of the House of Light on [&hellip;]<\/p>\n","protected":false},"author":11,"featured_media":22103,"comment_status":"closed","ping_status":"closed","sticky":false,"template":"","format":"standard","meta":{"footnotes":""},"categories":[150],"tags":[110,102,318],"class_list":["post-22060","post","type-post","status-publish","format-standard","has-post-thumbnail","hentry","category-news","tag-associations-of-service","tag-love-and-service-to-the-kingdoms","tag-sowing-love-in-humanity"],"yoast_head":"<!-- This site is optimized with the Yoast SEO Premium plugin v21.0 (Yoast SEO v21.0) - https:\/\/yoast.com\/wordpress\/plugins\/seo\/ -->\n<title>Experience of Biodynamic Agriculture for kids and youths -<\/title>\n<meta name=\"description\" content=\"Event was developed in the House of Light on the Hill with 15 kids and youths from poor neighborhoods of 3 towns of Minas Gerais.\" \/>\n<meta name=\"robots\" content=\"index, follow, max-snippet:-1, max-image-preview:large, max-video-preview:-1\" \/>\n<link rel=\"canonical\" href=\"https:\/\/www.fraterinternacional.org\/en\/experience-biodynamic-agriculture-kids-youths\/\" \/>\n<meta property=\"og:locale\" content=\"en_US\" \/>\n<meta property=\"og:type\" content=\"article\" \/>\n<meta property=\"og:title\" content=\"Experience of Biodynamic Agriculture for kids and youths\" \/>\n<meta property=\"og:description\" content=\"Event was developed in the House of Light on the Hill with 15 kids and youths from poor neighborhoods of 3 towns of Minas Gerais.\" \/>\n<meta property=\"og:url\" content=\"https:\/\/www.fraterinternacional.org\/en\/experience-biodynamic-agriculture-kids-youths\/\" \/>\n<meta property=\"og:site_name\" content=\"Fraternidade - Federa\u00e7\u00e3o Humanit\u00e1ria Internacional\" \/>\n<meta property=\"article:publisher\" content=\"https:\/\/www.facebook.com\/fraternidadehumanitaria\" \/>\n<meta property=\"article:published_time\" content=\"2016-06-12T19:26:45+00:00\" \/>\n<meta property=\"article:modified_time\" content=\"2016-11-01T22:24:10+00:00\" \/>\n<meta property=\"og:image\" content=\"https:\/\/www.fraterinternacional.org\/wp-content\/uploads\/2016\/06\/agricultura_biodinamica_clc_ninos_jovenes_07.jpg\" \/>\n\t<meta property=\"og:image:width\" content=\"189\" \/>\n\t<meta property=\"og:image:height\" content=\"106\" \/>\n\t<meta property=\"og:image:type\" content=\"image\/jpeg\" \/>\n<meta name=\"author\" content=\"Nelson Frater\" \/>\n<meta name=\"twitter:card\" content=\"summary_large_image\" \/>\n<meta name=\"twitter:creator\" content=\"@fraternidadeFHI\" \/>\n<meta name=\"twitter:site\" content=\"@fraternidadeFHI\" \/>\n<meta name=\"twitter:label1\" content=\"Written by\" \/>\n\t<meta name=\"twitter:data1\" content=\"Nelson Frater\" \/>\n\t<meta name=\"twitter:label2\" content=\"Est. reading time\" \/>\n\t<meta name=\"twitter:data2\" content=\"2 minutes\" \/>\n<script type=\"application\/ld+json\" class=\"yoast-schema-graph\">{\"@context\":\"https:\/\/schema.org\",\"@graph\":[{\"@type\":\"WebPage\",\"@id\":\"https:\/\/www.fraterinternacional.org\/en\/experience-biodynamic-agriculture-kids-youths\/\",\"url\":\"https:\/\/www.fraterinternacional.org\/en\/experience-biodynamic-agriculture-kids-youths\/\",\"name\":\"Experience of Biodynamic Agriculture for kids and youths -\",\"isPartOf\":{\"@id\":\"https:\/\/www.fraterinternacional.org\/es\/#website\"},\"datePublished\":\"2016-06-12T19:26:45+00:00\",\"dateModified\":\"2016-11-01T22:24:10+00:00\",\"author\":{\"@id\":\"https:\/\/www.fraterinternacional.org\/es\/#\/schema\/person\/facd24ae5f7e6b4ee1aeec7ad1b960ae\"},\"description\":\"Event was developed in the House of Light on the Hill with 15 kids and youths from poor neighborhoods of 3 towns of Minas Gerais.\",\"breadcrumb\":{\"@id\":\"https:\/\/www.fraterinternacional.org\/en\/experience-biodynamic-agriculture-kids-youths\/#breadcrumb\"},\"inLanguage\":\"en-US\",\"potentialAction\":[{\"@type\":\"ReadAction\",\"target\":[\"https:\/\/www.fraterinternacional.org\/en\/experience-biodynamic-agriculture-kids-youths\/\"]}]},{\"@type\":\"BreadcrumbList\",\"@id\":\"https:\/\/www.fraterinternacional.org\/en\/experience-biodynamic-agriculture-kids-youths\/#breadcrumb\",\"itemListElement\":[{\"@type\":\"ListItem\",\"position\":1,\"name\":\"In\u00edcio\",\"item\":\"https:\/\/www.fraterinternacional.org\/en\/\"},{\"@type\":\"ListItem\",\"position\":2,\"name\":\"Experience of Biodynamic Agriculture for kids and youths\"}]},{\"@type\":\"WebSite\",\"@id\":\"https:\/\/www.fraterinternacional.org\/es\/#website\",\"url\":\"https:\/\/www.fraterinternacional.org\/es\/\",\"name\":\"Fraternidade - Federa\u00e7\u00e3o Humanit\u00e1ria Internacional\",\"description\":\"Fraternidade - Federa\u00e7\u00e3o Humanit\u00e1ria Internacional\",\"potentialAction\":[{\"@type\":\"SearchAction\",\"target\":{\"@type\":\"EntryPoint\",\"urlTemplate\":\"https:\/\/www.fraterinternacional.org\/es\/?s={search_term_string}\"},\"query-input\":\"required name=search_term_string\"}],\"inLanguage\":\"en-US\"},{\"@type\":\"Person\",\"@id\":\"https:\/\/www.fraterinternacional.org\/es\/#\/schema\/person\/facd24ae5f7e6b4ee1aeec7ad1b960ae\",\"name\":\"Nelson Frater\"}]}<\/script>\n<!-- \/ Yoast SEO Premium plugin. -->","yoast_head_json":{"title":"Experience of Biodynamic Agriculture for kids and youths -","description":"Event was developed in the House of Light on the Hill with 15 kids and youths from poor neighborhoods of 3 towns of Minas Gerais.","robots":{"index":"index","follow":"follow","max-snippet":"max-snippet:-1","max-image-preview":"max-image-preview:large","max-video-preview":"max-video-preview:-1"},"canonical":"https:\/\/www.fraterinternacional.org\/en\/experience-biodynamic-agriculture-kids-youths\/","og_locale":"en_US","og_type":"article","og_title":"Experience of Biodynamic Agriculture for kids and youths","og_description":"Event was developed in the House of Light on the Hill with 15 kids and youths from poor neighborhoods of 3 towns of Minas Gerais.","og_url":"https:\/\/www.fraterinternacional.org\/en\/experience-biodynamic-agriculture-kids-youths\/","og_site_name":"Fraternidade - Federa\u00e7\u00e3o Humanit\u00e1ria Internacional","article_publisher":"https:\/\/www.facebook.com\/fraternidadehumanitaria","article_published_time":"2016-06-12T19:26:45+00:00","article_modified_time":"2016-11-01T22:24:10+00:00","og_image":[{"width":189,"height":106,"url":"https:\/\/www.fraterinternacional.org\/wp-content\/uploads\/2016\/06\/agricultura_biodinamica_clc_ninos_jovenes_07.jpg","type":"image\/jpeg"}],"author":"Nelson Frater","twitter_card":"summary_large_image","twitter_creator":"@fraternidadeFHI","twitter_site":"@fraternidadeFHI","twitter_misc":{"Written by":"Nelson Frater","Est. reading time":"2 minutes"},"schema":{"@context":"https:\/\/schema.org","@graph":[{"@type":"WebPage","@id":"https:\/\/www.fraterinternacional.org\/en\/experience-biodynamic-agriculture-kids-youths\/","url":"https:\/\/www.fraterinternacional.org\/en\/experience-biodynamic-agriculture-kids-youths\/","name":"Experience of Biodynamic Agriculture for kids and youths -","isPartOf":{"@id":"https:\/\/www.fraterinternacional.org\/es\/#website"},"datePublished":"2016-06-12T19:26:45+00:00","dateModified":"2016-11-01T22:24:10+00:00","author":{"@id":"https:\/\/www.fraterinternacional.org\/es\/#\/schema\/person\/facd24ae5f7e6b4ee1aeec7ad1b960ae"},"description":"Event was developed in the House of Light on the Hill with 15 kids and youths from poor neighborhoods of 3 towns of Minas Gerais.","breadcrumb":{"@id":"https:\/\/www.fraterinternacional.org\/en\/experience-biodynamic-agriculture-kids-youths\/#breadcrumb"},"inLanguage":"en-US","potentialAction":[{"@type":"ReadAction","target":["https:\/\/www.fraterinternacional.org\/en\/experience-biodynamic-agriculture-kids-youths\/"]}]},{"@type":"BreadcrumbList","@id":"https:\/\/www.fraterinternacional.org\/en\/experience-biodynamic-agriculture-kids-youths\/#breadcrumb","itemListElement":[{"@type":"ListItem","position":1,"name":"In\u00edcio","item":"https:\/\/www.fraterinternacional.org\/en\/"},{"@type":"ListItem","position":2,"name":"Experience of Biodynamic Agriculture for kids and youths"}]},{"@type":"WebSite","@id":"https:\/\/www.fraterinternacional.org\/es\/#website","url":"https:\/\/www.fraterinternacional.org\/es\/","name":"Fraternidade - Federa\u00e7\u00e3o Humanit\u00e1ria Internacional","description":"Fraternidade - Federa\u00e7\u00e3o Humanit\u00e1ria Internacional","potentialAction":[{"@type":"SearchAction","target":{"@type":"EntryPoint","urlTemplate":"https:\/\/www.fraterinternacional.org\/es\/?s={search_term_string}"},"query-input":"required name=search_term_string"}],"inLanguage":"en-US"},{"@type":"Person","@id":"https:\/\/www.fraterinternacional.org\/es\/#\/schema\/person\/facd24ae5f7e6b4ee1aeec7ad1b960ae","name":"Nelson Frater"}]}},"_links":{"self":[{"href":"https:\/\/www.fraterinternacional.org\/en\/wp-json\/wp\/v2\/posts\/22060"}],"collection":[{"href":"https:\/\/www.fraterinternacional.org\/en\/wp-json\/wp\/v2\/posts"}],"about":[{"href":"https:\/\/www.fraterinternacional.org\/en\/wp-json\/wp\/v2\/types\/post"}],"author":[{"embeddable":true,"href":"https:\/\/www.fraterinternacional.org\/en\/wp-json\/wp\/v2\/users\/11"}],"replies":[{"embeddable":true,"href":"https:\/\/www.fraterinternacional.org\/en\/wp-json\/wp\/v2\/comments?post=22060"}],"version-history":[{"count":0,"href":"https:\/\/www.fraterinternacional.org\/en\/wp-json\/wp\/v2\/posts\/22060\/revisions"}],"wp:featuredmedia":[{"embeddable":true,"href":"https:\/\/www.fraterinternacional.org\/en\/wp-json\/wp\/v2\/media\/22103"}],"wp:attachment":[{"href":"https:\/\/www.fraterinternacional.org\/en\/wp-json\/wp\/v2\/media?parent=22060"}],"wp:term":[{"taxonomy":"category","embeddable":true,"href":"https:\/\/www.fraterinternacional.org\/en\/wp-json\/wp\/v2\/categories?post=22060"},{"taxonomy":"post_tag","embeddable":true,"href":"https:\/\/www.fraterinternacional.org\/en\/wp-json\/wp\/v2\/tags?post=22060"}],"curies":[{"name":"wp","href":"https:\/\/api.w.org\/{rel}","templated":true}]}}