{"id":21367,"date":"2016-06-07T12:59:25","date_gmt":"2016-06-07T15:59:25","guid":{"rendered":"http:\/\/www.fraterinternacional.org\/en\/?p=21367"},"modified":"2016-11-01T19:24:16","modified_gmt":"2016-11-01T22:24:16","slug":"circuit-south-launch-book-living-love-dogs-closes","status":"publish","type":"post","link":"https:\/\/www.fraterinternacional.org\/en\/circuit-south-launch-book-living-love-dogs-closes\/","title":{"rendered":"Circuit South launch of the book \u2018Living the Love for the Dogs\u2019 closes"},"content":{"rendered":"<p style=\"text-align: justify;\">Londrina, in the Brazilian state of Paran\u00e1, was the last city of the South of Brazil to receive the launch of the second edition of the <a href=\"http:\/\/www.irdin.org.br\/acervo\/detalhes\/13084\" target=\"_blank\">book<\/a> \u2018Viver o Amor aos C\u00e3es\u2019 (\u2018Living the Love for the Dogs\u2019), published by the <a href=\"http:\/\/www.irdin.org.br\" target=\"_blank\">Irdin Editora<\/a> and written by Ana Regina Nogueira.<\/p>\n<p style=\"text-align: justify;\"><a href=\"http:\/\/www.fraterinternacional.org\/wp-content\/uploads\/2016\/06\/caes_vac_londrina5.jpg\"><img decoding=\"async\" class=\"alignleft size-medium wp-image-21289\" src=\"http:\/\/www.fraterinternacional.org\/wp-content\/uploads\/2016\/06\/caes_vac_londrina5-300x169.jpg\" alt=\"caes_vac_londrina5\" width=\"300\" height=\"169\" srcset=\"https:\/\/www.fraterinternacional.org\/wp-content\/uploads\/2016\/06\/caes_vac_londrina5-200x112.jpg 200w, https:\/\/www.fraterinternacional.org\/wp-content\/uploads\/2016\/06\/caes_vac_londrina5-300x169.jpg 300w, https:\/\/www.fraterinternacional.org\/wp-content\/uploads\/2016\/06\/caes_vac_londrina5-400x225.jpg 400w, https:\/\/www.fraterinternacional.org\/wp-content\/uploads\/2016\/06\/caes_vac_londrina5-600x337.jpg 600w, https:\/\/www.fraterinternacional.org\/wp-content\/uploads\/2016\/06\/caes_vac_londrina5.jpg 690w\" sizes=\"(max-width: 300px) 100vw, 300px\" \/><\/a>One of the first activities of the group took place in the city hall, where the team of the Circuit South of launces was received by the city Mayor, who received four exemplars of the book.<\/p>\n<p style=\"text-align: justify;\">On May 23, the authoress gave two lectures to 220 children and teachers of basic education of St. James International School. An audiovisual specially prepared for the children was shown. At each image of the dogs, they laughed and expressed various reactions. Then, Ana Regina created a dynamic interaction with the children, making them questions. The majority raised their arms, enthusiastic, insisting to be called and to answer them on the microphone.<\/p>\n<p style=\"text-align: justify;\"><a href=\"http:\/\/www.fraterinternacional.org\/wp-content\/uploads\/2016\/06\/caes_vac_londrina4.jpg\"><img decoding=\"async\" class=\"alignright size-medium wp-image-21292\" src=\"http:\/\/www.fraterinternacional.org\/wp-content\/uploads\/2016\/06\/caes_vac_londrina4-300x169.jpg\" alt=\"caes_vac_londrina4\" width=\"300\" height=\"169\" srcset=\"https:\/\/www.fraterinternacional.org\/wp-content\/uploads\/2016\/06\/caes_vac_londrina4-200x112.jpg 200w, https:\/\/www.fraterinternacional.org\/wp-content\/uploads\/2016\/06\/caes_vac_londrina4-300x169.jpg 300w, https:\/\/www.fraterinternacional.org\/wp-content\/uploads\/2016\/06\/caes_vac_londrina4-400x225.jpg 400w, https:\/\/www.fraterinternacional.org\/wp-content\/uploads\/2016\/06\/caes_vac_londrina4-600x337.jpg 600w, https:\/\/www.fraterinternacional.org\/wp-content\/uploads\/2016\/06\/caes_vac_londrina4.jpg 690w\" sizes=\"(max-width: 300px) 100vw, 300px\" \/><\/a>On May 25, the book launch took place in the Livrarias Curitiba bookstores, where the city secretary was present, and so were the NGO SOS Animal Life and people from the community. In the event, and audiovisual about the Francis of Assisi Park was shown, followed by a lecture by the authoress and an autograph session. The meeting was accompanied by the sound of an acoustic contrabass and a guitar.<\/p>\n<p style=\"text-align: justify;\">In Londrina, Ana Regina Nogueira still gave interviews to two r\u00e1dios of the region, a TV channel and a newspaper.<\/p>\n<p style=\"text-align: justify;\"><a href=\"http:\/\/www.fraterinternacional.org\/wp-content\/uploads\/2016\/06\/caes_vac_londrina3.jpg\"><img decoding=\"async\" class=\"alignleft size-medium wp-image-21295\" src=\"http:\/\/www.fraterinternacional.org\/wp-content\/uploads\/2016\/06\/caes_vac_londrina3-300x169.jpg\" alt=\"caes_vac_londrina3\" width=\"300\" height=\"169\" srcset=\"https:\/\/www.fraterinternacional.org\/wp-content\/uploads\/2016\/06\/caes_vac_londrina3-200x112.jpg 200w, https:\/\/www.fraterinternacional.org\/wp-content\/uploads\/2016\/06\/caes_vac_londrina3-300x169.jpg 300w, https:\/\/www.fraterinternacional.org\/wp-content\/uploads\/2016\/06\/caes_vac_londrina3-400x225.jpg 400w, https:\/\/www.fraterinternacional.org\/wp-content\/uploads\/2016\/06\/caes_vac_londrina3-600x337.jpg 600w, https:\/\/www.fraterinternacional.org\/wp-content\/uploads\/2016\/06\/caes_vac_londrina3.jpg 690w\" sizes=\"(max-width: 300px) 100vw, 300px\" \/><\/a>The Circuit of itinerant launches in the South region lasted for 25 days and was present in nine cities. Tens of volunteers, members of the <a href=\"\/?page_id=6393\">Network-of-Light<\/a> of several cities of the South of Brazil participated and collaborated in the launches.<\/p>\n<p style=\"text-align: justify;\">To L\u00facia SIrangelo, one of the coordinators of the South Network-of-Light and who participated in the group of support that accompanied the whole Circuit South of launches, the period was one of apprenticeship, \u2018during the month of May, the service to the Animal Kingdom in the South conducted us to a greater love to Life. The heart of each one of us expanded and the perception of an inner light, of the internal Christ made itself more present in daily life\u2019, she said.<\/p>\n<p style=\"text-align: justify;\"><a href=\"http:\/\/www.fraterinternacional.org\/wp-content\/uploads\/2016\/06\/caes_vac_londrina2.jpg\"><img decoding=\"async\" class=\"alignright size-medium wp-image-21298\" src=\"http:\/\/www.fraterinternacional.org\/wp-content\/uploads\/2016\/06\/caes_vac_londrina2-300x169.jpg\" alt=\"caes_vac_londrina2\" width=\"300\" height=\"169\" srcset=\"https:\/\/www.fraterinternacional.org\/wp-content\/uploads\/2016\/06\/caes_vac_londrina2-200x112.jpg 200w, https:\/\/www.fraterinternacional.org\/wp-content\/uploads\/2016\/06\/caes_vac_londrina2-300x169.jpg 300w, https:\/\/www.fraterinternacional.org\/wp-content\/uploads\/2016\/06\/caes_vac_londrina2-400x225.jpg 400w, https:\/\/www.fraterinternacional.org\/wp-content\/uploads\/2016\/06\/caes_vac_londrina2-600x337.jpg 600w, https:\/\/www.fraterinternacional.org\/wp-content\/uploads\/2016\/06\/caes_vac_londrina2.jpg 690w\" sizes=\"(max-width: 300px) 100vw, 300px\" \/><\/a>On the Radio Paiquer\u00ea, Ana Regina talks about the Network-of-Light, the Francis of Assisi Park and about selfless Service. Listen <a href=\"https:\/\/soundcloud.com\/fraterinternacional\/viver-amor-caes-entrevista-radio-paiquere-londrina\" target=\"_blank\">here<\/a><\/p>\n<p style=\"text-align: justify;\">In an interview to the Radio Uel FM, the authoress tells a little about the history of the Francis of Assisi Park. Listen <a href=\"https:\/\/soundcloud.com\/fraterinternacional\/viver-amor-caes-entrevista-radio-uel-londrina-25-05-2016\" target=\"_blank\">here<\/a><\/p>\n","protected":false},"excerpt":{"rendered":"<p>Londrina, in the Brazilian state of Paran\u00e1, was the last city of the South of Brazil to receive the launch [&hellip;]<\/p>\n","protected":false},"author":11,"featured_media":21284,"comment_status":"closed","ping_status":"closed","sticky":false,"template":"","format":"standard","meta":{"footnotes":""},"categories":[121,150],"tags":[102],"class_list":["post-21367","post","type-post","status-publish","format-standard","has-post-thumbnail","hentry","category-network-of-light","category-news","tag-love-and-service-to-the-kingdoms"],"yoast_head":"<!-- This site is optimized with the Yoast SEO Premium plugin v21.0 (Yoast SEO v21.0) - https:\/\/yoast.com\/wordpress\/plugins\/seo\/ -->\n<title>Circuit South launch of the book \u2018Living the Love for the Dogs\u2019 closes -<\/title>\n<meta name=\"description\" content=\"The Circuit of itinerant launches of the book \u2018Living the Love for the Dogs\u2019 in the South region lasted for 25 days and was present in nine cities.\" \/>\n<meta name=\"robots\" content=\"index, follow, max-snippet:-1, max-image-preview:large, max-video-preview:-1\" \/>\n<link rel=\"canonical\" href=\"https:\/\/www.fraterinternacional.org\/en\/circuit-south-launch-book-living-love-dogs-closes\/\" \/>\n<meta property=\"og:locale\" content=\"en_US\" \/>\n<meta property=\"og:type\" content=\"article\" \/>\n<meta property=\"og:title\" content=\"Circuit South launch of the book \u2018Living the Love for the Dogs\u2019 closes\" \/>\n<meta property=\"og:description\" content=\"The Circuit of itinerant launches of the book \u2018Living the Love for the Dogs\u2019 in the South region lasted for 25 days and was present in nine cities.\" \/>\n<meta property=\"og:url\" content=\"https:\/\/www.fraterinternacional.org\/en\/circuit-south-launch-book-living-love-dogs-closes\/\" \/>\n<meta property=\"og:site_name\" content=\"Fraternidade - Federa\u00e7\u00e3o Humanit\u00e1ria Internacional\" \/>\n<meta property=\"article:publisher\" content=\"https:\/\/www.facebook.com\/fraternidadehumanitaria\" \/>\n<meta property=\"article:published_time\" content=\"2016-06-07T15:59:25+00:00\" \/>\n<meta property=\"article:modified_time\" content=\"2016-11-01T22:24:16+00:00\" \/>\n<meta property=\"og:image\" content=\"https:\/\/www.fraterinternacional.org\/wp-content\/uploads\/2016\/06\/caes_vac_londrina1.jpg\" \/>\n\t<meta property=\"og:image:width\" content=\"690\" \/>\n\t<meta property=\"og:image:height\" content=\"388\" \/>\n\t<meta property=\"og:image:type\" content=\"image\/jpeg\" \/>\n<meta name=\"author\" content=\"Nelson Frater\" \/>\n<meta name=\"twitter:card\" content=\"summary_large_image\" \/>\n<meta name=\"twitter:creator\" content=\"@fraternidadeFHI\" \/>\n<meta name=\"twitter:site\" content=\"@fraternidadeFHI\" \/>\n<meta name=\"twitter:label1\" content=\"Written by\" \/>\n\t<meta name=\"twitter:data1\" content=\"Nelson Frater\" \/>\n\t<meta name=\"twitter:label2\" content=\"Est. reading time\" \/>\n\t<meta name=\"twitter:data2\" content=\"2 minutes\" \/>\n<script type=\"application\/ld+json\" class=\"yoast-schema-graph\">{\"@context\":\"https:\/\/schema.org\",\"@graph\":[{\"@type\":\"WebPage\",\"@id\":\"https:\/\/www.fraterinternacional.org\/en\/circuit-south-launch-book-living-love-dogs-closes\/\",\"url\":\"https:\/\/www.fraterinternacional.org\/en\/circuit-south-launch-book-living-love-dogs-closes\/\",\"name\":\"Circuit South launch of the book \u2018Living the Love for the Dogs\u2019 closes -\",\"isPartOf\":{\"@id\":\"https:\/\/www.fraterinternacional.org\/es\/#website\"},\"datePublished\":\"2016-06-07T15:59:25+00:00\",\"dateModified\":\"2016-11-01T22:24:16+00:00\",\"author\":{\"@id\":\"https:\/\/www.fraterinternacional.org\/es\/#\/schema\/person\/facd24ae5f7e6b4ee1aeec7ad1b960ae\"},\"description\":\"The Circuit of itinerant launches of the book \u2018Living the Love for the Dogs\u2019 in the South region lasted for 25 days and was present in nine cities.\",\"breadcrumb\":{\"@id\":\"https:\/\/www.fraterinternacional.org\/en\/circuit-south-launch-book-living-love-dogs-closes\/#breadcrumb\"},\"inLanguage\":\"en-US\",\"potentialAction\":[{\"@type\":\"ReadAction\",\"target\":[\"https:\/\/www.fraterinternacional.org\/en\/circuit-south-launch-book-living-love-dogs-closes\/\"]}]},{\"@type\":\"BreadcrumbList\",\"@id\":\"https:\/\/www.fraterinternacional.org\/en\/circuit-south-launch-book-living-love-dogs-closes\/#breadcrumb\",\"itemListElement\":[{\"@type\":\"ListItem\",\"position\":1,\"name\":\"In\u00edcio\",\"item\":\"https:\/\/www.fraterinternacional.org\/en\/\"},{\"@type\":\"ListItem\",\"position\":2,\"name\":\"Circuit South launch of the book \u2018Living the Love for the Dogs\u2019 closes\"}]},{\"@type\":\"WebSite\",\"@id\":\"https:\/\/www.fraterinternacional.org\/es\/#website\",\"url\":\"https:\/\/www.fraterinternacional.org\/es\/\",\"name\":\"Fraternidade - Federa\u00e7\u00e3o Humanit\u00e1ria Internacional\",\"description\":\"Fraternidade - Federa\u00e7\u00e3o Humanit\u00e1ria Internacional\",\"potentialAction\":[{\"@type\":\"SearchAction\",\"target\":{\"@type\":\"EntryPoint\",\"urlTemplate\":\"https:\/\/www.fraterinternacional.org\/es\/?s={search_term_string}\"},\"query-input\":\"required name=search_term_string\"}],\"inLanguage\":\"en-US\"},{\"@type\":\"Person\",\"@id\":\"https:\/\/www.fraterinternacional.org\/es\/#\/schema\/person\/facd24ae5f7e6b4ee1aeec7ad1b960ae\",\"name\":\"Nelson Frater\"}]}<\/script>\n<!-- \/ Yoast SEO Premium plugin. -->","yoast_head_json":{"title":"Circuit South launch of the book \u2018Living the Love for the Dogs\u2019 closes -","description":"The Circuit of itinerant launches of the book \u2018Living the Love for the Dogs\u2019 in the South region lasted for 25 days and was present in nine cities.","robots":{"index":"index","follow":"follow","max-snippet":"max-snippet:-1","max-image-preview":"max-image-preview:large","max-video-preview":"max-video-preview:-1"},"canonical":"https:\/\/www.fraterinternacional.org\/en\/circuit-south-launch-book-living-love-dogs-closes\/","og_locale":"en_US","og_type":"article","og_title":"Circuit South launch of the book \u2018Living the Love for the Dogs\u2019 closes","og_description":"The Circuit of itinerant launches of the book \u2018Living the Love for the Dogs\u2019 in the South region lasted for 25 days and was present in nine cities.","og_url":"https:\/\/www.fraterinternacional.org\/en\/circuit-south-launch-book-living-love-dogs-closes\/","og_site_name":"Fraternidade - Federa\u00e7\u00e3o Humanit\u00e1ria Internacional","article_publisher":"https:\/\/www.facebook.com\/fraternidadehumanitaria","article_published_time":"2016-06-07T15:59:25+00:00","article_modified_time":"2016-11-01T22:24:16+00:00","og_image":[{"width":690,"height":388,"url":"https:\/\/www.fraterinternacional.org\/wp-content\/uploads\/2016\/06\/caes_vac_londrina1.jpg","type":"image\/jpeg"}],"author":"Nelson Frater","twitter_card":"summary_large_image","twitter_creator":"@fraternidadeFHI","twitter_site":"@fraternidadeFHI","twitter_misc":{"Written by":"Nelson Frater","Est. reading time":"2 minutes"},"schema":{"@context":"https:\/\/schema.org","@graph":[{"@type":"WebPage","@id":"https:\/\/www.fraterinternacional.org\/en\/circuit-south-launch-book-living-love-dogs-closes\/","url":"https:\/\/www.fraterinternacional.org\/en\/circuit-south-launch-book-living-love-dogs-closes\/","name":"Circuit South launch of the book \u2018Living the Love for the Dogs\u2019 closes -","isPartOf":{"@id":"https:\/\/www.fraterinternacional.org\/es\/#website"},"datePublished":"2016-06-07T15:59:25+00:00","dateModified":"2016-11-01T22:24:16+00:00","author":{"@id":"https:\/\/www.fraterinternacional.org\/es\/#\/schema\/person\/facd24ae5f7e6b4ee1aeec7ad1b960ae"},"description":"The Circuit of itinerant launches of the book \u2018Living the Love for the Dogs\u2019 in the South region lasted for 25 days and was present in nine cities.","breadcrumb":{"@id":"https:\/\/www.fraterinternacional.org\/en\/circuit-south-launch-book-living-love-dogs-closes\/#breadcrumb"},"inLanguage":"en-US","potentialAction":[{"@type":"ReadAction","target":["https:\/\/www.fraterinternacional.org\/en\/circuit-south-launch-book-living-love-dogs-closes\/"]}]},{"@type":"BreadcrumbList","@id":"https:\/\/www.fraterinternacional.org\/en\/circuit-south-launch-book-living-love-dogs-closes\/#breadcrumb","itemListElement":[{"@type":"ListItem","position":1,"name":"In\u00edcio","item":"https:\/\/www.fraterinternacional.org\/en\/"},{"@type":"ListItem","position":2,"name":"Circuit South launch of the book \u2018Living the Love for the Dogs\u2019 closes"}]},{"@type":"WebSite","@id":"https:\/\/www.fraterinternacional.org\/es\/#website","url":"https:\/\/www.fraterinternacional.org\/es\/","name":"Fraternidade - Federa\u00e7\u00e3o Humanit\u00e1ria Internacional","description":"Fraternidade - Federa\u00e7\u00e3o Humanit\u00e1ria Internacional","potentialAction":[{"@type":"SearchAction","target":{"@type":"EntryPoint","urlTemplate":"https:\/\/www.fraterinternacional.org\/es\/?s={search_term_string}"},"query-input":"required name=search_term_string"}],"inLanguage":"en-US"},{"@type":"Person","@id":"https:\/\/www.fraterinternacional.org\/es\/#\/schema\/person\/facd24ae5f7e6b4ee1aeec7ad1b960ae","name":"Nelson Frater"}]}},"_links":{"self":[{"href":"https:\/\/www.fraterinternacional.org\/en\/wp-json\/wp\/v2\/posts\/21367"}],"collection":[{"href":"https:\/\/www.fraterinternacional.org\/en\/wp-json\/wp\/v2\/posts"}],"about":[{"href":"https:\/\/www.fraterinternacional.org\/en\/wp-json\/wp\/v2\/types\/post"}],"author":[{"embeddable":true,"href":"https:\/\/www.fraterinternacional.org\/en\/wp-json\/wp\/v2\/users\/11"}],"replies":[{"embeddable":true,"href":"https:\/\/www.fraterinternacional.org\/en\/wp-json\/wp\/v2\/comments?post=21367"}],"version-history":[{"count":0,"href":"https:\/\/www.fraterinternacional.org\/en\/wp-json\/wp\/v2\/posts\/21367\/revisions"}],"wp:featuredmedia":[{"embeddable":true,"href":"https:\/\/www.fraterinternacional.org\/en\/wp-json\/wp\/v2\/media\/21284"}],"wp:attachment":[{"href":"https:\/\/www.fraterinternacional.org\/en\/wp-json\/wp\/v2\/media?parent=21367"}],"wp:term":[{"taxonomy":"category","embeddable":true,"href":"https:\/\/www.fraterinternacional.org\/en\/wp-json\/wp\/v2\/categories?post=21367"},{"taxonomy":"post_tag","embeddable":true,"href":"https:\/\/www.fraterinternacional.org\/en\/wp-json\/wp\/v2\/tags?post=21367"}],"curies":[{"name":"wp","href":"https:\/\/api.w.org\/{rel}","templated":true}]}}