{"id":19656,"date":"2016-05-21T17:35:11","date_gmt":"2016-05-21T20:35:11","guid":{"rendered":"http:\/\/www.fraterinternacional.org\/en\/?p=19656"},"modified":"2016-11-01T19:24:40","modified_gmt":"2016-11-01T22:24:40","slug":"sao-bento-do-sul-launch-book-living-love-dogs","status":"publish","type":"post","link":"https:\/\/www.fraterinternacional.org\/en\/sao-bento-do-sul-launch-book-living-love-dogs\/","title":{"rendered":"S\u00e3o Bento do Sul receives events of launch of the book \u2018Living the Love for the Dogs\u2019"},"content":{"rendered":"<p style=\"text-align: justify;\">The city of S\u00e3o Bento do Sul, in the state of Santa Catarina, Brazil, has received the events of the launch of the second edition of the <a href=\"http:\/\/www.irdin.org.br\/acervo\/detalhes\/13084\" target=\"_blank\">book<\/a> \u2018Viver o Amor aos C\u00e3es\u2019 (Living the Love for the Dogs), by Ana Regina Nogueira. The book tells the story of a group of volunteers that transform a slaughterhouse into a joyful kennel, a school of love.<\/p>\n<p style=\"text-align: justify;\"><a href=\"http:\/\/www.fraterinternacional.org\/wp-content\/uploads\/2016\/05\/caes_vac_sao_bento_sul2.jpg\"><img decoding=\"async\" class=\"size-medium wp-image-19599 alignleft\" src=\"http:\/\/www.fraterinternacional.org\/wp-content\/uploads\/2016\/05\/caes_vac_sao_bento_sul2-300x169.jpg\" alt=\"caes_vac_sao_bento_sul2\" width=\"300\" height=\"169\" srcset=\"https:\/\/www.fraterinternacional.org\/wp-content\/uploads\/2016\/05\/caes_vac_sao_bento_sul2-200x112.jpg 200w, https:\/\/www.fraterinternacional.org\/wp-content\/uploads\/2016\/05\/caes_vac_sao_bento_sul2-300x169.jpg 300w, https:\/\/www.fraterinternacional.org\/wp-content\/uploads\/2016\/05\/caes_vac_sao_bento_sul2-400x225.jpg 400w, https:\/\/www.fraterinternacional.org\/wp-content\/uploads\/2016\/05\/caes_vac_sao_bento_sul2-600x337.jpg 600w, https:\/\/www.fraterinternacional.org\/wp-content\/uploads\/2016\/05\/caes_vac_sao_bento_sul2.jpg 690w\" sizes=\"(max-width: 300px) 100vw, 300px\" \/><\/a>The events in the city began on May 9, when the authoress of the book gave an interview on the Radio 89 FM. Other communication vehicles also disseminated the work: a local newspaper published a report about the book and a magazine published an article about the event of launch.<\/p>\n<p style=\"text-align: justify;\">On May 10, the public event of book launch took place in the Commercial and Industrial Association of S\u00e3o Bento do Sul (ACISBS), where about 90 people attended and so did a little female dog by the name of Theodora.<br \/>\n<a href=\"http:\/\/www.fraterinternacional.org\/wp-content\/uploads\/2016\/05\/caes_vac_sao_bento_sul3.jpg\"><img decoding=\"async\" class=\"alignright size-medium wp-image-19602\" src=\"http:\/\/www.fraterinternacional.org\/wp-content\/uploads\/2016\/05\/caes_vac_sao_bento_sul3-300x169.jpg\" alt=\"caes_vac_sao_bento_sul3\" width=\"300\" height=\"169\" srcset=\"https:\/\/www.fraterinternacional.org\/wp-content\/uploads\/2016\/05\/caes_vac_sao_bento_sul3-200x112.jpg 200w, https:\/\/www.fraterinternacional.org\/wp-content\/uploads\/2016\/05\/caes_vac_sao_bento_sul3-300x169.jpg 300w, https:\/\/www.fraterinternacional.org\/wp-content\/uploads\/2016\/05\/caes_vac_sao_bento_sul3-400x225.jpg 400w, https:\/\/www.fraterinternacional.org\/wp-content\/uploads\/2016\/05\/caes_vac_sao_bento_sul3-600x337.jpg 600w, https:\/\/www.fraterinternacional.org\/wp-content\/uploads\/2016\/05\/caes_vac_sao_bento_sul3.jpg 690w\" sizes=\"(max-width: 300px) 100vw, 300px\" \/><\/a>Ana Regina Nogueira began the event autographing 44 books, while she was accompanied by a presentation of a violin player. Then one of the 42 stories of the second part of the book was told by a story teller, followed by the exhibition of an audiovisual, and then the authoress gave a lecture.<\/p>\n<p style=\"text-align: justify;\">The dissemination and organization of the events in the city were done by the <a href=\"\/?page_id=6393\">Network-of-Light<\/a> of S\u00e3o Bento do Sul (composed by 2 members), the livraria Boulevard Bookstore and by the Associa\u00e7\u00e3o Protetora dos Animais (APA \u2013 Protecting Animal Association)<br \/>\n\u2018It was the committed and altruistic people who attracted the exact number of souls to fit the seats in the hall, not one less, not one more\u2019, said Sandra Brand, the coordinator of the Network-of-Light of S\u00e3o Bento do Sul.<\/p>\n<p style=\"text-align: justify;\"><a href=\"http:\/\/www.fraterinternacional.org\/wp-content\/uploads\/2016\/05\/caes_vac_sao_bento_sul1.jpg\"><img decoding=\"async\" class=\"size-medium wp-image-19605 alignleft\" src=\"http:\/\/www.fraterinternacional.org\/wp-content\/uploads\/2016\/05\/caes_vac_sao_bento_sul1-300x169.jpg\" alt=\"caes_vac_sao_bento_sul1\" width=\"300\" height=\"169\" srcset=\"https:\/\/www.fraterinternacional.org\/wp-content\/uploads\/2016\/05\/caes_vac_sao_bento_sul1-200x112.jpg 200w, https:\/\/www.fraterinternacional.org\/wp-content\/uploads\/2016\/05\/caes_vac_sao_bento_sul1-300x169.jpg 300w, https:\/\/www.fraterinternacional.org\/wp-content\/uploads\/2016\/05\/caes_vac_sao_bento_sul1-400x225.jpg 400w, https:\/\/www.fraterinternacional.org\/wp-content\/uploads\/2016\/05\/caes_vac_sao_bento_sul1-600x337.jpg 600w, https:\/\/www.fraterinternacional.org\/wp-content\/uploads\/2016\/05\/caes_vac_sao_bento_sul1.jpg 690w\" sizes=\"(max-width: 300px) 100vw, 300px\" \/><\/a>What specially drew the attention of the Network-of-Light groups present in the event was the spirit of collaboration of the people from the city, \u2018the example of cooperation and fraternity manifested by the city of S\u00e3o Bento do Sul was unparalleled\u2019, affirmed Fl\u00e1via and L\u00facia, the coordinator of the Network-of-Light of the South region.<\/p>\n<p>Listen to the interview in the Radio 89 FM, <a href=\"https:\/\/soundcloud.com\/fraterinternacional\/livro-viver-amor-caes-entrevista-radio-89-fm\" target=\"_blank\">here<\/a><\/p>\n","protected":false},"excerpt":{"rendered":"<p>The city of S\u00e3o Bento do Sul, in the state of Santa Catarina, Brazil, has received the events of the [&hellip;]<\/p>\n","protected":false},"author":11,"featured_media":19597,"comment_status":"closed","ping_status":"closed","sticky":false,"template":"","format":"standard","meta":{"footnotes":""},"categories":[121,150],"tags":[102],"class_list":["post-19656","post","type-post","status-publish","format-standard","has-post-thumbnail","hentry","category-network-of-light","category-news","tag-love-and-service-to-the-kingdoms"],"yoast_head":"<!-- This site is optimized with the Yoast SEO Premium plugin v21.0 (Yoast SEO v21.0) - https:\/\/yoast.com\/wordpress\/plugins\/seo\/ -->\n<title>S\u00e3o Bento do Sul receives events of launch of the book \u2018Living the Love for the Dogs\u2019 -<\/title>\n<meta name=\"description\" content=\"The city of S\u00e3o Bento do Sul, SC, received the events of launch of the book \u2018Living the Love for the Dogs\u2019, with great spirit of collaboration.\" \/>\n<meta name=\"robots\" content=\"index, follow, max-snippet:-1, max-image-preview:large, max-video-preview:-1\" \/>\n<link rel=\"canonical\" href=\"https:\/\/www.fraterinternacional.org\/en\/sao-bento-do-sul-launch-book-living-love-dogs\/\" \/>\n<meta property=\"og:locale\" content=\"en_US\" \/>\n<meta property=\"og:type\" content=\"article\" \/>\n<meta property=\"og:title\" content=\"S\u00e3o Bento do Sul receives events of launch of the book \u2018Living the Love for the Dogs\u2019\" \/>\n<meta property=\"og:description\" content=\"The city of S\u00e3o Bento do Sul, SC, received the events of launch of the book \u2018Living the Love for the Dogs\u2019, with great spirit of collaboration.\" \/>\n<meta property=\"og:url\" content=\"https:\/\/www.fraterinternacional.org\/en\/sao-bento-do-sul-launch-book-living-love-dogs\/\" \/>\n<meta property=\"og:site_name\" content=\"Fraternidade - Federa\u00e7\u00e3o Humanit\u00e1ria Internacional\" \/>\n<meta property=\"article:publisher\" content=\"https:\/\/www.facebook.com\/fraternidadehumanitaria\" \/>\n<meta property=\"article:published_time\" content=\"2016-05-21T20:35:11+00:00\" \/>\n<meta property=\"article:modified_time\" content=\"2016-11-01T22:24:40+00:00\" \/>\n<meta property=\"og:image\" content=\"https:\/\/www.fraterinternacional.org\/wp-content\/uploads\/2016\/05\/caes_vac_sao_bento_sul4.jpg\" \/>\n\t<meta property=\"og:image:width\" content=\"690\" \/>\n\t<meta property=\"og:image:height\" content=\"388\" \/>\n\t<meta property=\"og:image:type\" content=\"image\/jpeg\" \/>\n<meta name=\"author\" content=\"Nelson Frater\" \/>\n<meta name=\"twitter:card\" content=\"summary_large_image\" \/>\n<meta name=\"twitter:creator\" content=\"@fraternidadeFHI\" \/>\n<meta name=\"twitter:site\" content=\"@fraternidadeFHI\" \/>\n<meta name=\"twitter:label1\" content=\"Written by\" \/>\n\t<meta name=\"twitter:data1\" content=\"Nelson Frater\" \/>\n\t<meta name=\"twitter:label2\" content=\"Est. reading time\" \/>\n\t<meta name=\"twitter:data2\" content=\"2 minutes\" \/>\n<script type=\"application\/ld+json\" class=\"yoast-schema-graph\">{\"@context\":\"https:\/\/schema.org\",\"@graph\":[{\"@type\":\"WebPage\",\"@id\":\"https:\/\/www.fraterinternacional.org\/en\/sao-bento-do-sul-launch-book-living-love-dogs\/\",\"url\":\"https:\/\/www.fraterinternacional.org\/en\/sao-bento-do-sul-launch-book-living-love-dogs\/\",\"name\":\"S\u00e3o Bento do Sul receives events of launch of the book \u2018Living the Love for the Dogs\u2019 -\",\"isPartOf\":{\"@id\":\"https:\/\/www.fraterinternacional.org\/es\/#website\"},\"datePublished\":\"2016-05-21T20:35:11+00:00\",\"dateModified\":\"2016-11-01T22:24:40+00:00\",\"author\":{\"@id\":\"https:\/\/www.fraterinternacional.org\/es\/#\/schema\/person\/facd24ae5f7e6b4ee1aeec7ad1b960ae\"},\"description\":\"The city of S\u00e3o Bento do Sul, SC, received the events of launch of the book \u2018Living the Love for the Dogs\u2019, with great spirit of collaboration.\",\"breadcrumb\":{\"@id\":\"https:\/\/www.fraterinternacional.org\/en\/sao-bento-do-sul-launch-book-living-love-dogs\/#breadcrumb\"},\"inLanguage\":\"en-US\",\"potentialAction\":[{\"@type\":\"ReadAction\",\"target\":[\"https:\/\/www.fraterinternacional.org\/en\/sao-bento-do-sul-launch-book-living-love-dogs\/\"]}]},{\"@type\":\"BreadcrumbList\",\"@id\":\"https:\/\/www.fraterinternacional.org\/en\/sao-bento-do-sul-launch-book-living-love-dogs\/#breadcrumb\",\"itemListElement\":[{\"@type\":\"ListItem\",\"position\":1,\"name\":\"In\u00edcio\",\"item\":\"https:\/\/www.fraterinternacional.org\/en\/\"},{\"@type\":\"ListItem\",\"position\":2,\"name\":\"S\u00e3o Bento do Sul receives events of launch of the book \u2018Living the Love for the Dogs\u2019\"}]},{\"@type\":\"WebSite\",\"@id\":\"https:\/\/www.fraterinternacional.org\/es\/#website\",\"url\":\"https:\/\/www.fraterinternacional.org\/es\/\",\"name\":\"Fraternidade - Federa\u00e7\u00e3o Humanit\u00e1ria Internacional\",\"description\":\"Fraternidade - Federa\u00e7\u00e3o Humanit\u00e1ria Internacional\",\"potentialAction\":[{\"@type\":\"SearchAction\",\"target\":{\"@type\":\"EntryPoint\",\"urlTemplate\":\"https:\/\/www.fraterinternacional.org\/es\/?s={search_term_string}\"},\"query-input\":\"required name=search_term_string\"}],\"inLanguage\":\"en-US\"},{\"@type\":\"Person\",\"@id\":\"https:\/\/www.fraterinternacional.org\/es\/#\/schema\/person\/facd24ae5f7e6b4ee1aeec7ad1b960ae\",\"name\":\"Nelson Frater\"}]}<\/script>\n<!-- \/ Yoast SEO Premium plugin. -->","yoast_head_json":{"title":"S\u00e3o Bento do Sul receives events of launch of the book \u2018Living the Love for the Dogs\u2019 -","description":"The city of S\u00e3o Bento do Sul, SC, received the events of launch of the book \u2018Living the Love for the Dogs\u2019, with great spirit of collaboration.","robots":{"index":"index","follow":"follow","max-snippet":"max-snippet:-1","max-image-preview":"max-image-preview:large","max-video-preview":"max-video-preview:-1"},"canonical":"https:\/\/www.fraterinternacional.org\/en\/sao-bento-do-sul-launch-book-living-love-dogs\/","og_locale":"en_US","og_type":"article","og_title":"S\u00e3o Bento do Sul receives events of launch of the book \u2018Living the Love for the Dogs\u2019","og_description":"The city of S\u00e3o Bento do Sul, SC, received the events of launch of the book \u2018Living the Love for the Dogs\u2019, with great spirit of collaboration.","og_url":"https:\/\/www.fraterinternacional.org\/en\/sao-bento-do-sul-launch-book-living-love-dogs\/","og_site_name":"Fraternidade - Federa\u00e7\u00e3o Humanit\u00e1ria Internacional","article_publisher":"https:\/\/www.facebook.com\/fraternidadehumanitaria","article_published_time":"2016-05-21T20:35:11+00:00","article_modified_time":"2016-11-01T22:24:40+00:00","og_image":[{"width":690,"height":388,"url":"https:\/\/www.fraterinternacional.org\/wp-content\/uploads\/2016\/05\/caes_vac_sao_bento_sul4.jpg","type":"image\/jpeg"}],"author":"Nelson Frater","twitter_card":"summary_large_image","twitter_creator":"@fraternidadeFHI","twitter_site":"@fraternidadeFHI","twitter_misc":{"Written by":"Nelson Frater","Est. reading time":"2 minutes"},"schema":{"@context":"https:\/\/schema.org","@graph":[{"@type":"WebPage","@id":"https:\/\/www.fraterinternacional.org\/en\/sao-bento-do-sul-launch-book-living-love-dogs\/","url":"https:\/\/www.fraterinternacional.org\/en\/sao-bento-do-sul-launch-book-living-love-dogs\/","name":"S\u00e3o Bento do Sul receives events of launch of the book \u2018Living the Love for the Dogs\u2019 -","isPartOf":{"@id":"https:\/\/www.fraterinternacional.org\/es\/#website"},"datePublished":"2016-05-21T20:35:11+00:00","dateModified":"2016-11-01T22:24:40+00:00","author":{"@id":"https:\/\/www.fraterinternacional.org\/es\/#\/schema\/person\/facd24ae5f7e6b4ee1aeec7ad1b960ae"},"description":"The city of S\u00e3o Bento do Sul, SC, received the events of launch of the book \u2018Living the Love for the Dogs\u2019, with great spirit of collaboration.","breadcrumb":{"@id":"https:\/\/www.fraterinternacional.org\/en\/sao-bento-do-sul-launch-book-living-love-dogs\/#breadcrumb"},"inLanguage":"en-US","potentialAction":[{"@type":"ReadAction","target":["https:\/\/www.fraterinternacional.org\/en\/sao-bento-do-sul-launch-book-living-love-dogs\/"]}]},{"@type":"BreadcrumbList","@id":"https:\/\/www.fraterinternacional.org\/en\/sao-bento-do-sul-launch-book-living-love-dogs\/#breadcrumb","itemListElement":[{"@type":"ListItem","position":1,"name":"In\u00edcio","item":"https:\/\/www.fraterinternacional.org\/en\/"},{"@type":"ListItem","position":2,"name":"S\u00e3o Bento do Sul receives events of launch of the book \u2018Living the Love for the Dogs\u2019"}]},{"@type":"WebSite","@id":"https:\/\/www.fraterinternacional.org\/es\/#website","url":"https:\/\/www.fraterinternacional.org\/es\/","name":"Fraternidade - Federa\u00e7\u00e3o Humanit\u00e1ria Internacional","description":"Fraternidade - Federa\u00e7\u00e3o Humanit\u00e1ria Internacional","potentialAction":[{"@type":"SearchAction","target":{"@type":"EntryPoint","urlTemplate":"https:\/\/www.fraterinternacional.org\/es\/?s={search_term_string}"},"query-input":"required name=search_term_string"}],"inLanguage":"en-US"},{"@type":"Person","@id":"https:\/\/www.fraterinternacional.org\/es\/#\/schema\/person\/facd24ae5f7e6b4ee1aeec7ad1b960ae","name":"Nelson Frater"}]}},"_links":{"self":[{"href":"https:\/\/www.fraterinternacional.org\/en\/wp-json\/wp\/v2\/posts\/19656"}],"collection":[{"href":"https:\/\/www.fraterinternacional.org\/en\/wp-json\/wp\/v2\/posts"}],"about":[{"href":"https:\/\/www.fraterinternacional.org\/en\/wp-json\/wp\/v2\/types\/post"}],"author":[{"embeddable":true,"href":"https:\/\/www.fraterinternacional.org\/en\/wp-json\/wp\/v2\/users\/11"}],"replies":[{"embeddable":true,"href":"https:\/\/www.fraterinternacional.org\/en\/wp-json\/wp\/v2\/comments?post=19656"}],"version-history":[{"count":0,"href":"https:\/\/www.fraterinternacional.org\/en\/wp-json\/wp\/v2\/posts\/19656\/revisions"}],"wp:featuredmedia":[{"embeddable":true,"href":"https:\/\/www.fraterinternacional.org\/en\/wp-json\/wp\/v2\/media\/19597"}],"wp:attachment":[{"href":"https:\/\/www.fraterinternacional.org\/en\/wp-json\/wp\/v2\/media?parent=19656"}],"wp:term":[{"taxonomy":"category","embeddable":true,"href":"https:\/\/www.fraterinternacional.org\/en\/wp-json\/wp\/v2\/categories?post=19656"},{"taxonomy":"post_tag","embeddable":true,"href":"https:\/\/www.fraterinternacional.org\/en\/wp-json\/wp\/v2\/tags?post=19656"}],"curies":[{"name":"wp","href":"https:\/\/api.w.org\/{rel}","templated":true}]}}