{"id":19520,"date":"2016-05-19T15:18:04","date_gmt":"2016-05-19T18:18:04","guid":{"rendered":"http:\/\/www.fraterinternacional.org\/en\/?p=19520"},"modified":"2016-11-01T19:24:42","modified_gmt":"2016-11-01T22:24:42","slug":"founders-francis-assisi-park-participate-launch-living-love-dogs-florianopolis","status":"publish","type":"post","link":"https:\/\/www.fraterinternacional.org\/en\/founders-francis-assisi-park-participate-launch-living-love-dogs-florianopolis\/","title":{"rendered":"Founders of the Francis of Assisi Park participate in the launch of the book \u2018Living the Love for the Dogs\u2019 in Florian\u00f3polis"},"content":{"rendered":"<p style=\"text-align: justify;\">Florian\u00f3polis was the fourth city in the South of Brazil to receive the events of the launch of the second edition of the <a href=\"http:\/\/www.irdin.org.br\/acervo\/detalhes\/13084\" target=\"_blank\">book<\/a> \u2018Viver o Amor aos C\u00e3es\u2019 (Living the Love for the Dogs), by Ana Regina Nogueira. The Authoress was accompanied by the founders of the <a href=\"http:\/\/www.parquefranciscodeassis.com.br\/site\/paginas\/the-action-of-a-group-of-love\/\" target=\"_blank\">Francis of Assisi Park<\/a>, who also participated in the meetings.<\/p>\n<p style=\"text-align: justify;\"><a href=\"http:\/\/www.fraterinternacional.org\/wp-content\/uploads\/2016\/05\/caes_vac_floripa7.jpg\"><img decoding=\"async\" class=\"wp-image-19724 size-medium alignleft\" src=\"http:\/\/www.fraterinternacional.org\/wp-content\/uploads\/2016\/05\/caes_vac_floripa7-300x169.jpg\" width=\"300\" height=\"169\" srcset=\"https:\/\/www.fraterinternacional.org\/wp-content\/uploads\/2016\/05\/caes_vac_floripa7-200x112.jpg 200w, https:\/\/www.fraterinternacional.org\/wp-content\/uploads\/2016\/05\/caes_vac_floripa7-300x169.jpg 300w, https:\/\/www.fraterinternacional.org\/wp-content\/uploads\/2016\/05\/caes_vac_floripa7-400x225.jpg 400w, https:\/\/www.fraterinternacional.org\/wp-content\/uploads\/2016\/05\/caes_vac_floripa7-600x337.jpg 600w, https:\/\/www.fraterinternacional.org\/wp-content\/uploads\/2016\/05\/caes_vac_floripa7.jpg 690w\" sizes=\"(max-width: 300px) 100vw, 300px\" \/><\/a>On May 11, the authoress gave a lecture to thirty-two people in the Institute of Naturology of the University of the South of Santa Catarina (UNISUL).<br \/>\nIn the following day, Ana gave interviews to the Radio CBN, to the TV Record and to the TV of the Legislative Assembly, the latter with the participation of other founders of the Park. At night, a lecture was given at Association Sagres for 105 people and 3 dogs, with the main theme of \u2018Unity\u2019.<br \/>\n\u2018There was an extraordinary response, especially among the youth. Many came to tell me how much this lecture had touched them concerning Unity\u2019, said Ana Regina Nogueira.<\/p>\n<p style=\"text-align: justify;\"><a href=\"http:\/\/www.fraterinternacional.org\/wp-content\/uploads\/2016\/05\/caes_vac_Floripa_2.jpg\"><img decoding=\"async\" class=\"alignright wp-image-19440 size-medium\" src=\"http:\/\/www.fraterinternacional.org\/wp-content\/uploads\/2016\/05\/caes_vac_Floripa_2-300x169.jpg\" width=\"300\" height=\"169\" srcset=\"https:\/\/www.fraterinternacional.org\/wp-content\/uploads\/2016\/05\/caes_vac_Floripa_2-200x112.jpg 200w, https:\/\/www.fraterinternacional.org\/wp-content\/uploads\/2016\/05\/caes_vac_Floripa_2-300x169.jpg 300w, https:\/\/www.fraterinternacional.org\/wp-content\/uploads\/2016\/05\/caes_vac_Floripa_2-400x225.jpg 400w, https:\/\/www.fraterinternacional.org\/wp-content\/uploads\/2016\/05\/caes_vac_Floripa_2-600x337.jpg 600w, https:\/\/www.fraterinternacional.org\/wp-content\/uploads\/2016\/05\/caes_vac_Floripa_2.jpg 690w\" sizes=\"(max-width: 300px) 100vw, 300px\" \/><\/a>During the event, the founders of the Park told their stories and experiences of group work, trials and challenges they had faced. \u2018We showed that, from the moment we say yes to service, everything begins to happen. It was a very beautiful interaction between us and the audience\u2019, said Patr\u00edcia Arriel, one of the founders of the Francis of Assisi Park and treasurer of the Animal Protection Society of Lavras.<\/p>\n<p style=\"text-align: justify;\">On May 13, the lecture was in the Rosinha Campos State School, for about 150 teachers, coordinators and students. \u2018It was a new experience, because I had never participated in an event with such young children. It was a very good work, said Patr\u00edcia.<\/p>\n<p style=\"text-align: justify;\"><a href=\"http:\/\/www.fraterinternacional.org\/wp-content\/uploads\/2016\/05\/caes_vac_Floripa_3.jpg\"><img decoding=\"async\" class=\"alignleft wp-image-19443 size-medium\" src=\"http:\/\/www.fraterinternacional.org\/wp-content\/uploads\/2016\/05\/caes_vac_Floripa_3-300x169.jpg\" width=\"300\" height=\"169\" srcset=\"https:\/\/www.fraterinternacional.org\/wp-content\/uploads\/2016\/05\/caes_vac_Floripa_3-200x112.jpg 200w, https:\/\/www.fraterinternacional.org\/wp-content\/uploads\/2016\/05\/caes_vac_Floripa_3-300x169.jpg 300w, https:\/\/www.fraterinternacional.org\/wp-content\/uploads\/2016\/05\/caes_vac_Floripa_3-400x225.jpg 400w, https:\/\/www.fraterinternacional.org\/wp-content\/uploads\/2016\/05\/caes_vac_Floripa_3-600x337.jpg 600w, https:\/\/www.fraterinternacional.org\/wp-content\/uploads\/2016\/05\/caes_vac_Floripa_3.jpg 690w\" sizes=\"(max-width: 300px) 100vw, 300px\" \/><\/a>During the whole Circuit of launches in the South of Brazil, the authoress Ana Regina Nogueira is being accompanied by a pilgrim in missionary training in behalf of the Animal Kingdom, and by two members of the coordination of the <a href=\"\/?page_id=6393\">Network-of-Light<\/a> of the South of Brazil. \u2018The launches are organized by the local Network-of-Light, enabling all members to have an intense training in the organization and dissemination of the event. Each city, each event, each lecture is different from the others. It is done for that specific group of souls\u2019, said Ana Regina Nogueira.<\/p>\n<p style=\"text-align: justify;\"><a href=\"http:\/\/www.fraterinternacional.org\/wp-content\/uploads\/2016\/05\/caes_vac_floripa9.jpg\"><img decoding=\"async\" class=\"alignright  wp-image-19732\" src=\"http:\/\/www.fraterinternacional.org\/wp-content\/uploads\/2016\/05\/caes_vac_floripa9-257x300.jpg\" alt=\"caes_vac_floripa9\" width=\"199\" height=\"233\" srcset=\"https:\/\/www.fraterinternacional.org\/wp-content\/uploads\/2016\/05\/caes_vac_floripa9-200x233.jpg 200w, https:\/\/www.fraterinternacional.org\/wp-content\/uploads\/2016\/05\/caes_vac_floripa9-257x300.jpg 257w, https:\/\/www.fraterinternacional.org\/wp-content\/uploads\/2016\/05\/caes_vac_floripa9.jpg 343w\" sizes=\"(max-width: 199px) 100vw, 199px\" \/><\/a><\/p>\n<p style=\"text-align: justify;\">&#8216;Following this work from the beginning, I realize that the sowing done throughout the South of Brazil is one of Love, Inspiration, Hope and Service inspired by the Universal Mother on behalf of the Kingdoms of Nature\u2019, said Elemar Taffe, a Missionary in training.<\/p>\n<p style=\"text-align: justify;\">&#8216;Our task is to take the love and the beauty of the Kingdoms of Nature and, especially, those of the Animals, to the people who need them\u2019, said Lenilce Gomide, one of the founders of the Park and vice-President of the Animal Protection Society of Lavras.<\/p>\n<p style=\"text-align: justify;\">Watch the interview of the authoress at Record TV:<\/p>\n<p><center><div class=\"fusion-fullwidth fullwidth-box fusion-builder-row-1 hundred-percent-fullwidth non-hundred-percent-height-scrolling\" style=\"--awb-border-radius-top-left:0px;--awb-border-radius-top-right:0px;--awb-border-radius-bottom-right:0px;--awb-border-radius-bottom-left:0px;--awb-overflow:visible;--awb-flex-wrap:wrap;\" ><div class=\"fusion-builder-row fusion-row\"><div class=\"fusion-layout-column fusion_builder_column fusion-builder-column-0 fusion_builder_column_1_1 1_1 fusion-one-full fusion-column-first fusion-column-last fusion-column-no-min-height\" style=\"--awb-bg-size:cover;--awb-margin-bottom:0px;\"><div class=\"fusion-column-wrapper fusion-flex-column-wrapper-legacy\"><div class=\"fusion-video fusion-vimeo\" style=\"--awb-max-width:700px;--awb-max-height:400px;\"><div class=\"video-shortcode\"><div class=\"fluid-width-video-wrapper\" style=\"padding-top:57.14%;\" ><iframe title=\"Vimeo video player 1\" src=\"https:\/\/player.vimeo.com\/video\/167044859?autoplay=0&autopause=0\" width=\"700\" height=\"400\" allowfullscreen allow=\"autoplay; fullscreen\"><\/iframe><\/div><\/div><\/div><\/center><div class=\"fusion-clearfix\"><\/div><\/div><\/div><\/div><\/div><\/p>\n","protected":false},"excerpt":{"rendered":"<p>Florian\u00f3polis was the fourth city in the South of Brazil to receive the events of the launch of the second [&hellip;]<\/p>\n","protected":false},"author":11,"featured_media":19444,"comment_status":"closed","ping_status":"closed","sticky":false,"template":"","format":"standard","meta":{"footnotes":""},"categories":[150],"tags":[102],"class_list":["post-19520","post","type-post","status-publish","format-standard","has-post-thumbnail","hentry","category-news","tag-love-and-service-to-the-kingdoms"],"yoast_head":"<!-- This site is optimized with the Yoast SEO Premium plugin v21.0 (Yoast SEO v21.0) - https:\/\/yoast.com\/wordpress\/plugins\/seo\/ -->\n<title>Founders of the Francis of Assisi Park participate in the launch of the book \u2018Living the Love for the Dogs\u2019 in Florian\u00f3polis -<\/title>\n<meta name=\"description\" content=\"Founders of the Park participated in the events in the fourth city in the South of Brazil which received the launch of the \u2018Living the Love for the Dogs\u2019.\" \/>\n<meta name=\"robots\" content=\"index, follow, max-snippet:-1, max-image-preview:large, max-video-preview:-1\" \/>\n<link rel=\"canonical\" href=\"https:\/\/www.fraterinternacional.org\/en\/founders-francis-assisi-park-participate-launch-living-love-dogs-florianopolis\/\" \/>\n<meta property=\"og:locale\" content=\"en_US\" \/>\n<meta property=\"og:type\" content=\"article\" \/>\n<meta property=\"og:title\" content=\"Founders of the Francis of Assisi Park participate in the launch of the book \u2018Living the Love for the Dogs\u2019 in Florian\u00f3polis\" \/>\n<meta property=\"og:description\" content=\"Founders of the Park participated in the events in the fourth city in the South of Brazil which received the launch of the \u2018Living the Love for the Dogs\u2019.\" \/>\n<meta property=\"og:url\" content=\"https:\/\/www.fraterinternacional.org\/en\/founders-francis-assisi-park-participate-launch-living-love-dogs-florianopolis\/\" \/>\n<meta property=\"og:site_name\" content=\"Fraternidade - Federa\u00e7\u00e3o Humanit\u00e1ria Internacional\" \/>\n<meta property=\"article:publisher\" content=\"https:\/\/www.facebook.com\/fraternidadehumanitaria\" \/>\n<meta property=\"article:published_time\" content=\"2016-05-19T18:18:04+00:00\" \/>\n<meta property=\"article:modified_time\" content=\"2016-11-01T22:24:42+00:00\" \/>\n<meta property=\"og:image\" content=\"https:\/\/www.fraterinternacional.org\/wp-content\/uploads\/2016\/05\/caes_vac_Floripa_3.jpg\" \/>\n\t<meta property=\"og:image:width\" content=\"690\" \/>\n\t<meta property=\"og:image:height\" content=\"388\" \/>\n\t<meta property=\"og:image:type\" content=\"image\/jpeg\" \/>\n<meta name=\"author\" content=\"Nelson Frater\" \/>\n<meta name=\"twitter:card\" content=\"summary_large_image\" \/>\n<meta name=\"twitter:creator\" content=\"@fraternidadeFHI\" \/>\n<meta name=\"twitter:site\" content=\"@fraternidadeFHI\" \/>\n<meta name=\"twitter:label1\" content=\"Written by\" \/>\n\t<meta name=\"twitter:data1\" content=\"Nelson Frater\" \/>\n\t<meta name=\"twitter:label2\" content=\"Est. reading time\" \/>\n\t<meta name=\"twitter:data2\" content=\"3 minutes\" \/>\n<script type=\"application\/ld+json\" class=\"yoast-schema-graph\">{\"@context\":\"https:\/\/schema.org\",\"@graph\":[{\"@type\":\"WebPage\",\"@id\":\"https:\/\/www.fraterinternacional.org\/en\/founders-francis-assisi-park-participate-launch-living-love-dogs-florianopolis\/\",\"url\":\"https:\/\/www.fraterinternacional.org\/en\/founders-francis-assisi-park-participate-launch-living-love-dogs-florianopolis\/\",\"name\":\"Founders of the Francis of Assisi Park participate in the launch of the book \u2018Living the Love for the Dogs\u2019 in Florian\u00f3polis -\",\"isPartOf\":{\"@id\":\"https:\/\/www.fraterinternacional.org\/es\/#website\"},\"datePublished\":\"2016-05-19T18:18:04+00:00\",\"dateModified\":\"2016-11-01T22:24:42+00:00\",\"author\":{\"@id\":\"https:\/\/www.fraterinternacional.org\/es\/#\/schema\/person\/facd24ae5f7e6b4ee1aeec7ad1b960ae\"},\"description\":\"Founders of the Park participated in the events in the fourth city in the South of Brazil which received the launch of the \u2018Living the Love for the Dogs\u2019.\",\"breadcrumb\":{\"@id\":\"https:\/\/www.fraterinternacional.org\/en\/founders-francis-assisi-park-participate-launch-living-love-dogs-florianopolis\/#breadcrumb\"},\"inLanguage\":\"en-US\",\"potentialAction\":[{\"@type\":\"ReadAction\",\"target\":[\"https:\/\/www.fraterinternacional.org\/en\/founders-francis-assisi-park-participate-launch-living-love-dogs-florianopolis\/\"]}]},{\"@type\":\"BreadcrumbList\",\"@id\":\"https:\/\/www.fraterinternacional.org\/en\/founders-francis-assisi-park-participate-launch-living-love-dogs-florianopolis\/#breadcrumb\",\"itemListElement\":[{\"@type\":\"ListItem\",\"position\":1,\"name\":\"In\u00edcio\",\"item\":\"https:\/\/www.fraterinternacional.org\/en\/\"},{\"@type\":\"ListItem\",\"position\":2,\"name\":\"Founders of the Francis of Assisi Park participate in the launch of the book \u2018Living the Love for the Dogs\u2019 in Florian\u00f3polis\"}]},{\"@type\":\"WebSite\",\"@id\":\"https:\/\/www.fraterinternacional.org\/es\/#website\",\"url\":\"https:\/\/www.fraterinternacional.org\/es\/\",\"name\":\"Fraternidade - Federa\u00e7\u00e3o Humanit\u00e1ria Internacional\",\"description\":\"Fraternidade - Federa\u00e7\u00e3o Humanit\u00e1ria Internacional\",\"potentialAction\":[{\"@type\":\"SearchAction\",\"target\":{\"@type\":\"EntryPoint\",\"urlTemplate\":\"https:\/\/www.fraterinternacional.org\/es\/?s={search_term_string}\"},\"query-input\":\"required name=search_term_string\"}],\"inLanguage\":\"en-US\"},{\"@type\":\"Person\",\"@id\":\"https:\/\/www.fraterinternacional.org\/es\/#\/schema\/person\/facd24ae5f7e6b4ee1aeec7ad1b960ae\",\"name\":\"Nelson Frater\"}]}<\/script>\n<!-- \/ Yoast SEO Premium plugin. -->","yoast_head_json":{"title":"Founders of the Francis of Assisi Park participate in the launch of the book \u2018Living the Love for the Dogs\u2019 in Florian\u00f3polis -","description":"Founders of the Park participated in the events in the fourth city in the South of Brazil which received the launch of the \u2018Living the Love for the Dogs\u2019.","robots":{"index":"index","follow":"follow","max-snippet":"max-snippet:-1","max-image-preview":"max-image-preview:large","max-video-preview":"max-video-preview:-1"},"canonical":"https:\/\/www.fraterinternacional.org\/en\/founders-francis-assisi-park-participate-launch-living-love-dogs-florianopolis\/","og_locale":"en_US","og_type":"article","og_title":"Founders of the Francis of Assisi Park participate in the launch of the book \u2018Living the Love for the Dogs\u2019 in Florian\u00f3polis","og_description":"Founders of the Park participated in the events in the fourth city in the South of Brazil which received the launch of the \u2018Living the Love for the Dogs\u2019.","og_url":"https:\/\/www.fraterinternacional.org\/en\/founders-francis-assisi-park-participate-launch-living-love-dogs-florianopolis\/","og_site_name":"Fraternidade - Federa\u00e7\u00e3o Humanit\u00e1ria Internacional","article_publisher":"https:\/\/www.facebook.com\/fraternidadehumanitaria","article_published_time":"2016-05-19T18:18:04+00:00","article_modified_time":"2016-11-01T22:24:42+00:00","og_image":[{"width":690,"height":388,"url":"https:\/\/www.fraterinternacional.org\/wp-content\/uploads\/2016\/05\/caes_vac_Floripa_3.jpg","type":"image\/jpeg"}],"author":"Nelson Frater","twitter_card":"summary_large_image","twitter_creator":"@fraternidadeFHI","twitter_site":"@fraternidadeFHI","twitter_misc":{"Written by":"Nelson Frater","Est. reading time":"3 minutes"},"schema":{"@context":"https:\/\/schema.org","@graph":[{"@type":"WebPage","@id":"https:\/\/www.fraterinternacional.org\/en\/founders-francis-assisi-park-participate-launch-living-love-dogs-florianopolis\/","url":"https:\/\/www.fraterinternacional.org\/en\/founders-francis-assisi-park-participate-launch-living-love-dogs-florianopolis\/","name":"Founders of the Francis of Assisi Park participate in the launch of the book \u2018Living the Love for the Dogs\u2019 in Florian\u00f3polis -","isPartOf":{"@id":"https:\/\/www.fraterinternacional.org\/es\/#website"},"datePublished":"2016-05-19T18:18:04+00:00","dateModified":"2016-11-01T22:24:42+00:00","author":{"@id":"https:\/\/www.fraterinternacional.org\/es\/#\/schema\/person\/facd24ae5f7e6b4ee1aeec7ad1b960ae"},"description":"Founders of the Park participated in the events in the fourth city in the South of Brazil which received the launch of the \u2018Living the Love for the Dogs\u2019.","breadcrumb":{"@id":"https:\/\/www.fraterinternacional.org\/en\/founders-francis-assisi-park-participate-launch-living-love-dogs-florianopolis\/#breadcrumb"},"inLanguage":"en-US","potentialAction":[{"@type":"ReadAction","target":["https:\/\/www.fraterinternacional.org\/en\/founders-francis-assisi-park-participate-launch-living-love-dogs-florianopolis\/"]}]},{"@type":"BreadcrumbList","@id":"https:\/\/www.fraterinternacional.org\/en\/founders-francis-assisi-park-participate-launch-living-love-dogs-florianopolis\/#breadcrumb","itemListElement":[{"@type":"ListItem","position":1,"name":"In\u00edcio","item":"https:\/\/www.fraterinternacional.org\/en\/"},{"@type":"ListItem","position":2,"name":"Founders of the Francis of Assisi Park participate in the launch of the book \u2018Living the Love for the Dogs\u2019 in Florian\u00f3polis"}]},{"@type":"WebSite","@id":"https:\/\/www.fraterinternacional.org\/es\/#website","url":"https:\/\/www.fraterinternacional.org\/es\/","name":"Fraternidade - Federa\u00e7\u00e3o Humanit\u00e1ria Internacional","description":"Fraternidade - Federa\u00e7\u00e3o Humanit\u00e1ria Internacional","potentialAction":[{"@type":"SearchAction","target":{"@type":"EntryPoint","urlTemplate":"https:\/\/www.fraterinternacional.org\/es\/?s={search_term_string}"},"query-input":"required name=search_term_string"}],"inLanguage":"en-US"},{"@type":"Person","@id":"https:\/\/www.fraterinternacional.org\/es\/#\/schema\/person\/facd24ae5f7e6b4ee1aeec7ad1b960ae","name":"Nelson Frater"}]}},"_links":{"self":[{"href":"https:\/\/www.fraterinternacional.org\/en\/wp-json\/wp\/v2\/posts\/19520"}],"collection":[{"href":"https:\/\/www.fraterinternacional.org\/en\/wp-json\/wp\/v2\/posts"}],"about":[{"href":"https:\/\/www.fraterinternacional.org\/en\/wp-json\/wp\/v2\/types\/post"}],"author":[{"embeddable":true,"href":"https:\/\/www.fraterinternacional.org\/en\/wp-json\/wp\/v2\/users\/11"}],"replies":[{"embeddable":true,"href":"https:\/\/www.fraterinternacional.org\/en\/wp-json\/wp\/v2\/comments?post=19520"}],"version-history":[{"count":0,"href":"https:\/\/www.fraterinternacional.org\/en\/wp-json\/wp\/v2\/posts\/19520\/revisions"}],"wp:featuredmedia":[{"embeddable":true,"href":"https:\/\/www.fraterinternacional.org\/en\/wp-json\/wp\/v2\/media\/19444"}],"wp:attachment":[{"href":"https:\/\/www.fraterinternacional.org\/en\/wp-json\/wp\/v2\/media?parent=19520"}],"wp:term":[{"taxonomy":"category","embeddable":true,"href":"https:\/\/www.fraterinternacional.org\/en\/wp-json\/wp\/v2\/categories?post=19520"},{"taxonomy":"post_tag","embeddable":true,"href":"https:\/\/www.fraterinternacional.org\/en\/wp-json\/wp\/v2\/tags?post=19520"}],"curies":[{"name":"wp","href":"https:\/\/api.w.org\/{rel}","templated":true}]}}