{"id":17831,"date":"2016-05-03T00:05:33","date_gmt":"2016-05-03T03:05:33","guid":{"rendered":"http:\/\/www.fraterinternacional.org\/en\/?p=17831"},"modified":"2016-11-01T19:25:08","modified_gmt":"2016-11-01T22:25:08","slug":"missionaries-will-help-victims-of-the-hurricane-in-uruguay","status":"publish","type":"post","link":"https:\/\/www.fraterinternacional.org\/en\/missionaries-will-help-victims-of-the-hurricane-in-uruguay\/","title":{"rendered":"Missionaries will help victims of the hurricane in Uruguay"},"content":{"rendered":"<p><a href=\"http:\/\/www.fraterinternacional.org\/wp-content\/uploads\/2016\/05\/Mision-Uruguay-02.jpg\"><img decoding=\"async\" class=\"alignright wp-image-17812 size-medium\" src=\"http:\/\/www.fraterinternacional.org\/wp-content\/uploads\/2016\/05\/Mision-Uruguay-02-300x169.jpg\" alt=\"Mision Uruguay-02\" width=\"300\" height=\"169\" srcset=\"https:\/\/www.fraterinternacional.org\/wp-content\/uploads\/2016\/05\/Mision-Uruguay-02-200x112.jpg 200w, https:\/\/www.fraterinternacional.org\/wp-content\/uploads\/2016\/05\/Mision-Uruguay-02-300x169.jpg 300w, https:\/\/www.fraterinternacional.org\/wp-content\/uploads\/2016\/05\/Mision-Uruguay-02-400x225.jpg 400w, https:\/\/www.fraterinternacional.org\/wp-content\/uploads\/2016\/05\/Mision-Uruguay-02-600x337.jpg 600w, https:\/\/www.fraterinternacional.org\/wp-content\/uploads\/2016\/05\/Mision-Uruguay-02.jpg 690w\" sizes=\"(max-width: 300px) 100vw, 300px\" \/><\/a><\/p>\n<p style=\"text-align: justify;\">On the first day after the end of the First Meeting of the Planetary Mission Network, eight <a href=\"\/?page_id=6366\">missionaries<\/a> of Peace of the <strong>Fraternidade &#8211; International Humanitarian Federation<\/strong> have left the <a href=\"http:\/\/www.comunidadefigueira.org.br\" target=\"_blank\">Community-of-Light of Figueira<\/a> towards Uruguay, where they will support the tasks of humanitarian assistance to the inhabitants of the city of Dolores, affected by a violent tornado last month.<\/p>\n<p style=\"text-align: justify;\">On April 15, 2016, a third of this village of 20 thousand inhabitants, located in the department (state) of Soriano, Southwest of Uruguay, was devastated by a violent hurricane with winds of up to 250 km per hour. The climatic phenomenon resulted in 5 dead, 250 wounded, about 10 thousand affected, 4 thousand evacuees and material losses estimated in 25 million dollars, according to the Uruguayan press.<\/p>\n<div class=\"fusion-fullwidth fullwidth-box fusion-builder-row-1 hundred-percent-fullwidth non-hundred-percent-height-scrolling\" style=\"--awb-border-radius-top-left:0px;--awb-border-radius-top-right:0px;--awb-border-radius-bottom-right:0px;--awb-border-radius-bottom-left:0px;--awb-overflow:visible;--awb-flex-wrap:wrap;\" ><div class=\"fusion-builder-row fusion-row\"><div class=\"fusion-layout-column fusion_builder_column fusion-builder-column-0 fusion_builder_column_1_1 1_1 fusion-one-full fusion-column-first fusion-column-last fusion-column-no-min-height\" style=\"--awb-bg-size:cover;--awb-margin-bottom:0px;\"><div class=\"fusion-column-wrapper fusion-flex-column-wrapper-legacy\"><div id=\"attachment_17816\" style=\"width: 310px\" class=\"wp-caption alignleft\"><a href=\"http:\/\/www.fraterinternacional.org\/wp-content\/uploads\/2016\/05\/Mision-Uruguay-03.jpg\"><img decoding=\"async\" aria-describedby=\"caption-attachment-17816\" class=\"wp-image-17816 size-medium\" src=\"http:\/\/www.fraterinternacional.org\/wp-content\/uploads\/2016\/05\/Mision-Uruguay-03-300x169.jpg\" alt=\"Mision Uruguay-03\" width=\"300\" height=\"169\" srcset=\"https:\/\/www.fraterinternacional.org\/wp-content\/uploads\/2016\/05\/Mision-Uruguay-03-200x112.jpg 200w, https:\/\/www.fraterinternacional.org\/wp-content\/uploads\/2016\/05\/Mision-Uruguay-03-300x169.jpg 300w, https:\/\/www.fraterinternacional.org\/wp-content\/uploads\/2016\/05\/Mision-Uruguay-03-400x225.jpg 400w, https:\/\/www.fraterinternacional.org\/wp-content\/uploads\/2016\/05\/Mision-Uruguay-03-600x337.jpg 600w, https:\/\/www.fraterinternacional.org\/wp-content\/uploads\/2016\/05\/Mision-Uruguay-03.jpg 690w\" sizes=\"(max-width: 300px) 100vw, 300px\" \/><\/a><p id=\"caption-attachment-17816\" class=\"wp-caption-text\">The missionaries of Peace prepare their equipment.<\/p><\/div>\n<p style=\"text-align: justify;\">Of the eight missionaries of Peace who travelled to Uruguay, two will go to the <a href=\"\/?page_id=6447\">Community-of-Light of Fraternity<\/a>, in Paysand\u00fa, where they will render service of support to the residents and collaborators of this place, which offers opportunities of fraternal co-existence in harmony, fraternity and goodwill to all the kingdoms. Meanwhile, six missionaries of Peace will continue the journey to the city of Dolores, where they will camp in the City Gymnasium. They are expected to arrive in their destiny on May 5, and to remain in Uruguay during the whole month.<\/p>\n<p style=\"text-align: justify;\">This is the eleventh humanitarian mission of the Fraternidade since the creation of the Fraternidade since the creation of the group of missionaries of Peace in October 2011. For the second half of June the twelfth mission is foreseen, to be conducted in Paraguay, with the indigenous communities of Ciudad del Este, and, from July 20 thru August 30, the thirteenth mission, to be developed once again in Turkey, with the Syrian refugees (Middle East Mission II).<\/p>\n<div class=\"fusion-clearfix\"><\/div><\/div><\/div><\/div><\/div>\n","protected":false},"excerpt":{"rendered":"<p>On the first day after the end of the First Meeting of the Planetary Mission Network, eight missionaries of Peace [&hellip;]<\/p>\n","protected":false},"author":16,"featured_media":17821,"comment_status":"closed","ping_status":"closed","sticky":false,"template":"","format":"standard","meta":{"footnotes":""},"categories":[150,107],"tags":[115,100],"class_list":["post-17831","post","type-post","status-publish","format-standard","has-post-thumbnail","hentry","category-news","category-news-of-the-missions","tag-communities-of-light","tag-humanitarian-service"],"yoast_head":"<!-- This site is optimized with the Yoast SEO Premium plugin v21.0 (Yoast SEO v21.0) - https:\/\/yoast.com\/wordpress\/plugins\/seo\/ -->\n<title>Missionaries will help victims of the hurricane in Uruguay -<\/title>\n<meta name=\"description\" content=\"Missionaries of Peace have travelled to Uruguay to help the victims of the hurricane that devastated the city of Dolores on last April 16.\" \/>\n<meta name=\"robots\" content=\"index, follow, max-snippet:-1, max-image-preview:large, max-video-preview:-1\" \/>\n<link rel=\"canonical\" href=\"https:\/\/www.fraterinternacional.org\/en\/missionaries-will-help-victims-of-the-hurricane-in-uruguay\/\" \/>\n<meta property=\"og:locale\" content=\"en_US\" \/>\n<meta property=\"og:type\" content=\"article\" \/>\n<meta property=\"og:title\" content=\"Missionaries will help victims of the hurricane in Uruguay\" \/>\n<meta property=\"og:description\" content=\"Missionaries of Peace have travelled to Uruguay to help the victims of the hurricane that devastated the city of Dolores on last April 16.\" \/>\n<meta property=\"og:url\" content=\"https:\/\/www.fraterinternacional.org\/en\/missionaries-will-help-victims-of-the-hurricane-in-uruguay\/\" \/>\n<meta property=\"og:site_name\" content=\"Fraternidade - Federa\u00e7\u00e3o Humanit\u00e1ria Internacional\" \/>\n<meta property=\"article:publisher\" content=\"https:\/\/www.facebook.com\/fraternidadehumanitaria\" \/>\n<meta property=\"article:published_time\" content=\"2016-05-03T03:05:33+00:00\" \/>\n<meta property=\"article:modified_time\" content=\"2016-11-01T22:25:08+00:00\" \/>\n<meta property=\"og:image\" content=\"https:\/\/www.fraterinternacional.org\/wp-content\/uploads\/2016\/05\/Mision-Uruguay-01.jpg\" \/>\n\t<meta property=\"og:image:width\" content=\"690\" \/>\n\t<meta property=\"og:image:height\" content=\"397\" \/>\n\t<meta property=\"og:image:type\" content=\"image\/jpeg\" \/>\n<meta name=\"author\" content=\"Sergio Redator Espanhol\" \/>\n<meta name=\"twitter:card\" content=\"summary_large_image\" \/>\n<meta name=\"twitter:creator\" content=\"@fraternidadeFHI\" \/>\n<meta name=\"twitter:site\" content=\"@fraternidadeFHI\" \/>\n<meta name=\"twitter:label1\" content=\"Written by\" \/>\n\t<meta name=\"twitter:data1\" content=\"Sergio Redator Espanhol\" \/>\n\t<meta name=\"twitter:label2\" content=\"Est. reading time\" \/>\n\t<meta name=\"twitter:data2\" content=\"2 minutes\" \/>\n<script type=\"application\/ld+json\" class=\"yoast-schema-graph\">{\"@context\":\"https:\/\/schema.org\",\"@graph\":[{\"@type\":\"WebPage\",\"@id\":\"https:\/\/www.fraterinternacional.org\/en\/missionaries-will-help-victims-of-the-hurricane-in-uruguay\/\",\"url\":\"https:\/\/www.fraterinternacional.org\/en\/missionaries-will-help-victims-of-the-hurricane-in-uruguay\/\",\"name\":\"Missionaries will help victims of the hurricane in Uruguay -\",\"isPartOf\":{\"@id\":\"https:\/\/www.fraterinternacional.org\/es\/#website\"},\"datePublished\":\"2016-05-03T03:05:33+00:00\",\"dateModified\":\"2016-11-01T22:25:08+00:00\",\"author\":{\"@id\":\"https:\/\/www.fraterinternacional.org\/es\/#\/schema\/person\/cf24d3eac28b0e09714ecb8cbd865c28\"},\"description\":\"Missionaries of Peace have travelled to Uruguay to help the victims of the hurricane that devastated the city of Dolores on last April 16.\",\"breadcrumb\":{\"@id\":\"https:\/\/www.fraterinternacional.org\/en\/missionaries-will-help-victims-of-the-hurricane-in-uruguay\/#breadcrumb\"},\"inLanguage\":\"en-US\",\"potentialAction\":[{\"@type\":\"ReadAction\",\"target\":[\"https:\/\/www.fraterinternacional.org\/en\/missionaries-will-help-victims-of-the-hurricane-in-uruguay\/\"]}]},{\"@type\":\"BreadcrumbList\",\"@id\":\"https:\/\/www.fraterinternacional.org\/en\/missionaries-will-help-victims-of-the-hurricane-in-uruguay\/#breadcrumb\",\"itemListElement\":[{\"@type\":\"ListItem\",\"position\":1,\"name\":\"In\u00edcio\",\"item\":\"https:\/\/www.fraterinternacional.org\/en\/\"},{\"@type\":\"ListItem\",\"position\":2,\"name\":\"Missionaries will help victims of the hurricane in Uruguay\"}]},{\"@type\":\"WebSite\",\"@id\":\"https:\/\/www.fraterinternacional.org\/es\/#website\",\"url\":\"https:\/\/www.fraterinternacional.org\/es\/\",\"name\":\"Fraternidade - Federa\u00e7\u00e3o Humanit\u00e1ria Internacional\",\"description\":\"Fraternidade - Federa\u00e7\u00e3o Humanit\u00e1ria Internacional\",\"potentialAction\":[{\"@type\":\"SearchAction\",\"target\":{\"@type\":\"EntryPoint\",\"urlTemplate\":\"https:\/\/www.fraterinternacional.org\/es\/?s={search_term_string}\"},\"query-input\":\"required name=search_term_string\"}],\"inLanguage\":\"en-US\"},{\"@type\":\"Person\",\"@id\":\"https:\/\/www.fraterinternacional.org\/es\/#\/schema\/person\/cf24d3eac28b0e09714ecb8cbd865c28\",\"name\":\"Sergio Redator Espanhol\"}]}<\/script>\n<!-- \/ Yoast SEO Premium plugin. -->","yoast_head_json":{"title":"Missionaries will help victims of the hurricane in Uruguay -","description":"Missionaries of Peace have travelled to Uruguay to help the victims of the hurricane that devastated the city of Dolores on last April 16.","robots":{"index":"index","follow":"follow","max-snippet":"max-snippet:-1","max-image-preview":"max-image-preview:large","max-video-preview":"max-video-preview:-1"},"canonical":"https:\/\/www.fraterinternacional.org\/en\/missionaries-will-help-victims-of-the-hurricane-in-uruguay\/","og_locale":"en_US","og_type":"article","og_title":"Missionaries will help victims of the hurricane in Uruguay","og_description":"Missionaries of Peace have travelled to Uruguay to help the victims of the hurricane that devastated the city of Dolores on last April 16.","og_url":"https:\/\/www.fraterinternacional.org\/en\/missionaries-will-help-victims-of-the-hurricane-in-uruguay\/","og_site_name":"Fraternidade - Federa\u00e7\u00e3o Humanit\u00e1ria Internacional","article_publisher":"https:\/\/www.facebook.com\/fraternidadehumanitaria","article_published_time":"2016-05-03T03:05:33+00:00","article_modified_time":"2016-11-01T22:25:08+00:00","og_image":[{"width":690,"height":397,"url":"https:\/\/www.fraterinternacional.org\/wp-content\/uploads\/2016\/05\/Mision-Uruguay-01.jpg","type":"image\/jpeg"}],"author":"Sergio Redator Espanhol","twitter_card":"summary_large_image","twitter_creator":"@fraternidadeFHI","twitter_site":"@fraternidadeFHI","twitter_misc":{"Written by":"Sergio Redator Espanhol","Est. reading time":"2 minutes"},"schema":{"@context":"https:\/\/schema.org","@graph":[{"@type":"WebPage","@id":"https:\/\/www.fraterinternacional.org\/en\/missionaries-will-help-victims-of-the-hurricane-in-uruguay\/","url":"https:\/\/www.fraterinternacional.org\/en\/missionaries-will-help-victims-of-the-hurricane-in-uruguay\/","name":"Missionaries will help victims of the hurricane in Uruguay -","isPartOf":{"@id":"https:\/\/www.fraterinternacional.org\/es\/#website"},"datePublished":"2016-05-03T03:05:33+00:00","dateModified":"2016-11-01T22:25:08+00:00","author":{"@id":"https:\/\/www.fraterinternacional.org\/es\/#\/schema\/person\/cf24d3eac28b0e09714ecb8cbd865c28"},"description":"Missionaries of Peace have travelled to Uruguay to help the victims of the hurricane that devastated the city of Dolores on last April 16.","breadcrumb":{"@id":"https:\/\/www.fraterinternacional.org\/en\/missionaries-will-help-victims-of-the-hurricane-in-uruguay\/#breadcrumb"},"inLanguage":"en-US","potentialAction":[{"@type":"ReadAction","target":["https:\/\/www.fraterinternacional.org\/en\/missionaries-will-help-victims-of-the-hurricane-in-uruguay\/"]}]},{"@type":"BreadcrumbList","@id":"https:\/\/www.fraterinternacional.org\/en\/missionaries-will-help-victims-of-the-hurricane-in-uruguay\/#breadcrumb","itemListElement":[{"@type":"ListItem","position":1,"name":"In\u00edcio","item":"https:\/\/www.fraterinternacional.org\/en\/"},{"@type":"ListItem","position":2,"name":"Missionaries will help victims of the hurricane in Uruguay"}]},{"@type":"WebSite","@id":"https:\/\/www.fraterinternacional.org\/es\/#website","url":"https:\/\/www.fraterinternacional.org\/es\/","name":"Fraternidade - Federa\u00e7\u00e3o Humanit\u00e1ria Internacional","description":"Fraternidade - Federa\u00e7\u00e3o Humanit\u00e1ria Internacional","potentialAction":[{"@type":"SearchAction","target":{"@type":"EntryPoint","urlTemplate":"https:\/\/www.fraterinternacional.org\/es\/?s={search_term_string}"},"query-input":"required name=search_term_string"}],"inLanguage":"en-US"},{"@type":"Person","@id":"https:\/\/www.fraterinternacional.org\/es\/#\/schema\/person\/cf24d3eac28b0e09714ecb8cbd865c28","name":"Sergio Redator Espanhol"}]}},"_links":{"self":[{"href":"https:\/\/www.fraterinternacional.org\/en\/wp-json\/wp\/v2\/posts\/17831"}],"collection":[{"href":"https:\/\/www.fraterinternacional.org\/en\/wp-json\/wp\/v2\/posts"}],"about":[{"href":"https:\/\/www.fraterinternacional.org\/en\/wp-json\/wp\/v2\/types\/post"}],"author":[{"embeddable":true,"href":"https:\/\/www.fraterinternacional.org\/en\/wp-json\/wp\/v2\/users\/16"}],"replies":[{"embeddable":true,"href":"https:\/\/www.fraterinternacional.org\/en\/wp-json\/wp\/v2\/comments?post=17831"}],"version-history":[{"count":0,"href":"https:\/\/www.fraterinternacional.org\/en\/wp-json\/wp\/v2\/posts\/17831\/revisions"}],"wp:featuredmedia":[{"embeddable":true,"href":"https:\/\/www.fraterinternacional.org\/en\/wp-json\/wp\/v2\/media\/17821"}],"wp:attachment":[{"href":"https:\/\/www.fraterinternacional.org\/en\/wp-json\/wp\/v2\/media?parent=17831"}],"wp:term":[{"taxonomy":"category","embeddable":true,"href":"https:\/\/www.fraterinternacional.org\/en\/wp-json\/wp\/v2\/categories?post=17831"},{"taxonomy":"post_tag","embeddable":true,"href":"https:\/\/www.fraterinternacional.org\/en\/wp-json\/wp\/v2\/tags?post=17831"}],"curies":[{"name":"wp","href":"https:\/\/api.w.org\/{rel}","templated":true}]}}