{"id":127752,"date":"2026-09-04T08:51:57","date_gmt":"2026-09-04T11:51:57","guid":{"rendered":"https:\/\/www.fraterinternacional.org\/?p=127752"},"modified":"2026-09-04T08:52:42","modified_gmt":"2026-09-04T11:52:42","slug":"festa-da-semente-2026","status":"publish","type":"post","link":"https:\/\/www.fraterinternacional.org\/en\/festa-da-semente-2026\/","title":{"rendered":"Seed Festival 2026"},"content":{"rendered":"\n<p>With the theme \u201cThe Seed and the Cycles of Life\u201d, the National Meeting of Traditional, Organic and Biodynamic Seeds and Agriculture for Life will be held on Saturday, September 12th, at Light-Community Figueira, in Carmo da Cachoeira (MG). Registration is free and can be done until September 7th through the link: https:\/\/forms.gle\/h1T4oi4sJpK8LpY87<\/p>\n\n\n\n<figure class=\"wp-block-image size-full\"><a href=\"https:\/\/www.fraterinternacional.org\/wp-content\/uploads\/2026\/09\/Cartaz_Festa-das-Sementes_FFHI.jpg\"><img decoding=\"async\" width=\"1000\" height=\"715\" src=\"https:\/\/www.fraterinternacional.org\/wp-content\/uploads\/2026\/09\/Cartaz_Festa-das-Sementes_FFHI.jpg\" alt=\"\" class=\"wp-image-127747\" srcset=\"https:\/\/www.fraterinternacional.org\/wp-content\/uploads\/2026\/09\/Cartaz_Festa-das-Sementes_FFHI-200x143.jpg 200w, https:\/\/www.fraterinternacional.org\/wp-content\/uploads\/2026\/09\/Cartaz_Festa-das-Sementes_FFHI-300x215.jpg 300w, https:\/\/www.fraterinternacional.org\/wp-content\/uploads\/2026\/09\/Cartaz_Festa-das-Sementes_FFHI-400x286.jpg 400w, https:\/\/www.fraterinternacional.org\/wp-content\/uploads\/2026\/09\/Cartaz_Festa-das-Sementes_FFHI-600x429.jpg 600w, https:\/\/www.fraterinternacional.org\/wp-content\/uploads\/2026\/09\/Cartaz_Festa-das-Sementes_FFHI-800x572.jpg 800w, https:\/\/www.fraterinternacional.org\/wp-content\/uploads\/2026\/09\/Cartaz_Festa-das-Sementes_FFHI.jpg 1000w\" sizes=\"(max-width: 1000px) 100vw, 1000px\" \/><\/a><\/figure>\n\n\n\n<p>The meeting will bring together farmers, association representatives and other participants interested in sharing knowledge and experiences about seeds and agriculture.<\/p>\n\n\n\n<p>The program covers topics such as traditional seeds, conservation, food security, sustainable agricultural practices, farmer training, and coordination between organizations.<\/p>\n\n\n\n<p>The initiative proposes a space for dialogue, training and exchange of experiences on seed preservation, sustainable agriculture and practices aimed at caring for the land, food production and the continuity of natural cycles.<\/p>\n\n\n\n<p>Seeds and life cycles<\/p>\n\n\n\n<p>The theme of the meeting, \u201cThe Seed and the Cycles of Life\u201d, expands the reflection on the role of seeds beyond their agricultural dimension. The seed gathers, in its own trajectory, the continuity of natural cycles: it holds a potential that, when it finds the necessary conditions, germinates, grows, develops and gives rise to new seeds.<\/p>\n\n\n\n<figure class=\"wp-block-image size-full\"><a href=\"https:\/\/www.fraterinternacional.org\/wp-content\/uploads\/2026\/09\/Festa-das-Sementes_FFHI_2.pdf.png\"><img decoding=\"async\" width=\"993\" height=\"597\" src=\"https:\/\/www.fraterinternacional.org\/wp-content\/uploads\/2026\/09\/Festa-das-Sementes_FFHI_2.pdf.png\" alt=\"\" class=\"wp-image-127744\" srcset=\"https:\/\/www.fraterinternacional.org\/wp-content\/uploads\/2026\/09\/Festa-das-Sementes_FFHI_2.pdf-200x120.png 200w, https:\/\/www.fraterinternacional.org\/wp-content\/uploads\/2026\/09\/Festa-das-Sementes_FFHI_2.pdf-300x180.png 300w, https:\/\/www.fraterinternacional.org\/wp-content\/uploads\/2026\/09\/Festa-das-Sementes_FFHI_2.pdf-400x240.png 400w, https:\/\/www.fraterinternacional.org\/wp-content\/uploads\/2026\/09\/Festa-das-Sementes_FFHI_2.pdf-600x361.png 600w, https:\/\/www.fraterinternacional.org\/wp-content\/uploads\/2026\/09\/Festa-das-Sementes_FFHI_2.pdf-800x481.png 800w, https:\/\/www.fraterinternacional.org\/wp-content\/uploads\/2026\/09\/Festa-das-Sementes_FFHI_2.pdf.png 993w\" sizes=\"(max-width: 993px) 100vw, 993px\" \/><\/a><\/figure>\n\n\n\n<p>In this sense, caring for a seed is also caring for the continuity of life, it is recognizing that each cycle holds within itself the possibility of a new beginning. The reflection proposed by the meeting relates knowledge about seeds to the understanding of the interdependence between living beings and the need for more conscious practices of caring for nature.<\/p>\n\n\n\n<h3 class=\"wp-block-heading\" id=\"h-traditional-seeds-knowledge-and-continuity\">Traditional seeds: knowledge and continuity<\/h3>\n\n\n\n<p>Traditional seeds preserve knowledge passed down through generations and are related to the agricultural and cultural diversity of the territories. Its conservation involves not only storage, but also the maintenance of knowledge about planting, selection and reproduction, ensuring its continuity throughout agricultural cycles. In this sense, the theme \u201cThe Seed and the Cycles of Life\u201d proposes a reflection on the relationship between cultivation and natural processes and highlights the importance of caring for seeds and the knowledge that accompanies them.<\/p>\n\n\n\n<figure class=\"wp-block-image size-full\"><a href=\"https:\/\/www.fraterinternacional.org\/wp-content\/uploads\/2026\/09\/Festa-das-Sementes_FFHI_3.pdf.png\"><img decoding=\"async\" width=\"1000\" height=\"502\" src=\"https:\/\/www.fraterinternacional.org\/wp-content\/uploads\/2026\/09\/Festa-das-Sementes_FFHI_3.pdf.png\" alt=\"\" class=\"wp-image-127741\" srcset=\"https:\/\/www.fraterinternacional.org\/wp-content\/uploads\/2026\/09\/Festa-das-Sementes_FFHI_3.pdf-200x100.png 200w, https:\/\/www.fraterinternacional.org\/wp-content\/uploads\/2026\/09\/Festa-das-Sementes_FFHI_3.pdf-300x151.png 300w, https:\/\/www.fraterinternacional.org\/wp-content\/uploads\/2026\/09\/Festa-das-Sementes_FFHI_3.pdf-400x201.png 400w, https:\/\/www.fraterinternacional.org\/wp-content\/uploads\/2026\/09\/Festa-das-Sementes_FFHI_3.pdf-600x301.png 600w, https:\/\/www.fraterinternacional.org\/wp-content\/uploads\/2026\/09\/Festa-das-Sementes_FFHI_3.pdf-800x402.png 800w, https:\/\/www.fraterinternacional.org\/wp-content\/uploads\/2026\/09\/Festa-das-Sementes_FFHI_3.pdf.png 1000w\" sizes=\"(max-width: 1000px) 100vw, 1000px\" \/><\/a><\/figure>\n\n\n\n<p>Seed diversity also contributes to food security and agricultural systems that are better adapted to the characteristics of each territory. The meeting promotes the exchange of experiences on sustainable practices and soil care, water and biodiversity, in addition to sharing technical knowledge and practical experiences that can contribute to farmers\u2019 autonomy and the strengthening of sustainable agricultural practices. The rapprochement between entities, associations and farmers also favours the circulation of knowledge, the construction of joint actions and the strengthening of initiatives aimed at seed preservation, sustainable agriculture and food security.<\/p>\n\n\n\n<p>More information and registration: https:\/\/forms.gle\/h1T4oi4sJpK8LpY87?utm_source=chatgpt.com<\/p>\n\n\n\n<p>Watch the video: https:\/\/youtube.com\/shorts\/Hktj7IUN64w?is=02UVghm0mQf84Nyw<\/p>\n","protected":false},"excerpt":{"rendered":"<p>With the theme \u201cThe Seed and the Cycles of Life\u201d, the National Meeting of Traditional, Organic and Biodynamic Seeds and [&hellip;]<\/p>\n","protected":false},"author":62,"featured_media":127748,"comment_status":"closed","ping_status":"closed","sticky":false,"template":"","format":"standard","meta":{"footnotes":""},"categories":[150],"tags":[],"class_list":["post-127752","post","type-post","status-publish","format-standard","has-post-thumbnail","hentry","category-news"],"yoast_head":"<!-- This site is optimized with the Yoast SEO Premium plugin v21.0 (Yoast SEO v21.0) - https:\/\/yoast.com\/wordpress\/plugins\/seo\/ -->\n<title>Seed Festival 2026 -<\/title>\n<meta name=\"robots\" content=\"index, follow, max-snippet:-1, max-image-preview:large, max-video-preview:-1\" \/>\n<link rel=\"canonical\" href=\"https:\/\/www.fraterinternacional.org\/en\/festa-da-semente-2026\/\" \/>\n<meta property=\"og:locale\" content=\"en_US\" \/>\n<meta property=\"og:type\" content=\"article\" \/>\n<meta property=\"og:title\" content=\"Seed Festival 2026\" \/>\n<meta property=\"og:description\" content=\"With the theme \u201cThe Seed and the Cycles of Life\u201d, the National Meeting of Traditional, Organic and Biodynamic Seeds and [&hellip;]\" \/>\n<meta property=\"og:url\" content=\"https:\/\/www.fraterinternacional.org\/en\/festa-da-semente-2026\/\" \/>\n<meta property=\"og:site_name\" content=\"Fraternidade - Federa\u00e7\u00e3o Humanit\u00e1ria Internacional\" \/>\n<meta property=\"article:publisher\" content=\"https:\/\/www.facebook.com\/fraternidadehumanitaria\" \/>\n<meta property=\"article:published_time\" content=\"2026-09-04T11:51:57+00:00\" \/>\n<meta property=\"article:modified_time\" content=\"2026-09-04T11:52:42+00:00\" \/>\n<meta property=\"og:image\" content=\"https:\/\/www.fraterinternacional.org\/wp-content\/uploads\/2026\/09\/Cartaz_Festa-das-Sementes_FFHI.jpg\" \/>\n\t<meta property=\"og:image:width\" content=\"1000\" \/>\n\t<meta property=\"og:image:height\" content=\"715\" \/>\n\t<meta property=\"og:image:type\" content=\"image\/jpeg\" \/>\n<meta name=\"author\" content=\"Editor FFHI\" \/>\n<meta name=\"twitter:card\" content=\"summary_large_image\" \/>\n<meta name=\"twitter:creator\" content=\"@fraternidadeFHI\" \/>\n<meta name=\"twitter:site\" content=\"@fraternidadeFHI\" \/>\n<meta name=\"twitter:label1\" content=\"Written by\" \/>\n\t<meta name=\"twitter:data1\" content=\"Editor FFHI\" \/>\n\t<meta name=\"twitter:label2\" content=\"Est. reading time\" \/>\n\t<meta name=\"twitter:data2\" content=\"3 minutes\" \/>\n<script type=\"application\/ld+json\" class=\"yoast-schema-graph\">{\"@context\":\"https:\/\/schema.org\",\"@graph\":[{\"@type\":\"WebPage\",\"@id\":\"https:\/\/www.fraterinternacional.org\/en\/festa-da-semente-2026\/\",\"url\":\"https:\/\/www.fraterinternacional.org\/en\/festa-da-semente-2026\/\",\"name\":\"Seed Festival 2026 -\",\"isPartOf\":{\"@id\":\"https:\/\/www.fraterinternacional.org\/es\/#website\"},\"datePublished\":\"2026-09-04T11:51:57+00:00\",\"dateModified\":\"2026-09-04T11:52:42+00:00\",\"author\":{\"@id\":\"https:\/\/www.fraterinternacional.org\/es\/#\/schema\/person\/7a396871d28d4d93a47a6c0efa00b5be\"},\"breadcrumb\":{\"@id\":\"https:\/\/www.fraterinternacional.org\/en\/festa-da-semente-2026\/#breadcrumb\"},\"inLanguage\":\"en-US\",\"potentialAction\":[{\"@type\":\"ReadAction\",\"target\":[\"https:\/\/www.fraterinternacional.org\/en\/festa-da-semente-2026\/\"]}]},{\"@type\":\"BreadcrumbList\",\"@id\":\"https:\/\/www.fraterinternacional.org\/en\/festa-da-semente-2026\/#breadcrumb\",\"itemListElement\":[{\"@type\":\"ListItem\",\"position\":1,\"name\":\"In\u00edcio\",\"item\":\"https:\/\/www.fraterinternacional.org\/en\/\"},{\"@type\":\"ListItem\",\"position\":2,\"name\":\"Seed Festival 2026\"}]},{\"@type\":\"WebSite\",\"@id\":\"https:\/\/www.fraterinternacional.org\/es\/#website\",\"url\":\"https:\/\/www.fraterinternacional.org\/es\/\",\"name\":\"Fraternidade - Federa\u00e7\u00e3o Humanit\u00e1ria Internacional\",\"description\":\"Fraternidade - Federa\u00e7\u00e3o Humanit\u00e1ria Internacional\",\"potentialAction\":[{\"@type\":\"SearchAction\",\"target\":{\"@type\":\"EntryPoint\",\"urlTemplate\":\"https:\/\/www.fraterinternacional.org\/es\/?s={search_term_string}\"},\"query-input\":\"required name=search_term_string\"}],\"inLanguage\":\"en-US\"},{\"@type\":\"Person\",\"@id\":\"https:\/\/www.fraterinternacional.org\/es\/#\/schema\/person\/7a396871d28d4d93a47a6c0efa00b5be\",\"name\":\"Editor FFHI\"}]}<\/script>\n<!-- \/ Yoast SEO Premium plugin. -->","yoast_head_json":{"title":"Seed Festival 2026 -","robots":{"index":"index","follow":"follow","max-snippet":"max-snippet:-1","max-image-preview":"max-image-preview:large","max-video-preview":"max-video-preview:-1"},"canonical":"https:\/\/www.fraterinternacional.org\/en\/festa-da-semente-2026\/","og_locale":"en_US","og_type":"article","og_title":"Seed Festival 2026","og_description":"With the theme \u201cThe Seed and the Cycles of Life\u201d, the National Meeting of Traditional, Organic and Biodynamic Seeds and [&hellip;]","og_url":"https:\/\/www.fraterinternacional.org\/en\/festa-da-semente-2026\/","og_site_name":"Fraternidade - Federa\u00e7\u00e3o Humanit\u00e1ria Internacional","article_publisher":"https:\/\/www.facebook.com\/fraternidadehumanitaria","article_published_time":"2026-09-04T11:51:57+00:00","article_modified_time":"2026-09-04T11:52:42+00:00","og_image":[{"width":1000,"height":715,"url":"https:\/\/www.fraterinternacional.org\/wp-content\/uploads\/2026\/09\/Cartaz_Festa-das-Sementes_FFHI.jpg","type":"image\/jpeg"}],"author":"Editor FFHI","twitter_card":"summary_large_image","twitter_creator":"@fraternidadeFHI","twitter_site":"@fraternidadeFHI","twitter_misc":{"Written by":"Editor FFHI","Est. reading time":"3 minutes"},"schema":{"@context":"https:\/\/schema.org","@graph":[{"@type":"WebPage","@id":"https:\/\/www.fraterinternacional.org\/en\/festa-da-semente-2026\/","url":"https:\/\/www.fraterinternacional.org\/en\/festa-da-semente-2026\/","name":"Seed Festival 2026 -","isPartOf":{"@id":"https:\/\/www.fraterinternacional.org\/es\/#website"},"datePublished":"2026-09-04T11:51:57+00:00","dateModified":"2026-09-04T11:52:42+00:00","author":{"@id":"https:\/\/www.fraterinternacional.org\/es\/#\/schema\/person\/7a396871d28d4d93a47a6c0efa00b5be"},"breadcrumb":{"@id":"https:\/\/www.fraterinternacional.org\/en\/festa-da-semente-2026\/#breadcrumb"},"inLanguage":"en-US","potentialAction":[{"@type":"ReadAction","target":["https:\/\/www.fraterinternacional.org\/en\/festa-da-semente-2026\/"]}]},{"@type":"BreadcrumbList","@id":"https:\/\/www.fraterinternacional.org\/en\/festa-da-semente-2026\/#breadcrumb","itemListElement":[{"@type":"ListItem","position":1,"name":"In\u00edcio","item":"https:\/\/www.fraterinternacional.org\/en\/"},{"@type":"ListItem","position":2,"name":"Seed Festival 2026"}]},{"@type":"WebSite","@id":"https:\/\/www.fraterinternacional.org\/es\/#website","url":"https:\/\/www.fraterinternacional.org\/es\/","name":"Fraternidade - Federa\u00e7\u00e3o Humanit\u00e1ria Internacional","description":"Fraternidade - Federa\u00e7\u00e3o Humanit\u00e1ria Internacional","potentialAction":[{"@type":"SearchAction","target":{"@type":"EntryPoint","urlTemplate":"https:\/\/www.fraterinternacional.org\/es\/?s={search_term_string}"},"query-input":"required name=search_term_string"}],"inLanguage":"en-US"},{"@type":"Person","@id":"https:\/\/www.fraterinternacional.org\/es\/#\/schema\/person\/7a396871d28d4d93a47a6c0efa00b5be","name":"Editor FFHI"}]}},"_links":{"self":[{"href":"https:\/\/www.fraterinternacional.org\/en\/wp-json\/wp\/v2\/posts\/127752"}],"collection":[{"href":"https:\/\/www.fraterinternacional.org\/en\/wp-json\/wp\/v2\/posts"}],"about":[{"href":"https:\/\/www.fraterinternacional.org\/en\/wp-json\/wp\/v2\/types\/post"}],"author":[{"embeddable":true,"href":"https:\/\/www.fraterinternacional.org\/en\/wp-json\/wp\/v2\/users\/62"}],"replies":[{"embeddable":true,"href":"https:\/\/www.fraterinternacional.org\/en\/wp-json\/wp\/v2\/comments?post=127752"}],"version-history":[{"count":2,"href":"https:\/\/www.fraterinternacional.org\/en\/wp-json\/wp\/v2\/posts\/127752\/revisions"}],"predecessor-version":[{"id":127755,"href":"https:\/\/www.fraterinternacional.org\/en\/wp-json\/wp\/v2\/posts\/127752\/revisions\/127755"}],"wp:featuredmedia":[{"embeddable":true,"href":"https:\/\/www.fraterinternacional.org\/en\/wp-json\/wp\/v2\/media\/127748"}],"wp:attachment":[{"href":"https:\/\/www.fraterinternacional.org\/en\/wp-json\/wp\/v2\/media?parent=127752"}],"wp:term":[{"taxonomy":"category","embeddable":true,"href":"https:\/\/www.fraterinternacional.org\/en\/wp-json\/wp\/v2\/categories?post=127752"},{"taxonomy":"post_tag","embeddable":true,"href":"https:\/\/www.fraterinternacional.org\/en\/wp-json\/wp\/v2\/tags?post=127752"}],"curies":[{"name":"wp","href":"https:\/\/api.w.org\/{rel}","templated":true}]}}