{"id":127159,"date":"2024-11-13T11:43:52","date_gmt":"2024-11-13T14:43:52","guid":{"rendered":"https:\/\/www.fraterinternacional.org\/?p=127159"},"modified":"2024-11-13T11:43:53","modified_gmt":"2024-11-13T14:43:53","slug":"aromatherapy-workshop","status":"publish","type":"post","link":"https:\/\/www.fraterinternacional.org\/en\/aromatherapy-workshop\/","title":{"rendered":"Aromatherapy Workshop"},"content":{"rendered":"\n<p>The New Earth Light-Community, affiliated to the Fraternity &#8211; International Humanitarian Federation (FIHF), held an Aromatherapy Workshop attended by around 20 people. The event was given by Regina Braga, an aromatherapist and specialist in various complementary therapies such as shiatsu and acupuncture.<\/p>\n\n\n\n<p>According to the participants, the theoretical and practical study provided a comprehensive basis for those new to aromatherapy studies and covered various topics such as the healing potential of plants and their intervention in the patient&#8217;s subtle field.<\/p>\n\n\n\n<figure class=\"wp-block-image size-full\"><a href=\"https:\/\/www.fraterinternacional.org\/wp-content\/uploads\/2024\/10\/Aromaterapia_Nova-Terra_FFHI_1.jpg\"><img decoding=\"async\" width=\"1000\" height=\"451\" src=\"https:\/\/www.fraterinternacional.org\/wp-content\/uploads\/2024\/10\/Aromaterapia_Nova-Terra_FFHI_1.jpg\" alt=\"\" class=\"wp-image-127111\" srcset=\"https:\/\/www.fraterinternacional.org\/wp-content\/uploads\/2024\/10\/Aromaterapia_Nova-Terra_FFHI_1-200x90.jpg 200w, https:\/\/www.fraterinternacional.org\/wp-content\/uploads\/2024\/10\/Aromaterapia_Nova-Terra_FFHI_1-300x135.jpg 300w, https:\/\/www.fraterinternacional.org\/wp-content\/uploads\/2024\/10\/Aromaterapia_Nova-Terra_FFHI_1-400x180.jpg 400w, https:\/\/www.fraterinternacional.org\/wp-content\/uploads\/2024\/10\/Aromaterapia_Nova-Terra_FFHI_1-600x271.jpg 600w, https:\/\/www.fraterinternacional.org\/wp-content\/uploads\/2024\/10\/Aromaterapia_Nova-Terra_FFHI_1-800x361.jpg 800w, https:\/\/www.fraterinternacional.org\/wp-content\/uploads\/2024\/10\/Aromaterapia_Nova-Terra_FFHI_1.jpg 1000w\" sizes=\"(max-width: 1000px) 100vw, 1000px\" \/><\/a><\/figure>\n\n\n\n<h3 class=\"wp-block-heading\" id=\"h-use-of-essential-oils\">Use of Essential Oils<\/h3>\n\n\n\n<p>Essential oils have gained prominence as a natural alternative for the treatment of various ailments. Each essence has unique properties that can be used to promote physical and emotional well-being.<\/p>\n\n\n\n<p>Extracted from plants, flowers, leaves, bark and roots, each type of oil has compounds that act in different ways on the body. For example, lavender oil is known for its relaxing properties and can help reduce anxiety and promote sleep.<\/p>\n\n\n\n<p>The choice of essence should be appropriate for each situation. For respiratory problems, such as allergies and colds, oils such as eucalyptus and peppermint can be effective. For emotional issues such as stress and depression, bergamot and rose oils are recommended. Each oil can be used on its own or in synergy with others, enhancing their effects.<\/p>\n\n\n\n<figure class=\"wp-block-image size-full\"><a href=\"https:\/\/www.fraterinternacional.org\/wp-content\/uploads\/2024\/10\/Aromaterapia_Nova-Terra_FFHI_5.jpg\"><img decoding=\"async\" width=\"1000\" height=\"451\" src=\"https:\/\/www.fraterinternacional.org\/wp-content\/uploads\/2024\/10\/Aromaterapia_Nova-Terra_FFHI_5.jpg\" alt=\"\" class=\"wp-image-127123\" srcset=\"https:\/\/www.fraterinternacional.org\/wp-content\/uploads\/2024\/10\/Aromaterapia_Nova-Terra_FFHI_5-200x90.jpg 200w, https:\/\/www.fraterinternacional.org\/wp-content\/uploads\/2024\/10\/Aromaterapia_Nova-Terra_FFHI_5-300x135.jpg 300w, https:\/\/www.fraterinternacional.org\/wp-content\/uploads\/2024\/10\/Aromaterapia_Nova-Terra_FFHI_5-400x180.jpg 400w, https:\/\/www.fraterinternacional.org\/wp-content\/uploads\/2024\/10\/Aromaterapia_Nova-Terra_FFHI_5-600x271.jpg 600w, https:\/\/www.fraterinternacional.org\/wp-content\/uploads\/2024\/10\/Aromaterapia_Nova-Terra_FFHI_5-800x361.jpg 800w, https:\/\/www.fraterinternacional.org\/wp-content\/uploads\/2024\/10\/Aromaterapia_Nova-Terra_FFHI_5.jpg 1000w\" sizes=\"(max-width: 1000px) 100vw, 1000px\" \/><\/a><\/figure>\n\n\n\n<h3 class=\"wp-block-heading\" id=\"h-essential-oil-inhalation\">Essential oil inhalation<\/h3>\n\n\n\n<p>Inhalation is one of the most common ways of using essential oils. It can be done through diffusers or simply by adding a few drops to a container of hot water. Inhalation allows the aromatic molecules to enter the respiratory system, providing relief from congestion, allergies and also helping to balance emotions.<\/p>\n\n\n\n<figure class=\"wp-block-image size-full\"><a href=\"https:\/\/www.fraterinternacional.org\/wp-content\/uploads\/2024\/10\/Aromaterapia_Nova-Terra_FFHI_3.jpg\"><img decoding=\"async\" width=\"1000\" height=\"451\" src=\"https:\/\/www.fraterinternacional.org\/wp-content\/uploads\/2024\/10\/Aromaterapia_Nova-Terra_FFHI_3.jpg\" alt=\"\" class=\"wp-image-127114\" srcset=\"https:\/\/www.fraterinternacional.org\/wp-content\/uploads\/2024\/10\/Aromaterapia_Nova-Terra_FFHI_3-200x90.jpg 200w, https:\/\/www.fraterinternacional.org\/wp-content\/uploads\/2024\/10\/Aromaterapia_Nova-Terra_FFHI_3-300x135.jpg 300w, https:\/\/www.fraterinternacional.org\/wp-content\/uploads\/2024\/10\/Aromaterapia_Nova-Terra_FFHI_3-400x180.jpg 400w, https:\/\/www.fraterinternacional.org\/wp-content\/uploads\/2024\/10\/Aromaterapia_Nova-Terra_FFHI_3-600x271.jpg 600w, https:\/\/www.fraterinternacional.org\/wp-content\/uploads\/2024\/10\/Aromaterapia_Nova-Terra_FFHI_3-800x361.jpg 800w, https:\/\/www.fraterinternacional.org\/wp-content\/uploads\/2024\/10\/Aromaterapia_Nova-Terra_FFHI_3.jpg 1000w\" sizes=\"(max-width: 1000px) 100vw, 1000px\" \/><\/a><\/figure>\n\n\n\n<h3 class=\"wp-block-heading\" id=\"h-foot-bath\">Foot bath<\/h3>\n\n\n\n<p>Foot baths with essential oils are a relaxing and therapeutic practice. Warm water combined with a few drops of oils such as lavender or rosemary can relieve stress, improve circulation and provide a feeling of well-being. It&#8217;s a great option for those looking for a moment of self-care after a tiring day.<\/p>\n\n\n\n<figure class=\"wp-block-image size-full\"><a href=\"https:\/\/www.fraterinternacional.org\/wp-content\/uploads\/2024\/10\/Aromaterapia_Nova-Terra_FFHI_2.jpg\"><img decoding=\"async\" width=\"1000\" height=\"451\" src=\"https:\/\/www.fraterinternacional.org\/wp-content\/uploads\/2024\/10\/Aromaterapia_Nova-Terra_FFHI_2.jpg\" alt=\"\" class=\"wp-image-127117\" srcset=\"https:\/\/www.fraterinternacional.org\/wp-content\/uploads\/2024\/10\/Aromaterapia_Nova-Terra_FFHI_2-200x90.jpg 200w, https:\/\/www.fraterinternacional.org\/wp-content\/uploads\/2024\/10\/Aromaterapia_Nova-Terra_FFHI_2-300x135.jpg 300w, https:\/\/www.fraterinternacional.org\/wp-content\/uploads\/2024\/10\/Aromaterapia_Nova-Terra_FFHI_2-400x180.jpg 400w, https:\/\/www.fraterinternacional.org\/wp-content\/uploads\/2024\/10\/Aromaterapia_Nova-Terra_FFHI_2-600x271.jpg 600w, https:\/\/www.fraterinternacional.org\/wp-content\/uploads\/2024\/10\/Aromaterapia_Nova-Terra_FFHI_2-800x361.jpg 800w, https:\/\/www.fraterinternacional.org\/wp-content\/uploads\/2024\/10\/Aromaterapia_Nova-Terra_FFHI_2.jpg 1000w\" sizes=\"(max-width: 1000px) 100vw, 1000px\" \/><\/a><\/figure>\n\n\n\n<h3 class=\"wp-block-heading\" id=\"h-application-to-acupuncture-points\">Application to Acupuncture Points<\/h3>\n\n\n\n<p>Aromatherapy can also be combined with acupuncture, using essential oils on specific points on the body. This enhances the therapeutic effects of both methods. This integrated approach aims to balance the body&#8217;s energy and promote faster recovery.<\/p>\n\n\n\n<p>Aromatherapy offers a holistic approach to the treatment of various ailments, taking into account both physical and emotional aspects. Each essence, with its unique properties, can be a powerful ally in the quest for well-being and integral health.<\/p>\n\n\n\n<figure class=\"wp-block-image size-full\"><a href=\"https:\/\/www.fraterinternacional.org\/wp-content\/uploads\/2024\/10\/Aromaterapia_Nova-Terra_FFHI_4.jpg\"><img decoding=\"async\" width=\"1000\" height=\"451\" src=\"https:\/\/www.fraterinternacional.org\/wp-content\/uploads\/2024\/10\/Aromaterapia_Nova-Terra_FFHI_4.jpg\" alt=\"\" class=\"wp-image-127120\" srcset=\"https:\/\/www.fraterinternacional.org\/wp-content\/uploads\/2024\/10\/Aromaterapia_Nova-Terra_FFHI_4-200x90.jpg 200w, https:\/\/www.fraterinternacional.org\/wp-content\/uploads\/2024\/10\/Aromaterapia_Nova-Terra_FFHI_4-300x135.jpg 300w, https:\/\/www.fraterinternacional.org\/wp-content\/uploads\/2024\/10\/Aromaterapia_Nova-Terra_FFHI_4-400x180.jpg 400w, https:\/\/www.fraterinternacional.org\/wp-content\/uploads\/2024\/10\/Aromaterapia_Nova-Terra_FFHI_4-600x271.jpg 600w, https:\/\/www.fraterinternacional.org\/wp-content\/uploads\/2024\/10\/Aromaterapia_Nova-Terra_FFHI_4-800x361.jpg 800w, https:\/\/www.fraterinternacional.org\/wp-content\/uploads\/2024\/10\/Aromaterapia_Nova-Terra_FFHI_4.jpg 1000w\" sizes=\"(max-width: 1000px) 100vw, 1000px\" \/><\/a><\/figure>\n\n\n\n<p>The participants&#8217; evaluation of the meeting was very positive, and the workshop will continue soon.<\/p>\n\n\n\n<p>Access the Official Channel of the New Earth Light-Community: <a href=\"https:\/\/t.me\/comunidadeluznovaterra\" target=\"_blank\" rel=\"noreferrer noopener\">https:\/\/t.me\/comunidadeluznovaterra<\/a><\/p>\n\n\n\n<p><\/p>\n","protected":false},"excerpt":{"rendered":"<p>The New Earth Light-Community, affiliated to the Fraternity &#8211; International Humanitarian Federation (FIHF), held an Aromatherapy Workshop attended by around [&hellip;]<\/p>\n","protected":false},"author":61,"featured_media":127124,"comment_status":"closed","ping_status":"closed","sticky":false,"template":"","format":"standard","meta":{"footnotes":""},"categories":[150,107],"tags":[],"class_list":["post-127159","post","type-post","status-publish","format-standard","has-post-thumbnail","hentry","category-news","category-news-of-the-missions"],"yoast_head":"<!-- This site is optimized with the Yoast SEO Premium plugin v21.0 (Yoast SEO v21.0) - https:\/\/yoast.com\/wordpress\/plugins\/seo\/ -->\n<title>Aromatherapy Workshop -<\/title>\n<meta name=\"robots\" content=\"index, follow, max-snippet:-1, max-image-preview:large, max-video-preview:-1\" \/>\n<link rel=\"canonical\" href=\"https:\/\/www.fraterinternacional.org\/en\/aromatherapy-workshop\/\" \/>\n<meta property=\"og:locale\" content=\"en_US\" \/>\n<meta property=\"og:type\" content=\"article\" \/>\n<meta property=\"og:title\" content=\"Aromatherapy Workshop\" \/>\n<meta property=\"og:description\" content=\"The New Earth Light-Community, affiliated to the Fraternity &#8211; International Humanitarian Federation (FIHF), held an Aromatherapy Workshop attended by around [&hellip;]\" \/>\n<meta property=\"og:url\" content=\"https:\/\/www.fraterinternacional.org\/en\/aromatherapy-workshop\/\" \/>\n<meta property=\"og:site_name\" content=\"Fraternidade - Federa\u00e7\u00e3o Humanit\u00e1ria Internacional\" \/>\n<meta property=\"article:publisher\" content=\"https:\/\/www.facebook.com\/fraternidadehumanitaria\" \/>\n<meta property=\"article:published_time\" content=\"2024-11-13T14:43:52+00:00\" \/>\n<meta property=\"article:modified_time\" content=\"2024-11-13T14:43:53+00:00\" \/>\n<meta property=\"og:image\" content=\"https:\/\/www.fraterinternacional.org\/wp-content\/uploads\/2024\/10\/Aromaterapia_Nova-Terra_FFHI_5.jpg\" \/>\n\t<meta property=\"og:image:width\" content=\"1000\" \/>\n\t<meta property=\"og:image:height\" content=\"451\" \/>\n\t<meta property=\"og:image:type\" content=\"image\/jpeg\" \/>\n<meta name=\"author\" content=\"Pedro Duca\" \/>\n<meta name=\"twitter:card\" content=\"summary_large_image\" \/>\n<meta name=\"twitter:creator\" content=\"@fraternidadeFHI\" \/>\n<meta name=\"twitter:site\" content=\"@fraternidadeFHI\" \/>\n<meta name=\"twitter:label1\" content=\"Written by\" \/>\n\t<meta name=\"twitter:data1\" content=\"Pedro Duca\" \/>\n\t<meta name=\"twitter:label2\" content=\"Est. reading time\" \/>\n\t<meta name=\"twitter:data2\" content=\"4 minutes\" \/>\n<script type=\"application\/ld+json\" class=\"yoast-schema-graph\">{\"@context\":\"https:\/\/schema.org\",\"@graph\":[{\"@type\":\"WebPage\",\"@id\":\"https:\/\/www.fraterinternacional.org\/en\/aromatherapy-workshop\/\",\"url\":\"https:\/\/www.fraterinternacional.org\/en\/aromatherapy-workshop\/\",\"name\":\"Aromatherapy Workshop -\",\"isPartOf\":{\"@id\":\"https:\/\/www.fraterinternacional.org\/es\/#website\"},\"datePublished\":\"2024-11-13T14:43:52+00:00\",\"dateModified\":\"2024-11-13T14:43:53+00:00\",\"author\":{\"@id\":\"https:\/\/www.fraterinternacional.org\/es\/#\/schema\/person\/7bc54bff40f88d72fe06ad6be655dec6\"},\"breadcrumb\":{\"@id\":\"https:\/\/www.fraterinternacional.org\/en\/aromatherapy-workshop\/#breadcrumb\"},\"inLanguage\":\"en-US\",\"potentialAction\":[{\"@type\":\"ReadAction\",\"target\":[\"https:\/\/www.fraterinternacional.org\/en\/aromatherapy-workshop\/\"]}]},{\"@type\":\"BreadcrumbList\",\"@id\":\"https:\/\/www.fraterinternacional.org\/en\/aromatherapy-workshop\/#breadcrumb\",\"itemListElement\":[{\"@type\":\"ListItem\",\"position\":1,\"name\":\"In\u00edcio\",\"item\":\"https:\/\/www.fraterinternacional.org\/en\/\"},{\"@type\":\"ListItem\",\"position\":2,\"name\":\"Aromatherapy Workshop\"}]},{\"@type\":\"WebSite\",\"@id\":\"https:\/\/www.fraterinternacional.org\/es\/#website\",\"url\":\"https:\/\/www.fraterinternacional.org\/es\/\",\"name\":\"Fraternidade - Federa\u00e7\u00e3o Humanit\u00e1ria Internacional\",\"description\":\"Fraternidade - Federa\u00e7\u00e3o Humanit\u00e1ria Internacional\",\"potentialAction\":[{\"@type\":\"SearchAction\",\"target\":{\"@type\":\"EntryPoint\",\"urlTemplate\":\"https:\/\/www.fraterinternacional.org\/es\/?s={search_term_string}\"},\"query-input\":\"required name=search_term_string\"}],\"inLanguage\":\"en-US\"},{\"@type\":\"Person\",\"@id\":\"https:\/\/www.fraterinternacional.org\/es\/#\/schema\/person\/7bc54bff40f88d72fe06ad6be655dec6\",\"name\":\"Pedro Duca\"}]}<\/script>\n<!-- \/ Yoast SEO Premium plugin. -->","yoast_head_json":{"title":"Aromatherapy Workshop -","robots":{"index":"index","follow":"follow","max-snippet":"max-snippet:-1","max-image-preview":"max-image-preview:large","max-video-preview":"max-video-preview:-1"},"canonical":"https:\/\/www.fraterinternacional.org\/en\/aromatherapy-workshop\/","og_locale":"en_US","og_type":"article","og_title":"Aromatherapy Workshop","og_description":"The New Earth Light-Community, affiliated to the Fraternity &#8211; International Humanitarian Federation (FIHF), held an Aromatherapy Workshop attended by around [&hellip;]","og_url":"https:\/\/www.fraterinternacional.org\/en\/aromatherapy-workshop\/","og_site_name":"Fraternidade - Federa\u00e7\u00e3o Humanit\u00e1ria Internacional","article_publisher":"https:\/\/www.facebook.com\/fraternidadehumanitaria","article_published_time":"2024-11-13T14:43:52+00:00","article_modified_time":"2024-11-13T14:43:53+00:00","og_image":[{"width":1000,"height":451,"url":"https:\/\/www.fraterinternacional.org\/wp-content\/uploads\/2024\/10\/Aromaterapia_Nova-Terra_FFHI_5.jpg","type":"image\/jpeg"}],"author":"Pedro Duca","twitter_card":"summary_large_image","twitter_creator":"@fraternidadeFHI","twitter_site":"@fraternidadeFHI","twitter_misc":{"Written by":"Pedro Duca","Est. reading time":"4 minutes"},"schema":{"@context":"https:\/\/schema.org","@graph":[{"@type":"WebPage","@id":"https:\/\/www.fraterinternacional.org\/en\/aromatherapy-workshop\/","url":"https:\/\/www.fraterinternacional.org\/en\/aromatherapy-workshop\/","name":"Aromatherapy Workshop -","isPartOf":{"@id":"https:\/\/www.fraterinternacional.org\/es\/#website"},"datePublished":"2024-11-13T14:43:52+00:00","dateModified":"2024-11-13T14:43:53+00:00","author":{"@id":"https:\/\/www.fraterinternacional.org\/es\/#\/schema\/person\/7bc54bff40f88d72fe06ad6be655dec6"},"breadcrumb":{"@id":"https:\/\/www.fraterinternacional.org\/en\/aromatherapy-workshop\/#breadcrumb"},"inLanguage":"en-US","potentialAction":[{"@type":"ReadAction","target":["https:\/\/www.fraterinternacional.org\/en\/aromatherapy-workshop\/"]}]},{"@type":"BreadcrumbList","@id":"https:\/\/www.fraterinternacional.org\/en\/aromatherapy-workshop\/#breadcrumb","itemListElement":[{"@type":"ListItem","position":1,"name":"In\u00edcio","item":"https:\/\/www.fraterinternacional.org\/en\/"},{"@type":"ListItem","position":2,"name":"Aromatherapy Workshop"}]},{"@type":"WebSite","@id":"https:\/\/www.fraterinternacional.org\/es\/#website","url":"https:\/\/www.fraterinternacional.org\/es\/","name":"Fraternidade - Federa\u00e7\u00e3o Humanit\u00e1ria Internacional","description":"Fraternidade - Federa\u00e7\u00e3o Humanit\u00e1ria Internacional","potentialAction":[{"@type":"SearchAction","target":{"@type":"EntryPoint","urlTemplate":"https:\/\/www.fraterinternacional.org\/es\/?s={search_term_string}"},"query-input":"required name=search_term_string"}],"inLanguage":"en-US"},{"@type":"Person","@id":"https:\/\/www.fraterinternacional.org\/es\/#\/schema\/person\/7bc54bff40f88d72fe06ad6be655dec6","name":"Pedro Duca"}]}},"_links":{"self":[{"href":"https:\/\/www.fraterinternacional.org\/en\/wp-json\/wp\/v2\/posts\/127159"}],"collection":[{"href":"https:\/\/www.fraterinternacional.org\/en\/wp-json\/wp\/v2\/posts"}],"about":[{"href":"https:\/\/www.fraterinternacional.org\/en\/wp-json\/wp\/v2\/types\/post"}],"author":[{"embeddable":true,"href":"https:\/\/www.fraterinternacional.org\/en\/wp-json\/wp\/v2\/users\/61"}],"replies":[{"embeddable":true,"href":"https:\/\/www.fraterinternacional.org\/en\/wp-json\/wp\/v2\/comments?post=127159"}],"version-history":[{"count":2,"href":"https:\/\/www.fraterinternacional.org\/en\/wp-json\/wp\/v2\/posts\/127159\/revisions"}],"predecessor-version":[{"id":127161,"href":"https:\/\/www.fraterinternacional.org\/en\/wp-json\/wp\/v2\/posts\/127159\/revisions\/127161"}],"wp:featuredmedia":[{"embeddable":true,"href":"https:\/\/www.fraterinternacional.org\/en\/wp-json\/wp\/v2\/media\/127124"}],"wp:attachment":[{"href":"https:\/\/www.fraterinternacional.org\/en\/wp-json\/wp\/v2\/media?parent=127159"}],"wp:term":[{"taxonomy":"category","embeddable":true,"href":"https:\/\/www.fraterinternacional.org\/en\/wp-json\/wp\/v2\/categories?post=127159"},{"taxonomy":"post_tag","embeddable":true,"href":"https:\/\/www.fraterinternacional.org\/en\/wp-json\/wp\/v2\/tags?post=127159"}],"curies":[{"name":"wp","href":"https:\/\/api.w.org\/{rel}","templated":true}]}}