{"id":126956,"date":"2024-02-12T12:22:42","date_gmt":"2024-02-12T15:22:42","guid":{"rendered":"https:\/\/www.fraterinternacional.org\/?p=126956"},"modified":"2024-02-12T12:22:44","modified_gmt":"2024-02-12T15:22:44","slug":"where-are-the-kids","status":"publish","type":"post","link":"https:\/\/www.fraterinternacional.org\/en\/where-are-the-kids\/","title":{"rendered":"Where are the kids?"},"content":{"rendered":"\n<p>We often don&#8217;t realize how quickly children grow. If a few months make a difference, let alone a few years&#8230;<\/p>\n\n\n\n<p>Some collaborators who know and follow the Light-Community New Earth, affiliated to the Fraternity \u2013 International Humanitarian Federation (FIHF), from time to time ask us: what about the children?<\/p>\n\n\n\n<figure class=\"wp-block-image size-large is-resized\"><a href=\"https:\/\/www.fraterinternacional.org\/wp-content\/uploads\/2024\/01\/Comunidade_LUz_NOva_Terra_FFHI_1.jpg\"><img decoding=\"async\" width=\"768\" height=\"1024\" src=\"https:\/\/www.fraterinternacional.org\/wp-content\/uploads\/2024\/01\/Comunidade_LUz_NOva_Terra_FFHI_1-768x1024.jpg\" alt=\"\" class=\"wp-image-126901\" style=\"width:1200px;height:auto\" srcset=\"https:\/\/www.fraterinternacional.org\/wp-content\/uploads\/2024\/01\/Comunidade_LUz_NOva_Terra_FFHI_1-200x267.jpg 200w, https:\/\/www.fraterinternacional.org\/wp-content\/uploads\/2024\/01\/Comunidade_LUz_NOva_Terra_FFHI_1-225x300.jpg 225w, https:\/\/www.fraterinternacional.org\/wp-content\/uploads\/2024\/01\/Comunidade_LUz_NOva_Terra_FFHI_1-400x533.jpg 400w, https:\/\/www.fraterinternacional.org\/wp-content\/uploads\/2024\/01\/Comunidade_LUz_NOva_Terra_FFHI_1-600x800.jpg 600w, https:\/\/www.fraterinternacional.org\/wp-content\/uploads\/2024\/01\/Comunidade_LUz_NOva_Terra_FFHI_1-768x1024.jpg 768w, https:\/\/www.fraterinternacional.org\/wp-content\/uploads\/2024\/01\/Comunidade_LUz_NOva_Terra_FFHI_1-800x1067.jpg 800w, https:\/\/www.fraterinternacional.org\/wp-content\/uploads\/2024\/01\/Comunidade_LUz_NOva_Terra_FFHI_1.jpg 960w\" sizes=\"(max-width: 768px) 100vw, 768px\" \/><\/a><figcaption class=\"wp-element-caption\">Maria da Paz with her brothers and mother, Galilea, following her practical test in the First Aid course.<\/figcaption><\/figure>\n\n\n\n<p>The children have grown into young people and adults, each with their own quest. Many of them are heading towards a professional life in different areas of knowledge, through technical and undergraduate courses.<\/p>\n\n\n\n<figure class=\"wp-block-image size-full\"><a href=\"https:\/\/www.fraterinternacional.org\/wp-content\/uploads\/2024\/01\/Comunidade_LUz_NOva_Terra_FFHI_2.jpg\"><img decoding=\"async\" width=\"980\" height=\"980\" src=\"https:\/\/www.fraterinternacional.org\/wp-content\/uploads\/2024\/01\/Comunidade_LUz_NOva_Terra_FFHI_2.jpg\" alt=\"\" class=\"wp-image-126907\" srcset=\"https:\/\/www.fraterinternacional.org\/wp-content\/uploads\/2024\/01\/Comunidade_LUz_NOva_Terra_FFHI_2-150x150.jpg 150w, https:\/\/www.fraterinternacional.org\/wp-content\/uploads\/2024\/01\/Comunidade_LUz_NOva_Terra_FFHI_2-200x200.jpg 200w, https:\/\/www.fraterinternacional.org\/wp-content\/uploads\/2024\/01\/Comunidade_LUz_NOva_Terra_FFHI_2-300x300.jpg 300w, https:\/\/www.fraterinternacional.org\/wp-content\/uploads\/2024\/01\/Comunidade_LUz_NOva_Terra_FFHI_2-400x400.jpg 400w, https:\/\/www.fraterinternacional.org\/wp-content\/uploads\/2024\/01\/Comunidade_LUz_NOva_Terra_FFHI_2-600x600.jpg 600w, https:\/\/www.fraterinternacional.org\/wp-content\/uploads\/2024\/01\/Comunidade_LUz_NOva_Terra_FFHI_2-800x800.jpg 800w, https:\/\/www.fraterinternacional.org\/wp-content\/uploads\/2024\/01\/Comunidade_LUz_NOva_Terra_FFHI_2.jpg 980w\" sizes=\"(max-width: 980px) 100vw, 980px\" \/><\/a><figcaption class=\"wp-element-caption\">Photos taken by Clarissa<\/figcaption><\/figure>\n\n\n\n<p><\/p>\n\n\n\n<p>For those who know them, we have some examples to mention, such as Clarissa and Vicente, young people who have recently completed a professional photography course; or Maria da Paz, who completed the First Aid course and is completing the Nursing technician course; Agnes, who is majoring in Psychology and Performing Arts and has just signed a contract with a large agency in Rio de Janeiro, and others who are investing in studies in the areas of Gastronomy, Podiatry, sports, languages, etc.<\/p>\n\n\n\n<figure class=\"wp-block-image size-large\"><a href=\"https:\/\/www.fraterinternacional.org\/wp-content\/uploads\/2024\/01\/Comunidade_LUz_NOva_Terra_FFHI_3.jpg\"><img decoding=\"async\" width=\"1024\" height=\"768\" src=\"https:\/\/www.fraterinternacional.org\/wp-content\/uploads\/2024\/01\/Comunidade_LUz_NOva_Terra_FFHI_3-1024x768.jpg\" alt=\"\" class=\"wp-image-126910\" srcset=\"https:\/\/www.fraterinternacional.org\/wp-content\/uploads\/2024\/01\/Comunidade_LUz_NOva_Terra_FFHI_3-200x150.jpg 200w, https:\/\/www.fraterinternacional.org\/wp-content\/uploads\/2024\/01\/Comunidade_LUz_NOva_Terra_FFHI_3-300x225.jpg 300w, https:\/\/www.fraterinternacional.org\/wp-content\/uploads\/2024\/01\/Comunidade_LUz_NOva_Terra_FFHI_3-400x300.jpg 400w, https:\/\/www.fraterinternacional.org\/wp-content\/uploads\/2024\/01\/Comunidade_LUz_NOva_Terra_FFHI_3-600x450.jpg 600w, https:\/\/www.fraterinternacional.org\/wp-content\/uploads\/2024\/01\/Comunidade_LUz_NOva_Terra_FFHI_3-800x600.jpg 800w, https:\/\/www.fraterinternacional.org\/wp-content\/uploads\/2024\/01\/Comunidade_LUz_NOva_Terra_FFHI_3-1024x768.jpg 1024w, https:\/\/www.fraterinternacional.org\/wp-content\/uploads\/2024\/01\/Comunidade_LUz_NOva_Terra_FFHI_3-1200x900.jpg 1200w, https:\/\/www.fraterinternacional.org\/wp-content\/uploads\/2024\/01\/Comunidade_LUz_NOva_Terra_FFHI_3.jpg 1280w\" sizes=\"(max-width: 1024px) 100vw, 1024px\" \/><\/a><figcaption class=\"wp-element-caption\">Maria do Al\u00edvio do Sofrimento, on her Gastronomy course<\/figcaption><\/figure>\n\n\n\n<p>It is a challenging phase, as it is for every young person who seeks to find the best way to express their gifts and talents and still make a difference on this planet.<\/p>\n\n\n\n<figure class=\"wp-block-image size-full\"><a href=\"https:\/\/www.fraterinternacional.org\/wp-content\/uploads\/2024\/01\/Comunidade_LUz_NOva_Terra_FFHI_4.jpg\"><img decoding=\"async\" width=\"980\" height=\"980\" src=\"https:\/\/www.fraterinternacional.org\/wp-content\/uploads\/2024\/01\/Comunidade_LUz_NOva_Terra_FFHI_4.jpg\" alt=\"\" class=\"wp-image-126913\" srcset=\"https:\/\/www.fraterinternacional.org\/wp-content\/uploads\/2024\/01\/Comunidade_LUz_NOva_Terra_FFHI_4-150x150.jpg 150w, https:\/\/www.fraterinternacional.org\/wp-content\/uploads\/2024\/01\/Comunidade_LUz_NOva_Terra_FFHI_4-200x200.jpg 200w, https:\/\/www.fraterinternacional.org\/wp-content\/uploads\/2024\/01\/Comunidade_LUz_NOva_Terra_FFHI_4-300x300.jpg 300w, https:\/\/www.fraterinternacional.org\/wp-content\/uploads\/2024\/01\/Comunidade_LUz_NOva_Terra_FFHI_4-400x400.jpg 400w, https:\/\/www.fraterinternacional.org\/wp-content\/uploads\/2024\/01\/Comunidade_LUz_NOva_Terra_FFHI_4-600x600.jpg 600w, https:\/\/www.fraterinternacional.org\/wp-content\/uploads\/2024\/01\/Comunidade_LUz_NOva_Terra_FFHI_4-800x800.jpg 800w, https:\/\/www.fraterinternacional.org\/wp-content\/uploads\/2024\/01\/Comunidade_LUz_NOva_Terra_FFHI_4.jpg 980w\" sizes=\"(max-width: 980px) 100vw, 980px\" \/><\/a><figcaption class=\"wp-element-caption\">Agnes as a model and actress<\/figcaption><\/figure>\n\n\n\n<p>There are also young people who choose to take some steps towards maturity, taking on tasks and sectors and helping to sustain the day-to-day life of the Light-Communities.<\/p>\n\n\n\n<figure class=\"wp-block-image size-large\"><a href=\"https:\/\/www.fraterinternacional.org\/wp-content\/uploads\/2024\/01\/Comunidade_LUz_NOva_Terra_FFHI_5.jpg\"><img decoding=\"async\" width=\"768\" height=\"1024\" src=\"https:\/\/www.fraterinternacional.org\/wp-content\/uploads\/2024\/01\/Comunidade_LUz_NOva_Terra_FFHI_5-768x1024.jpg\" alt=\"\" class=\"wp-image-126916\" srcset=\"https:\/\/www.fraterinternacional.org\/wp-content\/uploads\/2024\/01\/Comunidade_LUz_NOva_Terra_FFHI_5-200x267.jpg 200w, https:\/\/www.fraterinternacional.org\/wp-content\/uploads\/2024\/01\/Comunidade_LUz_NOva_Terra_FFHI_5-225x300.jpg 225w, https:\/\/www.fraterinternacional.org\/wp-content\/uploads\/2024\/01\/Comunidade_LUz_NOva_Terra_FFHI_5-400x533.jpg 400w, https:\/\/www.fraterinternacional.org\/wp-content\/uploads\/2024\/01\/Comunidade_LUz_NOva_Terra_FFHI_5-600x800.jpg 600w, https:\/\/www.fraterinternacional.org\/wp-content\/uploads\/2024\/01\/Comunidade_LUz_NOva_Terra_FFHI_5-768x1024.jpg 768w, https:\/\/www.fraterinternacional.org\/wp-content\/uploads\/2024\/01\/Comunidade_LUz_NOva_Terra_FFHI_5-800x1067.jpg 800w, https:\/\/www.fraterinternacional.org\/wp-content\/uploads\/2024\/01\/Comunidade_LUz_NOva_Terra_FFHI_5.jpg 960w\" sizes=\"(max-width: 768px) 100vw, 768px\" \/><\/a><figcaption class=\"wp-element-caption\">Christian helping in the carpentry shop at the Light-Community\u00a0<\/figcaption><\/figure>\n\n\n\n<p>Even with all this movement, it does not mean that there are no more children in the Light-Community New Earth; They are here and they keep coming.<\/p>\n\n\n\n<p>Whatever each person&#8217;s destiny may be, may everyone choose goodness and peace as basic principles for their lives and be in the world what they came to be.<\/p>\n\n\n\n<p>Access the official Light-Community New Earth channel on Telegram:<\/p>\n\n\n\n<figure class=\"wp-block-embed\"><div class=\"wp-block-embed__wrapper\">\nhttps:\/\/t.me\/comunidadeluznovaterra\n<\/div><\/figure>\n","protected":false},"excerpt":{"rendered":"<p>We often don&#8217;t realize how quickly children grow. If a few months make a difference, let alone a few years&#8230; [&hellip;]<\/p>\n","protected":false},"author":61,"featured_media":126911,"comment_status":"closed","ping_status":"closed","sticky":false,"template":"","format":"standard","meta":{"footnotes":""},"categories":[150],"tags":[],"class_list":["post-126956","post","type-post","status-publish","format-standard","has-post-thumbnail","hentry","category-news"],"yoast_head":"<!-- This site is optimized with the Yoast SEO Premium plugin v21.0 (Yoast SEO v21.0) - https:\/\/yoast.com\/wordpress\/plugins\/seo\/ -->\n<title>Where are the kids? -<\/title>\n<meta name=\"robots\" content=\"index, follow, max-snippet:-1, max-image-preview:large, max-video-preview:-1\" \/>\n<link rel=\"canonical\" href=\"https:\/\/www.fraterinternacional.org\/en\/where-are-the-kids\/\" \/>\n<meta property=\"og:locale\" content=\"en_US\" \/>\n<meta property=\"og:type\" content=\"article\" \/>\n<meta property=\"og:title\" content=\"Where are the kids?\" \/>\n<meta property=\"og:description\" content=\"We often don&#8217;t realize how quickly children grow. If a few months make a difference, let alone a few years&#8230; [&hellip;]\" \/>\n<meta property=\"og:url\" content=\"https:\/\/www.fraterinternacional.org\/en\/where-are-the-kids\/\" \/>\n<meta property=\"og:site_name\" content=\"Fraternidade - Federa\u00e7\u00e3o Humanit\u00e1ria Internacional\" \/>\n<meta property=\"article:publisher\" content=\"https:\/\/www.facebook.com\/fraternidadehumanitaria\" \/>\n<meta property=\"article:published_time\" content=\"2024-02-12T15:22:42+00:00\" \/>\n<meta property=\"article:modified_time\" content=\"2024-02-12T15:22:44+00:00\" \/>\n<meta property=\"og:image\" content=\"https:\/\/www.fraterinternacional.org\/wp-content\/uploads\/2024\/01\/Comunidade_LUz_NOva_Terra_FFHI_3.jpg\" \/>\n\t<meta property=\"og:image:width\" content=\"1280\" \/>\n\t<meta property=\"og:image:height\" content=\"960\" \/>\n\t<meta property=\"og:image:type\" content=\"image\/jpeg\" \/>\n<meta name=\"author\" content=\"Pedro Duca\" \/>\n<meta name=\"twitter:card\" content=\"summary_large_image\" \/>\n<meta name=\"twitter:creator\" content=\"@fraternidadeFHI\" \/>\n<meta name=\"twitter:site\" content=\"@fraternidadeFHI\" \/>\n<meta name=\"twitter:label1\" content=\"Written by\" \/>\n\t<meta name=\"twitter:data1\" content=\"Pedro Duca\" \/>\n\t<meta name=\"twitter:label2\" content=\"Est. reading time\" \/>\n\t<meta name=\"twitter:data2\" content=\"3 minutes\" \/>\n<script type=\"application\/ld+json\" class=\"yoast-schema-graph\">{\"@context\":\"https:\/\/schema.org\",\"@graph\":[{\"@type\":\"WebPage\",\"@id\":\"https:\/\/www.fraterinternacional.org\/en\/where-are-the-kids\/\",\"url\":\"https:\/\/www.fraterinternacional.org\/en\/where-are-the-kids\/\",\"name\":\"Where are the kids? -\",\"isPartOf\":{\"@id\":\"https:\/\/www.fraterinternacional.org\/es\/#website\"},\"datePublished\":\"2024-02-12T15:22:42+00:00\",\"dateModified\":\"2024-02-12T15:22:44+00:00\",\"author\":{\"@id\":\"https:\/\/www.fraterinternacional.org\/es\/#\/schema\/person\/7bc54bff40f88d72fe06ad6be655dec6\"},\"breadcrumb\":{\"@id\":\"https:\/\/www.fraterinternacional.org\/en\/where-are-the-kids\/#breadcrumb\"},\"inLanguage\":\"en-US\",\"potentialAction\":[{\"@type\":\"ReadAction\",\"target\":[\"https:\/\/www.fraterinternacional.org\/en\/where-are-the-kids\/\"]}]},{\"@type\":\"BreadcrumbList\",\"@id\":\"https:\/\/www.fraterinternacional.org\/en\/where-are-the-kids\/#breadcrumb\",\"itemListElement\":[{\"@type\":\"ListItem\",\"position\":1,\"name\":\"In\u00edcio\",\"item\":\"https:\/\/www.fraterinternacional.org\/en\/\"},{\"@type\":\"ListItem\",\"position\":2,\"name\":\"Where are the kids?\"}]},{\"@type\":\"WebSite\",\"@id\":\"https:\/\/www.fraterinternacional.org\/es\/#website\",\"url\":\"https:\/\/www.fraterinternacional.org\/es\/\",\"name\":\"Fraternidade - Federa\u00e7\u00e3o Humanit\u00e1ria Internacional\",\"description\":\"Fraternidade - Federa\u00e7\u00e3o Humanit\u00e1ria Internacional\",\"potentialAction\":[{\"@type\":\"SearchAction\",\"target\":{\"@type\":\"EntryPoint\",\"urlTemplate\":\"https:\/\/www.fraterinternacional.org\/es\/?s={search_term_string}\"},\"query-input\":\"required name=search_term_string\"}],\"inLanguage\":\"en-US\"},{\"@type\":\"Person\",\"@id\":\"https:\/\/www.fraterinternacional.org\/es\/#\/schema\/person\/7bc54bff40f88d72fe06ad6be655dec6\",\"name\":\"Pedro Duca\"}]}<\/script>\n<!-- \/ Yoast SEO Premium plugin. -->","yoast_head_json":{"title":"Where are the kids? -","robots":{"index":"index","follow":"follow","max-snippet":"max-snippet:-1","max-image-preview":"max-image-preview:large","max-video-preview":"max-video-preview:-1"},"canonical":"https:\/\/www.fraterinternacional.org\/en\/where-are-the-kids\/","og_locale":"en_US","og_type":"article","og_title":"Where are the kids?","og_description":"We often don&#8217;t realize how quickly children grow. If a few months make a difference, let alone a few years&#8230; [&hellip;]","og_url":"https:\/\/www.fraterinternacional.org\/en\/where-are-the-kids\/","og_site_name":"Fraternidade - Federa\u00e7\u00e3o Humanit\u00e1ria Internacional","article_publisher":"https:\/\/www.facebook.com\/fraternidadehumanitaria","article_published_time":"2024-02-12T15:22:42+00:00","article_modified_time":"2024-02-12T15:22:44+00:00","og_image":[{"width":1280,"height":960,"url":"https:\/\/www.fraterinternacional.org\/wp-content\/uploads\/2024\/01\/Comunidade_LUz_NOva_Terra_FFHI_3.jpg","type":"image\/jpeg"}],"author":"Pedro Duca","twitter_card":"summary_large_image","twitter_creator":"@fraternidadeFHI","twitter_site":"@fraternidadeFHI","twitter_misc":{"Written by":"Pedro Duca","Est. reading time":"3 minutes"},"schema":{"@context":"https:\/\/schema.org","@graph":[{"@type":"WebPage","@id":"https:\/\/www.fraterinternacional.org\/en\/where-are-the-kids\/","url":"https:\/\/www.fraterinternacional.org\/en\/where-are-the-kids\/","name":"Where are the kids? -","isPartOf":{"@id":"https:\/\/www.fraterinternacional.org\/es\/#website"},"datePublished":"2024-02-12T15:22:42+00:00","dateModified":"2024-02-12T15:22:44+00:00","author":{"@id":"https:\/\/www.fraterinternacional.org\/es\/#\/schema\/person\/7bc54bff40f88d72fe06ad6be655dec6"},"breadcrumb":{"@id":"https:\/\/www.fraterinternacional.org\/en\/where-are-the-kids\/#breadcrumb"},"inLanguage":"en-US","potentialAction":[{"@type":"ReadAction","target":["https:\/\/www.fraterinternacional.org\/en\/where-are-the-kids\/"]}]},{"@type":"BreadcrumbList","@id":"https:\/\/www.fraterinternacional.org\/en\/where-are-the-kids\/#breadcrumb","itemListElement":[{"@type":"ListItem","position":1,"name":"In\u00edcio","item":"https:\/\/www.fraterinternacional.org\/en\/"},{"@type":"ListItem","position":2,"name":"Where are the kids?"}]},{"@type":"WebSite","@id":"https:\/\/www.fraterinternacional.org\/es\/#website","url":"https:\/\/www.fraterinternacional.org\/es\/","name":"Fraternidade - Federa\u00e7\u00e3o Humanit\u00e1ria Internacional","description":"Fraternidade - Federa\u00e7\u00e3o Humanit\u00e1ria Internacional","potentialAction":[{"@type":"SearchAction","target":{"@type":"EntryPoint","urlTemplate":"https:\/\/www.fraterinternacional.org\/es\/?s={search_term_string}"},"query-input":"required name=search_term_string"}],"inLanguage":"en-US"},{"@type":"Person","@id":"https:\/\/www.fraterinternacional.org\/es\/#\/schema\/person\/7bc54bff40f88d72fe06ad6be655dec6","name":"Pedro Duca"}]}},"_links":{"self":[{"href":"https:\/\/www.fraterinternacional.org\/en\/wp-json\/wp\/v2\/posts\/126956"}],"collection":[{"href":"https:\/\/www.fraterinternacional.org\/en\/wp-json\/wp\/v2\/posts"}],"about":[{"href":"https:\/\/www.fraterinternacional.org\/en\/wp-json\/wp\/v2\/types\/post"}],"author":[{"embeddable":true,"href":"https:\/\/www.fraterinternacional.org\/en\/wp-json\/wp\/v2\/users\/61"}],"replies":[{"embeddable":true,"href":"https:\/\/www.fraterinternacional.org\/en\/wp-json\/wp\/v2\/comments?post=126956"}],"version-history":[{"count":2,"href":"https:\/\/www.fraterinternacional.org\/en\/wp-json\/wp\/v2\/posts\/126956\/revisions"}],"predecessor-version":[{"id":126959,"href":"https:\/\/www.fraterinternacional.org\/en\/wp-json\/wp\/v2\/posts\/126956\/revisions\/126959"}],"wp:featuredmedia":[{"embeddable":true,"href":"https:\/\/www.fraterinternacional.org\/en\/wp-json\/wp\/v2\/media\/126911"}],"wp:attachment":[{"href":"https:\/\/www.fraterinternacional.org\/en\/wp-json\/wp\/v2\/media?parent=126956"}],"wp:term":[{"taxonomy":"category","embeddable":true,"href":"https:\/\/www.fraterinternacional.org\/en\/wp-json\/wp\/v2\/categories?post=126956"},{"taxonomy":"post_tag","embeddable":true,"href":"https:\/\/www.fraterinternacional.org\/en\/wp-json\/wp\/v2\/tags?post=126956"}],"curies":[{"name":"wp","href":"https:\/\/api.w.org\/{rel}","templated":true}]}}