{"id":126550,"date":"2023-05-18T06:55:39","date_gmt":"2023-05-18T09:55:39","guid":{"rendered":"https:\/\/www.fraterinternacional.org\/?p=126550"},"modified":"2023-06-01T06:59:30","modified_gmt":"2023-06-01T09:59:30","slug":"first-stages-of-manifestation-the-flor-do-sagrado-tepui-of-roraima","status":"publish","type":"post","link":"https:\/\/www.fraterinternacional.org\/en\/first-stages-of-manifestation-the-flor-do-sagrado-tepui-of-roraima\/","title":{"rendered":"First stages of manifestation: the Flor do Sagrado Tepui of Roraima"},"content":{"rendered":"\n<p>The\u00a0Light-Community of Roraima, affiliated with the\u00a0Fraternity &#8211; International Humanitarian Federation (FIHF), was announced in 2021, the result of the work of prayer and effort of the Venezuela and\u00a0North-Northeast\u00a0Light-Networks, as well as the humanitarian service of the\u00a0Roraima Mission.<\/p>\n\n\n<div class=\"wp-block-image\">\n<figure class=\"aligncenter size-large\"><a href=\"https:\/\/www.fraterinternacional.org\/wp-content\/uploads\/2023\/05\/Comunidade-Luz_Roraima_FFHI_1.jpg\"><img decoding=\"async\" width=\"1024\" height=\"768\" src=\"https:\/\/www.fraterinternacional.org\/wp-content\/uploads\/2023\/05\/Comunidade-Luz_Roraima_FFHI_1-1024x768.jpg\" alt=\"\" class=\"wp-image-126463\" srcset=\"https:\/\/www.fraterinternacional.org\/wp-content\/uploads\/2023\/05\/Comunidade-Luz_Roraima_FFHI_1-200x150.jpg 200w, https:\/\/www.fraterinternacional.org\/wp-content\/uploads\/2023\/05\/Comunidade-Luz_Roraima_FFHI_1-300x225.jpg 300w, https:\/\/www.fraterinternacional.org\/wp-content\/uploads\/2023\/05\/Comunidade-Luz_Roraima_FFHI_1-400x300.jpg 400w, https:\/\/www.fraterinternacional.org\/wp-content\/uploads\/2023\/05\/Comunidade-Luz_Roraima_FFHI_1-600x450.jpg 600w, https:\/\/www.fraterinternacional.org\/wp-content\/uploads\/2023\/05\/Comunidade-Luz_Roraima_FFHI_1-800x600.jpg 800w, https:\/\/www.fraterinternacional.org\/wp-content\/uploads\/2023\/05\/Comunidade-Luz_Roraima_FFHI_1-1024x768.jpg 1024w, https:\/\/www.fraterinternacional.org\/wp-content\/uploads\/2023\/05\/Comunidade-Luz_Roraima_FFHI_1-1200x900.jpg 1200w, https:\/\/www.fraterinternacional.org\/wp-content\/uploads\/2023\/05\/Comunidade-Luz_Roraima_FFHI_1.jpg 1280w\" sizes=\"(max-width: 1024px) 100vw, 1024px\" \/><\/a><figcaption class=\"wp-element-caption\">Membros da Comunidade-Luz de Roraima: monges, servidores humanit\u00e1rios volunt\u00e1rios e colaboradores.<\/figcaption><\/figure><\/div>\n\n\n<p>What existed before was the Light-Nucleus, which since 2017, was providing spiritual support and logistics for the humanitarian mission involved with the Venezuelan migration to Brazil.<\/p>\n\n\n\n<p>The&nbsp;Roraima Light-Community&nbsp;has two monasteries, one male and one female. These are the Sacred Humility of Saint Joseph Monasteries. The Community is also made up of humanitarian aid volunteers, who serve in the&nbsp;Roraima Mission&nbsp;through the&nbsp;Indigenous Cultural and Training Center (CCFI); it also includes members of the Light-Network or other Light-Communities who remain for a period in Boa Vista.&nbsp;<\/p>\n\n\n\n<figure class=\"wp-block-gallery has-nested-images columns-default is-cropped wp-block-gallery-1 is-layout-flex wp-block-gallery-is-layout-flex\">\n<figure class=\"wp-block-image size-large\"><a href=\"https:\/\/www.fraterinternacional.org\/wp-content\/uploads\/2023\/05\/Comunidade-Luz_Roraima_FFHI_3.jpg\"><img decoding=\"async\" width=\"1024\" height=\"768\" data-id=\"126469\" src=\"https:\/\/www.fraterinternacional.org\/wp-content\/uploads\/2023\/05\/Comunidade-Luz_Roraima_FFHI_3-1024x768.jpg\" alt=\"\" class=\"wp-image-126469\" srcset=\"https:\/\/www.fraterinternacional.org\/wp-content\/uploads\/2023\/05\/Comunidade-Luz_Roraima_FFHI_3-200x150.jpg 200w, https:\/\/www.fraterinternacional.org\/wp-content\/uploads\/2023\/05\/Comunidade-Luz_Roraima_FFHI_3-300x225.jpg 300w, https:\/\/www.fraterinternacional.org\/wp-content\/uploads\/2023\/05\/Comunidade-Luz_Roraima_FFHI_3-400x300.jpg 400w, https:\/\/www.fraterinternacional.org\/wp-content\/uploads\/2023\/05\/Comunidade-Luz_Roraima_FFHI_3-600x450.jpg 600w, https:\/\/www.fraterinternacional.org\/wp-content\/uploads\/2023\/05\/Comunidade-Luz_Roraima_FFHI_3-800x600.jpg 800w, https:\/\/www.fraterinternacional.org\/wp-content\/uploads\/2023\/05\/Comunidade-Luz_Roraima_FFHI_3-1024x768.jpg 1024w, https:\/\/www.fraterinternacional.org\/wp-content\/uploads\/2023\/05\/Comunidade-Luz_Roraima_FFHI_3-1200x900.jpg 1200w, https:\/\/www.fraterinternacional.org\/wp-content\/uploads\/2023\/05\/Comunidade-Luz_Roraima_FFHI_3.jpg 1280w\" sizes=\"(max-width: 1024px) 100vw, 1024px\" \/><\/a><figcaption class=\"wp-element-caption\">Encontro mensal na Sede da Comunidade-Luz para transmiss\u00e3o p\u00fablica das grava\u00e7\u00f5es de palestras do Trigueirinho<\/figcaption><\/figure>\n\n\n\n<figure class=\"wp-block-image size-large\"><a href=\"https:\/\/www.fraterinternacional.org\/wp-content\/uploads\/2023\/05\/Comunidade-Luz_Roraima_FFHI_2.jpg\"><img decoding=\"async\" width=\"1024\" height=\"768\" data-id=\"126472\" src=\"https:\/\/www.fraterinternacional.org\/wp-content\/uploads\/2023\/05\/Comunidade-Luz_Roraima_FFHI_2-1024x768.jpg\" alt=\"\" class=\"wp-image-126472\" srcset=\"https:\/\/www.fraterinternacional.org\/wp-content\/uploads\/2023\/05\/Comunidade-Luz_Roraima_FFHI_2-200x150.jpg 200w, https:\/\/www.fraterinternacional.org\/wp-content\/uploads\/2023\/05\/Comunidade-Luz_Roraima_FFHI_2-300x225.jpg 300w, https:\/\/www.fraterinternacional.org\/wp-content\/uploads\/2023\/05\/Comunidade-Luz_Roraima_FFHI_2-400x300.jpg 400w, https:\/\/www.fraterinternacional.org\/wp-content\/uploads\/2023\/05\/Comunidade-Luz_Roraima_FFHI_2-600x450.jpg 600w, https:\/\/www.fraterinternacional.org\/wp-content\/uploads\/2023\/05\/Comunidade-Luz_Roraima_FFHI_2-800x600.jpg 800w, https:\/\/www.fraterinternacional.org\/wp-content\/uploads\/2023\/05\/Comunidade-Luz_Roraima_FFHI_2-1024x768.jpg 1024w, https:\/\/www.fraterinternacional.org\/wp-content\/uploads\/2023\/05\/Comunidade-Luz_Roraima_FFHI_2-1200x900.jpg 1200w, https:\/\/www.fraterinternacional.org\/wp-content\/uploads\/2023\/05\/Comunidade-Luz_Roraima_FFHI_2.jpg 1280w\" sizes=\"(max-width: 1024px) 100vw, 1024px\" \/><\/a><figcaption class=\"wp-element-caption\">Encontros ecum\u00eanicos que re\u00fanem pessoas que buscam o despertar interior<\/figcaption><\/figure>\n<\/figure>\n\n\n\n<p>The Light-Community is divided into two spaces: the headquarters in the city of Boa Vista and the Light-Community itself, which is in a semi-rural area of Boa Vista.<\/p>\n\n\n\n<p>Currently, there is a large amount of construction going on, marking the beginning of the emergence of the&nbsp;Flor do Sagrado Tepui Light-Community, including a plan providing for: 4 lodging modules, 2 monasteries, a cafeteria, a prayer room, an auditorium, and a maintenance area.<\/p>\n\n\n\n<figure class=\"wp-block-gallery has-nested-images columns-default is-cropped wp-block-gallery-2 is-layout-flex wp-block-gallery-is-layout-flex\">\n<figure class=\"wp-block-image size-large\"><a href=\"https:\/\/www.fraterinternacional.org\/wp-content\/uploads\/2023\/05\/Comunidade-Luz_Roraima_FFHI_6.jpg\"><img decoding=\"async\" width=\"1024\" height=\"461\" data-id=\"126475\" src=\"https:\/\/www.fraterinternacional.org\/wp-content\/uploads\/2023\/05\/Comunidade-Luz_Roraima_FFHI_6-1024x461.jpg\" alt=\"\" class=\"wp-image-126475\" srcset=\"https:\/\/www.fraterinternacional.org\/wp-content\/uploads\/2023\/05\/Comunidade-Luz_Roraima_FFHI_6-200x90.jpg 200w, https:\/\/www.fraterinternacional.org\/wp-content\/uploads\/2023\/05\/Comunidade-Luz_Roraima_FFHI_6-300x135.jpg 300w, https:\/\/www.fraterinternacional.org\/wp-content\/uploads\/2023\/05\/Comunidade-Luz_Roraima_FFHI_6-400x180.jpg 400w, https:\/\/www.fraterinternacional.org\/wp-content\/uploads\/2023\/05\/Comunidade-Luz_Roraima_FFHI_6-600x270.jpg 600w, https:\/\/www.fraterinternacional.org\/wp-content\/uploads\/2023\/05\/Comunidade-Luz_Roraima_FFHI_6-800x360.jpg 800w, https:\/\/www.fraterinternacional.org\/wp-content\/uploads\/2023\/05\/Comunidade-Luz_Roraima_FFHI_6-1024x461.jpg 1024w, https:\/\/www.fraterinternacional.org\/wp-content\/uploads\/2023\/05\/Comunidade-Luz_Roraima_FFHI_6-1200x540.jpg 1200w, https:\/\/www.fraterinternacional.org\/wp-content\/uploads\/2023\/05\/Comunidade-Luz_Roraima_FFHI_6.jpg 1280w\" sizes=\"(max-width: 1024px) 100vw, 1024px\" \/><\/a><figcaption class=\"wp-element-caption\">\u00c1rea de agrofloresta faz parte do projeto futuro de autossustentabilidade da Comunidade-Luz<\/figcaption><\/figure>\n\n\n\n<figure class=\"wp-block-image size-large\"><a href=\"https:\/\/www.fraterinternacional.org\/wp-content\/uploads\/2023\/05\/Comunidade-Luz_Roraima_FFHI_5.jpg\"><img decoding=\"async\" width=\"1000\" height=\"750\" data-id=\"126478\" src=\"https:\/\/www.fraterinternacional.org\/wp-content\/uploads\/2023\/05\/Comunidade-Luz_Roraima_FFHI_5.jpg\" alt=\"\" class=\"wp-image-126478\" srcset=\"https:\/\/www.fraterinternacional.org\/wp-content\/uploads\/2023\/05\/Comunidade-Luz_Roraima_FFHI_5-200x150.jpg 200w, https:\/\/www.fraterinternacional.org\/wp-content\/uploads\/2023\/05\/Comunidade-Luz_Roraima_FFHI_5-300x225.jpg 300w, https:\/\/www.fraterinternacional.org\/wp-content\/uploads\/2023\/05\/Comunidade-Luz_Roraima_FFHI_5-400x300.jpg 400w, https:\/\/www.fraterinternacional.org\/wp-content\/uploads\/2023\/05\/Comunidade-Luz_Roraima_FFHI_5-600x450.jpg 600w, https:\/\/www.fraterinternacional.org\/wp-content\/uploads\/2023\/05\/Comunidade-Luz_Roraima_FFHI_5-800x600.jpg 800w, https:\/\/www.fraterinternacional.org\/wp-content\/uploads\/2023\/05\/Comunidade-Luz_Roraima_FFHI_5.jpg 1000w\" sizes=\"(max-width: 1000px) 100vw, 1000px\" \/><\/a><figcaption class=\"wp-element-caption\">\u00c1rea de Servi\u00e7o do SAF com sala de sementes e reservat\u00f3rio de 20 mil litros. Est\u00e3o em constru\u00e7\u00e3o viveiro e composteira<\/figcaption><\/figure>\n<\/figure>\n\n\n\n<p>The construction is a first lodging module so that the groups of collaborators, humanitarian aid volunteer missionaries, members of others Light-Communities, and monasteries are able to live in the Roraima Light-Community.<\/p>\n\n\n\n<p>The land of the&nbsp;Light-Community&nbsp;is in the shape of a strip: there are 10 hectares, 100 meters wide by 1,000 meters long.<\/p>\n\n\n<div class=\"wp-block-image\">\n<figure class=\"aligncenter size-large\"><a href=\"https:\/\/www.fraterinternacional.org\/wp-content\/uploads\/2023\/05\/Comunidade-Luz_Roraima_FFHI_7.jpg\"><img decoding=\"async\" width=\"1024\" height=\"576\" src=\"https:\/\/www.fraterinternacional.org\/wp-content\/uploads\/2023\/05\/Comunidade-Luz_Roraima_FFHI_7-1024x576.jpg\" alt=\"\" class=\"wp-image-126460\" srcset=\"https:\/\/www.fraterinternacional.org\/wp-content\/uploads\/2023\/05\/Comunidade-Luz_Roraima_FFHI_7-200x113.jpg 200w, https:\/\/www.fraterinternacional.org\/wp-content\/uploads\/2023\/05\/Comunidade-Luz_Roraima_FFHI_7-300x169.jpg 300w, https:\/\/www.fraterinternacional.org\/wp-content\/uploads\/2023\/05\/Comunidade-Luz_Roraima_FFHI_7-400x225.jpg 400w, https:\/\/www.fraterinternacional.org\/wp-content\/uploads\/2023\/05\/Comunidade-Luz_Roraima_FFHI_7-600x338.jpg 600w, https:\/\/www.fraterinternacional.org\/wp-content\/uploads\/2023\/05\/Comunidade-Luz_Roraima_FFHI_7-800x450.jpg 800w, https:\/\/www.fraterinternacional.org\/wp-content\/uploads\/2023\/05\/Comunidade-Luz_Roraima_FFHI_7-1024x576.jpg 1024w, https:\/\/www.fraterinternacional.org\/wp-content\/uploads\/2023\/05\/Comunidade-Luz_Roraima_FFHI_7-1200x675.jpg 1200w, https:\/\/www.fraterinternacional.org\/wp-content\/uploads\/2023\/05\/Comunidade-Luz_Roraima_FFHI_7.jpg 1280w\" sizes=\"(max-width: 1024px) 100vw, 1024px\" \/><\/a><figcaption class=\"wp-element-caption\">No futuro, a agrofloresta integrar\u00e1 a rede de servi\u00e7o doando parte da produ\u00e7\u00e3o ser\u00e1 para institui\u00e7\u00f5es e pessoas necessitadas<\/figcaption><\/figure><\/div>\n\n\n<p>At this time, there is a half-hectare of cropland managed through agroforestry methodologies, and some support buildings.<\/p>\n\n\n\n<p>Recently, the male monastery moved to the countryside, leaving the rented house in the city. Friar Thomas, manager of the&nbsp;Light-Community&nbsp;and coordinator of the male monastery, comments on the importance of that move:<\/p>\n\n\n\n<p>&#8220;The male monastery is improvised in two containers to support the activities of this pioneering phase of the Light-Community: collective work, construction, planting areas, and the protection of the land itself. Further, the spiritual presence of the monastery on the Light-Community land makes it possible for the public activities of prayer with neighbors and invitees be more fully attended.&#8221;<\/p>\n\n\n\n<p>Close to the containers of the monastery is the&nbsp;Light-Community&#8217;s liturgical space: the prayer room, which is also adapted from a container, and the area of the Guardian Trees, which is a sort of spiritual epicenter where important work is done, such as the sacraments in the Marathons and attunements.<\/p>\n\n\n<div class=\"wp-block-image\">\n<figure class=\"aligncenter size-large\"><a href=\"https:\/\/www.fraterinternacional.org\/wp-content\/uploads\/2023\/05\/Comunidade-Luz_Roraima_FFHI_11.jpg\"><img decoding=\"async\" width=\"1024\" height=\"768\" src=\"https:\/\/www.fraterinternacional.org\/wp-content\/uploads\/2023\/05\/Comunidade-Luz_Roraima_FFHI_11-1024x768.jpg\" alt=\"\" class=\"wp-image-126466\" srcset=\"https:\/\/www.fraterinternacional.org\/wp-content\/uploads\/2023\/05\/Comunidade-Luz_Roraima_FFHI_11-200x150.jpg 200w, https:\/\/www.fraterinternacional.org\/wp-content\/uploads\/2023\/05\/Comunidade-Luz_Roraima_FFHI_11-300x225.jpg 300w, https:\/\/www.fraterinternacional.org\/wp-content\/uploads\/2023\/05\/Comunidade-Luz_Roraima_FFHI_11-400x300.jpg 400w, https:\/\/www.fraterinternacional.org\/wp-content\/uploads\/2023\/05\/Comunidade-Luz_Roraima_FFHI_11-600x450.jpg 600w, https:\/\/www.fraterinternacional.org\/wp-content\/uploads\/2023\/05\/Comunidade-Luz_Roraima_FFHI_11-800x600.jpg 800w, https:\/\/www.fraterinternacional.org\/wp-content\/uploads\/2023\/05\/Comunidade-Luz_Roraima_FFHI_11-1024x768.jpg 1024w, https:\/\/www.fraterinternacional.org\/wp-content\/uploads\/2023\/05\/Comunidade-Luz_Roraima_FFHI_11-1200x900.jpg 1200w, https:\/\/www.fraterinternacional.org\/wp-content\/uploads\/2023\/05\/Comunidade-Luz_Roraima_FFHI_11.jpg 1280w\" sizes=\"(max-width: 1024px) 100vw, 1024px\" \/><\/a><figcaption class=\"wp-element-caption\">Casa de ora\u00e7\u00e3o da Comunidade-Luz atualmente est\u00e1 adaptada em um container<\/figcaption><\/figure><\/div>\n\n\n<h3 class=\"wp-block-heading\">Building the First Lodging Module<\/h3>\n\n\n\n<p>The current construction represents the first stage of the Light-Community in the established project. It is a 250 square meter lodging module, with six rooms, and bathrooms for every two rooms, as well as a prayer room, office, therapeutic bath, kitchen and service area.<\/p>\n\n\n<div class=\"wp-block-image\">\n<figure class=\"aligncenter size-large\"><a href=\"https:\/\/www.fraterinternacional.org\/wp-content\/uploads\/2023\/05\/Comunidade-Luz_Roraima_FFHI_12.jpg\"><img decoding=\"async\" width=\"1024\" height=\"768\" src=\"https:\/\/www.fraterinternacional.org\/wp-content\/uploads\/2023\/05\/Comunidade-Luz_Roraima_FFHI_12-1024x768.jpg\" alt=\"\" class=\"wp-image-126481\" srcset=\"https:\/\/www.fraterinternacional.org\/wp-content\/uploads\/2023\/05\/Comunidade-Luz_Roraima_FFHI_12-200x150.jpg 200w, https:\/\/www.fraterinternacional.org\/wp-content\/uploads\/2023\/05\/Comunidade-Luz_Roraima_FFHI_12-300x225.jpg 300w, https:\/\/www.fraterinternacional.org\/wp-content\/uploads\/2023\/05\/Comunidade-Luz_Roraima_FFHI_12-400x300.jpg 400w, https:\/\/www.fraterinternacional.org\/wp-content\/uploads\/2023\/05\/Comunidade-Luz_Roraima_FFHI_12-600x450.jpg 600w, https:\/\/www.fraterinternacional.org\/wp-content\/uploads\/2023\/05\/Comunidade-Luz_Roraima_FFHI_12-800x600.jpg 800w, https:\/\/www.fraterinternacional.org\/wp-content\/uploads\/2023\/05\/Comunidade-Luz_Roraima_FFHI_12-1024x768.jpg 1024w, https:\/\/www.fraterinternacional.org\/wp-content\/uploads\/2023\/05\/Comunidade-Luz_Roraima_FFHI_12-1200x900.jpg 1200w, https:\/\/www.fraterinternacional.org\/wp-content\/uploads\/2023\/05\/Comunidade-Luz_Roraima_FFHI_12.jpg 1280w\" sizes=\"(max-width: 1024px) 100vw, 1024px\" \/><\/a><figcaption class=\"wp-element-caption\">Na Comunidade-Luz haver\u00e1 um espa\u00e7o onde ser\u00e3o realizadas, com apoio dos monast\u00e9rios, exerc\u00edcios espirituais de ora\u00e7\u00e3o, sil\u00eancio e sintonia.<\/figcaption><\/figure><\/div>\n\n\n<p>Cesar Daltro is part of the Salvador Light-Network and is the construction manager of the&nbsp;Roraima Light-Community, following the evolution of the construction at a distance, as well as carrying out periodic technical visits. Cesar says there was special care taken in the elaboration of the projects in that first construction:<\/p>\n\n\n\n<p>&#8220;All architectural projects, concrete structure, metal roof structure, electrical, air conditioning and sanitary system, were developed, with the construction designed with care as to seismic safety and flood protection, as guided by the Permanent Guidance Council.&#8221;<\/p>\n\n\n\n<p>With the support of the&nbsp;Fraternity &#8211; Humanitarian Federation (FIHF), and the initial donations of external collaborators, the resources were obtained for beginning the construction in Roraima.<\/p>\n\n\n\n<p>With these funds, it was possible to carry out the basic construction of the work, raising it from the ground, with the phase of foundations, superstructure, masonry and part of the installations being completed.<\/p>\n\n\n<div class=\"wp-block-image\">\n<figure class=\"aligncenter size-large\"><a href=\"https:\/\/www.fraterinternacional.org\/wp-content\/uploads\/2023\/05\/Comunidade-Luz_Roraima_FFHI_15.jpg\"><img decoding=\"async\" width=\"1024\" height=\"768\" src=\"https:\/\/www.fraterinternacional.org\/wp-content\/uploads\/2023\/05\/Comunidade-Luz_Roraima_FFHI_15-1024x768.jpg\" alt=\"\" class=\"wp-image-126484\" srcset=\"https:\/\/www.fraterinternacional.org\/wp-content\/uploads\/2023\/05\/Comunidade-Luz_Roraima_FFHI_15-200x150.jpg 200w, https:\/\/www.fraterinternacional.org\/wp-content\/uploads\/2023\/05\/Comunidade-Luz_Roraima_FFHI_15-300x225.jpg 300w, https:\/\/www.fraterinternacional.org\/wp-content\/uploads\/2023\/05\/Comunidade-Luz_Roraima_FFHI_15-400x300.jpg 400w, https:\/\/www.fraterinternacional.org\/wp-content\/uploads\/2023\/05\/Comunidade-Luz_Roraima_FFHI_15-600x450.jpg 600w, https:\/\/www.fraterinternacional.org\/wp-content\/uploads\/2023\/05\/Comunidade-Luz_Roraima_FFHI_15-800x600.jpg 800w, https:\/\/www.fraterinternacional.org\/wp-content\/uploads\/2023\/05\/Comunidade-Luz_Roraima_FFHI_15-1024x768.jpg 1024w, https:\/\/www.fraterinternacional.org\/wp-content\/uploads\/2023\/05\/Comunidade-Luz_Roraima_FFHI_15-1200x900.jpg 1200w, https:\/\/www.fraterinternacional.org\/wp-content\/uploads\/2023\/05\/Comunidade-Luz_Roraima_FFHI_15.jpg 1280w\" sizes=\"(max-width: 1024px) 100vw, 1024px\" \/><\/a><figcaption class=\"wp-element-caption\">Setor de Obras da Comunidade-Luz tem feito um acompanhamento di\u00e1rio jdo desenvolvimento da obra<\/figcaption><\/figure><\/div>\n\n\n<figure class=\"wp-block-gallery has-nested-images columns-default is-cropped wp-block-gallery-3 is-layout-flex wp-block-gallery-is-layout-flex\">\n<figure class=\"wp-block-image size-large\"><a href=\"https:\/\/www.fraterinternacional.org\/wp-content\/uploads\/2023\/05\/Comunidade-Luz_Roraima_FFHI_17.jpg\"><img decoding=\"async\" width=\"1024\" height=\"768\" data-id=\"126490\" src=\"https:\/\/www.fraterinternacional.org\/wp-content\/uploads\/2023\/05\/Comunidade-Luz_Roraima_FFHI_17-1024x768.jpg\" alt=\"\" class=\"wp-image-126490\" srcset=\"https:\/\/www.fraterinternacional.org\/wp-content\/uploads\/2023\/05\/Comunidade-Luz_Roraima_FFHI_17-200x150.jpg 200w, https:\/\/www.fraterinternacional.org\/wp-content\/uploads\/2023\/05\/Comunidade-Luz_Roraima_FFHI_17-300x225.jpg 300w, https:\/\/www.fraterinternacional.org\/wp-content\/uploads\/2023\/05\/Comunidade-Luz_Roraima_FFHI_17-400x300.jpg 400w, https:\/\/www.fraterinternacional.org\/wp-content\/uploads\/2023\/05\/Comunidade-Luz_Roraima_FFHI_17-600x450.jpg 600w, https:\/\/www.fraterinternacional.org\/wp-content\/uploads\/2023\/05\/Comunidade-Luz_Roraima_FFHI_17-800x600.jpg 800w, https:\/\/www.fraterinternacional.org\/wp-content\/uploads\/2023\/05\/Comunidade-Luz_Roraima_FFHI_17-1024x768.jpg 1024w, https:\/\/www.fraterinternacional.org\/wp-content\/uploads\/2023\/05\/Comunidade-Luz_Roraima_FFHI_17-1200x900.jpg 1200w, https:\/\/www.fraterinternacional.org\/wp-content\/uploads\/2023\/05\/Comunidade-Luz_Roraima_FFHI_17.jpg 1280w\" sizes=\"(max-width: 1024px) 100vw, 1024px\" \/><\/a><figcaption class=\"wp-element-caption\">Etapas da constru\u00e7\u00e3o<\/figcaption><\/figure>\n\n\n\n<figure class=\"wp-block-image size-large\"><a href=\"https:\/\/www.fraterinternacional.org\/wp-content\/uploads\/2023\/05\/Comunidade-Luz_Roraima_FFHI_18.jpg\"><img decoding=\"async\" width=\"1024\" height=\"768\" data-id=\"126492\" src=\"https:\/\/www.fraterinternacional.org\/wp-content\/uploads\/2023\/05\/Comunidade-Luz_Roraima_FFHI_18-1024x768.jpg\" alt=\"\" class=\"wp-image-126492\" srcset=\"https:\/\/www.fraterinternacional.org\/wp-content\/uploads\/2023\/05\/Comunidade-Luz_Roraima_FFHI_18-200x150.jpg 200w, https:\/\/www.fraterinternacional.org\/wp-content\/uploads\/2023\/05\/Comunidade-Luz_Roraima_FFHI_18-300x225.jpg 300w, https:\/\/www.fraterinternacional.org\/wp-content\/uploads\/2023\/05\/Comunidade-Luz_Roraima_FFHI_18-400x300.jpg 400w, https:\/\/www.fraterinternacional.org\/wp-content\/uploads\/2023\/05\/Comunidade-Luz_Roraima_FFHI_18-600x450.jpg 600w, https:\/\/www.fraterinternacional.org\/wp-content\/uploads\/2023\/05\/Comunidade-Luz_Roraima_FFHI_18-800x600.jpg 800w, https:\/\/www.fraterinternacional.org\/wp-content\/uploads\/2023\/05\/Comunidade-Luz_Roraima_FFHI_18-1024x768.jpg 1024w, https:\/\/www.fraterinternacional.org\/wp-content\/uploads\/2023\/05\/Comunidade-Luz_Roraima_FFHI_18-1200x900.jpg 1200w, https:\/\/www.fraterinternacional.org\/wp-content\/uploads\/2023\/05\/Comunidade-Luz_Roraima_FFHI_18.jpg 1280w\" sizes=\"(max-width: 1024px) 100vw, 1024px\" \/><\/a><figcaption class=\"wp-element-caption\">Etapas da constru\u00e7\u00e3o<\/figcaption><\/figure>\n\n\n\n<figure class=\"wp-block-image size-large\"><a href=\"https:\/\/www.fraterinternacional.org\/wp-content\/uploads\/2023\/05\/Comunidade-Luz_Roraima_FFHI_19.jpg\"><img decoding=\"async\" width=\"1024\" height=\"768\" data-id=\"126487\" src=\"https:\/\/www.fraterinternacional.org\/wp-content\/uploads\/2023\/05\/Comunidade-Luz_Roraima_FFHI_19-1024x768.jpg\" alt=\"\" class=\"wp-image-126487\" srcset=\"https:\/\/www.fraterinternacional.org\/wp-content\/uploads\/2023\/05\/Comunidade-Luz_Roraima_FFHI_19-200x150.jpg 200w, https:\/\/www.fraterinternacional.org\/wp-content\/uploads\/2023\/05\/Comunidade-Luz_Roraima_FFHI_19-300x225.jpg 300w, https:\/\/www.fraterinternacional.org\/wp-content\/uploads\/2023\/05\/Comunidade-Luz_Roraima_FFHI_19-400x300.jpg 400w, https:\/\/www.fraterinternacional.org\/wp-content\/uploads\/2023\/05\/Comunidade-Luz_Roraima_FFHI_19-600x450.jpg 600w, https:\/\/www.fraterinternacional.org\/wp-content\/uploads\/2023\/05\/Comunidade-Luz_Roraima_FFHI_19-800x600.jpg 800w, https:\/\/www.fraterinternacional.org\/wp-content\/uploads\/2023\/05\/Comunidade-Luz_Roraima_FFHI_19-1024x768.jpg 1024w, https:\/\/www.fraterinternacional.org\/wp-content\/uploads\/2023\/05\/Comunidade-Luz_Roraima_FFHI_19-1200x900.jpg 1200w, https:\/\/www.fraterinternacional.org\/wp-content\/uploads\/2023\/05\/Comunidade-Luz_Roraima_FFHI_19.jpg 1280w\" sizes=\"(max-width: 1024px) 100vw, 1024px\" \/><\/a><figcaption class=\"wp-element-caption\">Etapas da constru\u00e7\u00e3o<\/figcaption><\/figure>\n<\/figure>\n\n\n\n<p>A delicate stage is being carried out in the current cycle: the assembly of the roof and the roof structures. This activity is also being done with the support of the&nbsp;Fraternity &#8211; Humanitarian Federation (FIHF).<\/p>\n\n\n\n<p>The following stages are already begun, and are:<\/p>\n\n\n\n<ol class=\"wp-block-list\">\n<li>Facings;<\/li>\n\n\n\n<li> Window framing;<\/li>\n\n\n\n<li>Installation of equipment;<\/li>\n\n\n\n<li>Underlayment and painting;<\/li>\n\n\n\n<li>Finishes.<\/li>\n<\/ol>\n\n\n\n<p>Through the significant collaboration of a member of the Light-Network in the southeast region, it was possible to ensure construction until the end of April.<\/p>\n\n\n\n<p>In this process, the role of the North-Northeastern Light-Network has been fundamental, because it finances all the support of the Light-Community and its monthly expenses, as well as renting the land neighboring the Light-Community. Through these resources, the presence of a live-in collaborator is paid for, who directly oversees the work.<\/p>\n\n\n\n<p>For finishing this work, which will be until the end of June, additional support will be necessary to complete the foreseen costs. A fundraiser is being carried out by the&nbsp;North-Northeastern Light-Network&nbsp;for finishing the construction.<\/p>\n\n\n\n<figure class=\"wp-block-gallery has-nested-images columns-default is-cropped wp-block-gallery-4 is-layout-flex wp-block-gallery-is-layout-flex\">\n<figure class=\"wp-block-image size-large\"><a href=\"https:\/\/www.fraterinternacional.org\/wp-content\/uploads\/2023\/05\/Comunidade-Luz_Roraima_FFHI_9.jpg\"><img decoding=\"async\" width=\"1024\" height=\"768\" data-id=\"126496\" src=\"https:\/\/www.fraterinternacional.org\/wp-content\/uploads\/2023\/05\/Comunidade-Luz_Roraima_FFHI_9-1024x768.jpg\" alt=\"\" class=\"wp-image-126496\" srcset=\"https:\/\/www.fraterinternacional.org\/wp-content\/uploads\/2023\/05\/Comunidade-Luz_Roraima_FFHI_9-200x150.jpg 200w, https:\/\/www.fraterinternacional.org\/wp-content\/uploads\/2023\/05\/Comunidade-Luz_Roraima_FFHI_9-300x225.jpg 300w, https:\/\/www.fraterinternacional.org\/wp-content\/uploads\/2023\/05\/Comunidade-Luz_Roraima_FFHI_9-400x300.jpg 400w, https:\/\/www.fraterinternacional.org\/wp-content\/uploads\/2023\/05\/Comunidade-Luz_Roraima_FFHI_9-600x450.jpg 600w, https:\/\/www.fraterinternacional.org\/wp-content\/uploads\/2023\/05\/Comunidade-Luz_Roraima_FFHI_9-800x600.jpg 800w, https:\/\/www.fraterinternacional.org\/wp-content\/uploads\/2023\/05\/Comunidade-Luz_Roraima_FFHI_9-1024x768.jpg 1024w, https:\/\/www.fraterinternacional.org\/wp-content\/uploads\/2023\/05\/Comunidade-Luz_Roraima_FFHI_9-1200x900.jpg 1200w, https:\/\/www.fraterinternacional.org\/wp-content\/uploads\/2023\/05\/Comunidade-Luz_Roraima_FFHI_9.jpg 1280w\" sizes=\"(max-width: 1024px) 100vw, 1024px\" \/><\/a><figcaption class=\"wp-element-caption\">Pela rede de servi\u00e7o, a Comunidade-Luz repassa para a popula\u00e7\u00e3o local bens recebidos em doa\u00e7\u00e3o<\/figcaption><\/figure>\n\n\n\n<figure class=\"wp-block-image size-large\"><a href=\"https:\/\/www.fraterinternacional.org\/wp-content\/uploads\/2023\/05\/Comunidade-Luz_Roraima_FFHI_8.jpg\"><img decoding=\"async\" width=\"1024\" height=\"768\" data-id=\"126499\" src=\"https:\/\/www.fraterinternacional.org\/wp-content\/uploads\/2023\/05\/Comunidade-Luz_Roraima_FFHI_8-1024x768.jpg\" alt=\"\" class=\"wp-image-126499\" srcset=\"https:\/\/www.fraterinternacional.org\/wp-content\/uploads\/2023\/05\/Comunidade-Luz_Roraima_FFHI_8-200x150.jpg 200w, https:\/\/www.fraterinternacional.org\/wp-content\/uploads\/2023\/05\/Comunidade-Luz_Roraima_FFHI_8-300x225.jpg 300w, https:\/\/www.fraterinternacional.org\/wp-content\/uploads\/2023\/05\/Comunidade-Luz_Roraima_FFHI_8-400x300.jpg 400w, https:\/\/www.fraterinternacional.org\/wp-content\/uploads\/2023\/05\/Comunidade-Luz_Roraima_FFHI_8-600x450.jpg 600w, https:\/\/www.fraterinternacional.org\/wp-content\/uploads\/2023\/05\/Comunidade-Luz_Roraima_FFHI_8-800x600.jpg 800w, https:\/\/www.fraterinternacional.org\/wp-content\/uploads\/2023\/05\/Comunidade-Luz_Roraima_FFHI_8-1024x768.jpg 1024w, https:\/\/www.fraterinternacional.org\/wp-content\/uploads\/2023\/05\/Comunidade-Luz_Roraima_FFHI_8-1200x900.jpg 1200w, https:\/\/www.fraterinternacional.org\/wp-content\/uploads\/2023\/05\/Comunidade-Luz_Roraima_FFHI_8.jpg 1280w\" sizes=\"(max-width: 1024px) 100vw, 1024px\" \/><\/a><figcaption class=\"wp-element-caption\">Uma vez por semana, membros da Comunidade-Luz auxiliam as Irm\u00e3s da Caridade de Madre Teresa na entrega do caf\u00e9 da manh\u00e3 a migrantes venezuelanos em situa\u00e7\u00e3o de rua<\/figcaption><\/figure>\n<\/figure>\n\n\n\n<p>Collaborate: <a href=\"tel:+5571999721851\">+5571999721851<\/a> &#8211; Celina &#8211; Coordena\u00e7\u00e3o Rede-Luz Norte Nordeste<\/p>\n","protected":false},"excerpt":{"rendered":"<p>The\u00a0Light-Community of Roraima, affiliated with the\u00a0Fraternity &#8211; International Humanitarian Federation (FIHF), was announced in 2021, the result of the work [&hellip;]<\/p>\n","protected":false},"author":4,"featured_media":126534,"comment_status":"closed","ping_status":"closed","sticky":false,"template":"","format":"standard","meta":{"footnotes":""},"categories":[121,150],"tags":[],"class_list":["post-126550","post","type-post","status-publish","format-standard","has-post-thumbnail","hentry","category-network-of-light","category-news"],"yoast_head":"<!-- This site is optimized with the Yoast SEO Premium plugin v21.0 (Yoast SEO v21.0) - https:\/\/yoast.com\/wordpress\/plugins\/seo\/ -->\n<title>First stages of manifestation: the Flor do Sagrado Tepui of Roraima -<\/title>\n<meta name=\"robots\" content=\"index, follow, max-snippet:-1, max-image-preview:large, max-video-preview:-1\" \/>\n<link rel=\"canonical\" href=\"https:\/\/www.fraterinternacional.org\/en\/first-stages-of-manifestation-the-flor-do-sagrado-tepui-of-roraima\/\" \/>\n<meta property=\"og:locale\" content=\"en_US\" \/>\n<meta property=\"og:type\" content=\"article\" \/>\n<meta property=\"og:title\" content=\"First stages of manifestation: the Flor do Sagrado Tepui of Roraima\" \/>\n<meta property=\"og:description\" content=\"The\u00a0Light-Community of Roraima, affiliated with the\u00a0Fraternity &#8211; International Humanitarian Federation (FIHF), was announced in 2021, the result of the work [&hellip;]\" \/>\n<meta property=\"og:url\" content=\"https:\/\/www.fraterinternacional.org\/en\/first-stages-of-manifestation-the-flor-do-sagrado-tepui-of-roraima\/\" \/>\n<meta property=\"og:site_name\" content=\"Fraternidade - Federa\u00e7\u00e3o Humanit\u00e1ria Internacional\" \/>\n<meta property=\"article:publisher\" content=\"https:\/\/www.facebook.com\/fraternidadehumanitaria\" \/>\n<meta property=\"article:published_time\" content=\"2023-05-18T09:55:39+00:00\" \/>\n<meta property=\"article:modified_time\" content=\"2023-06-01T09:59:30+00:00\" \/>\n<meta property=\"og:image\" content=\"https:\/\/www.fraterinternacional.org\/wp-content\/uploads\/2023\/05\/comunidade-luz-RR.jpeg\" \/>\n\t<meta property=\"og:image:width\" content=\"1000\" \/>\n\t<meta property=\"og:image:height\" content=\"750\" \/>\n\t<meta property=\"og:image:type\" content=\"image\/jpeg\" \/>\n<meta name=\"author\" content=\"maducato_admin\" \/>\n<meta name=\"twitter:card\" content=\"summary_large_image\" \/>\n<meta name=\"twitter:creator\" content=\"@fraternidadeFHI\" \/>\n<meta name=\"twitter:site\" content=\"@fraternidadeFHI\" \/>\n<meta name=\"twitter:label1\" content=\"Written by\" \/>\n\t<meta name=\"twitter:data1\" content=\"maducato_admin\" \/>\n\t<meta name=\"twitter:label2\" content=\"Est. reading time\" \/>\n\t<meta name=\"twitter:data2\" content=\"9 minutes\" \/>\n<script type=\"application\/ld+json\" class=\"yoast-schema-graph\">{\"@context\":\"https:\/\/schema.org\",\"@graph\":[{\"@type\":\"WebPage\",\"@id\":\"https:\/\/www.fraterinternacional.org\/en\/first-stages-of-manifestation-the-flor-do-sagrado-tepui-of-roraima\/\",\"url\":\"https:\/\/www.fraterinternacional.org\/en\/first-stages-of-manifestation-the-flor-do-sagrado-tepui-of-roraima\/\",\"name\":\"First stages of manifestation: the Flor do Sagrado Tepui of Roraima -\",\"isPartOf\":{\"@id\":\"https:\/\/www.fraterinternacional.org\/es\/#website\"},\"datePublished\":\"2023-05-18T09:55:39+00:00\",\"dateModified\":\"2023-06-01T09:59:30+00:00\",\"author\":{\"@id\":\"https:\/\/www.fraterinternacional.org\/es\/#\/schema\/person\/19cb7a5541fd019768c7fe255d72701e\"},\"breadcrumb\":{\"@id\":\"https:\/\/www.fraterinternacional.org\/en\/first-stages-of-manifestation-the-flor-do-sagrado-tepui-of-roraima\/#breadcrumb\"},\"inLanguage\":\"en-US\",\"potentialAction\":[{\"@type\":\"ReadAction\",\"target\":[\"https:\/\/www.fraterinternacional.org\/en\/first-stages-of-manifestation-the-flor-do-sagrado-tepui-of-roraima\/\"]}]},{\"@type\":\"BreadcrumbList\",\"@id\":\"https:\/\/www.fraterinternacional.org\/en\/first-stages-of-manifestation-the-flor-do-sagrado-tepui-of-roraima\/#breadcrumb\",\"itemListElement\":[{\"@type\":\"ListItem\",\"position\":1,\"name\":\"In\u00edcio\",\"item\":\"https:\/\/www.fraterinternacional.org\/en\/\"},{\"@type\":\"ListItem\",\"position\":2,\"name\":\"First stages of manifestation: the Flor do Sagrado Tepui of Roraima\"}]},{\"@type\":\"WebSite\",\"@id\":\"https:\/\/www.fraterinternacional.org\/es\/#website\",\"url\":\"https:\/\/www.fraterinternacional.org\/es\/\",\"name\":\"Fraternidade - Federa\u00e7\u00e3o Humanit\u00e1ria Internacional\",\"description\":\"Fraternidade - Federa\u00e7\u00e3o Humanit\u00e1ria Internacional\",\"potentialAction\":[{\"@type\":\"SearchAction\",\"target\":{\"@type\":\"EntryPoint\",\"urlTemplate\":\"https:\/\/www.fraterinternacional.org\/es\/?s={search_term_string}\"},\"query-input\":\"required name=search_term_string\"}],\"inLanguage\":\"en-US\"},{\"@type\":\"Person\",\"@id\":\"https:\/\/www.fraterinternacional.org\/es\/#\/schema\/person\/19cb7a5541fd019768c7fe255d72701e\",\"name\":\"maducato_admin\"}]}<\/script>\n<!-- \/ Yoast SEO Premium plugin. -->","yoast_head_json":{"title":"First stages of manifestation: the Flor do Sagrado Tepui of Roraima -","robots":{"index":"index","follow":"follow","max-snippet":"max-snippet:-1","max-image-preview":"max-image-preview:large","max-video-preview":"max-video-preview:-1"},"canonical":"https:\/\/www.fraterinternacional.org\/en\/first-stages-of-manifestation-the-flor-do-sagrado-tepui-of-roraima\/","og_locale":"en_US","og_type":"article","og_title":"First stages of manifestation: the Flor do Sagrado Tepui of Roraima","og_description":"The\u00a0Light-Community of Roraima, affiliated with the\u00a0Fraternity &#8211; International Humanitarian Federation (FIHF), was announced in 2021, the result of the work [&hellip;]","og_url":"https:\/\/www.fraterinternacional.org\/en\/first-stages-of-manifestation-the-flor-do-sagrado-tepui-of-roraima\/","og_site_name":"Fraternidade - Federa\u00e7\u00e3o Humanit\u00e1ria Internacional","article_publisher":"https:\/\/www.facebook.com\/fraternidadehumanitaria","article_published_time":"2023-05-18T09:55:39+00:00","article_modified_time":"2023-06-01T09:59:30+00:00","og_image":[{"width":1000,"height":750,"url":"https:\/\/www.fraterinternacional.org\/wp-content\/uploads\/2023\/05\/comunidade-luz-RR.jpeg","type":"image\/jpeg"}],"author":"maducato_admin","twitter_card":"summary_large_image","twitter_creator":"@fraternidadeFHI","twitter_site":"@fraternidadeFHI","twitter_misc":{"Written by":"maducato_admin","Est. reading time":"9 minutes"},"schema":{"@context":"https:\/\/schema.org","@graph":[{"@type":"WebPage","@id":"https:\/\/www.fraterinternacional.org\/en\/first-stages-of-manifestation-the-flor-do-sagrado-tepui-of-roraima\/","url":"https:\/\/www.fraterinternacional.org\/en\/first-stages-of-manifestation-the-flor-do-sagrado-tepui-of-roraima\/","name":"First stages of manifestation: the Flor do Sagrado Tepui of Roraima -","isPartOf":{"@id":"https:\/\/www.fraterinternacional.org\/es\/#website"},"datePublished":"2023-05-18T09:55:39+00:00","dateModified":"2023-06-01T09:59:30+00:00","author":{"@id":"https:\/\/www.fraterinternacional.org\/es\/#\/schema\/person\/19cb7a5541fd019768c7fe255d72701e"},"breadcrumb":{"@id":"https:\/\/www.fraterinternacional.org\/en\/first-stages-of-manifestation-the-flor-do-sagrado-tepui-of-roraima\/#breadcrumb"},"inLanguage":"en-US","potentialAction":[{"@type":"ReadAction","target":["https:\/\/www.fraterinternacional.org\/en\/first-stages-of-manifestation-the-flor-do-sagrado-tepui-of-roraima\/"]}]},{"@type":"BreadcrumbList","@id":"https:\/\/www.fraterinternacional.org\/en\/first-stages-of-manifestation-the-flor-do-sagrado-tepui-of-roraima\/#breadcrumb","itemListElement":[{"@type":"ListItem","position":1,"name":"In\u00edcio","item":"https:\/\/www.fraterinternacional.org\/en\/"},{"@type":"ListItem","position":2,"name":"First stages of manifestation: the Flor do Sagrado Tepui of Roraima"}]},{"@type":"WebSite","@id":"https:\/\/www.fraterinternacional.org\/es\/#website","url":"https:\/\/www.fraterinternacional.org\/es\/","name":"Fraternidade - Federa\u00e7\u00e3o Humanit\u00e1ria Internacional","description":"Fraternidade - Federa\u00e7\u00e3o Humanit\u00e1ria Internacional","potentialAction":[{"@type":"SearchAction","target":{"@type":"EntryPoint","urlTemplate":"https:\/\/www.fraterinternacional.org\/es\/?s={search_term_string}"},"query-input":"required name=search_term_string"}],"inLanguage":"en-US"},{"@type":"Person","@id":"https:\/\/www.fraterinternacional.org\/es\/#\/schema\/person\/19cb7a5541fd019768c7fe255d72701e","name":"maducato_admin"}]}},"_links":{"self":[{"href":"https:\/\/www.fraterinternacional.org\/en\/wp-json\/wp\/v2\/posts\/126550"}],"collection":[{"href":"https:\/\/www.fraterinternacional.org\/en\/wp-json\/wp\/v2\/posts"}],"about":[{"href":"https:\/\/www.fraterinternacional.org\/en\/wp-json\/wp\/v2\/types\/post"}],"author":[{"embeddable":true,"href":"https:\/\/www.fraterinternacional.org\/en\/wp-json\/wp\/v2\/users\/4"}],"replies":[{"embeddable":true,"href":"https:\/\/www.fraterinternacional.org\/en\/wp-json\/wp\/v2\/comments?post=126550"}],"version-history":[{"count":0,"href":"https:\/\/www.fraterinternacional.org\/en\/wp-json\/wp\/v2\/posts\/126550\/revisions"}],"wp:featuredmedia":[{"embeddable":true,"href":"https:\/\/www.fraterinternacional.org\/en\/wp-json\/wp\/v2\/media\/126534"}],"wp:attachment":[{"href":"https:\/\/www.fraterinternacional.org\/en\/wp-json\/wp\/v2\/media?parent=126550"}],"wp:term":[{"taxonomy":"category","embeddable":true,"href":"https:\/\/www.fraterinternacional.org\/en\/wp-json\/wp\/v2\/categories?post=126550"},{"taxonomy":"post_tag","embeddable":true,"href":"https:\/\/www.fraterinternacional.org\/en\/wp-json\/wp\/v2\/tags?post=126550"}],"curies":[{"name":"wp","href":"https:\/\/api.w.org\/{rel}","templated":true}]}}