{"id":126374,"date":"2023-04-10T09:31:43","date_gmt":"2023-04-10T12:31:43","guid":{"rendered":"https:\/\/www.fraterinternacional.org\/?p=126374"},"modified":"2023-04-21T09:33:46","modified_gmt":"2023-04-21T12:33:46","slug":"north-northeastern-light-network-regional-meeting-in-aracaju-se","status":"publish","type":"post","link":"https:\/\/www.fraterinternacional.org\/en\/north-northeastern-light-network-regional-meeting-in-aracaju-se\/","title":{"rendered":"North-Northeastern Light-Network Regional Meeting in Aracaju-SE"},"content":{"rendered":"\n<p>In the bucolic country aura of the S\u00edtio S\u00e3o Jos\u00e9, which is in Nossa Senhora do Socorro, a Metropolitan Region of Aracaju, the Regional Meeting of the North-Northeastern Light-Network took place between the 24th and 26th of March, with representatives from the States of Roraima, Cear\u00e1, Rio Grande do Norte, Para\u00edba, Pernambuco and Bahia.<\/p>\n\n\n<div class=\"wp-block-image\">\n<figure class=\"aligncenter size-large\"><a href=\"https:\/\/www.fraterinternacional.org\/wp-content\/uploads\/2023\/04\/Rede-Luz_FFHI_4.jpg\"><img decoding=\"async\" width=\"1024\" height=\"768\" src=\"https:\/\/www.fraterinternacional.org\/wp-content\/uploads\/2023\/04\/Rede-Luz_FFHI_4-1024x768.jpg\" alt=\"\" class=\"wp-image-126328\" srcset=\"https:\/\/www.fraterinternacional.org\/wp-content\/uploads\/2023\/04\/Rede-Luz_FFHI_4-200x150.jpg 200w, https:\/\/www.fraterinternacional.org\/wp-content\/uploads\/2023\/04\/Rede-Luz_FFHI_4-300x225.jpg 300w, https:\/\/www.fraterinternacional.org\/wp-content\/uploads\/2023\/04\/Rede-Luz_FFHI_4-400x300.jpg 400w, https:\/\/www.fraterinternacional.org\/wp-content\/uploads\/2023\/04\/Rede-Luz_FFHI_4-600x450.jpg 600w, https:\/\/www.fraterinternacional.org\/wp-content\/uploads\/2023\/04\/Rede-Luz_FFHI_4-800x600.jpg 800w, https:\/\/www.fraterinternacional.org\/wp-content\/uploads\/2023\/04\/Rede-Luz_FFHI_4-1024x768.jpg 1024w, https:\/\/www.fraterinternacional.org\/wp-content\/uploads\/2023\/04\/Rede-Luz_FFHI_4-1200x900.jpg 1200w, https:\/\/www.fraterinternacional.org\/wp-content\/uploads\/2023\/04\/Rede-Luz_FFHI_4.jpg 1280w\" sizes=\"(max-width: 1024px) 100vw, 1024px\" \/><\/a><\/figure><\/div>\n\n\n<p>The opening of the Meeting began with the happy arrival and getting together of the collaborators of the two regions, received by the&nbsp;Aracaju Light-Network&nbsp;group on Friday the 24th. In all, there were 33 participants in the Regional Meeting.<\/p>\n\n\n\n<p>At 7 pm there was a retransmission of the Prayer Vigil and Ecumenical Communion led by Friar Faustino, monk of the Grace Mercy Order. &#8220;For all of us, that is a time of joy, and at the same time, of impetus, of the recharging our energy. That moment is one of union and a celebration of the joy of the reunion, the joy of living, the joy of continuing in the purpose of the work, of radiating peace, that joy which comes from on high so we can be channels here on our Earth&#8221;, expressed Katiene, of the Aracaju Light-Network.<\/p>\n\n\n\n<p>On Saturday, March 25, after breakfast, the group had a silent walk through the green areas of the place with the monastery. With the ancient Jack Tree of the place in the centre of the group, mantras of attunement with the indigenous consciousness were intoned, in harmony with the Kingdoms of Nature and for an inner opening and union with the\u00a0Flor do Sagrado Tepu\u00ed de Roraima Light-Community, in alignment with the attribute of the meeting: &#8220;Courageously penetrate the mystery of the Journey.&#8221;<\/p>\n\n\n<div class=\"wp-block-image\">\n<figure class=\"aligncenter size-large\"><a href=\"https:\/\/www.fraterinternacional.org\/wp-content\/uploads\/2023\/04\/Rede-Luz_FFHI_2.jpg\"><img decoding=\"async\" width=\"1024\" height=\"768\" src=\"https:\/\/www.fraterinternacional.org\/wp-content\/uploads\/2023\/04\/Rede-Luz_FFHI_2-1024x768.jpg\" alt=\"\" class=\"wp-image-126331\" srcset=\"https:\/\/www.fraterinternacional.org\/wp-content\/uploads\/2023\/04\/Rede-Luz_FFHI_2-200x150.jpg 200w, https:\/\/www.fraterinternacional.org\/wp-content\/uploads\/2023\/04\/Rede-Luz_FFHI_2-300x225.jpg 300w, https:\/\/www.fraterinternacional.org\/wp-content\/uploads\/2023\/04\/Rede-Luz_FFHI_2-400x300.jpg 400w, https:\/\/www.fraterinternacional.org\/wp-content\/uploads\/2023\/04\/Rede-Luz_FFHI_2-600x450.jpg 600w, https:\/\/www.fraterinternacional.org\/wp-content\/uploads\/2023\/04\/Rede-Luz_FFHI_2-800x600.jpg 800w, https:\/\/www.fraterinternacional.org\/wp-content\/uploads\/2023\/04\/Rede-Luz_FFHI_2-1024x768.jpg 1024w, https:\/\/www.fraterinternacional.org\/wp-content\/uploads\/2023\/04\/Rede-Luz_FFHI_2-1200x900.jpg 1200w, https:\/\/www.fraterinternacional.org\/wp-content\/uploads\/2023\/04\/Rede-Luz_FFHI_2.jpg 1280w\" sizes=\"(max-width: 1024px) 100vw, 1024px\" \/><\/a><\/figure><\/div>\n\n\n<p>During the walk, Jeane, collaborator of the Aracaju Light-Network, shared: &#8220;For me, today was a time of renewal; before the pandemic, we used to do all our attunements there, and it was as if I were renewing all my vows and renewing all my strength, which I was no longer feeling, and saying &#8216;yes&#8217; to the task.&#8221;<\/p>\n\n\n\n<p>After the walk, the group went to the main room of the place, where there was an updating talk directed by Friar Thomas, monk of the Grace Mercy Order and administrator of the&nbsp;Flor do Sagrado Tepu\u00ed de Roraima Light-Community, and by the coordinator of the North-Northeastern Group, Celina.<\/p>\n\n\n\n<p>Friar Thomas opened the gathering, emphasizing the importance of the meeting of the collaborators who managed to be present in Aracaju on that weekend, highlighting that an in person meeting is always &#8220;plan A&#8221;, and online meetings must always be considered as &#8220;plan B&#8221;. &#8220;The group took the step and made the meeting possible&#8221;, stressed the Friar.<\/p>\n\n\n\n<figure class=\"wp-block-image size-large\"><a href=\"https:\/\/www.fraterinternacional.org\/wp-content\/uploads\/2023\/04\/Rede-Luz_FFHI_7.jpg\"><img decoding=\"async\" width=\"1024\" height=\"769\" src=\"https:\/\/www.fraterinternacional.org\/wp-content\/uploads\/2023\/04\/Rede-Luz_FFHI_7-1024x769.jpg\" alt=\"\" class=\"wp-image-126334\" srcset=\"https:\/\/www.fraterinternacional.org\/wp-content\/uploads\/2023\/04\/Rede-Luz_FFHI_7-200x150.jpg 200w, https:\/\/www.fraterinternacional.org\/wp-content\/uploads\/2023\/04\/Rede-Luz_FFHI_7-300x225.jpg 300w, https:\/\/www.fraterinternacional.org\/wp-content\/uploads\/2023\/04\/Rede-Luz_FFHI_7-400x300.jpg 400w, https:\/\/www.fraterinternacional.org\/wp-content\/uploads\/2023\/04\/Rede-Luz_FFHI_7-600x450.jpg 600w, https:\/\/www.fraterinternacional.org\/wp-content\/uploads\/2023\/04\/Rede-Luz_FFHI_7-800x601.jpg 800w, https:\/\/www.fraterinternacional.org\/wp-content\/uploads\/2023\/04\/Rede-Luz_FFHI_7-1024x769.jpg 1024w, https:\/\/www.fraterinternacional.org\/wp-content\/uploads\/2023\/04\/Rede-Luz_FFHI_7-1200x901.jpg 1200w, https:\/\/www.fraterinternacional.org\/wp-content\/uploads\/2023\/04\/Rede-Luz_FFHI_7.jpg 1280w\" sizes=\"(max-width: 1024px) 100vw, 1024px\" \/><\/a><\/figure>\n\n\n\n<p>He continued, saying that the internalized attribute of this meeting was part of the continuation of the work with attributes, which have been followed by the North-Northeaster group remotely on Thursdays, with the transmission from the Light-Community in Roraima: &#8220;The path is a state of consciousness&#8221;, he reflected.<\/p>\n\n\n\n<p>Friar Thomas shared that the North-Northeastern group must organize the next meetings on a semiannual basis, the first semester being in the Northeast, and the second semester in the Roraima Light-Community. &#8220;The North-Northeastern Light-Network group must build a rhythm in the Flor do Sagrado Tepu\u00ed de Roraima Light-Community, taking advantage of inner update impulses to see what will be revealed in this gathering and to recognize the next steps, and bring assurance for what follows. The In person coming together builds something that cannot be achieved remotely&#8221;. &#8220;The agroforestry was the tip of the iceberg, the purpose of the meeting is something greater&#8221;, clarified the friar to the group.<\/p>\n\n\n\n<p>&#8220;What I found most interesting in the meeting was the integration into the task with the Roraima Light-Community, which was anchored in the North-Northeastern group, which we have now as the main one&#8221;, expressed T\u00e2mara, collaborator of the North-Northeaster Group in Recife.<\/p>\n\n\n\n<p>Celina clarified that &#8220;previously, the meetings of the Light-Network occurred under the aegis of the general work meetings, which took place in the Figueira Light-Community. After the pandemic and after the establishment of the&nbsp;Flor do Sagrado Tepu\u00ed de Roraima Light-Community&nbsp;&#8211; in the new cycle with the task of supporting the Light-Community -, we&#8217;ll plan our meetings following that new format.&#8221;<\/p>\n\n\n\n<p>Capitalizing on the meeting of the collaborators, who are coordinators of groups and have specific tasks, the assembly for the foundation of the North-Northeastern Fraternal Unity Service Association took place, it being another affiliate of the Fraternity &#8211; International Humanitarian Federation (FIHF). Concerning the formalizing of the association, Friar Thomas recalled that &#8220;the service association creates greater possibilities for taking action in various spheres&#8221;.<\/p>\n\n\n\n<figure class=\"wp-block-gallery has-nested-images columns-default is-cropped wp-block-gallery-1 is-layout-flex wp-block-gallery-is-layout-flex\">\n<figure class=\"wp-block-image size-large\"><a href=\"https:\/\/www.fraterinternacional.org\/wp-content\/uploads\/2023\/04\/Rede-Luz_FFHI_1.jpg\"><img decoding=\"async\" width=\"768\" height=\"1024\" data-id=\"126343\" src=\"https:\/\/www.fraterinternacional.org\/wp-content\/uploads\/2023\/04\/Rede-Luz_FFHI_1-768x1024.jpg\" alt=\"\" class=\"wp-image-126343\" srcset=\"https:\/\/www.fraterinternacional.org\/wp-content\/uploads\/2023\/04\/Rede-Luz_FFHI_1-200x267.jpg 200w, https:\/\/www.fraterinternacional.org\/wp-content\/uploads\/2023\/04\/Rede-Luz_FFHI_1-225x300.jpg 225w, https:\/\/www.fraterinternacional.org\/wp-content\/uploads\/2023\/04\/Rede-Luz_FFHI_1-400x533.jpg 400w, https:\/\/www.fraterinternacional.org\/wp-content\/uploads\/2023\/04\/Rede-Luz_FFHI_1-600x800.jpg 600w, https:\/\/www.fraterinternacional.org\/wp-content\/uploads\/2023\/04\/Rede-Luz_FFHI_1-768x1024.jpg 768w, https:\/\/www.fraterinternacional.org\/wp-content\/uploads\/2023\/04\/Rede-Luz_FFHI_1-800x1067.jpg 800w, https:\/\/www.fraterinternacional.org\/wp-content\/uploads\/2023\/04\/Rede-Luz_FFHI_1.jpg 960w\" sizes=\"(max-width: 768px) 100vw, 768px\" \/><\/a><\/figure>\n\n\n\n<figure class=\"wp-block-image size-large\"><a href=\"https:\/\/www.fraterinternacional.org\/wp-content\/uploads\/2023\/04\/Rede-Luz_FFHI_3.jpg\"><img decoding=\"async\" width=\"1024\" height=\"768\" data-id=\"126346\" src=\"https:\/\/www.fraterinternacional.org\/wp-content\/uploads\/2023\/04\/Rede-Luz_FFHI_3-1024x768.jpg\" alt=\"\" class=\"wp-image-126346\" srcset=\"https:\/\/www.fraterinternacional.org\/wp-content\/uploads\/2023\/04\/Rede-Luz_FFHI_3-200x150.jpg 200w, https:\/\/www.fraterinternacional.org\/wp-content\/uploads\/2023\/04\/Rede-Luz_FFHI_3-300x225.jpg 300w, https:\/\/www.fraterinternacional.org\/wp-content\/uploads\/2023\/04\/Rede-Luz_FFHI_3-400x300.jpg 400w, https:\/\/www.fraterinternacional.org\/wp-content\/uploads\/2023\/04\/Rede-Luz_FFHI_3-600x450.jpg 600w, https:\/\/www.fraterinternacional.org\/wp-content\/uploads\/2023\/04\/Rede-Luz_FFHI_3-800x600.jpg 800w, https:\/\/www.fraterinternacional.org\/wp-content\/uploads\/2023\/04\/Rede-Luz_FFHI_3-1024x768.jpg 1024w, https:\/\/www.fraterinternacional.org\/wp-content\/uploads\/2023\/04\/Rede-Luz_FFHI_3-1200x900.jpg 1200w, https:\/\/www.fraterinternacional.org\/wp-content\/uploads\/2023\/04\/Rede-Luz_FFHI_3.jpg 1280w\" sizes=\"(max-width: 1024px) 100vw, 1024px\" \/><\/a><\/figure>\n<\/figure>\n\n\n\n<p>Vit\u00f3ria, of Bahia, shared: &#8220;It has become super important to be present at this meeting. Since the pandemic, this is the first effort I have made to be present at a broader meeting, and it&#8217;s been a resumption. Something that really focuses my attention is to be with the priests of our region; it has been a new moment, a new impulse&#8221;.<\/p>\n\n\n\n<p>During the meeting, Friar Faustino spoke about the importance of becoming aware of caring for the planet Earth, in a world where food is becoming more and more contaminated by conventional systems of production. &#8220;We&#8217;re being called to develop a process for the preparation of sustainable systems of crops, and organic farming must be a goal so that we&#8217;re able to gain a quality of life in these times. Currently, the majority of humanity uses and digests toxic plant foods, which today is the cause for ill health and a low quality of life in the population&#8221;, emphasized Friar Faustino.<\/p>\n\n\n\n<figure class=\"wp-block-gallery has-nested-images columns-default is-cropped wp-block-gallery-2 is-layout-flex wp-block-gallery-is-layout-flex\">\n<figure class=\"wp-block-image size-large\"><a href=\"https:\/\/www.fraterinternacional.org\/wp-content\/uploads\/2023\/04\/Rede-Luz_FFHI_6.jpg\"><img decoding=\"async\" width=\"768\" height=\"1024\" data-id=\"126340\" src=\"https:\/\/www.fraterinternacional.org\/wp-content\/uploads\/2023\/04\/Rede-Luz_FFHI_6-768x1024.jpg\" alt=\"\" class=\"wp-image-126340\" srcset=\"https:\/\/www.fraterinternacional.org\/wp-content\/uploads\/2023\/04\/Rede-Luz_FFHI_6-200x267.jpg 200w, https:\/\/www.fraterinternacional.org\/wp-content\/uploads\/2023\/04\/Rede-Luz_FFHI_6-225x300.jpg 225w, https:\/\/www.fraterinternacional.org\/wp-content\/uploads\/2023\/04\/Rede-Luz_FFHI_6-400x533.jpg 400w, https:\/\/www.fraterinternacional.org\/wp-content\/uploads\/2023\/04\/Rede-Luz_FFHI_6-600x800.jpg 600w, https:\/\/www.fraterinternacional.org\/wp-content\/uploads\/2023\/04\/Rede-Luz_FFHI_6-768x1024.jpg 768w, https:\/\/www.fraterinternacional.org\/wp-content\/uploads\/2023\/04\/Rede-Luz_FFHI_6-800x1067.jpg 800w, https:\/\/www.fraterinternacional.org\/wp-content\/uploads\/2023\/04\/Rede-Luz_FFHI_6.jpg 960w\" sizes=\"(max-width: 768px) 100vw, 768px\" \/><\/a><\/figure>\n\n\n\n<figure class=\"wp-block-image size-large\"><a href=\"https:\/\/www.fraterinternacional.org\/wp-content\/uploads\/2023\/04\/Rede-Luz_FFHI_5.jpg\"><img decoding=\"async\" width=\"768\" height=\"1024\" data-id=\"126337\" src=\"https:\/\/www.fraterinternacional.org\/wp-content\/uploads\/2023\/04\/Rede-Luz_FFHI_5-768x1024.jpg\" alt=\"\" class=\"wp-image-126337\" srcset=\"https:\/\/www.fraterinternacional.org\/wp-content\/uploads\/2023\/04\/Rede-Luz_FFHI_5-200x267.jpg 200w, https:\/\/www.fraterinternacional.org\/wp-content\/uploads\/2023\/04\/Rede-Luz_FFHI_5-225x300.jpg 225w, https:\/\/www.fraterinternacional.org\/wp-content\/uploads\/2023\/04\/Rede-Luz_FFHI_5-400x533.jpg 400w, https:\/\/www.fraterinternacional.org\/wp-content\/uploads\/2023\/04\/Rede-Luz_FFHI_5-600x800.jpg 600w, https:\/\/www.fraterinternacional.org\/wp-content\/uploads\/2023\/04\/Rede-Luz_FFHI_5-768x1024.jpg 768w, https:\/\/www.fraterinternacional.org\/wp-content\/uploads\/2023\/04\/Rede-Luz_FFHI_5-800x1067.jpg 800w, https:\/\/www.fraterinternacional.org\/wp-content\/uploads\/2023\/04\/Rede-Luz_FFHI_5.jpg 960w\" sizes=\"(max-width: 768px) 100vw, 768px\" \/><\/a><\/figure>\n<\/figure>\n\n\n\n<p>On Sunday was the training, area recognition, and agroforestry activities in the S\u00edtio S\u00e3o Jos\u00e9, under the direction of Friar Faustino. The group leaves not only the agroforestry work begun in Aracaju, but also all of the planning of crops, so the Aracaju group will be able to continue with the work and receive the impulses offered by the group energy. The next North-Northeastern Regional meeting has been scheduled for October, in the\u00a0Flor do Sagrado Tepu\u00ed de Roraima Light-Community.<\/p>\n","protected":false},"excerpt":{"rendered":"<p>In the bucolic country aura of the S\u00edtio S\u00e3o Jos\u00e9, which is in Nossa Senhora do Socorro, a Metropolitan Region [&hellip;]<\/p>\n","protected":false},"author":4,"featured_media":126335,"comment_status":"closed","ping_status":"closed","sticky":false,"template":"","format":"standard","meta":{"footnotes":""},"categories":[121,150],"tags":[],"class_list":["post-126374","post","type-post","status-publish","format-standard","has-post-thumbnail","hentry","category-network-of-light","category-news"],"yoast_head":"<!-- This site is optimized with the Yoast SEO Premium plugin v21.0 (Yoast SEO v21.0) - https:\/\/yoast.com\/wordpress\/plugins\/seo\/ -->\n<title>North-Northeastern Light-Network Regional Meeting in Aracaju-SE -<\/title>\n<meta name=\"robots\" content=\"index, follow, max-snippet:-1, max-image-preview:large, max-video-preview:-1\" \/>\n<link rel=\"canonical\" href=\"https:\/\/www.fraterinternacional.org\/en\/north-northeastern-light-network-regional-meeting-in-aracaju-se\/\" \/>\n<meta property=\"og:locale\" content=\"en_US\" \/>\n<meta property=\"og:type\" content=\"article\" \/>\n<meta property=\"og:title\" content=\"North-Northeastern Light-Network Regional Meeting in Aracaju-SE\" \/>\n<meta property=\"og:description\" content=\"In the bucolic country aura of the S\u00edtio S\u00e3o Jos\u00e9, which is in Nossa Senhora do Socorro, a Metropolitan Region [&hellip;]\" \/>\n<meta property=\"og:url\" content=\"https:\/\/www.fraterinternacional.org\/en\/north-northeastern-light-network-regional-meeting-in-aracaju-se\/\" \/>\n<meta property=\"og:site_name\" content=\"Fraternidade - Federa\u00e7\u00e3o Humanit\u00e1ria Internacional\" \/>\n<meta property=\"article:publisher\" content=\"https:\/\/www.facebook.com\/fraternidadehumanitaria\" \/>\n<meta property=\"article:published_time\" content=\"2023-04-10T12:31:43+00:00\" \/>\n<meta property=\"article:modified_time\" content=\"2023-04-21T12:33:46+00:00\" \/>\n<meta property=\"og:image\" content=\"https:\/\/www.fraterinternacional.org\/wp-content\/uploads\/2023\/04\/Rede-Luz_FFHI_7.jpg\" \/>\n\t<meta property=\"og:image:width\" content=\"1280\" \/>\n\t<meta property=\"og:image:height\" content=\"961\" \/>\n\t<meta property=\"og:image:type\" content=\"image\/jpeg\" \/>\n<meta name=\"author\" content=\"maducato_admin\" \/>\n<meta name=\"twitter:card\" content=\"summary_large_image\" \/>\n<meta name=\"twitter:creator\" content=\"@fraternidadeFHI\" \/>\n<meta name=\"twitter:site\" content=\"@fraternidadeFHI\" \/>\n<meta name=\"twitter:label1\" content=\"Written by\" \/>\n\t<meta name=\"twitter:data1\" content=\"maducato_admin\" \/>\n\t<meta name=\"twitter:label2\" content=\"Est. reading time\" \/>\n\t<meta name=\"twitter:data2\" content=\"7 minutes\" \/>\n<script type=\"application\/ld+json\" class=\"yoast-schema-graph\">{\"@context\":\"https:\/\/schema.org\",\"@graph\":[{\"@type\":\"WebPage\",\"@id\":\"https:\/\/www.fraterinternacional.org\/en\/north-northeastern-light-network-regional-meeting-in-aracaju-se\/\",\"url\":\"https:\/\/www.fraterinternacional.org\/en\/north-northeastern-light-network-regional-meeting-in-aracaju-se\/\",\"name\":\"North-Northeastern Light-Network Regional Meeting in Aracaju-SE -\",\"isPartOf\":{\"@id\":\"https:\/\/www.fraterinternacional.org\/es\/#website\"},\"datePublished\":\"2023-04-10T12:31:43+00:00\",\"dateModified\":\"2023-04-21T12:33:46+00:00\",\"author\":{\"@id\":\"https:\/\/www.fraterinternacional.org\/es\/#\/schema\/person\/19cb7a5541fd019768c7fe255d72701e\"},\"breadcrumb\":{\"@id\":\"https:\/\/www.fraterinternacional.org\/en\/north-northeastern-light-network-regional-meeting-in-aracaju-se\/#breadcrumb\"},\"inLanguage\":\"en-US\",\"potentialAction\":[{\"@type\":\"ReadAction\",\"target\":[\"https:\/\/www.fraterinternacional.org\/en\/north-northeastern-light-network-regional-meeting-in-aracaju-se\/\"]}]},{\"@type\":\"BreadcrumbList\",\"@id\":\"https:\/\/www.fraterinternacional.org\/en\/north-northeastern-light-network-regional-meeting-in-aracaju-se\/#breadcrumb\",\"itemListElement\":[{\"@type\":\"ListItem\",\"position\":1,\"name\":\"In\u00edcio\",\"item\":\"https:\/\/www.fraterinternacional.org\/en\/\"},{\"@type\":\"ListItem\",\"position\":2,\"name\":\"North-Northeastern Light-Network Regional Meeting in Aracaju-SE\"}]},{\"@type\":\"WebSite\",\"@id\":\"https:\/\/www.fraterinternacional.org\/es\/#website\",\"url\":\"https:\/\/www.fraterinternacional.org\/es\/\",\"name\":\"Fraternidade - Federa\u00e7\u00e3o Humanit\u00e1ria Internacional\",\"description\":\"Fraternidade - Federa\u00e7\u00e3o Humanit\u00e1ria Internacional\",\"potentialAction\":[{\"@type\":\"SearchAction\",\"target\":{\"@type\":\"EntryPoint\",\"urlTemplate\":\"https:\/\/www.fraterinternacional.org\/es\/?s={search_term_string}\"},\"query-input\":\"required name=search_term_string\"}],\"inLanguage\":\"en-US\"},{\"@type\":\"Person\",\"@id\":\"https:\/\/www.fraterinternacional.org\/es\/#\/schema\/person\/19cb7a5541fd019768c7fe255d72701e\",\"name\":\"maducato_admin\"}]}<\/script>\n<!-- \/ Yoast SEO Premium plugin. -->","yoast_head_json":{"title":"North-Northeastern Light-Network Regional Meeting in Aracaju-SE -","robots":{"index":"index","follow":"follow","max-snippet":"max-snippet:-1","max-image-preview":"max-image-preview:large","max-video-preview":"max-video-preview:-1"},"canonical":"https:\/\/www.fraterinternacional.org\/en\/north-northeastern-light-network-regional-meeting-in-aracaju-se\/","og_locale":"en_US","og_type":"article","og_title":"North-Northeastern Light-Network Regional Meeting in Aracaju-SE","og_description":"In the bucolic country aura of the S\u00edtio S\u00e3o Jos\u00e9, which is in Nossa Senhora do Socorro, a Metropolitan Region [&hellip;]","og_url":"https:\/\/www.fraterinternacional.org\/en\/north-northeastern-light-network-regional-meeting-in-aracaju-se\/","og_site_name":"Fraternidade - Federa\u00e7\u00e3o Humanit\u00e1ria Internacional","article_publisher":"https:\/\/www.facebook.com\/fraternidadehumanitaria","article_published_time":"2023-04-10T12:31:43+00:00","article_modified_time":"2023-04-21T12:33:46+00:00","og_image":[{"width":1280,"height":961,"url":"https:\/\/www.fraterinternacional.org\/wp-content\/uploads\/2023\/04\/Rede-Luz_FFHI_7.jpg","type":"image\/jpeg"}],"author":"maducato_admin","twitter_card":"summary_large_image","twitter_creator":"@fraternidadeFHI","twitter_site":"@fraternidadeFHI","twitter_misc":{"Written by":"maducato_admin","Est. reading time":"7 minutes"},"schema":{"@context":"https:\/\/schema.org","@graph":[{"@type":"WebPage","@id":"https:\/\/www.fraterinternacional.org\/en\/north-northeastern-light-network-regional-meeting-in-aracaju-se\/","url":"https:\/\/www.fraterinternacional.org\/en\/north-northeastern-light-network-regional-meeting-in-aracaju-se\/","name":"North-Northeastern Light-Network Regional Meeting in Aracaju-SE -","isPartOf":{"@id":"https:\/\/www.fraterinternacional.org\/es\/#website"},"datePublished":"2023-04-10T12:31:43+00:00","dateModified":"2023-04-21T12:33:46+00:00","author":{"@id":"https:\/\/www.fraterinternacional.org\/es\/#\/schema\/person\/19cb7a5541fd019768c7fe255d72701e"},"breadcrumb":{"@id":"https:\/\/www.fraterinternacional.org\/en\/north-northeastern-light-network-regional-meeting-in-aracaju-se\/#breadcrumb"},"inLanguage":"en-US","potentialAction":[{"@type":"ReadAction","target":["https:\/\/www.fraterinternacional.org\/en\/north-northeastern-light-network-regional-meeting-in-aracaju-se\/"]}]},{"@type":"BreadcrumbList","@id":"https:\/\/www.fraterinternacional.org\/en\/north-northeastern-light-network-regional-meeting-in-aracaju-se\/#breadcrumb","itemListElement":[{"@type":"ListItem","position":1,"name":"In\u00edcio","item":"https:\/\/www.fraterinternacional.org\/en\/"},{"@type":"ListItem","position":2,"name":"North-Northeastern Light-Network Regional Meeting in Aracaju-SE"}]},{"@type":"WebSite","@id":"https:\/\/www.fraterinternacional.org\/es\/#website","url":"https:\/\/www.fraterinternacional.org\/es\/","name":"Fraternidade - Federa\u00e7\u00e3o Humanit\u00e1ria Internacional","description":"Fraternidade - Federa\u00e7\u00e3o Humanit\u00e1ria Internacional","potentialAction":[{"@type":"SearchAction","target":{"@type":"EntryPoint","urlTemplate":"https:\/\/www.fraterinternacional.org\/es\/?s={search_term_string}"},"query-input":"required name=search_term_string"}],"inLanguage":"en-US"},{"@type":"Person","@id":"https:\/\/www.fraterinternacional.org\/es\/#\/schema\/person\/19cb7a5541fd019768c7fe255d72701e","name":"maducato_admin"}]}},"_links":{"self":[{"href":"https:\/\/www.fraterinternacional.org\/en\/wp-json\/wp\/v2\/posts\/126374"}],"collection":[{"href":"https:\/\/www.fraterinternacional.org\/en\/wp-json\/wp\/v2\/posts"}],"about":[{"href":"https:\/\/www.fraterinternacional.org\/en\/wp-json\/wp\/v2\/types\/post"}],"author":[{"embeddable":true,"href":"https:\/\/www.fraterinternacional.org\/en\/wp-json\/wp\/v2\/users\/4"}],"replies":[{"embeddable":true,"href":"https:\/\/www.fraterinternacional.org\/en\/wp-json\/wp\/v2\/comments?post=126374"}],"version-history":[{"count":0,"href":"https:\/\/www.fraterinternacional.org\/en\/wp-json\/wp\/v2\/posts\/126374\/revisions"}],"wp:featuredmedia":[{"embeddable":true,"href":"https:\/\/www.fraterinternacional.org\/en\/wp-json\/wp\/v2\/media\/126335"}],"wp:attachment":[{"href":"https:\/\/www.fraterinternacional.org\/en\/wp-json\/wp\/v2\/media?parent=126374"}],"wp:term":[{"taxonomy":"category","embeddable":true,"href":"https:\/\/www.fraterinternacional.org\/en\/wp-json\/wp\/v2\/categories?post=126374"},{"taxonomy":"post_tag","embeddable":true,"href":"https:\/\/www.fraterinternacional.org\/en\/wp-json\/wp\/v2\/tags?post=126374"}],"curies":[{"name":"wp","href":"https:\/\/api.w.org\/{rel}","templated":true}]}}