{"id":125614,"date":"2022-11-18T18:45:59","date_gmt":"2022-11-18T21:45:59","guid":{"rendered":"https:\/\/www.fraterinternacional.org\/the-light-community-figueira-presents-the-new-logo\/"},"modified":"2022-11-19T09:11:28","modified_gmt":"2022-11-19T12:11:28","slug":"the-light-community-figueira-presents-the-new-logo","status":"publish","type":"post","link":"https:\/\/www.fraterinternacional.org\/en\/the-light-community-figueira-presents-the-new-logo\/","title":{"rendered":"The Light-Community Figueira presents the new logo"},"content":{"rendered":"<div class=\"fusion-fullwidth fullwidth-box fusion-builder-row-1 fusion-flex-container nonhundred-percent-fullwidth non-hundred-percent-height-scrolling\" style=\"--awb-border-radius-top-left:0px;--awb-border-radius-top-right:0px;--awb-border-radius-bottom-right:0px;--awb-border-radius-bottom-left:0px;--awb-flex-wrap:wrap;\" ><div class=\"fusion-builder-row fusion-row fusion-flex-align-items-flex-start fusion-flex-content-wrap\" style=\"max-width:1248px;margin-left: calc(-4% \/ 2 );margin-right: calc(-4% \/ 2 );\"><div class=\"fusion-layout-column fusion_builder_column fusion-builder-column-0 fusion_builder_column_1_1 1_1 fusion-flex-column\" style=\"--awb-bg-size:cover;--awb-width-large:100%;--awb-margin-top-large:0px;--awb-spacing-right-large:1.92%;--awb-margin-bottom-large:0px;--awb-spacing-left-large:1.92%;--awb-width-medium:100%;--awb-spacing-right-medium:1.92%;--awb-spacing-left-medium:1.92%;--awb-width-small:100%;--awb-spacing-right-small:1.92%;--awb-spacing-left-small:1.92%;\"><div class=\"fusion-column-wrapper fusion-flex-justify-content-flex-start fusion-content-layout-column\"><div class=\"fusion-text fusion-text-1\"><figure class=\"wp-block-image aligncenter size-full\"><a href=\"https:\/\/www.fraterinternacional.org\/wp-content\/uploads\/2022\/11\/01_Comunidade_Luz_Figueira_FFHI.jpg\"><img decoding=\"async\" width=\"1000\" height=\"553\" class=\"wp-image-125601 aligncenter\" src=\"https:\/\/www.fraterinternacional.org\/wp-content\/uploads\/2022\/11\/01_Comunidade_Luz_Figueira_FFHI.jpg\" alt=\"\" srcset=\"https:\/\/www.fraterinternacional.org\/wp-content\/uploads\/2022\/11\/01_Comunidade_Luz_Figueira_FFHI-200x111.jpg 200w, https:\/\/www.fraterinternacional.org\/wp-content\/uploads\/2022\/11\/01_Comunidade_Luz_Figueira_FFHI-300x166.jpg 300w, https:\/\/www.fraterinternacional.org\/wp-content\/uploads\/2022\/11\/01_Comunidade_Luz_Figueira_FFHI-400x221.jpg 400w, https:\/\/www.fraterinternacional.org\/wp-content\/uploads\/2022\/11\/01_Comunidade_Luz_Figueira_FFHI-600x332.jpg 600w, https:\/\/www.fraterinternacional.org\/wp-content\/uploads\/2022\/11\/01_Comunidade_Luz_Figueira_FFHI-800x442.jpg 800w, https:\/\/www.fraterinternacional.org\/wp-content\/uploads\/2022\/11\/01_Comunidade_Luz_Figueira_FFHI.jpg 1000w\" sizes=\"(max-width: 1000px) 100vw, 1000px\" \/><\/a><figcaption>The tree of Figueira<\/figcaption><\/figure>\n<p>&nbsp;<\/p>\n<p>The lush tree of Figueira is the guardian of the entrance to Creative Life, the first area founded in the\u00a0<a href=\"https:\/\/www.fraterinternacional.org\/en\/?s=comunidade-luz+figueira\">Light-Community of Figueira<\/a>, affiliated with the\u00a0<a href=\"https:\/\/www.fraterinternacional.org\/en\/\">Fraternity \u2013 International Humanitarian Federation (FIHF)<\/a>.\u00a0Its origin involves many stories:<\/p>\n<p>\u201cThe Figueira tree is very old. We don\u2019t know for sure its complete history, but we do know its importance since a long time ago. The story goes that close to the tree a trail ran by that was crossed by cattlemen and their animals. The cattlemen sought refuge in the tree\u2019s shade and in the base of its trunk prepared their food\u201d, tells friar Supremo, that accompanied the foundation of the\u00a0<a href=\"https:\/\/www.fraterinternacional.org\/en\/?s=comunidade-luz+figueira\">Light-Community<\/a>\u00a0in this place.<\/p>\n<figure class=\"wp-block-image aligncenter size-full is-resized\"><a href=\"https:\/\/www.fraterinternacional.org\/wp-content\/uploads\/2022\/11\/02_Comunidade_Luz_Figueira_FFHI.png\"><img decoding=\"async\" class=\"wp-image-125604 aligncenter\" src=\"https:\/\/www.fraterinternacional.org\/wp-content\/uploads\/2022\/11\/02_Comunidade_Luz_Figueira_FFHI.png\" alt=\"\" width=\"503\" height=\"210\" srcset=\"https:\/\/www.fraterinternacional.org\/wp-content\/uploads\/2022\/11\/02_Comunidade_Luz_Figueira_FFHI-200x83.png 200w, https:\/\/www.fraterinternacional.org\/wp-content\/uploads\/2022\/11\/02_Comunidade_Luz_Figueira_FFHI-300x125.png 300w, https:\/\/www.fraterinternacional.org\/wp-content\/uploads\/2022\/11\/02_Comunidade_Luz_Figueira_FFHI-400x167.png 400w, https:\/\/www.fraterinternacional.org\/wp-content\/uploads\/2022\/11\/02_Comunidade_Luz_Figueira_FFHI-600x250.png 600w, https:\/\/www.fraterinternacional.org\/wp-content\/uploads\/2022\/11\/02_Comunidade_Luz_Figueira_FFHI-800x334.png 800w, https:\/\/www.fraterinternacional.org\/wp-content\/uploads\/2022\/11\/02_Comunidade_Luz_Figueira_FFHI.png 1000w\" sizes=\"(max-width: 503px) 100vw, 503px\" \/><\/a><figcaption>Logo antigo da Comunidade-Luz Figueira<\/figcaption><\/figure>\n<p>The tree became a representative icon that names the\u00a0<a href=\"https:\/\/www.fraterinternacional.org\/en\/?s=comunidade-luz+figueira\">Light-Community<\/a>, founded in the year 1987. To represent graphically this ancient guardian, the first logo was a simple illustration that sought to resemble the existing tree.<\/p>\n<p>A few decades later, the renovation that now occurs in the community led to the inspiration of an illustration that is more representative of the current cycle of Figueira. The tree was considered with care: how to represent its firmly consolidated roots, that now sustain many branches and fruits? Slowly a new illustration was sketched by hand, conveying beauty, finesse, fortitude and movement.<\/p>\n<figure class=\"wp-block-image aligncenter size-full is-resized\"><a href=\"https:\/\/www.fraterinternacional.org\/wp-content\/uploads\/2022\/11\/03_Comunidade_Luz_Figueira_FFHI.png\"><img decoding=\"async\" class=\"wp-image-125607 aligncenter\" src=\"https:\/\/www.fraterinternacional.org\/wp-content\/uploads\/2022\/11\/03_Comunidade_Luz_Figueira_FFHI.png\" alt=\"\" width=\"430\" height=\"430\" srcset=\"https:\/\/www.fraterinternacional.org\/wp-content\/uploads\/2022\/11\/03_Comunidade_Luz_Figueira_FFHI-150x150.png 150w, https:\/\/www.fraterinternacional.org\/wp-content\/uploads\/2022\/11\/03_Comunidade_Luz_Figueira_FFHI-200x200.png 200w, https:\/\/www.fraterinternacional.org\/wp-content\/uploads\/2022\/11\/03_Comunidade_Luz_Figueira_FFHI-300x300.png 300w, https:\/\/www.fraterinternacional.org\/wp-content\/uploads\/2022\/11\/03_Comunidade_Luz_Figueira_FFHI-400x400.png 400w, https:\/\/www.fraterinternacional.org\/wp-content\/uploads\/2022\/11\/03_Comunidade_Luz_Figueira_FFHI-600x600.png 600w, https:\/\/www.fraterinternacional.org\/wp-content\/uploads\/2022\/11\/03_Comunidade_Luz_Figueira_FFHI-800x800.png 800w, https:\/\/www.fraterinternacional.org\/wp-content\/uploads\/2022\/11\/03_Comunidade_Luz_Figueira_FFHI.png 1000w\" sizes=\"(max-width: 430px) 100vw, 430px\" \/><\/a><figcaption>Sketched by hand<\/figcaption><\/figure>\n<p>The illustration was transposed to digital mediums, and the artwork was worked on by a volunteer designer from\u00a0<b><a href=\"https:\/\/www.fraterinternacional.org\/en\/\">Fraternity &#8211; Humanitarian (FIHF)<\/a><\/b>. The new logo carries as symbolism the representation of ways for an evolutive and fraternal life.<\/p>\n<p>The tree\u2019s trunk is made up of three strong paths, the paths of consecration. The circle represents the rising of the internal sun, hugged by the branches that express hands in service. The branches sustain the fruits of manifestation.<\/p>\n<p><img decoding=\"async\" class=\"wp-image-125610 aligncenter\" src=\"https:\/\/www.fraterinternacional.org\/wp-content\/uploads\/2022\/11\/04_Comunidade_Luz_Figueira_FFHI.png\" alt=\"\" width=\"726\" height=\"513\" srcset=\"https:\/\/www.fraterinternacional.org\/wp-content\/uploads\/2022\/11\/04_Comunidade_Luz_Figueira_FFHI-200x141.png 200w, https:\/\/www.fraterinternacional.org\/wp-content\/uploads\/2022\/11\/04_Comunidade_Luz_Figueira_FFHI-300x212.png 300w, https:\/\/www.fraterinternacional.org\/wp-content\/uploads\/2022\/11\/04_Comunidade_Luz_Figueira_FFHI-400x283.png 400w, https:\/\/www.fraterinternacional.org\/wp-content\/uploads\/2022\/11\/04_Comunidade_Luz_Figueira_FFHI-600x424.png 600w, https:\/\/www.fraterinternacional.org\/wp-content\/uploads\/2022\/11\/04_Comunidade_Luz_Figueira_FFHI-800x566.png 800w, https:\/\/www.fraterinternacional.org\/wp-content\/uploads\/2022\/11\/04_Comunidade_Luz_Figueira_FFHI.png 1000w\" sizes=\"(max-width: 726px) 100vw, 726px\" \/>The new iconography summarizes thus the principles of life in a\u00a0<a href=\"https:\/\/www.fraterinternacional.org\/en\/?s=comunidade-luz+figueira\">Light-Community<\/a>.<\/p>\n<p style=\"font-weight: 400;\">The update of the logo is a new renovation cycle of the communications sector of the\u00a0<a href=\"https:\/\/www.fraterinternacional.org\/en\/?s=comunidade-luz+figueira\">Light-Community of Figueira<\/a>, as is the website\u2019s construction, the updated graphic materials and visuals, and also the specialization and enlargement of the team.<\/p>\n<p style=\"font-weight: 400;\">Through the means of fraternity and service, may many more come closer to this Mother Tree.<\/p>\n<p style=\"font-weight: 400;\">Watch!<\/p>\n<p><a href=\"https:\/\/www.youtube.com\/watch?v=Z9mGxRC4Hh8\" target=\"_blank\" rel=\"noreferrer noopener\">V\u00eddeo sobre as Comunidades-Luz<\/a><\/p>\n<p>&nbsp;<\/p>\n<\/div><\/div><\/div><\/div><\/div>","protected":false},"excerpt":{"rendered":"","protected":false},"author":4,"featured_media":125602,"comment_status":"closed","ping_status":"closed","sticky":false,"template":"","format":"standard","meta":{"footnotes":""},"categories":[150],"tags":[],"class_list":["post-125614","post","type-post","status-publish","format-standard","has-post-thumbnail","hentry","category-news"],"yoast_head":"<!-- This site is optimized with the Yoast SEO Premium plugin v21.0 (Yoast SEO v21.0) - https:\/\/yoast.com\/wordpress\/plugins\/seo\/ -->\n<title>The Light-Community Figueira presents the new logo -<\/title>\n<meta name=\"robots\" content=\"index, follow, max-snippet:-1, max-image-preview:large, max-video-preview:-1\" \/>\n<link rel=\"canonical\" href=\"https:\/\/www.fraterinternacional.org\/en\/the-light-community-figueira-presents-the-new-logo\/\" \/>\n<meta property=\"og:locale\" content=\"en_US\" \/>\n<meta property=\"og:type\" content=\"article\" \/>\n<meta property=\"og:title\" content=\"The Light-Community Figueira presents the new logo\" \/>\n<meta property=\"og:url\" content=\"https:\/\/www.fraterinternacional.org\/en\/the-light-community-figueira-presents-the-new-logo\/\" \/>\n<meta property=\"og:site_name\" content=\"Fraternidade - Federa\u00e7\u00e3o Humanit\u00e1ria Internacional\" \/>\n<meta property=\"article:publisher\" content=\"https:\/\/www.facebook.com\/fraternidadehumanitaria\" \/>\n<meta property=\"article:published_time\" content=\"2022-11-18T21:45:59+00:00\" \/>\n<meta property=\"article:modified_time\" content=\"2022-11-19T12:11:28+00:00\" \/>\n<meta property=\"og:image\" content=\"https:\/\/www.fraterinternacional.org\/wp-content\/uploads\/2022\/11\/01_Comunidade_Luz_Figueira_FFHI.jpg\" \/>\n\t<meta property=\"og:image:width\" content=\"1000\" \/>\n\t<meta property=\"og:image:height\" content=\"553\" \/>\n\t<meta property=\"og:image:type\" content=\"image\/jpeg\" \/>\n<meta name=\"author\" content=\"maducato_admin\" \/>\n<meta name=\"twitter:card\" content=\"summary_large_image\" \/>\n<meta name=\"twitter:creator\" content=\"@fraternidadeFHI\" \/>\n<meta name=\"twitter:site\" content=\"@fraternidadeFHI\" \/>\n<meta name=\"twitter:label1\" content=\"Written by\" \/>\n\t<meta name=\"twitter:data1\" content=\"maducato_admin\" \/>\n\t<meta name=\"twitter:label2\" content=\"Est. reading time\" \/>\n\t<meta name=\"twitter:data2\" content=\"4 minutes\" \/>\n<script type=\"application\/ld+json\" class=\"yoast-schema-graph\">{\"@context\":\"https:\/\/schema.org\",\"@graph\":[{\"@type\":\"WebPage\",\"@id\":\"https:\/\/www.fraterinternacional.org\/en\/the-light-community-figueira-presents-the-new-logo\/\",\"url\":\"https:\/\/www.fraterinternacional.org\/en\/the-light-community-figueira-presents-the-new-logo\/\",\"name\":\"The Light-Community Figueira presents the new logo -\",\"isPartOf\":{\"@id\":\"https:\/\/www.fraterinternacional.org\/es\/#website\"},\"datePublished\":\"2022-11-18T21:45:59+00:00\",\"dateModified\":\"2022-11-19T12:11:28+00:00\",\"author\":{\"@id\":\"https:\/\/www.fraterinternacional.org\/es\/#\/schema\/person\/19cb7a5541fd019768c7fe255d72701e\"},\"breadcrumb\":{\"@id\":\"https:\/\/www.fraterinternacional.org\/en\/the-light-community-figueira-presents-the-new-logo\/#breadcrumb\"},\"inLanguage\":\"en-US\",\"potentialAction\":[{\"@type\":\"ReadAction\",\"target\":[\"https:\/\/www.fraterinternacional.org\/en\/the-light-community-figueira-presents-the-new-logo\/\"]}]},{\"@type\":\"BreadcrumbList\",\"@id\":\"https:\/\/www.fraterinternacional.org\/en\/the-light-community-figueira-presents-the-new-logo\/#breadcrumb\",\"itemListElement\":[{\"@type\":\"ListItem\",\"position\":1,\"name\":\"In\u00edcio\",\"item\":\"https:\/\/www.fraterinternacional.org\/en\/\"},{\"@type\":\"ListItem\",\"position\":2,\"name\":\"The Light-Community Figueira presents the new logo\"}]},{\"@type\":\"WebSite\",\"@id\":\"https:\/\/www.fraterinternacional.org\/es\/#website\",\"url\":\"https:\/\/www.fraterinternacional.org\/es\/\",\"name\":\"Fraternidade - Federa\u00e7\u00e3o Humanit\u00e1ria Internacional\",\"description\":\"Fraternidade - Federa\u00e7\u00e3o Humanit\u00e1ria Internacional\",\"potentialAction\":[{\"@type\":\"SearchAction\",\"target\":{\"@type\":\"EntryPoint\",\"urlTemplate\":\"https:\/\/www.fraterinternacional.org\/es\/?s={search_term_string}\"},\"query-input\":\"required name=search_term_string\"}],\"inLanguage\":\"en-US\"},{\"@type\":\"Person\",\"@id\":\"https:\/\/www.fraterinternacional.org\/es\/#\/schema\/person\/19cb7a5541fd019768c7fe255d72701e\",\"name\":\"maducato_admin\"}]}<\/script>\n<!-- \/ Yoast SEO Premium plugin. -->","yoast_head_json":{"title":"The Light-Community Figueira presents the new logo -","robots":{"index":"index","follow":"follow","max-snippet":"max-snippet:-1","max-image-preview":"max-image-preview:large","max-video-preview":"max-video-preview:-1"},"canonical":"https:\/\/www.fraterinternacional.org\/en\/the-light-community-figueira-presents-the-new-logo\/","og_locale":"en_US","og_type":"article","og_title":"The Light-Community Figueira presents the new logo","og_url":"https:\/\/www.fraterinternacional.org\/en\/the-light-community-figueira-presents-the-new-logo\/","og_site_name":"Fraternidade - Federa\u00e7\u00e3o Humanit\u00e1ria Internacional","article_publisher":"https:\/\/www.facebook.com\/fraternidadehumanitaria","article_published_time":"2022-11-18T21:45:59+00:00","article_modified_time":"2022-11-19T12:11:28+00:00","og_image":[{"width":1000,"height":553,"url":"https:\/\/www.fraterinternacional.org\/wp-content\/uploads\/2022\/11\/01_Comunidade_Luz_Figueira_FFHI.jpg","type":"image\/jpeg"}],"author":"maducato_admin","twitter_card":"summary_large_image","twitter_creator":"@fraternidadeFHI","twitter_site":"@fraternidadeFHI","twitter_misc":{"Written by":"maducato_admin","Est. reading time":"4 minutes"},"schema":{"@context":"https:\/\/schema.org","@graph":[{"@type":"WebPage","@id":"https:\/\/www.fraterinternacional.org\/en\/the-light-community-figueira-presents-the-new-logo\/","url":"https:\/\/www.fraterinternacional.org\/en\/the-light-community-figueira-presents-the-new-logo\/","name":"The Light-Community Figueira presents the new logo -","isPartOf":{"@id":"https:\/\/www.fraterinternacional.org\/es\/#website"},"datePublished":"2022-11-18T21:45:59+00:00","dateModified":"2022-11-19T12:11:28+00:00","author":{"@id":"https:\/\/www.fraterinternacional.org\/es\/#\/schema\/person\/19cb7a5541fd019768c7fe255d72701e"},"breadcrumb":{"@id":"https:\/\/www.fraterinternacional.org\/en\/the-light-community-figueira-presents-the-new-logo\/#breadcrumb"},"inLanguage":"en-US","potentialAction":[{"@type":"ReadAction","target":["https:\/\/www.fraterinternacional.org\/en\/the-light-community-figueira-presents-the-new-logo\/"]}]},{"@type":"BreadcrumbList","@id":"https:\/\/www.fraterinternacional.org\/en\/the-light-community-figueira-presents-the-new-logo\/#breadcrumb","itemListElement":[{"@type":"ListItem","position":1,"name":"In\u00edcio","item":"https:\/\/www.fraterinternacional.org\/en\/"},{"@type":"ListItem","position":2,"name":"The Light-Community Figueira presents the new logo"}]},{"@type":"WebSite","@id":"https:\/\/www.fraterinternacional.org\/es\/#website","url":"https:\/\/www.fraterinternacional.org\/es\/","name":"Fraternidade - Federa\u00e7\u00e3o Humanit\u00e1ria Internacional","description":"Fraternidade - Federa\u00e7\u00e3o Humanit\u00e1ria Internacional","potentialAction":[{"@type":"SearchAction","target":{"@type":"EntryPoint","urlTemplate":"https:\/\/www.fraterinternacional.org\/es\/?s={search_term_string}"},"query-input":"required name=search_term_string"}],"inLanguage":"en-US"},{"@type":"Person","@id":"https:\/\/www.fraterinternacional.org\/es\/#\/schema\/person\/19cb7a5541fd019768c7fe255d72701e","name":"maducato_admin"}]}},"_links":{"self":[{"href":"https:\/\/www.fraterinternacional.org\/en\/wp-json\/wp\/v2\/posts\/125614"}],"collection":[{"href":"https:\/\/www.fraterinternacional.org\/en\/wp-json\/wp\/v2\/posts"}],"about":[{"href":"https:\/\/www.fraterinternacional.org\/en\/wp-json\/wp\/v2\/types\/post"}],"author":[{"embeddable":true,"href":"https:\/\/www.fraterinternacional.org\/en\/wp-json\/wp\/v2\/users\/4"}],"replies":[{"embeddable":true,"href":"https:\/\/www.fraterinternacional.org\/en\/wp-json\/wp\/v2\/comments?post=125614"}],"version-history":[{"count":0,"href":"https:\/\/www.fraterinternacional.org\/en\/wp-json\/wp\/v2\/posts\/125614\/revisions"}],"wp:featuredmedia":[{"embeddable":true,"href":"https:\/\/www.fraterinternacional.org\/en\/wp-json\/wp\/v2\/media\/125602"}],"wp:attachment":[{"href":"https:\/\/www.fraterinternacional.org\/en\/wp-json\/wp\/v2\/media?parent=125614"}],"wp:term":[{"taxonomy":"category","embeddable":true,"href":"https:\/\/www.fraterinternacional.org\/en\/wp-json\/wp\/v2\/categories?post=125614"},{"taxonomy":"post_tag","embeddable":true,"href":"https:\/\/www.fraterinternacional.org\/en\/wp-json\/wp\/v2\/tags?post=125614"}],"curies":[{"name":"wp","href":"https:\/\/api.w.org\/{rel}","templated":true}]}}