{"id":124196,"date":"2021-11-12T19:16:46","date_gmt":"2021-11-12T22:16:46","guid":{"rendered":"https:\/\/www.fraterinternacional.org\/?p=124196"},"modified":"2021-11-12T19:16:46","modified_gmt":"2021-11-12T22:16:46","slug":"the-installation-of-photovoltaic-panels-at-the-francis-of-assisi-park-will-reduce-energy-costs","status":"publish","type":"post","link":"https:\/\/www.fraterinternacional.org\/en\/the-installation-of-photovoltaic-panels-at-the-francis-of-assisi-park-will-reduce-energy-costs\/","title":{"rendered":"The Installation of Photovoltaic Panels at the Francis of Assisi Park will reduce energy costs"},"content":{"rendered":"<p>Sustainability, the reduction of pollution and of carbon rates in the atmosphere, combined with the decrease in the cost of the electric bill: these are some benefits of solar energy. Through the installation of photovoltaic panels, this clean energy has been implemented in the\u00a0<a href=\"https:\/\/www.fraterinternacional.org\/adocao-de-caes-caminhos-para-nova-humanidade\/\">Francis of Assisi Park<\/a>, in Lavras, Minas Gerais.<\/p>\n<p>In all, there are 33 photovoltaic panels, of which seven are for powering the semi-artesian well pump, and it will function continuously, whether there is sun or rain, according to what the businessman Jo\u00e3o Carmona explains. He is from the sector of Renewable Energy and founding partner of the company\u00a0<a href=\"https:\/\/eusousolar.com.br\/\">EuSouSolar<\/a>, who is acting together with his partner, Paulo Carvalho, and the engineers Roberto dos Passos Vidal and Jos\u00e9 M\u00e1rio Costa on this valuable project.<\/p>\n\n\t\t<style type=\"text\/css\">\n\t\t\t#gallery-1 {\n\t\t\t\tmargin: auto;\n\t\t\t}\n\t\t\t#gallery-1 .gallery-item {\n\t\t\t\tfloat: left;\n\t\t\t\tmargin-top: 10px;\n\t\t\t\ttext-align: center;\n\t\t\t\twidth: 50%;\n\t\t\t}\n\t\t\t#gallery-1 img {\n\t\t\t\tborder: 2px solid #cfcfcf;\n\t\t\t}\n\t\t\t#gallery-1 .gallery-caption {\n\t\t\t\tmargin-left: 0;\n\t\t\t}\n\t\t\t\/* see gallery_shortcode() in wp-includes\/media.php *\/\n\t\t<\/style>\n\t\t<div id='gallery-1' class='gallery galleryid-124196 gallery-columns-2 gallery-size-full'><dl class='gallery-item'>\n\t\t\t<dt class='gallery-icon landscape'>\n\t\t\t\t<a data-rel=\"iLightbox[postimages]\" data-title=\"parque-francisco-assis03\" data-caption=\"\" href='https:\/\/www.fraterinternacional.org\/wp-content\/uploads\/2021\/11\/parque-francisco-assis03.jpeg'><img decoding=\"async\" width=\"1000\" height=\"563\" src=\"https:\/\/www.fraterinternacional.org\/wp-content\/uploads\/2021\/11\/parque-francisco-assis03.jpeg\" class=\"attachment-full size-full\" alt=\"Instala\u00e7\u00e3o de placas fotovoltaicas no Parque Francisco de Assis\" srcset=\"https:\/\/www.fraterinternacional.org\/wp-content\/uploads\/2021\/11\/parque-francisco-assis03-200x113.jpeg 200w, https:\/\/www.fraterinternacional.org\/wp-content\/uploads\/2021\/11\/parque-francisco-assis03-300x169.jpeg 300w, https:\/\/www.fraterinternacional.org\/wp-content\/uploads\/2021\/11\/parque-francisco-assis03-400x225.jpeg 400w, https:\/\/www.fraterinternacional.org\/wp-content\/uploads\/2021\/11\/parque-francisco-assis03-600x338.jpeg 600w, https:\/\/www.fraterinternacional.org\/wp-content\/uploads\/2021\/11\/parque-francisco-assis03-800x450.jpeg 800w, https:\/\/www.fraterinternacional.org\/wp-content\/uploads\/2021\/11\/parque-francisco-assis03.jpeg 1000w\" sizes=\"(max-width: 1000px) 100vw, 1000px\" \/><\/a>\n\t\t\t<\/dt><\/dl><dl class='gallery-item'>\n\t\t\t<dt class='gallery-icon landscape'>\n\t\t\t\t<a data-rel=\"iLightbox[postimages]\" data-title=\"parque-francisco-assis02\" data-caption=\"\" href='https:\/\/www.fraterinternacional.org\/wp-content\/uploads\/2021\/11\/parque-francisco-assis02.jpeg'><img decoding=\"async\" width=\"1000\" height=\"563\" src=\"https:\/\/www.fraterinternacional.org\/wp-content\/uploads\/2021\/11\/parque-francisco-assis02.jpeg\" class=\"attachment-full size-full\" alt=\"Instala\u00e7\u00e3o de placas fotovoltaicas no Parque Francisco de Assis\" srcset=\"https:\/\/www.fraterinternacional.org\/wp-content\/uploads\/2021\/11\/parque-francisco-assis02-200x113.jpeg 200w, https:\/\/www.fraterinternacional.org\/wp-content\/uploads\/2021\/11\/parque-francisco-assis02-300x169.jpeg 300w, https:\/\/www.fraterinternacional.org\/wp-content\/uploads\/2021\/11\/parque-francisco-assis02-400x225.jpeg 400w, https:\/\/www.fraterinternacional.org\/wp-content\/uploads\/2021\/11\/parque-francisco-assis02-600x338.jpeg 600w, https:\/\/www.fraterinternacional.org\/wp-content\/uploads\/2021\/11\/parque-francisco-assis02-800x450.jpeg 800w, https:\/\/www.fraterinternacional.org\/wp-content\/uploads\/2021\/11\/parque-francisco-assis02.jpeg 1000w\" sizes=\"(max-width: 1000px) 100vw, 1000px\" \/><\/a>\n\t\t\t<\/dt><\/dl><br style=\"clear: both\" \/>\n\t\t<\/div>\n\n<p>The initiative came from the Fraternity \u2013 International Humanitarian Federation (FFHI), that through Friar Luciano, general manager of the institution, together with the administration team of the Parque, established the need for finding alternatives to minimize the costs of the electric bill of the entity. And so a campaign was born through the Light-Network, a network of selfless servers of the\u00a0<a href=\"https:\/\/www.fraterinternacional.org\/en\">Humanitarian Fraternity (FFHI)<\/a>, requesting donations for the installation of the panels. The call generated an immediate response, followed by the implementation work.<\/p>\n<p>One of the managers of the Francis of Assisi Park, Lenilce Resende Gomide, who acts as the vice-president, comments on the benefits of the installation of the panels: \u201cwe will save more than 90% in energy use. The current bill is R$1,400, and with the panels it will go down to around R$100.\u201d Regarding the work of the team of volunteers in installing the panels, coordinated by the engineer Jo\u00e3o Carmona, Lenilce says with profound gratitude: \u201cit is four angels that are illuminating the Park!\u201d<\/p>\n\n\t\t<style type=\"text\/css\">\n\t\t\t#gallery-2 {\n\t\t\t\tmargin: auto;\n\t\t\t}\n\t\t\t#gallery-2 .gallery-item {\n\t\t\t\tfloat: left;\n\t\t\t\tmargin-top: 10px;\n\t\t\t\ttext-align: center;\n\t\t\t\twidth: 20%;\n\t\t\t}\n\t\t\t#gallery-2 img {\n\t\t\t\tborder: 2px solid #cfcfcf;\n\t\t\t}\n\t\t\t#gallery-2 .gallery-caption {\n\t\t\t\tmargin-left: 0;\n\t\t\t}\n\t\t\t\/* see gallery_shortcode() in wp-includes\/media.php *\/\n\t\t<\/style>\n\t\t<div id='gallery-2' class='gallery galleryid-124196 gallery-columns-5 gallery-size-full'><dl class='gallery-item'>\n\t\t\t<dt class='gallery-icon portrait'>\n\t\t\t\t<a data-rel=\"iLightbox[postimages]\" data-title=\"Energia Solar Parque Francisco de Assis FFHI 4\" data-caption=\"\" href='https:\/\/www.fraterinternacional.org\/wp-content\/uploads\/2021\/11\/Energia-Solar-Parque-Francisco-de-Assis-FFHI-4.jpg'><img decoding=\"async\" width=\"780\" height=\"1040\" src=\"https:\/\/www.fraterinternacional.org\/wp-content\/uploads\/2021\/11\/Energia-Solar-Parque-Francisco-de-Assis-FFHI-4.jpg\" class=\"attachment-full size-full\" alt=\"Instala\u00e7\u00e3o de placas fotovoltaicas\" srcset=\"https:\/\/www.fraterinternacional.org\/wp-content\/uploads\/2021\/11\/Energia-Solar-Parque-Francisco-de-Assis-FFHI-4-200x267.jpg 200w, https:\/\/www.fraterinternacional.org\/wp-content\/uploads\/2021\/11\/Energia-Solar-Parque-Francisco-de-Assis-FFHI-4-225x300.jpg 225w, https:\/\/www.fraterinternacional.org\/wp-content\/uploads\/2021\/11\/Energia-Solar-Parque-Francisco-de-Assis-FFHI-4-400x533.jpg 400w, https:\/\/www.fraterinternacional.org\/wp-content\/uploads\/2021\/11\/Energia-Solar-Parque-Francisco-de-Assis-FFHI-4-600x800.jpg 600w, https:\/\/www.fraterinternacional.org\/wp-content\/uploads\/2021\/11\/Energia-Solar-Parque-Francisco-de-Assis-FFHI-4-768x1024.jpg 768w, https:\/\/www.fraterinternacional.org\/wp-content\/uploads\/2021\/11\/Energia-Solar-Parque-Francisco-de-Assis-FFHI-4.jpg 780w\" sizes=\"(max-width: 780px) 100vw, 780px\" \/><\/a>\n\t\t\t<\/dt><\/dl><dl class='gallery-item'>\n\t\t\t<dt class='gallery-icon portrait'>\n\t\t\t\t<a data-rel=\"iLightbox[postimages]\" data-title=\"Energia Solar Parque Francisco de Assis FFHI 5\" data-caption=\"\" href='https:\/\/www.fraterinternacional.org\/wp-content\/uploads\/2021\/11\/Energia-Solar-Parque-Francisco-de-Assis-FFHI-5.jpg'><img decoding=\"async\" width=\"780\" height=\"1040\" src=\"https:\/\/www.fraterinternacional.org\/wp-content\/uploads\/2021\/11\/Energia-Solar-Parque-Francisco-de-Assis-FFHI-5.jpg\" class=\"attachment-full size-full\" alt=\"Instala\u00e7\u00e3o de placas fotovoltaicas no Parque Francisco de Assis\" srcset=\"https:\/\/www.fraterinternacional.org\/wp-content\/uploads\/2021\/11\/Energia-Solar-Parque-Francisco-de-Assis-FFHI-5-200x267.jpg 200w, https:\/\/www.fraterinternacional.org\/wp-content\/uploads\/2021\/11\/Energia-Solar-Parque-Francisco-de-Assis-FFHI-5-225x300.jpg 225w, https:\/\/www.fraterinternacional.org\/wp-content\/uploads\/2021\/11\/Energia-Solar-Parque-Francisco-de-Assis-FFHI-5-400x533.jpg 400w, https:\/\/www.fraterinternacional.org\/wp-content\/uploads\/2021\/11\/Energia-Solar-Parque-Francisco-de-Assis-FFHI-5-600x800.jpg 600w, https:\/\/www.fraterinternacional.org\/wp-content\/uploads\/2021\/11\/Energia-Solar-Parque-Francisco-de-Assis-FFHI-5-768x1024.jpg 768w, https:\/\/www.fraterinternacional.org\/wp-content\/uploads\/2021\/11\/Energia-Solar-Parque-Francisco-de-Assis-FFHI-5.jpg 780w\" sizes=\"(max-width: 780px) 100vw, 780px\" \/><\/a>\n\t\t\t<\/dt><\/dl><dl class='gallery-item'>\n\t\t\t<dt class='gallery-icon portrait'>\n\t\t\t\t<a data-rel=\"iLightbox[postimages]\" data-title=\"Energia Solar Parque Francisco de Assis FFHI 7\" data-caption=\"\" href='https:\/\/www.fraterinternacional.org\/wp-content\/uploads\/2021\/11\/Energia-Solar-Parque-Francisco-de-Assis-FFHI-7.jpg'><img decoding=\"async\" width=\"960\" height=\"1280\" src=\"https:\/\/www.fraterinternacional.org\/wp-content\/uploads\/2021\/11\/Energia-Solar-Parque-Francisco-de-Assis-FFHI-7.jpg\" class=\"attachment-full size-full\" alt=\"\" srcset=\"https:\/\/www.fraterinternacional.org\/wp-content\/uploads\/2021\/11\/Energia-Solar-Parque-Francisco-de-Assis-FFHI-7-200x267.jpg 200w, https:\/\/www.fraterinternacional.org\/wp-content\/uploads\/2021\/11\/Energia-Solar-Parque-Francisco-de-Assis-FFHI-7-225x300.jpg 225w, https:\/\/www.fraterinternacional.org\/wp-content\/uploads\/2021\/11\/Energia-Solar-Parque-Francisco-de-Assis-FFHI-7-400x533.jpg 400w, https:\/\/www.fraterinternacional.org\/wp-content\/uploads\/2021\/11\/Energia-Solar-Parque-Francisco-de-Assis-FFHI-7-600x800.jpg 600w, https:\/\/www.fraterinternacional.org\/wp-content\/uploads\/2021\/11\/Energia-Solar-Parque-Francisco-de-Assis-FFHI-7-768x1024.jpg 768w, https:\/\/www.fraterinternacional.org\/wp-content\/uploads\/2021\/11\/Energia-Solar-Parque-Francisco-de-Assis-FFHI-7-800x1067.jpg 800w, https:\/\/www.fraterinternacional.org\/wp-content\/uploads\/2021\/11\/Energia-Solar-Parque-Francisco-de-Assis-FFHI-7.jpg 960w\" sizes=\"(max-width: 960px) 100vw, 960px\" \/><\/a>\n\t\t\t<\/dt><\/dl><dl class='gallery-item'>\n\t\t\t<dt class='gallery-icon portrait'>\n\t\t\t\t<a data-rel=\"iLightbox[postimages]\" data-title=\"Energia Solar Parque Francisco de Assis FFHI 1\" data-caption=\"\" href='https:\/\/www.fraterinternacional.org\/wp-content\/uploads\/2021\/11\/Energia-Solar-Parque-Francisco-de-Assis-FFHI-1.jpg'><img decoding=\"async\" width=\"960\" height=\"1280\" src=\"https:\/\/www.fraterinternacional.org\/wp-content\/uploads\/2021\/11\/Energia-Solar-Parque-Francisco-de-Assis-FFHI-1.jpg\" class=\"attachment-full size-full\" alt=\"Instala\u00e7\u00e3o de placas fotovoltaicas no Parque Francisco de Assis\" srcset=\"https:\/\/www.fraterinternacional.org\/wp-content\/uploads\/2021\/11\/Energia-Solar-Parque-Francisco-de-Assis-FFHI-1-200x267.jpg 200w, https:\/\/www.fraterinternacional.org\/wp-content\/uploads\/2021\/11\/Energia-Solar-Parque-Francisco-de-Assis-FFHI-1-225x300.jpg 225w, https:\/\/www.fraterinternacional.org\/wp-content\/uploads\/2021\/11\/Energia-Solar-Parque-Francisco-de-Assis-FFHI-1-400x533.jpg 400w, https:\/\/www.fraterinternacional.org\/wp-content\/uploads\/2021\/11\/Energia-Solar-Parque-Francisco-de-Assis-FFHI-1-600x800.jpg 600w, https:\/\/www.fraterinternacional.org\/wp-content\/uploads\/2021\/11\/Energia-Solar-Parque-Francisco-de-Assis-FFHI-1-768x1024.jpg 768w, https:\/\/www.fraterinternacional.org\/wp-content\/uploads\/2021\/11\/Energia-Solar-Parque-Francisco-de-Assis-FFHI-1-800x1067.jpg 800w, https:\/\/www.fraterinternacional.org\/wp-content\/uploads\/2021\/11\/Energia-Solar-Parque-Francisco-de-Assis-FFHI-1.jpg 960w\" sizes=\"(max-width: 960px) 100vw, 960px\" \/><\/a>\n\t\t\t<\/dt><\/dl><dl class='gallery-item'>\n\t\t\t<dt class='gallery-icon portrait'>\n\t\t\t\t<a data-rel=\"iLightbox[postimages]\" data-title=\"Energia Solar Parque Francisco de Assis FFHI 3\" data-caption=\"\" href='https:\/\/www.fraterinternacional.org\/wp-content\/uploads\/2021\/11\/Energia-Solar-Parque-Francisco-de-Assis-FFHI-3.jpg'><img decoding=\"async\" width=\"960\" height=\"1280\" src=\"https:\/\/www.fraterinternacional.org\/wp-content\/uploads\/2021\/11\/Energia-Solar-Parque-Francisco-de-Assis-FFHI-3.jpg\" class=\"attachment-full size-full\" alt=\"Instala\u00e7\u00e3o de placas fotovoltaicas no Parque Francisco de Assis\" srcset=\"https:\/\/www.fraterinternacional.org\/wp-content\/uploads\/2021\/11\/Energia-Solar-Parque-Francisco-de-Assis-FFHI-3-200x267.jpg 200w, https:\/\/www.fraterinternacional.org\/wp-content\/uploads\/2021\/11\/Energia-Solar-Parque-Francisco-de-Assis-FFHI-3-225x300.jpg 225w, https:\/\/www.fraterinternacional.org\/wp-content\/uploads\/2021\/11\/Energia-Solar-Parque-Francisco-de-Assis-FFHI-3-400x533.jpg 400w, https:\/\/www.fraterinternacional.org\/wp-content\/uploads\/2021\/11\/Energia-Solar-Parque-Francisco-de-Assis-FFHI-3-600x800.jpg 600w, https:\/\/www.fraterinternacional.org\/wp-content\/uploads\/2021\/11\/Energia-Solar-Parque-Francisco-de-Assis-FFHI-3-768x1024.jpg 768w, https:\/\/www.fraterinternacional.org\/wp-content\/uploads\/2021\/11\/Energia-Solar-Parque-Francisco-de-Assis-FFHI-3-800x1067.jpg 800w, https:\/\/www.fraterinternacional.org\/wp-content\/uploads\/2021\/11\/Energia-Solar-Parque-Francisco-de-Assis-FFHI-3.jpg 960w\" sizes=\"(max-width: 960px) 100vw, 960px\" \/><\/a>\n\t\t\t<\/dt><\/dl><br style=\"clear: both\" \/>\n\t\t<\/div>\n\n<h3>Francis of Assisi Park<\/h3>\n<p>The\u00a0Francis of Assisi Park\u00a0was founded in 2010 on the edge of the BR 265, Km 341, in Lavras, Minas Gerais (Brazil). Since its creation, this non-profit institution, maintained by donations and volunteer work, acts to protect animals and preserve the environment through educational programs and a continual providing of services.<\/p>\n<p>Built from the ruins of a cattle and pig slaughterhouse, the kennel of Francis of Assisi Park \u00a0shelters on average 360 dogs that previously were abandoned and lived on the street, ill and mistreated, and which today are taken care of with great affection. The Park also promotes regular campaigns for adoption to find safe and loving homes for the furballs.<\/p>\n<p><a href=\"https:\/\/www.fraterinternacional.org\/wp-content\/uploads\/2021\/11\/parque-francisco-assis01.jpeg\"><img decoding=\"async\" class=\"size-full wp-image-124186 aligncenter\" src=\"https:\/\/www.fraterinternacional.org\/wp-content\/uploads\/2021\/11\/parque-francisco-assis01.jpeg\" alt=\"Instala\u00e7\u00e3o de placas fotovoltaicas no Parque Francisco de Assis\" width=\"1280\" height=\"720\" srcset=\"https:\/\/www.fraterinternacional.org\/wp-content\/uploads\/2021\/11\/parque-francisco-assis01-200x113.jpeg 200w, https:\/\/www.fraterinternacional.org\/wp-content\/uploads\/2021\/11\/parque-francisco-assis01-300x169.jpeg 300w, https:\/\/www.fraterinternacional.org\/wp-content\/uploads\/2021\/11\/parque-francisco-assis01-400x225.jpeg 400w, https:\/\/www.fraterinternacional.org\/wp-content\/uploads\/2021\/11\/parque-francisco-assis01-600x338.jpeg 600w, https:\/\/www.fraterinternacional.org\/wp-content\/uploads\/2021\/11\/parque-francisco-assis01-800x450.jpeg 800w, https:\/\/www.fraterinternacional.org\/wp-content\/uploads\/2021\/11\/parque-francisco-assis01-1024x576.jpeg 1024w, https:\/\/www.fraterinternacional.org\/wp-content\/uploads\/2021\/11\/parque-francisco-assis01-1200x675.jpeg 1200w, https:\/\/www.fraterinternacional.org\/wp-content\/uploads\/2021\/11\/parque-francisco-assis01.jpeg 1280w\" sizes=\"(max-width: 1280px) 100vw, 1280px\" \/><\/a><\/p>\n","protected":false},"excerpt":{"rendered":"<p>Sustainability, the reduction of pollution and of carbon rates in the atmosphere, combined with the decrease in the cost of [&hellip;]<\/p>\n","protected":false},"author":4,"featured_media":124193,"comment_status":"closed","ping_status":"closed","sticky":false,"template":"","format":"standard","meta":{"footnotes":""},"categories":[121,150],"tags":[],"class_list":["post-124196","post","type-post","status-publish","format-standard","has-post-thumbnail","hentry","category-network-of-light","category-news"],"yoast_head":"<!-- This site is optimized with the Yoast SEO Premium plugin v21.0 (Yoast SEO v21.0) - https:\/\/yoast.com\/wordpress\/plugins\/seo\/ -->\n<title>The Installation of Photovoltaic Panels at the Francis of Assisi Park will reduce energy costs -<\/title>\n<meta name=\"description\" content=\"Sustainability, the reduction of pollution and of carbon rates in the atmosphere, combined with the decrease in the cost of the electric bill: these are some benefits of solar energy. Through the installation of photovoltaic panels, this clean energy has been implemented in the\u00a0Francis of Assisi Park, in Lavras, Minas Gerais.\" \/>\n<meta name=\"robots\" content=\"index, follow, max-snippet:-1, max-image-preview:large, max-video-preview:-1\" \/>\n<link rel=\"canonical\" href=\"https:\/\/www.fraterinternacional.org\/en\/the-installation-of-photovoltaic-panels-at-the-francis-of-assisi-park-will-reduce-energy-costs\/\" \/>\n<meta property=\"og:locale\" content=\"en_US\" \/>\n<meta property=\"og:type\" content=\"article\" \/>\n<meta property=\"og:title\" content=\"The Installation of Photovoltaic Panels at the Francis of Assisi Park will reduce energy costs\" \/>\n<meta property=\"og:description\" content=\"Sustainability, the reduction of pollution and of carbon rates in the atmosphere, combined with the decrease in the cost of the electric bill: these are some benefits of solar energy. Through the installation of photovoltaic panels, this clean energy has been implemented in the\u00a0Francis of Assisi Park, in Lavras, Minas Gerais.\" \/>\n<meta property=\"og:url\" content=\"https:\/\/www.fraterinternacional.org\/en\/the-installation-of-photovoltaic-panels-at-the-francis-of-assisi-park-will-reduce-energy-costs\/\" \/>\n<meta property=\"og:site_name\" content=\"Fraternidade - Federa\u00e7\u00e3o Humanit\u00e1ria Internacional\" \/>\n<meta property=\"article:publisher\" content=\"https:\/\/www.facebook.com\/fraternidadehumanitaria\" \/>\n<meta property=\"article:published_time\" content=\"2021-11-12T22:16:46+00:00\" \/>\n<meta property=\"og:image\" content=\"https:\/\/www.fraterinternacional.org\/wp-content\/uploads\/2021\/11\/parque-francisco-assis03.jpeg\" \/>\n\t<meta property=\"og:image:width\" content=\"1000\" \/>\n\t<meta property=\"og:image:height\" content=\"563\" \/>\n\t<meta property=\"og:image:type\" content=\"image\/jpeg\" \/>\n<meta name=\"author\" content=\"maducato_admin\" \/>\n<meta name=\"twitter:card\" content=\"summary_large_image\" \/>\n<meta name=\"twitter:creator\" content=\"@fraternidadeFHI\" \/>\n<meta name=\"twitter:site\" content=\"@fraternidadeFHI\" \/>\n<meta name=\"twitter:label1\" content=\"Written by\" \/>\n\t<meta name=\"twitter:data1\" content=\"maducato_admin\" \/>\n\t<meta name=\"twitter:label2\" content=\"Est. reading time\" \/>\n\t<meta name=\"twitter:data2\" content=\"3 minutes\" \/>\n<script type=\"application\/ld+json\" class=\"yoast-schema-graph\">{\"@context\":\"https:\/\/schema.org\",\"@graph\":[{\"@type\":\"WebPage\",\"@id\":\"https:\/\/www.fraterinternacional.org\/en\/the-installation-of-photovoltaic-panels-at-the-francis-of-assisi-park-will-reduce-energy-costs\/\",\"url\":\"https:\/\/www.fraterinternacional.org\/en\/the-installation-of-photovoltaic-panels-at-the-francis-of-assisi-park-will-reduce-energy-costs\/\",\"name\":\"The Installation of Photovoltaic Panels at the Francis of Assisi Park will reduce energy costs -\",\"isPartOf\":{\"@id\":\"https:\/\/www.fraterinternacional.org\/es\/#website\"},\"datePublished\":\"2021-11-12T22:16:46+00:00\",\"dateModified\":\"2021-11-12T22:16:46+00:00\",\"author\":{\"@id\":\"https:\/\/www.fraterinternacional.org\/es\/#\/schema\/person\/19cb7a5541fd019768c7fe255d72701e\"},\"description\":\"Sustainability, the reduction of pollution and of carbon rates in the atmosphere, combined with the decrease in the cost of the electric bill: these are some benefits of solar energy. Through the installation of photovoltaic panels, this clean energy has been implemented in the\u00a0Francis of Assisi Park, in Lavras, Minas Gerais.\",\"breadcrumb\":{\"@id\":\"https:\/\/www.fraterinternacional.org\/en\/the-installation-of-photovoltaic-panels-at-the-francis-of-assisi-park-will-reduce-energy-costs\/#breadcrumb\"},\"inLanguage\":\"en-US\",\"potentialAction\":[{\"@type\":\"ReadAction\",\"target\":[\"https:\/\/www.fraterinternacional.org\/en\/the-installation-of-photovoltaic-panels-at-the-francis-of-assisi-park-will-reduce-energy-costs\/\"]}]},{\"@type\":\"BreadcrumbList\",\"@id\":\"https:\/\/www.fraterinternacional.org\/en\/the-installation-of-photovoltaic-panels-at-the-francis-of-assisi-park-will-reduce-energy-costs\/#breadcrumb\",\"itemListElement\":[{\"@type\":\"ListItem\",\"position\":1,\"name\":\"In\u00edcio\",\"item\":\"https:\/\/www.fraterinternacional.org\/en\/\"},{\"@type\":\"ListItem\",\"position\":2,\"name\":\"The Installation of Photovoltaic Panels at the Francis of Assisi Park will reduce energy costs\"}]},{\"@type\":\"WebSite\",\"@id\":\"https:\/\/www.fraterinternacional.org\/es\/#website\",\"url\":\"https:\/\/www.fraterinternacional.org\/es\/\",\"name\":\"Fraternidade - Federa\u00e7\u00e3o Humanit\u00e1ria Internacional\",\"description\":\"Fraternidade - Federa\u00e7\u00e3o Humanit\u00e1ria Internacional\",\"potentialAction\":[{\"@type\":\"SearchAction\",\"target\":{\"@type\":\"EntryPoint\",\"urlTemplate\":\"https:\/\/www.fraterinternacional.org\/es\/?s={search_term_string}\"},\"query-input\":\"required name=search_term_string\"}],\"inLanguage\":\"en-US\"},{\"@type\":\"Person\",\"@id\":\"https:\/\/www.fraterinternacional.org\/es\/#\/schema\/person\/19cb7a5541fd019768c7fe255d72701e\",\"name\":\"maducato_admin\"}]}<\/script>\n<!-- \/ Yoast SEO Premium plugin. -->","yoast_head_json":{"title":"The Installation of Photovoltaic Panels at the Francis of Assisi Park will reduce energy costs -","description":"Sustainability, the reduction of pollution and of carbon rates in the atmosphere, combined with the decrease in the cost of the electric bill: these are some benefits of solar energy. Through the installation of photovoltaic panels, this clean energy has been implemented in the\u00a0Francis of Assisi Park, in Lavras, Minas Gerais.","robots":{"index":"index","follow":"follow","max-snippet":"max-snippet:-1","max-image-preview":"max-image-preview:large","max-video-preview":"max-video-preview:-1"},"canonical":"https:\/\/www.fraterinternacional.org\/en\/the-installation-of-photovoltaic-panels-at-the-francis-of-assisi-park-will-reduce-energy-costs\/","og_locale":"en_US","og_type":"article","og_title":"The Installation of Photovoltaic Panels at the Francis of Assisi Park will reduce energy costs","og_description":"Sustainability, the reduction of pollution and of carbon rates in the atmosphere, combined with the decrease in the cost of the electric bill: these are some benefits of solar energy. Through the installation of photovoltaic panels, this clean energy has been implemented in the\u00a0Francis of Assisi Park, in Lavras, Minas Gerais.","og_url":"https:\/\/www.fraterinternacional.org\/en\/the-installation-of-photovoltaic-panels-at-the-francis-of-assisi-park-will-reduce-energy-costs\/","og_site_name":"Fraternidade - Federa\u00e7\u00e3o Humanit\u00e1ria Internacional","article_publisher":"https:\/\/www.facebook.com\/fraternidadehumanitaria","article_published_time":"2021-11-12T22:16:46+00:00","og_image":[{"width":1000,"height":563,"url":"https:\/\/www.fraterinternacional.org\/wp-content\/uploads\/2021\/11\/parque-francisco-assis03.jpeg","type":"image\/jpeg"}],"author":"maducato_admin","twitter_card":"summary_large_image","twitter_creator":"@fraternidadeFHI","twitter_site":"@fraternidadeFHI","twitter_misc":{"Written by":"maducato_admin","Est. reading time":"3 minutes"},"schema":{"@context":"https:\/\/schema.org","@graph":[{"@type":"WebPage","@id":"https:\/\/www.fraterinternacional.org\/en\/the-installation-of-photovoltaic-panels-at-the-francis-of-assisi-park-will-reduce-energy-costs\/","url":"https:\/\/www.fraterinternacional.org\/en\/the-installation-of-photovoltaic-panels-at-the-francis-of-assisi-park-will-reduce-energy-costs\/","name":"The Installation of Photovoltaic Panels at the Francis of Assisi Park will reduce energy costs -","isPartOf":{"@id":"https:\/\/www.fraterinternacional.org\/es\/#website"},"datePublished":"2021-11-12T22:16:46+00:00","dateModified":"2021-11-12T22:16:46+00:00","author":{"@id":"https:\/\/www.fraterinternacional.org\/es\/#\/schema\/person\/19cb7a5541fd019768c7fe255d72701e"},"description":"Sustainability, the reduction of pollution and of carbon rates in the atmosphere, combined with the decrease in the cost of the electric bill: these are some benefits of solar energy. Through the installation of photovoltaic panels, this clean energy has been implemented in the\u00a0Francis of Assisi Park, in Lavras, Minas Gerais.","breadcrumb":{"@id":"https:\/\/www.fraterinternacional.org\/en\/the-installation-of-photovoltaic-panels-at-the-francis-of-assisi-park-will-reduce-energy-costs\/#breadcrumb"},"inLanguage":"en-US","potentialAction":[{"@type":"ReadAction","target":["https:\/\/www.fraterinternacional.org\/en\/the-installation-of-photovoltaic-panels-at-the-francis-of-assisi-park-will-reduce-energy-costs\/"]}]},{"@type":"BreadcrumbList","@id":"https:\/\/www.fraterinternacional.org\/en\/the-installation-of-photovoltaic-panels-at-the-francis-of-assisi-park-will-reduce-energy-costs\/#breadcrumb","itemListElement":[{"@type":"ListItem","position":1,"name":"In\u00edcio","item":"https:\/\/www.fraterinternacional.org\/en\/"},{"@type":"ListItem","position":2,"name":"The Installation of Photovoltaic Panels at the Francis of Assisi Park will reduce energy costs"}]},{"@type":"WebSite","@id":"https:\/\/www.fraterinternacional.org\/es\/#website","url":"https:\/\/www.fraterinternacional.org\/es\/","name":"Fraternidade - Federa\u00e7\u00e3o Humanit\u00e1ria Internacional","description":"Fraternidade - Federa\u00e7\u00e3o Humanit\u00e1ria Internacional","potentialAction":[{"@type":"SearchAction","target":{"@type":"EntryPoint","urlTemplate":"https:\/\/www.fraterinternacional.org\/es\/?s={search_term_string}"},"query-input":"required name=search_term_string"}],"inLanguage":"en-US"},{"@type":"Person","@id":"https:\/\/www.fraterinternacional.org\/es\/#\/schema\/person\/19cb7a5541fd019768c7fe255d72701e","name":"maducato_admin"}]}},"_links":{"self":[{"href":"https:\/\/www.fraterinternacional.org\/en\/wp-json\/wp\/v2\/posts\/124196"}],"collection":[{"href":"https:\/\/www.fraterinternacional.org\/en\/wp-json\/wp\/v2\/posts"}],"about":[{"href":"https:\/\/www.fraterinternacional.org\/en\/wp-json\/wp\/v2\/types\/post"}],"author":[{"embeddable":true,"href":"https:\/\/www.fraterinternacional.org\/en\/wp-json\/wp\/v2\/users\/4"}],"replies":[{"embeddable":true,"href":"https:\/\/www.fraterinternacional.org\/en\/wp-json\/wp\/v2\/comments?post=124196"}],"version-history":[{"count":0,"href":"https:\/\/www.fraterinternacional.org\/en\/wp-json\/wp\/v2\/posts\/124196\/revisions"}],"wp:featuredmedia":[{"embeddable":true,"href":"https:\/\/www.fraterinternacional.org\/en\/wp-json\/wp\/v2\/media\/124193"}],"wp:attachment":[{"href":"https:\/\/www.fraterinternacional.org\/en\/wp-json\/wp\/v2\/media?parent=124196"}],"wp:term":[{"taxonomy":"category","embeddable":true,"href":"https:\/\/www.fraterinternacional.org\/en\/wp-json\/wp\/v2\/categories?post=124196"},{"taxonomy":"post_tag","embeddable":true,"href":"https:\/\/www.fraterinternacional.org\/en\/wp-json\/wp\/v2\/tags?post=124196"}],"curies":[{"name":"wp","href":"https:\/\/api.w.org\/{rel}","templated":true}]}}