{"id":123110,"date":"2021-06-23T11:04:20","date_gmt":"2021-06-23T14:04:20","guid":{"rendered":"https:\/\/www.fraterinternacional.org\/?p=123110"},"modified":"2021-07-21T11:42:17","modified_gmt":"2021-07-21T14:42:17","slug":"sacred-kingdoms-light-nucleus-distributes-the-first-soybean-harvest","status":"publish","type":"post","link":"https:\/\/www.fraterinternacional.org\/en\/sacred-kingdoms-light-nucleus-distributes-the-first-soybean-harvest\/","title":{"rendered":"Sacred Kingdoms Light-Nucleus distributes the first soybean harvest"},"content":{"rendered":"\r\n<h4 class=\"wp-block-heading\" id=\"h-a-fraterna-distribui-o-foi-destinada-c-ritas-df-n-cleos-luz-e-comunidades-luz-e-tamb-m-ir-beneficiar-ind-genas-refugiados-em-bras-lia-e-roraima\"><strong>The fraternal distribution was destined for Caritas &#8211; DF, Light-Nuclei and Light-Communities, and will also benefit the indigenous refugees in Brasilia and Roraima.<\/strong><\/h4>\r\n\r\n\r\n\r\n<div class=\"wp-block-image\">\r\n<figure class=\"aligncenter size-large\"><a href=\"https:\/\/www.fraterinternacional.org\/wp-content\/uploads\/2021\/06\/NL-sagrados-reinos-04.jpeg\"><img decoding=\"async\" width=\"800\" height=\"360\" class=\"wp-image-122894\" src=\"https:\/\/www.fraterinternacional.org\/wp-content\/uploads\/2021\/06\/NL-sagrados-reinos-04.jpeg\" alt=\"N\u00facleo-Luz Sagrados Reinos\" srcset=\"https:\/\/www.fraterinternacional.org\/wp-content\/uploads\/2021\/06\/NL-sagrados-reinos-04-200x90.jpeg 200w, https:\/\/www.fraterinternacional.org\/wp-content\/uploads\/2021\/06\/NL-sagrados-reinos-04-300x135.jpeg 300w, https:\/\/www.fraterinternacional.org\/wp-content\/uploads\/2021\/06\/NL-sagrados-reinos-04-400x180.jpeg 400w, https:\/\/www.fraterinternacional.org\/wp-content\/uploads\/2021\/06\/NL-sagrados-reinos-04-600x270.jpeg 600w, https:\/\/www.fraterinternacional.org\/wp-content\/uploads\/2021\/06\/NL-sagrados-reinos-04.jpeg 800w\" sizes=\"(max-width: 800px) 100vw, 800px\" \/><\/a><\/figure>\r\n<\/div>\r\n\r\n\r\n\r\n<p style=\"font-weight: 400;\">The plantations of\u00a0<a href=\"https:\/\/www.fraterinternacional.org\/nucleo-luz-sagrados-reinos-distribui-primeira-colheita-de-soja\/\">Sacred Kingdoms Light-Nucleus of Figueira in Brasilia (NLSR),<\/a> affiliated with\u00a0<a href=\"https:\/\/www.fraterinternacional.org\/\">Fraternity &#8211; International Humanitarian Federation (FIHF),<\/a> although tentatively started in 2020, grew gradually over the months, until in March of 2021, following the first experiment in virgin soil, there was an unexpected abundance of grains.<\/p>\r\n<p style=\"font-weight: 400;\">For the General Manager, Giovane Alves, the challenges to launch an organic grain and production area are enormous. This requires machinery, instruments, tools, supplies, pesticides, labor, technical knowledge and financial resources. The first food harvest in\u00a0<a href=\"https:\/\/www.fraterinternacional.org\/filiadas\/nucleo-luz-brasilia\/\">NLSR<\/a>\u00a0was only possible thanks to the collaboration and experience of the brothers and sisters from the\u00a0Planting Sector of\u00a0Figueira\u00a0<a href=\"http:\/\/www.comunidadefigueira.org.br\/\">Light-community.<\/a><\/p>\r\n<p style=\"font-weight: 400;\">According to Mother Isabel, coordinator of the Nucleus: &#8220;the permanent contact with the Kingdoms of Nature makes us realize how the Kingdoms are united by a greater universal power. What makes a vegetable gives itself\u00a0completely to nourish the\u00a0human\u00a0being? That greater power is Love.\u00a0 A love still unknown to humanity, but in nature, that love is something simple, inherent to matter. It is the driving force that generates life. By deepening the relationship with those energies that take care of creation, we discover that when we place a seed in the soil, we are not only sowing on the physical plane, but are also interacting with a vast universe in creation.&#8221;<\/p>\r\n\r\n\r\n\r\n<div class=\"wp-block-image\">\r\n<figure class=\"aligncenter size-large\"><a href=\"https:\/\/www.fraterinternacional.org\/wp-content\/uploads\/2021\/06\/NL-sagrados-reinos-01.jpeg\"><img decoding=\"async\" width=\"800\" height=\"600\" class=\"wp-image-122888\" src=\"https:\/\/www.fraterinternacional.org\/wp-content\/uploads\/2021\/06\/NL-sagrados-reinos-01.jpeg\" alt=\"N\u00facleo-Luz Sagrados Reinos\" srcset=\"https:\/\/www.fraterinternacional.org\/wp-content\/uploads\/2021\/06\/NL-sagrados-reinos-01-200x150.jpeg 200w, https:\/\/www.fraterinternacional.org\/wp-content\/uploads\/2021\/06\/NL-sagrados-reinos-01-300x225.jpeg 300w, https:\/\/www.fraterinternacional.org\/wp-content\/uploads\/2021\/06\/NL-sagrados-reinos-01-400x300.jpeg 400w, https:\/\/www.fraterinternacional.org\/wp-content\/uploads\/2021\/06\/NL-sagrados-reinos-01-600x450.jpeg 600w, https:\/\/www.fraterinternacional.org\/wp-content\/uploads\/2021\/06\/NL-sagrados-reinos-01.jpeg 800w\" sizes=\"(max-width: 800px) 100vw, 800px\" \/><\/a><\/figure>\r\n<\/div>\r\n\r\n\r\n\r\n<p style=\"font-weight: 400;\">Without looking too hard, we find the reason for such abundance around\u00a0us.\u00a0 Divine providence has come to meet the current political-social landscape of neighboring Venezuela, whose chaotic situation is motivating a strong migration of its population to the neighboring countries.<\/p>\r\n<p style=\"font-weight: 400;\">Thousands of Venezuelans in need of shelter, food and human dignity traveling on foot to the State of Roraima, are being received in a unique way by Operation Welcome, which forms part of\u00a0Humanitarian\u00a0<a href=\"https:\/\/www.fraterinternacional.org\/\">Fraternity (FIHF)<\/a>.<\/p>\r\n\r\n\r\n\r\n<p style=\"font-weight: 400;\">The focus, however, is not restricted to the north of Brazil, as the Venezuelan refugees, both indigenous and non-indigenous, are making their way to various states in the country.<\/p>\r\n<p style=\"font-weight: 400;\">In Brasilia, a group of 97 indigenous people (45 children and adolescents, and 52 adults) camped in the proximity of the Interstate bus station, beside an important commercial complex. That situation caused a stir among the\u00a0local\u00a0authorities, and a solution was found with the support of the\u00a0UN Refugee\u00a0Agency\u00a0<a href=\"https:\/\/www.unhcr.org\/en-us\/\">(UNHCR)<\/a>\u00a0and\u00a0<a href=\"https:\/\/caritas.org.br\/\">Caritas Archdiocesan of Brasilia.<\/a><\/p>\r\n\r\n\r\n\r\n<p style=\"font-weight: 400;\">The church was charged with the responsibility of building a Halfway House to receive and accompany indigenous and non-indigenous refugees for six months. It was inaugurated on January 19 of this year. It is a social welfare center, where various activities are offered for the homeless people. The coordination of the Halfway House includes\u00a0education, health and sports professionals, as well as a psychologist.<\/p>\r\n<p style=\"font-weight: 400;\">Those staying in the House are from two distinct groups of refugees, indigenous families of the Warao tribe and families of Venezuelan civilians. The two groups occupy different spaces, although they share common areas, in particular the community room for events, the men&#8217;s and women&#8217;s restroom wings, the soccer field and the recreation spaces.<\/p>\r\n\r\n\r\n\r\n<p style=\"font-weight: 400;\">Concerning the initial difficulties of the movement, the coordinator of Caritas DF, Gilberto Fortes de Oliveira, responsible for leading the project, emphasized that it &#8220;was through the relationship of trust established throughout the process, that we managed to organize the coexistence between the indigenous families and the non-indigenous Venezuelans, and the acceptance of all to the established rules of the institution.&#8221;<\/p>\r\n<p style=\"font-weight: 400;\">The\u00a0<a href=\"https:\/\/www.fraterinternacional.org\/?s=N%C3%BAcleo-Luz+de+Figueira+em+Bras%C3%ADlia+Sagrados+Reinos&amp;lang=pt-br\">NLSR<\/a> provided\u00a0585 kg of soybeans for those being assisted in the Halfway House of Caritas DF.\u00a0Using an enclosed truck, the personal coordinator\u00a0drove himself to the\u00a0Light-Nucleus to collect the donation. They were kind and grateful for the offer.\u00a0A small group representing the Madre del Sol Monastery and the Midwest\u00a0Light\u00a0<a href=\"https:\/\/www.fraterinternacional.org\/?s=Rede-Luz+Centro-Oeste&amp;lang=pt-br\">Network<\/a> accompanied him to learn about the institution and the work undertaken there.\u00a0&#8220;We were provided with a special lunch. During the Soybeans delivering trip, we did not have contact with the indigenous people, nor did we get to know the area where they live, as lunchtime is highly respected by the coordination of the House.\u00a0The\u00a0Warao\u00a0people do not welcome interruptions while preparing and carrying out their meals. It is one of the established rules of coexistence.&#8221;<\/p>\r\n\r\n\r\n\r\n<figure class=\"wp-block-gallery columns-2 is-cropped wp-block-gallery-1 is-layout-flex wp-block-gallery-is-layout-flex\">\r\n<ul class=\"blocks-gallery-grid\">\r\n \t<li class=\"blocks-gallery-item\">\r\n<figure><a href=\"https:\/\/www.fraterinternacional.org\/wp-content\/uploads\/2021\/06\/NL-sagrados-reinos-02.jpeg\"><img decoding=\"async\" width=\"800\" height=\"450\" class=\"wp-image-122891\" src=\"https:\/\/www.fraterinternacional.org\/wp-content\/uploads\/2021\/06\/NL-sagrados-reinos-02.jpeg\" alt=\"N\u00facleo-Luz Sagrados Reinos\" data-id=\"122891\" data-full-url=\"https:\/\/www.fraterinternacional.org\/wp-content\/uploads\/2021\/06\/NL-sagrados-reinos-02.jpeg\" data-link=\"https:\/\/www.fraterinternacional.org\/?attachment_id=122891\" srcset=\"https:\/\/www.fraterinternacional.org\/wp-content\/uploads\/2021\/06\/NL-sagrados-reinos-02-200x113.jpeg 200w, https:\/\/www.fraterinternacional.org\/wp-content\/uploads\/2021\/06\/NL-sagrados-reinos-02-300x169.jpeg 300w, https:\/\/www.fraterinternacional.org\/wp-content\/uploads\/2021\/06\/NL-sagrados-reinos-02-400x225.jpeg 400w, https:\/\/www.fraterinternacional.org\/wp-content\/uploads\/2021\/06\/NL-sagrados-reinos-02-600x338.jpeg 600w, https:\/\/www.fraterinternacional.org\/wp-content\/uploads\/2021\/06\/NL-sagrados-reinos-02.jpeg 800w\" sizes=\"(max-width: 800px) 100vw, 800px\" \/><\/a><\/figure>\r\n<\/li>\r\n \t<li class=\"blocks-gallery-item\">\r\n<figure><a href=\"https:\/\/www.fraterinternacional.org\/wp-content\/uploads\/2021\/06\/NL-sagrados-reinos-03.jpeg\"><img decoding=\"async\" width=\"800\" height=\"450\" class=\"wp-image-122897\" src=\"https:\/\/www.fraterinternacional.org\/wp-content\/uploads\/2021\/06\/NL-sagrados-reinos-03.jpeg\" alt=\"N\u00facleo-Luz Sagrados Reinos\" data-id=\"122897\" data-full-url=\"https:\/\/www.fraterinternacional.org\/wp-content\/uploads\/2021\/06\/NL-sagrados-reinos-03.jpeg\" data-link=\"https:\/\/www.fraterinternacional.org\/?attachment_id=122897\" srcset=\"https:\/\/www.fraterinternacional.org\/wp-content\/uploads\/2021\/06\/NL-sagrados-reinos-03-200x113.jpeg 200w, https:\/\/www.fraterinternacional.org\/wp-content\/uploads\/2021\/06\/NL-sagrados-reinos-03-300x169.jpeg 300w, https:\/\/www.fraterinternacional.org\/wp-content\/uploads\/2021\/06\/NL-sagrados-reinos-03-400x225.jpeg 400w, https:\/\/www.fraterinternacional.org\/wp-content\/uploads\/2021\/06\/NL-sagrados-reinos-03-600x338.jpeg 600w, https:\/\/www.fraterinternacional.org\/wp-content\/uploads\/2021\/06\/NL-sagrados-reinos-03.jpeg 800w\" sizes=\"(max-width: 800px) 100vw, 800px\" \/><\/a><\/figure>\r\n<\/li>\r\n<\/ul>\r\n<\/figure>\r\n\r\n\r\n\r\n<p style=\"font-weight: 400;\">Before the donation was given to Caritas DF, the Figueira Light-Community was consulted on the need for this grain in all the Light-Communities and Light-Nuclei. Once the donation was approved and the issue of transportation resolved, 3,200 kg were made available and the cargo was loaded on the enclosed truck, that took in addition to the soybeans, 600 kg of seeds, to be stored in the cold room of the Figuera Planting Sector until the next NLSR planting.<\/p>\r\n<p style=\"font-weight: 400;\">The\u00a0<a href=\"https:\/\/www.fraternidadaurora.org\/pt-br\/\">Fraternity of Aurora Light-Community (Uruguay),<\/a>\u00a0the\u00a0<a href=\"https:\/\/www.fraterinternacional.org\/filiadas\/comunidade-luz-da-irmandade\/\">Brotherhood Light-Community (Argentina),<\/a>\u00a0and the\u00a0New Earth\u00a0<a href=\"https:\/\/comunidadenovaterra.org\/\">Light-Community (Teres\u00f3polis &#8211; RJ),<\/a>\u00a0together with the\u00a0<a href=\"https:\/\/www.fraterinternacional.org\/filiadas\/nucleo-luz-belo-horizonte\/\">Belo Horizonte Light-Nucleus<\/a>, and the\u00a0<a href=\"https:\/\/www.fraterinternacional.org\/filiadas\/nucleo-luz-sao-carlos\/\">S\u00e3o Carlos<\/a>\u00a0and\u00a0<a href=\"https:\/\/www.fraterinternacional.org\/filiadas\/nucleo-luz-sao-paulo\/\">S\u00e3o Paulo<\/a>\u00a0will be covered by the Figueira Light-Community in the redistribution of the grains. The\u00a0<a href=\"https:\/\/www.fraterinternacional.org\/filiadas\/nucleo-luz-roraima\/\">Flower of the Sacred Tepu\u00ed Light-Nucleus,<\/a>in Roraima, will be taken care of by Humanitarian\u00a0<a href=\"https:\/\/www.fraterinternacional.org\/\">Fraternity (FIHF),<\/a>\u00a0as it is planned to send some shades of soybeans for\u00a0<a href=\"https:\/\/www.gov.br\/acolhida\/en\/\">Operation Welcome,<\/a>\u00a0once the transportation offered by the Brazilian Army has been confirmed.<\/p>\r\n","protected":false},"excerpt":{"rendered":"<p>The fraternal distribution was destined for Caritas &#8211; DF, Light-Nuclei and Light-Communities, and will also benefit the indigenous refugees in [&hellip;]<\/p>\n","protected":false},"author":4,"featured_media":122889,"comment_status":"closed","ping_status":"closed","sticky":false,"template":"","format":"standard","meta":{"footnotes":""},"categories":[150],"tags":[],"class_list":["post-123110","post","type-post","status-publish","format-standard","has-post-thumbnail","hentry","category-news"],"yoast_head":"<!-- This site is optimized with the Yoast SEO Premium plugin v21.0 (Yoast SEO v21.0) - https:\/\/yoast.com\/wordpress\/plugins\/seo\/ -->\n<title>Sacred Kingdoms Light-Nucleus distributes the first soybean harvest -<\/title>\n<meta name=\"description\" content=\"The fraternal distribution was destined for Caritas - DF, Light-Nuclei and Light-Communities, and will also benefit the indigenous refugees in Brasilia and Roraima.\" \/>\n<meta name=\"robots\" content=\"index, follow, max-snippet:-1, max-image-preview:large, max-video-preview:-1\" \/>\n<link rel=\"canonical\" href=\"https:\/\/www.fraterinternacional.org\/en\/sacred-kingdoms-light-nucleus-distributes-the-first-soybean-harvest\/\" \/>\n<meta property=\"og:locale\" content=\"en_US\" \/>\n<meta property=\"og:type\" content=\"article\" \/>\n<meta property=\"og:title\" content=\"Sacred Kingdoms Light-Nucleus distributes the first soybean harvest\" \/>\n<meta property=\"og:description\" content=\"The fraternal distribution was destined for Caritas - DF, Light-Nuclei and Light-Communities, and will also benefit the indigenous refugees in Brasilia and Roraima.\" \/>\n<meta property=\"og:url\" content=\"https:\/\/www.fraterinternacional.org\/en\/sacred-kingdoms-light-nucleus-distributes-the-first-soybean-harvest\/\" \/>\n<meta property=\"og:site_name\" content=\"Fraternidade - Federa\u00e7\u00e3o Humanit\u00e1ria Internacional\" \/>\n<meta property=\"article:publisher\" content=\"https:\/\/www.facebook.com\/fraternidadehumanitaria\" \/>\n<meta property=\"article:published_time\" content=\"2021-06-23T14:04:20+00:00\" \/>\n<meta property=\"article:modified_time\" content=\"2021-07-21T14:42:17+00:00\" \/>\n<meta property=\"og:image\" content=\"https:\/\/www.fraterinternacional.org\/wp-content\/uploads\/2021\/06\/NL-sagrados-reinos-01.jpeg\" \/>\n\t<meta property=\"og:image:width\" content=\"800\" \/>\n\t<meta property=\"og:image:height\" content=\"600\" \/>\n\t<meta property=\"og:image:type\" content=\"image\/jpeg\" \/>\n<meta name=\"author\" content=\"maducato_admin\" \/>\n<meta name=\"twitter:card\" content=\"summary_large_image\" \/>\n<meta name=\"twitter:creator\" content=\"@fraternidadeFHI\" \/>\n<meta name=\"twitter:site\" content=\"@fraternidadeFHI\" \/>\n<meta name=\"twitter:label1\" content=\"Written by\" \/>\n\t<meta name=\"twitter:data1\" content=\"maducato_admin\" \/>\n\t<meta name=\"twitter:label2\" content=\"Est. reading time\" \/>\n\t<meta name=\"twitter:data2\" content=\"5 minutes\" \/>\n<script type=\"application\/ld+json\" class=\"yoast-schema-graph\">{\"@context\":\"https:\/\/schema.org\",\"@graph\":[{\"@type\":\"WebPage\",\"@id\":\"https:\/\/www.fraterinternacional.org\/en\/sacred-kingdoms-light-nucleus-distributes-the-first-soybean-harvest\/\",\"url\":\"https:\/\/www.fraterinternacional.org\/en\/sacred-kingdoms-light-nucleus-distributes-the-first-soybean-harvest\/\",\"name\":\"Sacred Kingdoms Light-Nucleus distributes the first soybean harvest -\",\"isPartOf\":{\"@id\":\"https:\/\/www.fraterinternacional.org\/es\/#website\"},\"datePublished\":\"2021-06-23T14:04:20+00:00\",\"dateModified\":\"2021-07-21T14:42:17+00:00\",\"author\":{\"@id\":\"https:\/\/www.fraterinternacional.org\/es\/#\/schema\/person\/19cb7a5541fd019768c7fe255d72701e\"},\"description\":\"The fraternal distribution was destined for Caritas - DF, Light-Nuclei and Light-Communities, and will also benefit the indigenous refugees in Brasilia and Roraima.\",\"breadcrumb\":{\"@id\":\"https:\/\/www.fraterinternacional.org\/en\/sacred-kingdoms-light-nucleus-distributes-the-first-soybean-harvest\/#breadcrumb\"},\"inLanguage\":\"en-US\",\"potentialAction\":[{\"@type\":\"ReadAction\",\"target\":[\"https:\/\/www.fraterinternacional.org\/en\/sacred-kingdoms-light-nucleus-distributes-the-first-soybean-harvest\/\"]}]},{\"@type\":\"BreadcrumbList\",\"@id\":\"https:\/\/www.fraterinternacional.org\/en\/sacred-kingdoms-light-nucleus-distributes-the-first-soybean-harvest\/#breadcrumb\",\"itemListElement\":[{\"@type\":\"ListItem\",\"position\":1,\"name\":\"In\u00edcio\",\"item\":\"https:\/\/www.fraterinternacional.org\/en\/\"},{\"@type\":\"ListItem\",\"position\":2,\"name\":\"Sacred Kingdoms Light-Nucleus distributes the first soybean harvest\"}]},{\"@type\":\"WebSite\",\"@id\":\"https:\/\/www.fraterinternacional.org\/es\/#website\",\"url\":\"https:\/\/www.fraterinternacional.org\/es\/\",\"name\":\"Fraternidade - Federa\u00e7\u00e3o Humanit\u00e1ria Internacional\",\"description\":\"Fraternidade - Federa\u00e7\u00e3o Humanit\u00e1ria Internacional\",\"potentialAction\":[{\"@type\":\"SearchAction\",\"target\":{\"@type\":\"EntryPoint\",\"urlTemplate\":\"https:\/\/www.fraterinternacional.org\/es\/?s={search_term_string}\"},\"query-input\":\"required name=search_term_string\"}],\"inLanguage\":\"en-US\"},{\"@type\":\"Person\",\"@id\":\"https:\/\/www.fraterinternacional.org\/es\/#\/schema\/person\/19cb7a5541fd019768c7fe255d72701e\",\"name\":\"maducato_admin\"}]}<\/script>\n<!-- \/ Yoast SEO Premium plugin. -->","yoast_head_json":{"title":"Sacred Kingdoms Light-Nucleus distributes the first soybean harvest -","description":"The fraternal distribution was destined for Caritas - DF, Light-Nuclei and Light-Communities, and will also benefit the indigenous refugees in Brasilia and Roraima.","robots":{"index":"index","follow":"follow","max-snippet":"max-snippet:-1","max-image-preview":"max-image-preview:large","max-video-preview":"max-video-preview:-1"},"canonical":"https:\/\/www.fraterinternacional.org\/en\/sacred-kingdoms-light-nucleus-distributes-the-first-soybean-harvest\/","og_locale":"en_US","og_type":"article","og_title":"Sacred Kingdoms Light-Nucleus distributes the first soybean harvest","og_description":"The fraternal distribution was destined for Caritas - DF, Light-Nuclei and Light-Communities, and will also benefit the indigenous refugees in Brasilia and Roraima.","og_url":"https:\/\/www.fraterinternacional.org\/en\/sacred-kingdoms-light-nucleus-distributes-the-first-soybean-harvest\/","og_site_name":"Fraternidade - Federa\u00e7\u00e3o Humanit\u00e1ria Internacional","article_publisher":"https:\/\/www.facebook.com\/fraternidadehumanitaria","article_published_time":"2021-06-23T14:04:20+00:00","article_modified_time":"2021-07-21T14:42:17+00:00","og_image":[{"width":800,"height":600,"url":"https:\/\/www.fraterinternacional.org\/wp-content\/uploads\/2021\/06\/NL-sagrados-reinos-01.jpeg","type":"image\/jpeg"}],"author":"maducato_admin","twitter_card":"summary_large_image","twitter_creator":"@fraternidadeFHI","twitter_site":"@fraternidadeFHI","twitter_misc":{"Written by":"maducato_admin","Est. reading time":"5 minutes"},"schema":{"@context":"https:\/\/schema.org","@graph":[{"@type":"WebPage","@id":"https:\/\/www.fraterinternacional.org\/en\/sacred-kingdoms-light-nucleus-distributes-the-first-soybean-harvest\/","url":"https:\/\/www.fraterinternacional.org\/en\/sacred-kingdoms-light-nucleus-distributes-the-first-soybean-harvest\/","name":"Sacred Kingdoms Light-Nucleus distributes the first soybean harvest -","isPartOf":{"@id":"https:\/\/www.fraterinternacional.org\/es\/#website"},"datePublished":"2021-06-23T14:04:20+00:00","dateModified":"2021-07-21T14:42:17+00:00","author":{"@id":"https:\/\/www.fraterinternacional.org\/es\/#\/schema\/person\/19cb7a5541fd019768c7fe255d72701e"},"description":"The fraternal distribution was destined for Caritas - DF, Light-Nuclei and Light-Communities, and will also benefit the indigenous refugees in Brasilia and Roraima.","breadcrumb":{"@id":"https:\/\/www.fraterinternacional.org\/en\/sacred-kingdoms-light-nucleus-distributes-the-first-soybean-harvest\/#breadcrumb"},"inLanguage":"en-US","potentialAction":[{"@type":"ReadAction","target":["https:\/\/www.fraterinternacional.org\/en\/sacred-kingdoms-light-nucleus-distributes-the-first-soybean-harvest\/"]}]},{"@type":"BreadcrumbList","@id":"https:\/\/www.fraterinternacional.org\/en\/sacred-kingdoms-light-nucleus-distributes-the-first-soybean-harvest\/#breadcrumb","itemListElement":[{"@type":"ListItem","position":1,"name":"In\u00edcio","item":"https:\/\/www.fraterinternacional.org\/en\/"},{"@type":"ListItem","position":2,"name":"Sacred Kingdoms Light-Nucleus distributes the first soybean harvest"}]},{"@type":"WebSite","@id":"https:\/\/www.fraterinternacional.org\/es\/#website","url":"https:\/\/www.fraterinternacional.org\/es\/","name":"Fraternidade - Federa\u00e7\u00e3o Humanit\u00e1ria Internacional","description":"Fraternidade - Federa\u00e7\u00e3o Humanit\u00e1ria Internacional","potentialAction":[{"@type":"SearchAction","target":{"@type":"EntryPoint","urlTemplate":"https:\/\/www.fraterinternacional.org\/es\/?s={search_term_string}"},"query-input":"required name=search_term_string"}],"inLanguage":"en-US"},{"@type":"Person","@id":"https:\/\/www.fraterinternacional.org\/es\/#\/schema\/person\/19cb7a5541fd019768c7fe255d72701e","name":"maducato_admin"}]}},"_links":{"self":[{"href":"https:\/\/www.fraterinternacional.org\/en\/wp-json\/wp\/v2\/posts\/123110"}],"collection":[{"href":"https:\/\/www.fraterinternacional.org\/en\/wp-json\/wp\/v2\/posts"}],"about":[{"href":"https:\/\/www.fraterinternacional.org\/en\/wp-json\/wp\/v2\/types\/post"}],"author":[{"embeddable":true,"href":"https:\/\/www.fraterinternacional.org\/en\/wp-json\/wp\/v2\/users\/4"}],"replies":[{"embeddable":true,"href":"https:\/\/www.fraterinternacional.org\/en\/wp-json\/wp\/v2\/comments?post=123110"}],"version-history":[{"count":0,"href":"https:\/\/www.fraterinternacional.org\/en\/wp-json\/wp\/v2\/posts\/123110\/revisions"}],"wp:featuredmedia":[{"embeddable":true,"href":"https:\/\/www.fraterinternacional.org\/en\/wp-json\/wp\/v2\/media\/122889"}],"wp:attachment":[{"href":"https:\/\/www.fraterinternacional.org\/en\/wp-json\/wp\/v2\/media?parent=123110"}],"wp:term":[{"taxonomy":"category","embeddable":true,"href":"https:\/\/www.fraterinternacional.org\/en\/wp-json\/wp\/v2\/categories?post=123110"},{"taxonomy":"post_tag","embeddable":true,"href":"https:\/\/www.fraterinternacional.org\/en\/wp-json\/wp\/v2\/tags?post=123110"}],"curies":[{"name":"wp","href":"https:\/\/api.w.org\/{rel}","templated":true}]}}