{"id":120956,"date":"2021-03-08T14:39:06","date_gmt":"2021-03-08T17:39:06","guid":{"rendered":"https:\/\/www.fraterinternacional.org\/?p=120956"},"modified":"2021-03-23T14:41:04","modified_gmt":"2021-03-23T17:41:04","slug":"international-womens-day","status":"publish","type":"post","link":"https:\/\/www.fraterinternacional.org\/en\/international-womens-day\/","title":{"rendered":"International Women\u2019s Day"},"content":{"rendered":"<p style=\"text-align: justify;\"><span lang=\"EN-US\">On this 8<sup>th<\/sup>\u00a0of March, the International Women\u2019s Day, the\u00a0<\/span><a href=\"https:\/\/www.fraterinternacional.org\/en\/\"><span lang=\"EN-US\">Fraternity \u2013 International Humanitarian Federation (FIHF)<\/span><\/a><span lang=\"EN-US\">\u00a0congratulates all women for their constant resilience, for their courage to express a more just, equal and inclusive world.<\/span><\/p>\n<p style=\"text-align: justify;\"><span lang=\"EN-US\">To celebrate this date, we present the video\u00a0<\/span><a href=\"https:\/\/www.fraterinternacional.org\/en\/life-values-%e2%80%8b%e2%80%8b-indigenous-women\/\"><span lang=\"EN-US\">\u201cLife Values: Indigenous Women\u201d<\/span><\/a><span lang=\"EN-US\">, which shows some interviews with indigenous women, immigrants and refugees, cared for in the four shelters under the management of the\u00a0<\/span><a href=\"https:\/\/www.fraterinternacional.org\/en\/\"><span lang=\"EN-US\">Humanitarian Fraternity (FIHF)<\/span><\/a><span lang=\"EN-US\">\u00a0in Roraima.<\/span><\/p>\n<p style=\"text-align: justify;\"><span lang=\"EN-US\">They are women of different generations and ethnicities: Warao, E\u2019\u00f1epa, Kari\u00f1a, and what they have in common is the pride of those who carry with them the ancestry of their people, their customs, their cultures, their roots.<\/span><\/p>\n<p style=\"text-align: justify;\"><span lang=\"EN-US\">\u201cTo be indigenous, to be a Warao is what I am most proud of\u201d, says the native Alejandrina, and she emphasizes the importance \u201cof demonstrating, to our brothers and sisters who are ashamed of being Warao,\u201d the strength that their culture has: \u201cwe have to show (\u2026) our customs, what we live; we have to pass it on from generation to generation (\u2026).\u201d<\/span><\/p>\n<div class=\"video-shortcode\"><iframe title=\"\u201cValores de Vida\u201d - Mulheres ind\u00edgenas\" width=\"1200\" height=\"675\" src=\"https:\/\/www.youtube.com\/embed\/zMbHaHkVFnY?feature=oembed\" frameborder=\"0\" allow=\"accelerometer; autoplay; clipboard-write; encrypted-media; gyroscope; picture-in-picture\" allowfullscreen><\/iframe><\/div>\n","protected":false},"excerpt":{"rendered":"<p>On this 8th\u00a0of March, the International Women\u2019s Day, the\u00a0Fraternity \u2013 International Humanitarian Federation (FIHF)\u00a0congratulates all women for their constant resilience, [&hellip;]<\/p>\n","protected":false},"author":4,"featured_media":118048,"comment_status":"closed","ping_status":"closed","sticky":false,"template":"","format":"standard","meta":{"footnotes":""},"categories":[150],"tags":[],"class_list":["post-120956","post","type-post","status-publish","format-standard","has-post-thumbnail","hentry","category-news"],"yoast_head":"<!-- This site is optimized with the Yoast SEO Premium plugin v21.0 (Yoast SEO v21.0) - https:\/\/yoast.com\/wordpress\/plugins\/seo\/ -->\n<title>International Women\u2019s Day -<\/title>\n<meta name=\"description\" content=\"On this 8th of March, the International Women\u2019s Day, the Fraternity \u2013 International Humanitarian Federation (FIHF) congratulates all women for their constant resilience, for their courage to express a more just, equal and inclusive world.\" \/>\n<meta name=\"robots\" content=\"index, follow, max-snippet:-1, max-image-preview:large, max-video-preview:-1\" \/>\n<link rel=\"canonical\" href=\"https:\/\/www.fraterinternacional.org\/en\/international-womens-day\/\" \/>\n<meta property=\"og:locale\" content=\"en_US\" \/>\n<meta property=\"og:type\" content=\"article\" \/>\n<meta property=\"og:title\" content=\"International Women\u2019s Day\" \/>\n<meta property=\"og:description\" content=\"On this 8th of March, the International Women\u2019s Day, the Fraternity \u2013 International Humanitarian Federation (FIHF) congratulates all women for their constant resilience, for their courage to express a more just, equal and inclusive world.\" \/>\n<meta property=\"og:url\" content=\"https:\/\/www.fraterinternacional.org\/en\/international-womens-day\/\" \/>\n<meta property=\"og:site_name\" content=\"Fraternidade - Federa\u00e7\u00e3o Humanit\u00e1ria Internacional\" \/>\n<meta property=\"article:publisher\" content=\"https:\/\/www.facebook.com\/fraternidadehumanitaria\" \/>\n<meta property=\"article:published_time\" content=\"2021-03-08T17:39:06+00:00\" \/>\n<meta property=\"article:modified_time\" content=\"2021-03-23T17:41:04+00:00\" \/>\n<meta property=\"og:image\" content=\"https:\/\/www.fraterinternacional.org\/wp-content\/uploads\/2020\/09\/Capa.jpg\" \/>\n\t<meta property=\"og:image:width\" content=\"1000\" \/>\n\t<meta property=\"og:image:height\" content=\"563\" \/>\n\t<meta property=\"og:image:type\" content=\"image\/jpeg\" \/>\n<meta name=\"author\" content=\"maducato_admin\" \/>\n<meta name=\"twitter:card\" content=\"summary_large_image\" \/>\n<meta name=\"twitter:creator\" content=\"@fraternidadeFHI\" \/>\n<meta name=\"twitter:site\" content=\"@fraternidadeFHI\" \/>\n<meta name=\"twitter:label1\" content=\"Written by\" \/>\n\t<meta name=\"twitter:data1\" content=\"maducato_admin\" \/>\n\t<meta name=\"twitter:label2\" content=\"Est. reading time\" \/>\n\t<meta name=\"twitter:data2\" content=\"1 minute\" \/>\n<script type=\"application\/ld+json\" class=\"yoast-schema-graph\">{\"@context\":\"https:\/\/schema.org\",\"@graph\":[{\"@type\":\"WebPage\",\"@id\":\"https:\/\/www.fraterinternacional.org\/en\/international-womens-day\/\",\"url\":\"https:\/\/www.fraterinternacional.org\/en\/international-womens-day\/\",\"name\":\"International Women\u2019s Day -\",\"isPartOf\":{\"@id\":\"https:\/\/www.fraterinternacional.org\/es\/#website\"},\"datePublished\":\"2021-03-08T17:39:06+00:00\",\"dateModified\":\"2021-03-23T17:41:04+00:00\",\"author\":{\"@id\":\"https:\/\/www.fraterinternacional.org\/es\/#\/schema\/person\/19cb7a5541fd019768c7fe255d72701e\"},\"description\":\"On this 8th of March, the International Women\u2019s Day, the Fraternity \u2013 International Humanitarian Federation (FIHF) congratulates all women for their constant resilience, for their courage to express a more just, equal and inclusive world.\",\"breadcrumb\":{\"@id\":\"https:\/\/www.fraterinternacional.org\/en\/international-womens-day\/#breadcrumb\"},\"inLanguage\":\"en-US\",\"potentialAction\":[{\"@type\":\"ReadAction\",\"target\":[\"https:\/\/www.fraterinternacional.org\/en\/international-womens-day\/\"]}]},{\"@type\":\"BreadcrumbList\",\"@id\":\"https:\/\/www.fraterinternacional.org\/en\/international-womens-day\/#breadcrumb\",\"itemListElement\":[{\"@type\":\"ListItem\",\"position\":1,\"name\":\"In\u00edcio\",\"item\":\"https:\/\/www.fraterinternacional.org\/en\/\"},{\"@type\":\"ListItem\",\"position\":2,\"name\":\"International Women\u2019s Day\"}]},{\"@type\":\"WebSite\",\"@id\":\"https:\/\/www.fraterinternacional.org\/es\/#website\",\"url\":\"https:\/\/www.fraterinternacional.org\/es\/\",\"name\":\"Fraternidade - Federa\u00e7\u00e3o Humanit\u00e1ria Internacional\",\"description\":\"Fraternidade - Federa\u00e7\u00e3o Humanit\u00e1ria Internacional\",\"potentialAction\":[{\"@type\":\"SearchAction\",\"target\":{\"@type\":\"EntryPoint\",\"urlTemplate\":\"https:\/\/www.fraterinternacional.org\/es\/?s={search_term_string}\"},\"query-input\":\"required name=search_term_string\"}],\"inLanguage\":\"en-US\"},{\"@type\":\"Person\",\"@id\":\"https:\/\/www.fraterinternacional.org\/es\/#\/schema\/person\/19cb7a5541fd019768c7fe255d72701e\",\"name\":\"maducato_admin\"}]}<\/script>\n<!-- \/ Yoast SEO Premium plugin. -->","yoast_head_json":{"title":"International Women\u2019s Day -","description":"On this 8th of March, the International Women\u2019s Day, the Fraternity \u2013 International Humanitarian Federation (FIHF) congratulates all women for their constant resilience, for their courage to express a more just, equal and inclusive world.","robots":{"index":"index","follow":"follow","max-snippet":"max-snippet:-1","max-image-preview":"max-image-preview:large","max-video-preview":"max-video-preview:-1"},"canonical":"https:\/\/www.fraterinternacional.org\/en\/international-womens-day\/","og_locale":"en_US","og_type":"article","og_title":"International Women\u2019s Day","og_description":"On this 8th of March, the International Women\u2019s Day, the Fraternity \u2013 International Humanitarian Federation (FIHF) congratulates all women for their constant resilience, for their courage to express a more just, equal and inclusive world.","og_url":"https:\/\/www.fraterinternacional.org\/en\/international-womens-day\/","og_site_name":"Fraternidade - Federa\u00e7\u00e3o Humanit\u00e1ria Internacional","article_publisher":"https:\/\/www.facebook.com\/fraternidadehumanitaria","article_published_time":"2021-03-08T17:39:06+00:00","article_modified_time":"2021-03-23T17:41:04+00:00","og_image":[{"width":1000,"height":563,"url":"https:\/\/www.fraterinternacional.org\/wp-content\/uploads\/2020\/09\/Capa.jpg","type":"image\/jpeg"}],"author":"maducato_admin","twitter_card":"summary_large_image","twitter_creator":"@fraternidadeFHI","twitter_site":"@fraternidadeFHI","twitter_misc":{"Written by":"maducato_admin","Est. reading time":"1 minute"},"schema":{"@context":"https:\/\/schema.org","@graph":[{"@type":"WebPage","@id":"https:\/\/www.fraterinternacional.org\/en\/international-womens-day\/","url":"https:\/\/www.fraterinternacional.org\/en\/international-womens-day\/","name":"International Women\u2019s Day -","isPartOf":{"@id":"https:\/\/www.fraterinternacional.org\/es\/#website"},"datePublished":"2021-03-08T17:39:06+00:00","dateModified":"2021-03-23T17:41:04+00:00","author":{"@id":"https:\/\/www.fraterinternacional.org\/es\/#\/schema\/person\/19cb7a5541fd019768c7fe255d72701e"},"description":"On this 8th of March, the International Women\u2019s Day, the Fraternity \u2013 International Humanitarian Federation (FIHF) congratulates all women for their constant resilience, for their courage to express a more just, equal and inclusive world.","breadcrumb":{"@id":"https:\/\/www.fraterinternacional.org\/en\/international-womens-day\/#breadcrumb"},"inLanguage":"en-US","potentialAction":[{"@type":"ReadAction","target":["https:\/\/www.fraterinternacional.org\/en\/international-womens-day\/"]}]},{"@type":"BreadcrumbList","@id":"https:\/\/www.fraterinternacional.org\/en\/international-womens-day\/#breadcrumb","itemListElement":[{"@type":"ListItem","position":1,"name":"In\u00edcio","item":"https:\/\/www.fraterinternacional.org\/en\/"},{"@type":"ListItem","position":2,"name":"International Women\u2019s Day"}]},{"@type":"WebSite","@id":"https:\/\/www.fraterinternacional.org\/es\/#website","url":"https:\/\/www.fraterinternacional.org\/es\/","name":"Fraternidade - Federa\u00e7\u00e3o Humanit\u00e1ria Internacional","description":"Fraternidade - Federa\u00e7\u00e3o Humanit\u00e1ria Internacional","potentialAction":[{"@type":"SearchAction","target":{"@type":"EntryPoint","urlTemplate":"https:\/\/www.fraterinternacional.org\/es\/?s={search_term_string}"},"query-input":"required name=search_term_string"}],"inLanguage":"en-US"},{"@type":"Person","@id":"https:\/\/www.fraterinternacional.org\/es\/#\/schema\/person\/19cb7a5541fd019768c7fe255d72701e","name":"maducato_admin"}]}},"_links":{"self":[{"href":"https:\/\/www.fraterinternacional.org\/en\/wp-json\/wp\/v2\/posts\/120956"}],"collection":[{"href":"https:\/\/www.fraterinternacional.org\/en\/wp-json\/wp\/v2\/posts"}],"about":[{"href":"https:\/\/www.fraterinternacional.org\/en\/wp-json\/wp\/v2\/types\/post"}],"author":[{"embeddable":true,"href":"https:\/\/www.fraterinternacional.org\/en\/wp-json\/wp\/v2\/users\/4"}],"replies":[{"embeddable":true,"href":"https:\/\/www.fraterinternacional.org\/en\/wp-json\/wp\/v2\/comments?post=120956"}],"version-history":[{"count":0,"href":"https:\/\/www.fraterinternacional.org\/en\/wp-json\/wp\/v2\/posts\/120956\/revisions"}],"wp:featuredmedia":[{"embeddable":true,"href":"https:\/\/www.fraterinternacional.org\/en\/wp-json\/wp\/v2\/media\/118048"}],"wp:attachment":[{"href":"https:\/\/www.fraterinternacional.org\/en\/wp-json\/wp\/v2\/media?parent=120956"}],"wp:term":[{"taxonomy":"category","embeddable":true,"href":"https:\/\/www.fraterinternacional.org\/en\/wp-json\/wp\/v2\/categories?post=120956"},{"taxonomy":"post_tag","embeddable":true,"href":"https:\/\/www.fraterinternacional.org\/en\/wp-json\/wp\/v2\/tags?post=120956"}],"curies":[{"name":"wp","href":"https:\/\/api.w.org\/{rel}","templated":true}]}}