{"id":119541,"date":"2021-01-05T12:40:28","date_gmt":"2021-01-05T15:40:28","guid":{"rendered":"https:\/\/www.fraterinternacional.org\/?p=119541"},"modified":"2021-01-07T12:40:56","modified_gmt":"2021-01-07T15:40:56","slug":"the-joinville-light-network-and-its-partners-support-the-indigenous-people","status":"publish","type":"post","link":"https:\/\/www.fraterinternacional.org\/en\/the-joinville-light-network-and-its-partners-support-the-indigenous-people\/","title":{"rendered":"The Joinville Light-Network and its partners support the indigenous people"},"content":{"rendered":"<p style=\"text-align: justify;\">In the times of the pandemic, members of the\u00a0<u><a href=\"https:\/\/www.fraterinternacional.org\/en\/the-light-network-continues-with-its-support-of-the-indigenous-communities-during-the-pandemic\/\">Joinville Light-Network<\/a><\/u>, catholic communities and supporters of the Pastoral Indigenista (Indigenous Pastoral Ministry) came together to gather non-perishable food, clothing, shoes and items for the emergency kit required by the \u201cisolation houses,\u201d which shelter indigenous people infected by the Coronavirus in the towns of the region.<\/p>\n<p><a href=\"https:\/\/www.fraterinternacional.org\/wp-content\/uploads\/2021\/01\/Rede-Luz-Joinville-apoia-indigenas-FFHI4.jpg\"><img decoding=\"async\" class=\"size-full wp-image-119480 aligncenter\" src=\"https:\/\/www.fraterinternacional.org\/wp-content\/uploads\/2021\/01\/Rede-Luz-Joinville-apoia-indigenas-FFHI4.jpg\" alt=\"Rede-Luz Joinville e parceiros apoiam ind\u00edgenas\" width=\"1040\" height=\"492\" srcset=\"https:\/\/www.fraterinternacional.org\/wp-content\/uploads\/2021\/01\/Rede-Luz-Joinville-apoia-indigenas-FFHI4-200x95.jpg 200w, https:\/\/www.fraterinternacional.org\/wp-content\/uploads\/2021\/01\/Rede-Luz-Joinville-apoia-indigenas-FFHI4-300x142.jpg 300w, https:\/\/www.fraterinternacional.org\/wp-content\/uploads\/2021\/01\/Rede-Luz-Joinville-apoia-indigenas-FFHI4-400x189.jpg 400w, https:\/\/www.fraterinternacional.org\/wp-content\/uploads\/2021\/01\/Rede-Luz-Joinville-apoia-indigenas-FFHI4-600x284.jpg 600w, https:\/\/www.fraterinternacional.org\/wp-content\/uploads\/2021\/01\/Rede-Luz-Joinville-apoia-indigenas-FFHI4-800x378.jpg 800w, https:\/\/www.fraterinternacional.org\/wp-content\/uploads\/2021\/01\/Rede-Luz-Joinville-apoia-indigenas-FFHI4-1024x484.jpg 1024w, https:\/\/www.fraterinternacional.org\/wp-content\/uploads\/2021\/01\/Rede-Luz-Joinville-apoia-indigenas-FFHI4.jpg 1040w\" sizes=\"(max-width: 1040px) 100vw, 1040px\" \/><\/a><\/p>\n<p style=\"text-align: justify;\">According to Lu\u00eds Alberto, of the coordination team of the Joinville Light-Network, \u201cwith the worsening of the pandemic and the growing number of indigenous people infected by Covid-19, our objective was not just to take care of the indigenous people already infected, but also try to stop new cases.\u201d<\/p>\n<p style=\"text-align: justify;\">Through this group action, there were 152 basic baskets given to the Special Secretariat of Indigenous Health (Sesai), 90 kg (198 lbs) of rations, donated by the Balne\u00e1rio Cambori\u00fa Light-Network, and emergency kits for the isolation houses. The delivered kits contained mattresses, pillows, bedding and blankets for each of the houses.<\/p>\n<h3 style=\"text-align: justify;\"><strong>Ecological Items of Personal Hygiene<\/strong><\/h3>\n<p><a href=\"https:\/\/www.fraterinternacional.org\/wp-content\/uploads\/2021\/01\/Rede-Luz-Joinville-apoia-indigenas-FFHI6.jpg\"><img decoding=\"async\" class=\"size-full wp-image-119486 aligncenter\" src=\"https:\/\/www.fraterinternacional.org\/wp-content\/uploads\/2021\/01\/Rede-Luz-Joinville-apoia-indigenas-FFHI6.jpg\" alt=\"Rede-Luz Joinville e parceiros apoiam ind\u00edgenas\" width=\"1032\" height=\"477\" srcset=\"https:\/\/www.fraterinternacional.org\/wp-content\/uploads\/2021\/01\/Rede-Luz-Joinville-apoia-indigenas-FFHI6-200x92.jpg 200w, https:\/\/www.fraterinternacional.org\/wp-content\/uploads\/2021\/01\/Rede-Luz-Joinville-apoia-indigenas-FFHI6-300x139.jpg 300w, https:\/\/www.fraterinternacional.org\/wp-content\/uploads\/2021\/01\/Rede-Luz-Joinville-apoia-indigenas-FFHI6-400x185.jpg 400w, https:\/\/www.fraterinternacional.org\/wp-content\/uploads\/2021\/01\/Rede-Luz-Joinville-apoia-indigenas-FFHI6-600x277.jpg 600w, https:\/\/www.fraterinternacional.org\/wp-content\/uploads\/2021\/01\/Rede-Luz-Joinville-apoia-indigenas-FFHI6-800x370.jpg 800w, https:\/\/www.fraterinternacional.org\/wp-content\/uploads\/2021\/01\/Rede-Luz-Joinville-apoia-indigenas-FFHI6-1024x473.jpg 1024w, https:\/\/www.fraterinternacional.org\/wp-content\/uploads\/2021\/01\/Rede-Luz-Joinville-apoia-indigenas-FFHI6.jpg 1032w\" sizes=\"(max-width: 1032px) 100vw, 1032px\" \/><\/a><\/p>\n<p style=\"text-align: justify;\">Acting with the indigenous people of the Teko\u00e1 Tarum\u00e3 Village, the volunteer of the Light-Network, Denise, offered a course on \u00a0making ecological diapers and sanitary pads, done in her own home, in Curitiba, in which two indigenous women participated.<\/p>\n<p style=\"text-align: justify;\">Besides the training, Denise also donated sanitary pads and reusable fabric shopping bags made by herself.<\/p>\n\n\t\t<style type=\"text\/css\">\n\t\t\t#gallery-1 {\n\t\t\t\tmargin: auto;\n\t\t\t}\n\t\t\t#gallery-1 .gallery-item {\n\t\t\t\tfloat: left;\n\t\t\t\tmargin-top: 10px;\n\t\t\t\ttext-align: center;\n\t\t\t\twidth: 25%;\n\t\t\t}\n\t\t\t#gallery-1 img {\n\t\t\t\tborder: 2px solid #cfcfcf;\n\t\t\t}\n\t\t\t#gallery-1 .gallery-caption {\n\t\t\t\tmargin-left: 0;\n\t\t\t}\n\t\t\t\/* see gallery_shortcode() in wp-includes\/media.php *\/\n\t\t<\/style>\n\t\t<div id='gallery-1' class='gallery galleryid-119541 gallery-columns-4 gallery-size-thumbnail'><dl class='gallery-item'>\n\t\t\t<dt class='gallery-icon landscape'>\n\t\t\t\t<a data-rel=\"iLightbox[postimages]\" data-title=\"Rede-Luz-Joinville-apoia-indigenas-FFHI3\" data-caption=\"\" href='https:\/\/www.fraterinternacional.org\/wp-content\/uploads\/2021\/01\/Rede-Luz-Joinville-apoia-indigenas-FFHI3.jpg'><img decoding=\"async\" width=\"150\" height=\"150\" src=\"https:\/\/www.fraterinternacional.org\/wp-content\/uploads\/2021\/01\/Rede-Luz-Joinville-apoia-indigenas-FFHI3-150x150.jpg\" class=\"attachment-thumbnail size-thumbnail\" alt=\"Rede-Luz Joinville e parceiros apoiam ind\u00edgenas\" \/><\/a>\n\t\t\t<\/dt><\/dl><dl class='gallery-item'>\n\t\t\t<dt class='gallery-icon landscape'>\n\t\t\t\t<a data-rel=\"iLightbox[postimages]\" data-title=\"Rede-Luz-Joinville-apoia-indigenas-FFHI2\" data-caption=\"\" href='https:\/\/www.fraterinternacional.org\/wp-content\/uploads\/2021\/01\/Rede-Luz-Joinville-apoia-indigenas-FFHI2.jpg'><img decoding=\"async\" width=\"150\" height=\"150\" src=\"https:\/\/www.fraterinternacional.org\/wp-content\/uploads\/2021\/01\/Rede-Luz-Joinville-apoia-indigenas-FFHI2-150x150.jpg\" class=\"attachment-thumbnail size-thumbnail\" alt=\"Rede-Luz Joinville e parceiros apoiam ind\u00edgenas\" \/><\/a>\n\t\t\t<\/dt><\/dl><dl class='gallery-item'>\n\t\t\t<dt class='gallery-icon portrait'>\n\t\t\t\t<a data-rel=\"iLightbox[postimages]\" data-title=\"Rede-Luz-Joinville-apoia-indigenas-FFHI1\" data-caption=\"\" href='https:\/\/www.fraterinternacional.org\/wp-content\/uploads\/2021\/01\/Rede-Luz-Joinville-apoia-indigenas-FFHI1.jpg'><img decoding=\"async\" width=\"150\" height=\"150\" src=\"https:\/\/www.fraterinternacional.org\/wp-content\/uploads\/2021\/01\/Rede-Luz-Joinville-apoia-indigenas-FFHI1-150x150.jpg\" class=\"attachment-thumbnail size-thumbnail\" alt=\"Rede-Luz Joinville e parceiros apoiam ind\u00edgenas\" \/><\/a>\n\t\t\t<\/dt><\/dl><dl class='gallery-item'>\n\t\t\t<dt class='gallery-icon portrait'>\n\t\t\t\t<a data-rel=\"iLightbox[postimages]\" data-title=\"Rede-Luz-Joinville-apoia-indigenas-FFHI7\" data-caption=\"\" href='https:\/\/www.fraterinternacional.org\/wp-content\/uploads\/2021\/01\/Rede-Luz-Joinville-apoia-indigenas-FFHI7.jpg'><img decoding=\"async\" width=\"150\" height=\"150\" src=\"https:\/\/www.fraterinternacional.org\/wp-content\/uploads\/2021\/01\/Rede-Luz-Joinville-apoia-indigenas-FFHI7-150x150.jpg\" class=\"attachment-thumbnail size-thumbnail\" alt=\"Rede-Luz Joinville e parceiros apoiam ind\u00edgenas\" \/><\/a>\n\t\t\t<\/dt><\/dl><br style=\"clear: both\" \/>\n\t\t<\/div>\n\n","protected":false},"excerpt":{"rendered":"<p>In the times of the pandemic, members of the\u00a0Joinville Light-Network, catholic communities and supporters of the Pastoral Indigenista (Indigenous Pastoral [&hellip;]<\/p>\n","protected":false},"author":4,"featured_media":119481,"comment_status":"closed","ping_status":"closed","sticky":false,"template":"","format":"standard","meta":{"footnotes":""},"categories":[121,150],"tags":[],"class_list":["post-119541","post","type-post","status-publish","format-standard","has-post-thumbnail","hentry","category-network-of-light","category-news"],"yoast_head":"<!-- This site is optimized with the Yoast SEO Premium plugin v21.0 (Yoast SEO v21.0) - https:\/\/yoast.com\/wordpress\/plugins\/seo\/ -->\n<title>The Joinville Light-Network and its partners support the indigenous people<\/title>\n<meta name=\"description\" content=\"In the times of the pandemic, members of the\u00a0Joinville Light-Network, catholic communities and supporters of the Pastoral Indigenista (Indigenous Pastoral Ministry) came together to gather non-perishable food, clothing, shoes and items for the emergency kit required by the \u201cisolation houses,\u201d which shelter indigenous people infected by the Coronavirus in the towns of the region.\" \/>\n<meta name=\"robots\" content=\"index, follow, max-snippet:-1, max-image-preview:large, max-video-preview:-1\" \/>\n<link rel=\"canonical\" href=\"https:\/\/www.fraterinternacional.org\/en\/the-joinville-light-network-and-its-partners-support-the-indigenous-people\/\" \/>\n<meta property=\"og:locale\" content=\"en_US\" \/>\n<meta property=\"og:type\" content=\"article\" \/>\n<meta property=\"og:title\" content=\"The Joinville Light-Network and its partners support the indigenous people\" \/>\n<meta property=\"og:description\" content=\"In the times of the pandemic, members of the\u00a0Joinville Light-Network, catholic communities and supporters of the Pastoral Indigenista (Indigenous Pastoral Ministry) came together to gather non-perishable food, clothing, shoes and items for the emergency kit required by the \u201cisolation houses,\u201d which shelter indigenous people infected by the Coronavirus in the towns of the region.\" \/>\n<meta property=\"og:url\" content=\"https:\/\/www.fraterinternacional.org\/en\/the-joinville-light-network-and-its-partners-support-the-indigenous-people\/\" \/>\n<meta property=\"og:site_name\" content=\"Fraternidade - Federa\u00e7\u00e3o Humanit\u00e1ria Internacional\" \/>\n<meta property=\"article:publisher\" content=\"https:\/\/www.facebook.com\/fraternidadehumanitaria\" \/>\n<meta property=\"article:published_time\" content=\"2021-01-05T15:40:28+00:00\" \/>\n<meta property=\"article:modified_time\" content=\"2021-01-07T15:40:56+00:00\" \/>\n<meta property=\"og:image\" content=\"https:\/\/www.fraterinternacional.org\/wp-content\/uploads\/2021\/01\/Rede-Luz-Joinville-apoia-indigenas-FFHI4.jpg\" \/>\n\t<meta property=\"og:image:width\" content=\"1040\" \/>\n\t<meta property=\"og:image:height\" content=\"492\" \/>\n\t<meta property=\"og:image:type\" content=\"image\/jpeg\" \/>\n<meta name=\"author\" content=\"maducato_admin\" \/>\n<meta name=\"twitter:card\" content=\"summary_large_image\" \/>\n<meta name=\"twitter:creator\" content=\"@fraternidadeFHI\" \/>\n<meta name=\"twitter:site\" content=\"@fraternidadeFHI\" \/>\n<meta name=\"twitter:label1\" content=\"Written by\" \/>\n\t<meta name=\"twitter:data1\" content=\"maducato_admin\" \/>\n\t<meta name=\"twitter:label2\" content=\"Est. reading time\" \/>\n\t<meta name=\"twitter:data2\" content=\"1 minute\" \/>\n<script type=\"application\/ld+json\" class=\"yoast-schema-graph\">{\"@context\":\"https:\/\/schema.org\",\"@graph\":[{\"@type\":\"WebPage\",\"@id\":\"https:\/\/www.fraterinternacional.org\/en\/the-joinville-light-network-and-its-partners-support-the-indigenous-people\/\",\"url\":\"https:\/\/www.fraterinternacional.org\/en\/the-joinville-light-network-and-its-partners-support-the-indigenous-people\/\",\"name\":\"The Joinville Light-Network and its partners support the indigenous people\",\"isPartOf\":{\"@id\":\"https:\/\/www.fraterinternacional.org\/es\/#website\"},\"datePublished\":\"2021-01-05T15:40:28+00:00\",\"dateModified\":\"2021-01-07T15:40:56+00:00\",\"author\":{\"@id\":\"https:\/\/www.fraterinternacional.org\/es\/#\/schema\/person\/19cb7a5541fd019768c7fe255d72701e\"},\"description\":\"In the times of the pandemic, members of the\u00a0Joinville Light-Network, catholic communities and supporters of the Pastoral Indigenista (Indigenous Pastoral Ministry) came together to gather non-perishable food, clothing, shoes and items for the emergency kit required by the \u201cisolation houses,\u201d which shelter indigenous people infected by the Coronavirus in the towns of the region.\",\"breadcrumb\":{\"@id\":\"https:\/\/www.fraterinternacional.org\/en\/the-joinville-light-network-and-its-partners-support-the-indigenous-people\/#breadcrumb\"},\"inLanguage\":\"en-US\",\"potentialAction\":[{\"@type\":\"ReadAction\",\"target\":[\"https:\/\/www.fraterinternacional.org\/en\/the-joinville-light-network-and-its-partners-support-the-indigenous-people\/\"]}]},{\"@type\":\"BreadcrumbList\",\"@id\":\"https:\/\/www.fraterinternacional.org\/en\/the-joinville-light-network-and-its-partners-support-the-indigenous-people\/#breadcrumb\",\"itemListElement\":[{\"@type\":\"ListItem\",\"position\":1,\"name\":\"In\u00edcio\",\"item\":\"https:\/\/www.fraterinternacional.org\/en\/\"},{\"@type\":\"ListItem\",\"position\":2,\"name\":\"The Joinville Light-Network and its partners support the indigenous people\"}]},{\"@type\":\"WebSite\",\"@id\":\"https:\/\/www.fraterinternacional.org\/es\/#website\",\"url\":\"https:\/\/www.fraterinternacional.org\/es\/\",\"name\":\"Fraternidade - Federa\u00e7\u00e3o Humanit\u00e1ria Internacional\",\"description\":\"Fraternidade - Federa\u00e7\u00e3o Humanit\u00e1ria Internacional\",\"potentialAction\":[{\"@type\":\"SearchAction\",\"target\":{\"@type\":\"EntryPoint\",\"urlTemplate\":\"https:\/\/www.fraterinternacional.org\/es\/?s={search_term_string}\"},\"query-input\":\"required name=search_term_string\"}],\"inLanguage\":\"en-US\"},{\"@type\":\"Person\",\"@id\":\"https:\/\/www.fraterinternacional.org\/es\/#\/schema\/person\/19cb7a5541fd019768c7fe255d72701e\",\"name\":\"maducato_admin\"}]}<\/script>\n<!-- \/ Yoast SEO Premium plugin. -->","yoast_head_json":{"title":"The Joinville Light-Network and its partners support the indigenous people","description":"In the times of the pandemic, members of the\u00a0Joinville Light-Network, catholic communities and supporters of the Pastoral Indigenista (Indigenous Pastoral Ministry) came together to gather non-perishable food, clothing, shoes and items for the emergency kit required by the \u201cisolation houses,\u201d which shelter indigenous people infected by the Coronavirus in the towns of the region.","robots":{"index":"index","follow":"follow","max-snippet":"max-snippet:-1","max-image-preview":"max-image-preview:large","max-video-preview":"max-video-preview:-1"},"canonical":"https:\/\/www.fraterinternacional.org\/en\/the-joinville-light-network-and-its-partners-support-the-indigenous-people\/","og_locale":"en_US","og_type":"article","og_title":"The Joinville Light-Network and its partners support the indigenous people","og_description":"In the times of the pandemic, members of the\u00a0Joinville Light-Network, catholic communities and supporters of the Pastoral Indigenista (Indigenous Pastoral Ministry) came together to gather non-perishable food, clothing, shoes and items for the emergency kit required by the \u201cisolation houses,\u201d which shelter indigenous people infected by the Coronavirus in the towns of the region.","og_url":"https:\/\/www.fraterinternacional.org\/en\/the-joinville-light-network-and-its-partners-support-the-indigenous-people\/","og_site_name":"Fraternidade - Federa\u00e7\u00e3o Humanit\u00e1ria Internacional","article_publisher":"https:\/\/www.facebook.com\/fraternidadehumanitaria","article_published_time":"2021-01-05T15:40:28+00:00","article_modified_time":"2021-01-07T15:40:56+00:00","og_image":[{"width":1040,"height":492,"url":"https:\/\/www.fraterinternacional.org\/wp-content\/uploads\/2021\/01\/Rede-Luz-Joinville-apoia-indigenas-FFHI4.jpg","type":"image\/jpeg"}],"author":"maducato_admin","twitter_card":"summary_large_image","twitter_creator":"@fraternidadeFHI","twitter_site":"@fraternidadeFHI","twitter_misc":{"Written by":"maducato_admin","Est. reading time":"1 minute"},"schema":{"@context":"https:\/\/schema.org","@graph":[{"@type":"WebPage","@id":"https:\/\/www.fraterinternacional.org\/en\/the-joinville-light-network-and-its-partners-support-the-indigenous-people\/","url":"https:\/\/www.fraterinternacional.org\/en\/the-joinville-light-network-and-its-partners-support-the-indigenous-people\/","name":"The Joinville Light-Network and its partners support the indigenous people","isPartOf":{"@id":"https:\/\/www.fraterinternacional.org\/es\/#website"},"datePublished":"2021-01-05T15:40:28+00:00","dateModified":"2021-01-07T15:40:56+00:00","author":{"@id":"https:\/\/www.fraterinternacional.org\/es\/#\/schema\/person\/19cb7a5541fd019768c7fe255d72701e"},"description":"In the times of the pandemic, members of the\u00a0Joinville Light-Network, catholic communities and supporters of the Pastoral Indigenista (Indigenous Pastoral Ministry) came together to gather non-perishable food, clothing, shoes and items for the emergency kit required by the \u201cisolation houses,\u201d which shelter indigenous people infected by the Coronavirus in the towns of the region.","breadcrumb":{"@id":"https:\/\/www.fraterinternacional.org\/en\/the-joinville-light-network-and-its-partners-support-the-indigenous-people\/#breadcrumb"},"inLanguage":"en-US","potentialAction":[{"@type":"ReadAction","target":["https:\/\/www.fraterinternacional.org\/en\/the-joinville-light-network-and-its-partners-support-the-indigenous-people\/"]}]},{"@type":"BreadcrumbList","@id":"https:\/\/www.fraterinternacional.org\/en\/the-joinville-light-network-and-its-partners-support-the-indigenous-people\/#breadcrumb","itemListElement":[{"@type":"ListItem","position":1,"name":"In\u00edcio","item":"https:\/\/www.fraterinternacional.org\/en\/"},{"@type":"ListItem","position":2,"name":"The Joinville Light-Network and its partners support the indigenous people"}]},{"@type":"WebSite","@id":"https:\/\/www.fraterinternacional.org\/es\/#website","url":"https:\/\/www.fraterinternacional.org\/es\/","name":"Fraternidade - Federa\u00e7\u00e3o Humanit\u00e1ria Internacional","description":"Fraternidade - Federa\u00e7\u00e3o Humanit\u00e1ria Internacional","potentialAction":[{"@type":"SearchAction","target":{"@type":"EntryPoint","urlTemplate":"https:\/\/www.fraterinternacional.org\/es\/?s={search_term_string}"},"query-input":"required name=search_term_string"}],"inLanguage":"en-US"},{"@type":"Person","@id":"https:\/\/www.fraterinternacional.org\/es\/#\/schema\/person\/19cb7a5541fd019768c7fe255d72701e","name":"maducato_admin"}]}},"_links":{"self":[{"href":"https:\/\/www.fraterinternacional.org\/en\/wp-json\/wp\/v2\/posts\/119541"}],"collection":[{"href":"https:\/\/www.fraterinternacional.org\/en\/wp-json\/wp\/v2\/posts"}],"about":[{"href":"https:\/\/www.fraterinternacional.org\/en\/wp-json\/wp\/v2\/types\/post"}],"author":[{"embeddable":true,"href":"https:\/\/www.fraterinternacional.org\/en\/wp-json\/wp\/v2\/users\/4"}],"replies":[{"embeddable":true,"href":"https:\/\/www.fraterinternacional.org\/en\/wp-json\/wp\/v2\/comments?post=119541"}],"version-history":[{"count":0,"href":"https:\/\/www.fraterinternacional.org\/en\/wp-json\/wp\/v2\/posts\/119541\/revisions"}],"wp:featuredmedia":[{"embeddable":true,"href":"https:\/\/www.fraterinternacional.org\/en\/wp-json\/wp\/v2\/media\/119481"}],"wp:attachment":[{"href":"https:\/\/www.fraterinternacional.org\/en\/wp-json\/wp\/v2\/media?parent=119541"}],"wp:term":[{"taxonomy":"category","embeddable":true,"href":"https:\/\/www.fraterinternacional.org\/en\/wp-json\/wp\/v2\/categories?post=119541"},{"taxonomy":"post_tag","embeddable":true,"href":"https:\/\/www.fraterinternacional.org\/en\/wp-json\/wp\/v2\/tags?post=119541"}],"curies":[{"name":"wp","href":"https:\/\/api.w.org\/{rel}","templated":true}]}}