{"id":118580,"date":"2020-10-20T12:33:27","date_gmt":"2020-10-20T15:33:27","guid":{"rendered":"https:\/\/www.fraterinternacional.org\/?p=118580"},"modified":"2020-10-23T09:25:12","modified_gmt":"2020-10-23T12:25:12","slug":"transforming-for-the-common-good","status":"publish","type":"post","link":"https:\/\/www.fraterinternacional.org\/en\/transforming-for-the-common-good\/","title":{"rendered":"Transforming for the Common Good"},"content":{"rendered":"<p style=\"font-weight: 400; text-align: justify;\">Through this video, the\u00a0<a href=\"https:\/\/www.fraterinternacional.org\/en\/\">Fraternity \u2013 International Humanitarian Federation (FIHF)<\/a>\u00a0shows the importance of fostering inclusion and of guaranteeing a quality of life, dignity, and the well-being of people with disabilities in humanitarian responses.<\/p>\n<p style=\"font-weight: 400; text-align: justify;\">On this October 11, National Day of People with Physical Disabilities, the Fraternity (FIHF) pays tribute to all people with physical disabilities, as well as people with other disabilities, who need an attentive, compassionate viewpoint, and effective actions for overcoming these daily.<\/p>\n<p><center><iframe src=\"https:\/\/www.facebook.com\/plugins\/video.php?href=https%3A%2F%2Fwww.facebook.com%2Ffraternidadehumanitaria%2Fvideos%2F2864007547161414%2F&#038;show_text=false&#038;width=734&#038;appId=1654066458221995&#038;height=411\" width=\"734\" height=\"411\" style=\"border:none;overflow:hidden\" scrolling=\"no\" frameborder=\"0\" allowTransparency=\"true\" allow=\"encrypted-media\" allowFullScreen=\"true\"><\/iframe><\/center><\/p>\n","protected":false},"excerpt":{"rendered":"<p>Through this video, the\u00a0Fraternity \u2013 International Humanitarian Federation (FIHF)\u00a0shows the importance of fostering inclusion and of guaranteeing a quality of [&hellip;]<\/p>\n","protected":false},"author":4,"featured_media":118447,"comment_status":"closed","ping_status":"closed","sticky":false,"template":"","format":"standard","meta":{"footnotes":""},"categories":[150,107],"tags":[],"class_list":["post-118580","post","type-post","status-publish","format-standard","has-post-thumbnail","hentry","category-news","category-news-of-the-missions"],"yoast_head":"<!-- This site is optimized with the Yoast SEO Premium plugin v21.0 (Yoast SEO v21.0) - https:\/\/yoast.com\/wordpress\/plugins\/seo\/ -->\n<title>Transforming for the Common Good -<\/title>\n<meta name=\"description\" content=\"Through this video, the Fraternity \u2013 International Humanitarian Federation (FIHF) shows the importance of fostering inclusion and of guaranteeing a quality of life, dignity, and the well-being of people with disabilities in humanitarian responses.\" \/>\n<meta name=\"robots\" content=\"index, follow, max-snippet:-1, max-image-preview:large, max-video-preview:-1\" \/>\n<link rel=\"canonical\" href=\"https:\/\/www.fraterinternacional.org\/en\/transforming-for-the-common-good\/\" \/>\n<meta property=\"og:locale\" content=\"en_US\" \/>\n<meta property=\"og:type\" content=\"article\" \/>\n<meta property=\"og:title\" content=\"Transforming for the Common Good\" \/>\n<meta property=\"og:description\" content=\"Through this video, the Fraternity \u2013 International Humanitarian Federation (FIHF) shows the importance of fostering inclusion and of guaranteeing a quality of life, dignity, and the well-being of people with disabilities in humanitarian responses.\" \/>\n<meta property=\"og:url\" content=\"https:\/\/www.fraterinternacional.org\/en\/transforming-for-the-common-good\/\" \/>\n<meta property=\"og:site_name\" content=\"Fraternidade - Federa\u00e7\u00e3o Humanit\u00e1ria Internacional\" \/>\n<meta property=\"article:publisher\" content=\"https:\/\/www.facebook.com\/fraternidadehumanitaria\" \/>\n<meta property=\"article:published_time\" content=\"2020-10-20T15:33:27+00:00\" \/>\n<meta property=\"article:modified_time\" content=\"2020-10-23T12:25:12+00:00\" \/>\n<meta property=\"og:image\" content=\"https:\/\/www.fraterinternacional.org\/wp-content\/uploads\/2020\/10\/capa-dia-deficiencia.jpg\" \/>\n\t<meta property=\"og:image:width\" content=\"1064\" \/>\n\t<meta property=\"og:image:height\" content=\"678\" \/>\n\t<meta property=\"og:image:type\" content=\"image\/jpeg\" \/>\n<meta name=\"author\" content=\"maducato_admin\" \/>\n<meta name=\"twitter:card\" content=\"summary_large_image\" \/>\n<meta name=\"twitter:creator\" content=\"@fraternidadeFHI\" \/>\n<meta name=\"twitter:site\" content=\"@fraternidadeFHI\" \/>\n<meta name=\"twitter:label1\" content=\"Written by\" \/>\n\t<meta name=\"twitter:data1\" content=\"maducato_admin\" \/>\n<script type=\"application\/ld+json\" class=\"yoast-schema-graph\">{\"@context\":\"https:\/\/schema.org\",\"@graph\":[{\"@type\":\"WebPage\",\"@id\":\"https:\/\/www.fraterinternacional.org\/en\/transforming-for-the-common-good\/\",\"url\":\"https:\/\/www.fraterinternacional.org\/en\/transforming-for-the-common-good\/\",\"name\":\"Transforming for the Common Good -\",\"isPartOf\":{\"@id\":\"https:\/\/www.fraterinternacional.org\/es\/#website\"},\"datePublished\":\"2020-10-20T15:33:27+00:00\",\"dateModified\":\"2020-10-23T12:25:12+00:00\",\"author\":{\"@id\":\"https:\/\/www.fraterinternacional.org\/es\/#\/schema\/person\/19cb7a5541fd019768c7fe255d72701e\"},\"description\":\"Through this video, the Fraternity \u2013 International Humanitarian Federation (FIHF) shows the importance of fostering inclusion and of guaranteeing a quality of life, dignity, and the well-being of people with disabilities in humanitarian responses.\",\"breadcrumb\":{\"@id\":\"https:\/\/www.fraterinternacional.org\/en\/transforming-for-the-common-good\/#breadcrumb\"},\"inLanguage\":\"en-US\",\"potentialAction\":[{\"@type\":\"ReadAction\",\"target\":[\"https:\/\/www.fraterinternacional.org\/en\/transforming-for-the-common-good\/\"]}]},{\"@type\":\"BreadcrumbList\",\"@id\":\"https:\/\/www.fraterinternacional.org\/en\/transforming-for-the-common-good\/#breadcrumb\",\"itemListElement\":[{\"@type\":\"ListItem\",\"position\":1,\"name\":\"In\u00edcio\",\"item\":\"https:\/\/www.fraterinternacional.org\/en\/\"},{\"@type\":\"ListItem\",\"position\":2,\"name\":\"Transforming for the Common Good\"}]},{\"@type\":\"WebSite\",\"@id\":\"https:\/\/www.fraterinternacional.org\/es\/#website\",\"url\":\"https:\/\/www.fraterinternacional.org\/es\/\",\"name\":\"Fraternidade - Federa\u00e7\u00e3o Humanit\u00e1ria Internacional\",\"description\":\"Fraternidade - Federa\u00e7\u00e3o Humanit\u00e1ria Internacional\",\"potentialAction\":[{\"@type\":\"SearchAction\",\"target\":{\"@type\":\"EntryPoint\",\"urlTemplate\":\"https:\/\/www.fraterinternacional.org\/es\/?s={search_term_string}\"},\"query-input\":\"required name=search_term_string\"}],\"inLanguage\":\"en-US\"},{\"@type\":\"Person\",\"@id\":\"https:\/\/www.fraterinternacional.org\/es\/#\/schema\/person\/19cb7a5541fd019768c7fe255d72701e\",\"name\":\"maducato_admin\"}]}<\/script>\n<!-- \/ Yoast SEO Premium plugin. -->","yoast_head_json":{"title":"Transforming for the Common Good -","description":"Through this video, the Fraternity \u2013 International Humanitarian Federation (FIHF) shows the importance of fostering inclusion and of guaranteeing a quality of life, dignity, and the well-being of people with disabilities in humanitarian responses.","robots":{"index":"index","follow":"follow","max-snippet":"max-snippet:-1","max-image-preview":"max-image-preview:large","max-video-preview":"max-video-preview:-1"},"canonical":"https:\/\/www.fraterinternacional.org\/en\/transforming-for-the-common-good\/","og_locale":"en_US","og_type":"article","og_title":"Transforming for the Common Good","og_description":"Through this video, the Fraternity \u2013 International Humanitarian Federation (FIHF) shows the importance of fostering inclusion and of guaranteeing a quality of life, dignity, and the well-being of people with disabilities in humanitarian responses.","og_url":"https:\/\/www.fraterinternacional.org\/en\/transforming-for-the-common-good\/","og_site_name":"Fraternidade - Federa\u00e7\u00e3o Humanit\u00e1ria Internacional","article_publisher":"https:\/\/www.facebook.com\/fraternidadehumanitaria","article_published_time":"2020-10-20T15:33:27+00:00","article_modified_time":"2020-10-23T12:25:12+00:00","og_image":[{"width":1064,"height":678,"url":"https:\/\/www.fraterinternacional.org\/wp-content\/uploads\/2020\/10\/capa-dia-deficiencia.jpg","type":"image\/jpeg"}],"author":"maducato_admin","twitter_card":"summary_large_image","twitter_creator":"@fraternidadeFHI","twitter_site":"@fraternidadeFHI","twitter_misc":{"Written by":"maducato_admin"},"schema":{"@context":"https:\/\/schema.org","@graph":[{"@type":"WebPage","@id":"https:\/\/www.fraterinternacional.org\/en\/transforming-for-the-common-good\/","url":"https:\/\/www.fraterinternacional.org\/en\/transforming-for-the-common-good\/","name":"Transforming for the Common Good -","isPartOf":{"@id":"https:\/\/www.fraterinternacional.org\/es\/#website"},"datePublished":"2020-10-20T15:33:27+00:00","dateModified":"2020-10-23T12:25:12+00:00","author":{"@id":"https:\/\/www.fraterinternacional.org\/es\/#\/schema\/person\/19cb7a5541fd019768c7fe255d72701e"},"description":"Through this video, the Fraternity \u2013 International Humanitarian Federation (FIHF) shows the importance of fostering inclusion and of guaranteeing a quality of life, dignity, and the well-being of people with disabilities in humanitarian responses.","breadcrumb":{"@id":"https:\/\/www.fraterinternacional.org\/en\/transforming-for-the-common-good\/#breadcrumb"},"inLanguage":"en-US","potentialAction":[{"@type":"ReadAction","target":["https:\/\/www.fraterinternacional.org\/en\/transforming-for-the-common-good\/"]}]},{"@type":"BreadcrumbList","@id":"https:\/\/www.fraterinternacional.org\/en\/transforming-for-the-common-good\/#breadcrumb","itemListElement":[{"@type":"ListItem","position":1,"name":"In\u00edcio","item":"https:\/\/www.fraterinternacional.org\/en\/"},{"@type":"ListItem","position":2,"name":"Transforming for the Common Good"}]},{"@type":"WebSite","@id":"https:\/\/www.fraterinternacional.org\/es\/#website","url":"https:\/\/www.fraterinternacional.org\/es\/","name":"Fraternidade - Federa\u00e7\u00e3o Humanit\u00e1ria Internacional","description":"Fraternidade - Federa\u00e7\u00e3o Humanit\u00e1ria Internacional","potentialAction":[{"@type":"SearchAction","target":{"@type":"EntryPoint","urlTemplate":"https:\/\/www.fraterinternacional.org\/es\/?s={search_term_string}"},"query-input":"required name=search_term_string"}],"inLanguage":"en-US"},{"@type":"Person","@id":"https:\/\/www.fraterinternacional.org\/es\/#\/schema\/person\/19cb7a5541fd019768c7fe255d72701e","name":"maducato_admin"}]}},"_links":{"self":[{"href":"https:\/\/www.fraterinternacional.org\/en\/wp-json\/wp\/v2\/posts\/118580"}],"collection":[{"href":"https:\/\/www.fraterinternacional.org\/en\/wp-json\/wp\/v2\/posts"}],"about":[{"href":"https:\/\/www.fraterinternacional.org\/en\/wp-json\/wp\/v2\/types\/post"}],"author":[{"embeddable":true,"href":"https:\/\/www.fraterinternacional.org\/en\/wp-json\/wp\/v2\/users\/4"}],"replies":[{"embeddable":true,"href":"https:\/\/www.fraterinternacional.org\/en\/wp-json\/wp\/v2\/comments?post=118580"}],"version-history":[{"count":0,"href":"https:\/\/www.fraterinternacional.org\/en\/wp-json\/wp\/v2\/posts\/118580\/revisions"}],"wp:featuredmedia":[{"embeddable":true,"href":"https:\/\/www.fraterinternacional.org\/en\/wp-json\/wp\/v2\/media\/118447"}],"wp:attachment":[{"href":"https:\/\/www.fraterinternacional.org\/en\/wp-json\/wp\/v2\/media?parent=118580"}],"wp:term":[{"taxonomy":"category","embeddable":true,"href":"https:\/\/www.fraterinternacional.org\/en\/wp-json\/wp\/v2\/categories?post=118580"},{"taxonomy":"post_tag","embeddable":true,"href":"https:\/\/www.fraterinternacional.org\/en\/wp-json\/wp\/v2\/tags?post=118580"}],"curies":[{"name":"wp","href":"https:\/\/api.w.org\/{rel}","templated":true}]}}