{"id":116955,"date":"2020-08-03T09:44:27","date_gmt":"2020-08-03T12:44:27","guid":{"rendered":"https:\/\/www.fraterinternacional.org\/?p=116955"},"modified":"2020-08-03T09:44:27","modified_gmt":"2020-08-03T12:44:27","slug":"the-light-network-continues-with-its-support-of-the-indigenous-communities-during-the-pandemic","status":"publish","type":"post","link":"https:\/\/www.fraterinternacional.org\/en\/the-light-network-continues-with-its-support-of-the-indigenous-communities-during-the-pandemic\/","title":{"rendered":"The Light-Network Continues with Its Support of the Indigenous Communities During the Pandemic"},"content":{"rendered":"<p style=\"text-align: justify;\">Normally facing difficulties in survival, with innumerable basic needs not provided, many indigenous communities became even more susceptible and helpless because of the worldwide pandemic caused by the coronavirus.<\/p>\n<p style=\"text-align: justify;\">Knowing in depth about the complexity of the situation that these human beings were experiencing, groups of the\u00a0<strong><a href=\"https:\/\/www.fraterinternacional.org\/en\/light-network\/\">Planetary Light-Network<\/a><\/strong>, which are part of the\u00a0<strong><a href=\"https:\/\/www.fraterinternacional.org\/en\/light-network\/\">Fraternity \u2013 International Humanitarian Federation (FIHF)<\/a>,<\/strong> remained committed and determined to continue with the support they were already offering.<\/p>\n<h3 style=\"text-align: justify;\"><b>Joinville Light-Network<\/b><\/h3>\n<p style=\"text-align: justify;\">One of them, the Joinville Light-Network, together with various organizations of the region, helps approximately 640 people, besides the 70 dogs under their care, with the collection and distribution of various essential products for survival, such as food, provisions, and medication for the dogs. Regarding the supplies for the Animal Kingdom, they have the support of the Balne\u00e1rio Cambori\u00fa Light-Network.<\/p>\n\n\t\t<style type=\"text\/css\">\n\t\t\t#gallery-1 {\n\t\t\t\tmargin: auto;\n\t\t\t}\n\t\t\t#gallery-1 .gallery-item {\n\t\t\t\tfloat: left;\n\t\t\t\tmargin-top: 10px;\n\t\t\t\ttext-align: center;\n\t\t\t\twidth: 50%;\n\t\t\t}\n\t\t\t#gallery-1 img {\n\t\t\t\tborder: 2px solid #cfcfcf;\n\t\t\t}\n\t\t\t#gallery-1 .gallery-caption {\n\t\t\t\tmargin-left: 0;\n\t\t\t}\n\t\t\t\/* see gallery_shortcode() in wp-includes\/media.php *\/\n\t\t<\/style>\n\t\t<div id='gallery-1' class='gallery galleryid-116955 gallery-columns-2 gallery-size-fusion-600'><dl class='gallery-item'>\n\t\t\t<dt class='gallery-icon landscape'>\n\t\t\t\t<a data-rel=\"iLightbox[postimages]\" data-title=\"Rede Luz Joinville Pandemia Povos Indigenas FFHI 7\" data-caption=\"\" href='https:\/\/www.fraterinternacional.org\/en\/the-light-network-continues-with-its-support-of-the-indigenous-communities-during-the-pandemic\/rede-luz-joinville-pandemia-povos-indigenas-ffhi-7-2\/'><img decoding=\"async\" width=\"600\" height=\"450\" src=\"https:\/\/www.fraterinternacional.org\/wp-content\/uploads\/2020\/07\/Rede-Luz-Joinville-Pandemia-Povos-Indigenas-FFHI-7-600x450.jpeg\" class=\"attachment-fusion-600 size-fusion-600\" alt=\"Rede-Luz mant\u00e9m assist\u00eancia \u00e0s comunidades ind\u00edgenas\" srcset=\"https:\/\/www.fraterinternacional.org\/wp-content\/uploads\/2020\/07\/Rede-Luz-Joinville-Pandemia-Povos-Indigenas-FFHI-7-200x150.jpeg 200w, https:\/\/www.fraterinternacional.org\/wp-content\/uploads\/2020\/07\/Rede-Luz-Joinville-Pandemia-Povos-Indigenas-FFHI-7-300x225.jpeg 300w, https:\/\/www.fraterinternacional.org\/wp-content\/uploads\/2020\/07\/Rede-Luz-Joinville-Pandemia-Povos-Indigenas-FFHI-7-400x300.jpeg 400w, https:\/\/www.fraterinternacional.org\/wp-content\/uploads\/2020\/07\/Rede-Luz-Joinville-Pandemia-Povos-Indigenas-FFHI-7-600x450.jpeg 600w, https:\/\/www.fraterinternacional.org\/wp-content\/uploads\/2020\/07\/Rede-Luz-Joinville-Pandemia-Povos-Indigenas-FFHI-7-800x600.jpeg 800w, https:\/\/www.fraterinternacional.org\/wp-content\/uploads\/2020\/07\/Rede-Luz-Joinville-Pandemia-Povos-Indigenas-FFHI-7-1024x768.jpeg 1024w, https:\/\/www.fraterinternacional.org\/wp-content\/uploads\/2020\/07\/Rede-Luz-Joinville-Pandemia-Povos-Indigenas-FFHI-7.jpeg 1040w\" sizes=\"(max-width: 600px) 100vw, 600px\" \/><\/a>\n\t\t\t<\/dt><\/dl><dl class='gallery-item'>\n\t\t\t<dt class='gallery-icon landscape'>\n\t\t\t\t<a data-rel=\"iLightbox[postimages]\" data-title=\"Rede Luz Joinvile Pandemia Povos Indigenas FFHI 9.jpeg\" data-caption=\"\" href='https:\/\/www.fraterinternacional.org\/en\/the-light-network-continues-with-its-support-of-the-indigenous-communities-during-the-pandemic\/rede-luz-joinvile-pandemia-povos-indigenas-ffhi-9-jpeg-2\/'><img decoding=\"async\" width=\"600\" height=\"450\" src=\"https:\/\/www.fraterinternacional.org\/wp-content\/uploads\/2020\/07\/Rede-Luz-Joinvile-Pandemia-Povos-Indigenas-FFHI-9.jpeg-600x450.jpg\" class=\"attachment-fusion-600 size-fusion-600\" alt=\"Rede-Luz mant\u00e9m assist\u00eancia \u00e0s comunidades ind\u00edgenas\" srcset=\"https:\/\/www.fraterinternacional.org\/wp-content\/uploads\/2020\/07\/Rede-Luz-Joinvile-Pandemia-Povos-Indigenas-FFHI-9.jpeg-200x150.jpg 200w, https:\/\/www.fraterinternacional.org\/wp-content\/uploads\/2020\/07\/Rede-Luz-Joinvile-Pandemia-Povos-Indigenas-FFHI-9.jpeg-300x225.jpg 300w, https:\/\/www.fraterinternacional.org\/wp-content\/uploads\/2020\/07\/Rede-Luz-Joinvile-Pandemia-Povos-Indigenas-FFHI-9.jpeg-400x300.jpg 400w, https:\/\/www.fraterinternacional.org\/wp-content\/uploads\/2020\/07\/Rede-Luz-Joinvile-Pandemia-Povos-Indigenas-FFHI-9.jpeg-600x450.jpg 600w, https:\/\/www.fraterinternacional.org\/wp-content\/uploads\/2020\/07\/Rede-Luz-Joinvile-Pandemia-Povos-Indigenas-FFHI-9.jpeg-800x600.jpg 800w, https:\/\/www.fraterinternacional.org\/wp-content\/uploads\/2020\/07\/Rede-Luz-Joinvile-Pandemia-Povos-Indigenas-FFHI-9.jpeg.jpg 1000w\" sizes=\"(max-width: 600px) 100vw, 600px\" \/><\/a>\n\t\t\t<\/dt><\/dl><br style=\"clear: both\" \/>\n\t\t<\/div>\n\n<p style=\"font-weight: 400; text-align: justify;\">The eleven indigenous villages of Araquari, Barra do Sul, S\u00e3o Francisco do Sul, Garuva and Mafra are receiving food every two weeks. \u201cAt this moment in the pandemic, we act in the sense of minimizing what is lacking, easing the suffering, and offering solidarity to this vulnerable segment of society,\u201d says the collaborator Luis Alberto Siqueira.<\/p>\n<p style=\"font-weight: 400; text-align: justify;\">The help, which they had already been providing, was redefined with other parameters, through virtual connections with organizations and collaborators to obtain donations, transportation, suitable hygiene, and distribution, while always strictly observing the safety and preventive measures established by the official health organizations.<\/p>\n\n\t\t<style type=\"text\/css\">\n\t\t\t#gallery-2 {\n\t\t\t\tmargin: auto;\n\t\t\t}\n\t\t\t#gallery-2 .gallery-item {\n\t\t\t\tfloat: left;\n\t\t\t\tmargin-top: 10px;\n\t\t\t\ttext-align: center;\n\t\t\t\twidth: 33%;\n\t\t\t}\n\t\t\t#gallery-2 img {\n\t\t\t\tborder: 2px solid #cfcfcf;\n\t\t\t}\n\t\t\t#gallery-2 .gallery-caption {\n\t\t\t\tmargin-left: 0;\n\t\t\t}\n\t\t\t\/* see gallery_shortcode() in wp-includes\/media.php *\/\n\t\t<\/style>\n\t\t<div id='gallery-2' class='gallery galleryid-116955 gallery-columns-3 gallery-size-thumbnail'><dl class='gallery-item'>\n\t\t\t<dt class='gallery-icon portrait'>\n\t\t\t\t<a data-rel=\"iLightbox[postimages]\" data-title=\"Rede Luz Joinville Pandemia Povos Indigenas FFHI 8.jpeg\" data-caption=\"\" href='https:\/\/www.fraterinternacional.org\/wp-content\/uploads\/2020\/07\/Rede-Luz-Joinville-Pandemia-Povos-Indigenas-FFHI-8.jpeg.jpg'><img decoding=\"async\" width=\"150\" height=\"150\" src=\"https:\/\/www.fraterinternacional.org\/wp-content\/uploads\/2020\/07\/Rede-Luz-Joinville-Pandemia-Povos-Indigenas-FFHI-8.jpeg-150x150.jpg\" class=\"attachment-thumbnail size-thumbnail\" alt=\"Rede-Luz mant\u00e9m assist\u00eancia \u00e0s comunidades ind\u00edgenas\" \/><\/a>\n\t\t\t<\/dt><\/dl><dl class='gallery-item'>\n\t\t\t<dt class='gallery-icon landscape'>\n\t\t\t\t<a data-rel=\"iLightbox[postimages]\" data-title=\"Rede Luz Joinville Pandemia Povos Indigenas FFHI 11.jpeg\" data-caption=\"\" href='https:\/\/www.fraterinternacional.org\/wp-content\/uploads\/2020\/07\/Rede-Luz-Joinville-Pandemia-Povos-Indigenas-FFHI-11.jpeg.jpg'><img decoding=\"async\" width=\"150\" height=\"150\" src=\"https:\/\/www.fraterinternacional.org\/wp-content\/uploads\/2020\/07\/Rede-Luz-Joinville-Pandemia-Povos-Indigenas-FFHI-11.jpeg-150x150.jpg\" class=\"attachment-thumbnail size-thumbnail\" alt=\"Rede-Luz mant\u00e9m assist\u00eancia \u00e0s comunidades ind\u00edgenas\" \/><\/a>\n\t\t\t<\/dt><\/dl><dl class='gallery-item'>\n\t\t\t<dt class='gallery-icon portrait'>\n\t\t\t\t<a data-rel=\"iLightbox[postimages]\" data-title=\"Rede Luz Joinvile Pandemia Povos Indigenas FFHI 10\" data-caption=\"\" href='https:\/\/www.fraterinternacional.org\/wp-content\/uploads\/2020\/07\/Rede-Luz-Joinvile-Pandemia-Povos-Indigenas-FFHI-10.jpg'><img decoding=\"async\" width=\"150\" height=\"150\" src=\"https:\/\/www.fraterinternacional.org\/wp-content\/uploads\/2020\/07\/Rede-Luz-Joinvile-Pandemia-Povos-Indigenas-FFHI-10-150x150.jpg\" class=\"attachment-thumbnail size-thumbnail\" alt=\"Rede-Luz mant\u00e9m assist\u00eancia \u00e0s comunidades ind\u00edgenas\" \/><\/a>\n\t\t\t<\/dt><\/dl><br style=\"clear: both\" \/>\n\t\t<\/div>\n\n<p style=\"font-weight: 400; text-align: justify;\">Luis Alberto points out that all the products related to indigenous survival are being taken to the Special Secretariat of Indigenous Health (SESAI) to be sanitized and delivered by that organization to the villages.<\/p>\n<p style=\"font-weight: 400; text-align: justify;\">\u201cThe task must continue while there is a lack in the basic needs for survival of those original peoples of the region,\u201d affirms the collaborator.<\/p>\n<h3 style=\"text-align: justify;\"><b>Paraguay Light-Network<\/b><\/h3>\n<p style=\"font-weight: 400; text-align: justify;\">In the same way and with the same awareness, another group, the Paraguay Light-Network, works in the delivery of food to seven indigenous communities of the Alto Paran\u00e1, called the Mbya Guarani and Av\u00e1 Guarani, in the region of Ciudad del Este, on the border with Brazil.<\/p>\n<p style=\"font-weight: 400; text-align: justify;\">The collaborator Adriana Vallet explains that it is an ongoing task that cares for around 600 people. \u201cThe Paraguay Light-Network, with the help of collaborators of Argentina and Brazil, continues with the work begun by the missionaries of the\u00a0<a href=\"https:\/\/www.fraterinternacional.org\/en\/\"><strong>Fraternity (FIHF)<\/strong><\/a>, in\u00a0<strong><a href=\"https:\/\/www.fraterinternacional.org\/en\/paraguay-mission\/\">2016<\/a><\/strong>.\u201d<\/p>\n\n\t\t<style type=\"text\/css\">\n\t\t\t#gallery-3 {\n\t\t\t\tmargin: auto;\n\t\t\t}\n\t\t\t#gallery-3 .gallery-item {\n\t\t\t\tfloat: left;\n\t\t\t\tmargin-top: 10px;\n\t\t\t\ttext-align: center;\n\t\t\t\twidth: 50%;\n\t\t\t}\n\t\t\t#gallery-3 img {\n\t\t\t\tborder: 2px solid #cfcfcf;\n\t\t\t}\n\t\t\t#gallery-3 .gallery-caption {\n\t\t\t\tmargin-left: 0;\n\t\t\t}\n\t\t\t\/* see gallery_shortcode() in wp-includes\/media.php *\/\n\t\t<\/style>\n\t\t<div id='gallery-3' class='gallery galleryid-116955 gallery-columns-2 gallery-size-fusion-600'><dl class='gallery-item'>\n\t\t\t<dt class='gallery-icon landscape'>\n\t\t\t\t<a data-rel=\"iLightbox[postimages]\" data-title=\"Rede Luz Paraguai Pandemia Povos Indigenas FFHI 6\" data-caption=\"\" href='https:\/\/www.fraterinternacional.org\/wp-content\/uploads\/2020\/07\/Rede-Luz-Paraguai-Pandemia-Povos-Indigenas-FFHI-6.jpeg'><img decoding=\"async\" width=\"600\" height=\"481\" src=\"https:\/\/www.fraterinternacional.org\/wp-content\/uploads\/2020\/07\/Rede-Luz-Paraguai-Pandemia-Povos-Indigenas-FFHI-6-600x481.jpeg\" class=\"attachment-fusion-600 size-fusion-600\" alt=\"Rede-Luz mant\u00e9m assist\u00eancia \u00e0s comunidades ind\u00edgenas\" srcset=\"https:\/\/www.fraterinternacional.org\/wp-content\/uploads\/2020\/07\/Rede-Luz-Paraguai-Pandemia-Povos-Indigenas-FFHI-6-200x160.jpeg 200w, https:\/\/www.fraterinternacional.org\/wp-content\/uploads\/2020\/07\/Rede-Luz-Paraguai-Pandemia-Povos-Indigenas-FFHI-6-300x240.jpeg 300w, https:\/\/www.fraterinternacional.org\/wp-content\/uploads\/2020\/07\/Rede-Luz-Paraguai-Pandemia-Povos-Indigenas-FFHI-6-400x320.jpeg 400w, https:\/\/www.fraterinternacional.org\/wp-content\/uploads\/2020\/07\/Rede-Luz-Paraguai-Pandemia-Povos-Indigenas-FFHI-6-600x481.jpeg 600w, https:\/\/www.fraterinternacional.org\/wp-content\/uploads\/2020\/07\/Rede-Luz-Paraguai-Pandemia-Povos-Indigenas-FFHI-6-800x641.jpeg 800w, https:\/\/www.fraterinternacional.org\/wp-content\/uploads\/2020\/07\/Rede-Luz-Paraguai-Pandemia-Povos-Indigenas-FFHI-6.jpeg 1000w\" sizes=\"(max-width: 600px) 100vw, 600px\" \/><\/a>\n\t\t\t<\/dt><\/dl><dl class='gallery-item'>\n\t\t\t<dt class='gallery-icon landscape'>\n\t\t\t\t<a data-rel=\"iLightbox[postimages]\" data-title=\"Rede Luz Paraguai Pandemia Povos Indigenas FFHI 2\" data-caption=\"\" href='https:\/\/www.fraterinternacional.org\/wp-content\/uploads\/2020\/07\/Rede-Luz-Paraguai-Pandemia-Povos-Indigenas-FFHI-2.jpeg'><img decoding=\"async\" width=\"600\" height=\"450\" src=\"https:\/\/www.fraterinternacional.org\/wp-content\/uploads\/2020\/07\/Rede-Luz-Paraguai-Pandemia-Povos-Indigenas-FFHI-2-600x450.jpeg\" class=\"attachment-fusion-600 size-fusion-600\" alt=\"Rede-Luz mant\u00e9m assist\u00eancia \u00e0s comunidades ind\u00edgenas\" srcset=\"https:\/\/www.fraterinternacional.org\/wp-content\/uploads\/2020\/07\/Rede-Luz-Paraguai-Pandemia-Povos-Indigenas-FFHI-2-200x150.jpeg 200w, https:\/\/www.fraterinternacional.org\/wp-content\/uploads\/2020\/07\/Rede-Luz-Paraguai-Pandemia-Povos-Indigenas-FFHI-2-300x225.jpeg 300w, https:\/\/www.fraterinternacional.org\/wp-content\/uploads\/2020\/07\/Rede-Luz-Paraguai-Pandemia-Povos-Indigenas-FFHI-2-400x300.jpeg 400w, https:\/\/www.fraterinternacional.org\/wp-content\/uploads\/2020\/07\/Rede-Luz-Paraguai-Pandemia-Povos-Indigenas-FFHI-2-600x450.jpeg 600w, https:\/\/www.fraterinternacional.org\/wp-content\/uploads\/2020\/07\/Rede-Luz-Paraguai-Pandemia-Povos-Indigenas-FFHI-2-800x600.jpeg 800w, https:\/\/www.fraterinternacional.org\/wp-content\/uploads\/2020\/07\/Rede-Luz-Paraguai-Pandemia-Povos-Indigenas-FFHI-2.jpeg 1000w\" sizes=\"(max-width: 600px) 100vw, 600px\" \/><\/a>\n\t\t\t<\/dt><\/dl><br style=\"clear: both\" \/>\n\t\t<\/div>\n\n<p style=\"font-weight: 400; text-align: justify;\">Regretting that the group, because of the pandemic, cannot be personally present in the villages, Adriana clarifies that \u201ceven with the quarantine, we are able to continue with sending the food, because we know that those communities are in great need, both because of their extreme poverty and because they don\u2019t have their own land.\u201d<\/p>\n<p style=\"font-weight: 400; text-align: justify;\">Initiatives such as these show that the members of the Light-Network are imbued with the purpose to act for the common good, through donations, not only of material food, but also the gifting of their hearts, so that through the service, love may be established on the whole planet, according to what the manager of the Planetary Light-Network, Mother Maria Cleonice, expresses: \u201cthose actions help to weave hope into the lives of those who suffer and generates an example of determination and courage so that this world may set aside indifference and oversight.\u201d<\/p>\n\n\t\t<style type=\"text\/css\">\n\t\t\t#gallery-4 {\n\t\t\t\tmargin: auto;\n\t\t\t}\n\t\t\t#gallery-4 .gallery-item {\n\t\t\t\tfloat: left;\n\t\t\t\tmargin-top: 10px;\n\t\t\t\ttext-align: center;\n\t\t\t\twidth: 33%;\n\t\t\t}\n\t\t\t#gallery-4 img {\n\t\t\t\tborder: 2px solid #cfcfcf;\n\t\t\t}\n\t\t\t#gallery-4 .gallery-caption {\n\t\t\t\tmargin-left: 0;\n\t\t\t}\n\t\t\t\/* see gallery_shortcode() in wp-includes\/media.php *\/\n\t\t<\/style>\n\t\t<div id='gallery-4' class='gallery galleryid-116955 gallery-columns-3 gallery-size-thumbnail'><dl class='gallery-item'>\n\t\t\t<dt class='gallery-icon landscape'>\n\t\t\t\t<a data-rel=\"iLightbox[postimages]\" data-title=\"Rede Luz Paraguai Pandemia Povos Indigenas FFHI 3\" data-caption=\"\" href='https:\/\/www.fraterinternacional.org\/wp-content\/uploads\/2020\/07\/Rede-Luz-Paraguai-Pandemia-Povos-Indigenas-FFHI-3.jpeg'><img decoding=\"async\" width=\"150\" height=\"150\" src=\"https:\/\/www.fraterinternacional.org\/wp-content\/uploads\/2020\/07\/Rede-Luz-Paraguai-Pandemia-Povos-Indigenas-FFHI-3-150x150.jpeg\" class=\"attachment-thumbnail size-thumbnail\" alt=\"Rede-Luz mant\u00e9m assist\u00eancia \u00e0s comunidades ind\u00edgenas\" \/><\/a>\n\t\t\t<\/dt><\/dl><dl class='gallery-item'>\n\t\t\t<dt class='gallery-icon portrait'>\n\t\t\t\t<a data-rel=\"iLightbox[postimages]\" data-title=\"Rede Luz Paraguai Pandemia Povos Indigenas FFHI 1\" data-caption=\"\" href='https:\/\/www.fraterinternacional.org\/wp-content\/uploads\/2020\/07\/Rede-Luz-Paraguai-Pandemia-Povos-Indigenas-FFHI-1.jpeg'><img decoding=\"async\" width=\"150\" height=\"150\" src=\"https:\/\/www.fraterinternacional.org\/wp-content\/uploads\/2020\/07\/Rede-Luz-Paraguai-Pandemia-Povos-Indigenas-FFHI-1-150x150.jpeg\" class=\"attachment-thumbnail size-thumbnail\" alt=\"Rede-Luz mant\u00e9m assist\u00eancia \u00e0s comunidades ind\u00edgenas\" \/><\/a>\n\t\t\t<\/dt><\/dl><dl class='gallery-item'>\n\t\t\t<dt class='gallery-icon landscape'>\n\t\t\t\t<a data-rel=\"iLightbox[postimages]\" data-title=\"Rede Luz Paraguai Pandemia Povos Indigenas FFHI 4\" data-caption=\"\" href='https:\/\/www.fraterinternacional.org\/wp-content\/uploads\/2020\/07\/Rede-Luz-Paraguai-Pandemia-Povos-Indigenas-FFHI-4.jpeg'><img decoding=\"async\" width=\"150\" height=\"150\" src=\"https:\/\/www.fraterinternacional.org\/wp-content\/uploads\/2020\/07\/Rede-Luz-Paraguai-Pandemia-Povos-Indigenas-FFHI-4-150x150.jpeg\" class=\"attachment-thumbnail size-thumbnail\" alt=\"Rede-Luz mant\u00e9m assist\u00eancia \u00e0s comunidades ind\u00edgenas\" \/><\/a>\n\t\t\t<\/dt><\/dl><br style=\"clear: both\" \/>\n\t\t<\/div>\n\n<p style=\"font-weight: 400;\">Follow other actions of the Planetary Light-Network for the indigenous peoples:<\/p>\n<p style=\"font-weight: 400;\"><strong><a href=\"https:\/\/www.fraterinternacional.org\/en\/volunteers-mobilize-to-help-indigenous-wichi-people-from-argentina\/\">Salta Light-Network<\/a><\/strong><\/p>\n<p style=\"font-weight: 400;\"><strong><a href=\"https:\/\/www.fraterinternacional.org\/en\/the-mbya-guarani-community-receives-donations-from-the-porto-alegre-light-network\/\">Porto Alegre Light-Network<\/a><\/strong><\/p>\n<p style=\"font-weight: 400;\"><strong><a href=\"https:\/\/www.fraterinternacional.org\/en\/network-of-light-argentina-keeps-assisting-indigenous-from-salta\/\">Argentina Light-Network<\/a><\/strong><\/p>\n<p style=\"font-weight: 400;\"><strong><a href=\"https:\/\/www.fraterinternacional.org\/en\/fraternity-defeats-indifference\/\">Northern Argentina Light-Network<\/a><\/strong><\/p>\n<p style=\"font-weight: 400;\"><strong><a href=\"https:\/\/www.fraterinternacional.org\/en\/light-network-of-north-of-argentina-carries-out-13rd-chaco-mission\/\">Chaco Mission<\/a><\/strong><\/p>\n","protected":false},"excerpt":{"rendered":"<p>Normally facing difficulties in survival, with innumerable basic needs not provided, many indigenous communities became even more susceptible and helpless [&hellip;]<\/p>\n","protected":false},"author":4,"featured_media":116938,"comment_status":"closed","ping_status":"closed","sticky":false,"template":"","format":"standard","meta":{"footnotes":""},"categories":[150],"tags":[],"class_list":["post-116955","post","type-post","status-publish","format-standard","has-post-thumbnail","hentry","category-news"],"yoast_head":"<!-- This site is optimized with the Yoast SEO Premium plugin v21.0 (Yoast SEO v21.0) - https:\/\/yoast.com\/wordpress\/plugins\/seo\/ -->\n<title>The Light-Network Continues with Its Support of the Indigenous Communities During the Pandemic<\/title>\n<meta name=\"description\" content=\"Normally facing difficulties in survival, with innumerable basic needs not provided, many indigenous communities became even more susceptible and helpless because of the worldwide pandemic caused by the coronavirus.\" \/>\n<meta name=\"robots\" content=\"index, follow, max-snippet:-1, max-image-preview:large, max-video-preview:-1\" \/>\n<link rel=\"canonical\" href=\"https:\/\/www.fraterinternacional.org\/en\/the-light-network-continues-with-its-support-of-the-indigenous-communities-during-the-pandemic\/\" \/>\n<meta property=\"og:locale\" content=\"en_US\" \/>\n<meta property=\"og:type\" content=\"article\" \/>\n<meta property=\"og:title\" content=\"The Light-Network Continues with Its Support of the Indigenous Communities During the Pandemic\" \/>\n<meta property=\"og:description\" content=\"Normally facing difficulties in survival, with innumerable basic needs not provided, many indigenous communities became even more susceptible and helpless because of the worldwide pandemic caused by the coronavirus.\" \/>\n<meta property=\"og:url\" content=\"https:\/\/www.fraterinternacional.org\/en\/the-light-network-continues-with-its-support-of-the-indigenous-communities-during-the-pandemic\/\" \/>\n<meta property=\"og:site_name\" content=\"Fraternidade - Federa\u00e7\u00e3o Humanit\u00e1ria Internacional\" \/>\n<meta property=\"article:publisher\" content=\"https:\/\/www.facebook.com\/fraternidadehumanitaria\" \/>\n<meta property=\"article:published_time\" content=\"2020-08-03T12:44:27+00:00\" \/>\n<meta property=\"og:image\" content=\"https:\/\/www.fraterinternacional.org\/wp-content\/uploads\/2020\/07\/Rede-Luz-Paraguai-Pandemia-Povos-Indigenas-FFHI-4.jpeg\" \/>\n\t<meta property=\"og:image:width\" content=\"1000\" \/>\n\t<meta property=\"og:image:height\" content=\"750\" \/>\n\t<meta property=\"og:image:type\" content=\"image\/jpeg\" \/>\n<meta name=\"author\" content=\"maducato_admin\" \/>\n<meta name=\"twitter:card\" content=\"summary_large_image\" \/>\n<meta name=\"twitter:creator\" content=\"@fraternidadeFHI\" \/>\n<meta name=\"twitter:site\" content=\"@fraternidadeFHI\" \/>\n<meta name=\"twitter:label1\" content=\"Written by\" \/>\n\t<meta name=\"twitter:data1\" content=\"maducato_admin\" \/>\n\t<meta name=\"twitter:label2\" content=\"Est. reading time\" \/>\n\t<meta name=\"twitter:data2\" content=\"3 minutes\" \/>\n<script type=\"application\/ld+json\" class=\"yoast-schema-graph\">{\"@context\":\"https:\/\/schema.org\",\"@graph\":[{\"@type\":\"WebPage\",\"@id\":\"https:\/\/www.fraterinternacional.org\/en\/the-light-network-continues-with-its-support-of-the-indigenous-communities-during-the-pandemic\/\",\"url\":\"https:\/\/www.fraterinternacional.org\/en\/the-light-network-continues-with-its-support-of-the-indigenous-communities-during-the-pandemic\/\",\"name\":\"The Light-Network Continues with Its Support of the Indigenous Communities During the Pandemic\",\"isPartOf\":{\"@id\":\"https:\/\/www.fraterinternacional.org\/es\/#website\"},\"datePublished\":\"2020-08-03T12:44:27+00:00\",\"dateModified\":\"2020-08-03T12:44:27+00:00\",\"author\":{\"@id\":\"https:\/\/www.fraterinternacional.org\/es\/#\/schema\/person\/19cb7a5541fd019768c7fe255d72701e\"},\"description\":\"Normally facing difficulties in survival, with innumerable basic needs not provided, many indigenous communities became even more susceptible and helpless because of the worldwide pandemic caused by the coronavirus.\",\"breadcrumb\":{\"@id\":\"https:\/\/www.fraterinternacional.org\/en\/the-light-network-continues-with-its-support-of-the-indigenous-communities-during-the-pandemic\/#breadcrumb\"},\"inLanguage\":\"en-US\",\"potentialAction\":[{\"@type\":\"ReadAction\",\"target\":[\"https:\/\/www.fraterinternacional.org\/en\/the-light-network-continues-with-its-support-of-the-indigenous-communities-during-the-pandemic\/\"]}]},{\"@type\":\"BreadcrumbList\",\"@id\":\"https:\/\/www.fraterinternacional.org\/en\/the-light-network-continues-with-its-support-of-the-indigenous-communities-during-the-pandemic\/#breadcrumb\",\"itemListElement\":[{\"@type\":\"ListItem\",\"position\":1,\"name\":\"In\u00edcio\",\"item\":\"https:\/\/www.fraterinternacional.org\/en\/\"},{\"@type\":\"ListItem\",\"position\":2,\"name\":\"The Light-Network Continues with Its Support of the Indigenous Communities During the Pandemic\"}]},{\"@type\":\"WebSite\",\"@id\":\"https:\/\/www.fraterinternacional.org\/es\/#website\",\"url\":\"https:\/\/www.fraterinternacional.org\/es\/\",\"name\":\"Fraternidade - Federa\u00e7\u00e3o Humanit\u00e1ria Internacional\",\"description\":\"Fraternidade - Federa\u00e7\u00e3o Humanit\u00e1ria Internacional\",\"potentialAction\":[{\"@type\":\"SearchAction\",\"target\":{\"@type\":\"EntryPoint\",\"urlTemplate\":\"https:\/\/www.fraterinternacional.org\/es\/?s={search_term_string}\"},\"query-input\":\"required name=search_term_string\"}],\"inLanguage\":\"en-US\"},{\"@type\":\"Person\",\"@id\":\"https:\/\/www.fraterinternacional.org\/es\/#\/schema\/person\/19cb7a5541fd019768c7fe255d72701e\",\"name\":\"maducato_admin\"}]}<\/script>\n<!-- \/ Yoast SEO Premium plugin. -->","yoast_head_json":{"title":"The Light-Network Continues with Its Support of the Indigenous Communities During the Pandemic","description":"Normally facing difficulties in survival, with innumerable basic needs not provided, many indigenous communities became even more susceptible and helpless because of the worldwide pandemic caused by the coronavirus.","robots":{"index":"index","follow":"follow","max-snippet":"max-snippet:-1","max-image-preview":"max-image-preview:large","max-video-preview":"max-video-preview:-1"},"canonical":"https:\/\/www.fraterinternacional.org\/en\/the-light-network-continues-with-its-support-of-the-indigenous-communities-during-the-pandemic\/","og_locale":"en_US","og_type":"article","og_title":"The Light-Network Continues with Its Support of the Indigenous Communities During the Pandemic","og_description":"Normally facing difficulties in survival, with innumerable basic needs not provided, many indigenous communities became even more susceptible and helpless because of the worldwide pandemic caused by the coronavirus.","og_url":"https:\/\/www.fraterinternacional.org\/en\/the-light-network-continues-with-its-support-of-the-indigenous-communities-during-the-pandemic\/","og_site_name":"Fraternidade - Federa\u00e7\u00e3o Humanit\u00e1ria Internacional","article_publisher":"https:\/\/www.facebook.com\/fraternidadehumanitaria","article_published_time":"2020-08-03T12:44:27+00:00","og_image":[{"width":1000,"height":750,"url":"https:\/\/www.fraterinternacional.org\/wp-content\/uploads\/2020\/07\/Rede-Luz-Paraguai-Pandemia-Povos-Indigenas-FFHI-4.jpeg","type":"image\/jpeg"}],"author":"maducato_admin","twitter_card":"summary_large_image","twitter_creator":"@fraternidadeFHI","twitter_site":"@fraternidadeFHI","twitter_misc":{"Written by":"maducato_admin","Est. reading time":"3 minutes"},"schema":{"@context":"https:\/\/schema.org","@graph":[{"@type":"WebPage","@id":"https:\/\/www.fraterinternacional.org\/en\/the-light-network-continues-with-its-support-of-the-indigenous-communities-during-the-pandemic\/","url":"https:\/\/www.fraterinternacional.org\/en\/the-light-network-continues-with-its-support-of-the-indigenous-communities-during-the-pandemic\/","name":"The Light-Network Continues with Its Support of the Indigenous Communities During the Pandemic","isPartOf":{"@id":"https:\/\/www.fraterinternacional.org\/es\/#website"},"datePublished":"2020-08-03T12:44:27+00:00","dateModified":"2020-08-03T12:44:27+00:00","author":{"@id":"https:\/\/www.fraterinternacional.org\/es\/#\/schema\/person\/19cb7a5541fd019768c7fe255d72701e"},"description":"Normally facing difficulties in survival, with innumerable basic needs not provided, many indigenous communities became even more susceptible and helpless because of the worldwide pandemic caused by the coronavirus.","breadcrumb":{"@id":"https:\/\/www.fraterinternacional.org\/en\/the-light-network-continues-with-its-support-of-the-indigenous-communities-during-the-pandemic\/#breadcrumb"},"inLanguage":"en-US","potentialAction":[{"@type":"ReadAction","target":["https:\/\/www.fraterinternacional.org\/en\/the-light-network-continues-with-its-support-of-the-indigenous-communities-during-the-pandemic\/"]}]},{"@type":"BreadcrumbList","@id":"https:\/\/www.fraterinternacional.org\/en\/the-light-network-continues-with-its-support-of-the-indigenous-communities-during-the-pandemic\/#breadcrumb","itemListElement":[{"@type":"ListItem","position":1,"name":"In\u00edcio","item":"https:\/\/www.fraterinternacional.org\/en\/"},{"@type":"ListItem","position":2,"name":"The Light-Network Continues with Its Support of the Indigenous Communities During the Pandemic"}]},{"@type":"WebSite","@id":"https:\/\/www.fraterinternacional.org\/es\/#website","url":"https:\/\/www.fraterinternacional.org\/es\/","name":"Fraternidade - Federa\u00e7\u00e3o Humanit\u00e1ria Internacional","description":"Fraternidade - Federa\u00e7\u00e3o Humanit\u00e1ria Internacional","potentialAction":[{"@type":"SearchAction","target":{"@type":"EntryPoint","urlTemplate":"https:\/\/www.fraterinternacional.org\/es\/?s={search_term_string}"},"query-input":"required name=search_term_string"}],"inLanguage":"en-US"},{"@type":"Person","@id":"https:\/\/www.fraterinternacional.org\/es\/#\/schema\/person\/19cb7a5541fd019768c7fe255d72701e","name":"maducato_admin"}]}},"_links":{"self":[{"href":"https:\/\/www.fraterinternacional.org\/en\/wp-json\/wp\/v2\/posts\/116955"}],"collection":[{"href":"https:\/\/www.fraterinternacional.org\/en\/wp-json\/wp\/v2\/posts"}],"about":[{"href":"https:\/\/www.fraterinternacional.org\/en\/wp-json\/wp\/v2\/types\/post"}],"author":[{"embeddable":true,"href":"https:\/\/www.fraterinternacional.org\/en\/wp-json\/wp\/v2\/users\/4"}],"replies":[{"embeddable":true,"href":"https:\/\/www.fraterinternacional.org\/en\/wp-json\/wp\/v2\/comments?post=116955"}],"version-history":[{"count":0,"href":"https:\/\/www.fraterinternacional.org\/en\/wp-json\/wp\/v2\/posts\/116955\/revisions"}],"wp:featuredmedia":[{"embeddable":true,"href":"https:\/\/www.fraterinternacional.org\/en\/wp-json\/wp\/v2\/media\/116938"}],"wp:attachment":[{"href":"https:\/\/www.fraterinternacional.org\/en\/wp-json\/wp\/v2\/media?parent=116955"}],"wp:term":[{"taxonomy":"category","embeddable":true,"href":"https:\/\/www.fraterinternacional.org\/en\/wp-json\/wp\/v2\/categories?post=116955"},{"taxonomy":"post_tag","embeddable":true,"href":"https:\/\/www.fraterinternacional.org\/en\/wp-json\/wp\/v2\/tags?post=116955"}],"curies":[{"name":"wp","href":"https:\/\/api.w.org\/{rel}","templated":true}]}}