{"id":116947,"date":"2020-08-03T09:28:16","date_gmt":"2020-08-03T12:28:16","guid":{"rendered":"https:\/\/www.fraterinternacional.org\/?p=116947"},"modified":"2020-08-03T09:32:03","modified_gmt":"2020-08-03T12:32:03","slug":"house-of-the-light-on-the-hill-develops-project-of-regenerative-agriculture","status":"publish","type":"post","link":"https:\/\/www.fraterinternacional.org\/en\/house-of-the-light-on-the-hill-develops-project-of-regenerative-agriculture\/","title":{"rendered":"House of the Light on the Hill Develops a Project of Regenerative Agriculture"},"content":{"rendered":"<p style=\"text-align: justify;\">The House of the Light on the Hill, affiliated with the<strong>\u00a0<a href=\"https:\/\/www.fraterinternacional.org\/en\">Fraternity \u2013 International Humanitarian Federation (FIHF)<\/a><\/strong>, is working on an agricultural regenerative project with the goal of producing healthy food while the soil is regenerated and the local biodiversity is increased.<\/p>\n<div class=\"video-shortcode\"><iframe title=\"Casa Luz da Colina desenvolve\u00a0projeto de Agricultura Regenerativa\" width=\"1200\" height=\"675\" src=\"https:\/\/www.youtube.com\/embed\/GdsDziqZhfk?feature=oembed\" frameborder=\"0\" allow=\"accelerometer; autoplay; clipboard-write; encrypted-media; gyroscope; picture-in-picture\" allowfullscreen><\/iframe><\/div>\n<p class=\"p1\" style=\"text-align: justify;\"><div class=\"fusion-sep-clear\"><\/div><div class=\"fusion-separator fusion-full-width-sep\" style=\"margin-left: auto;margin-right: auto;margin-top:10px;width:100%;\"><\/div><div class=\"fusion-sep-clear\"><\/div> Situated in the city of Carmo da Cachoeira, a region of Southern Minas Gerais, the<strong>\u00a0<a href=\"http:\/\/www.casaluzdacolina.org.br\/\">House of the Light on the Hill<\/a><\/strong>\u00a0seeks to become self-sustaining in the production of food. \u201cFor this, the collaborators and volunteers made themselves available to develop this project that will supply food to the House of the Light on the Hill; as for the extra, it will be donated to people who need it the most,\u201d affirms the biologist and collaborator of the Plantings Sector, Tain\u00e1 Navolar.<\/p>\n\n\t\t<style type=\"text\/css\">\n\t\t\t#gallery-1 {\n\t\t\t\tmargin: auto;\n\t\t\t}\n\t\t\t#gallery-1 .gallery-item {\n\t\t\t\tfloat: left;\n\t\t\t\tmargin-top: 10px;\n\t\t\t\ttext-align: center;\n\t\t\t\twidth: 50%;\n\t\t\t}\n\t\t\t#gallery-1 img {\n\t\t\t\tborder: 2px solid #cfcfcf;\n\t\t\t}\n\t\t\t#gallery-1 .gallery-caption {\n\t\t\t\tmargin-left: 0;\n\t\t\t}\n\t\t\t\/* see gallery_shortcode() in wp-includes\/media.php *\/\n\t\t<\/style>\n\t\t<div id='gallery-1' class='gallery galleryid-116947 gallery-columns-2 gallery-size-fusion-600'><dl class='gallery-item'>\n\t\t\t<dt class='gallery-icon landscape'>\n\t\t\t\t<a data-rel=\"iLightbox[postimages]\" data-title=\"AGRICULTURA REGENERATIVA CASA LUZ DA COLINA FFHI 1\" data-caption=\"\" href='https:\/\/www.fraterinternacional.org\/wp-content\/uploads\/2020\/07\/AGRICULTURA-REGENERATIVA-CASA-LUZ-DA-COLINA-FFHI-1.jpg'><img decoding=\"async\" width=\"600\" height=\"338\" src=\"https:\/\/www.fraterinternacional.org\/wp-content\/uploads\/2020\/07\/AGRICULTURA-REGENERATIVA-CASA-LUZ-DA-COLINA-FFHI-1-600x338.jpg\" class=\"attachment-fusion-600 size-fusion-600\" alt=\"Casa Luz da Colina desenvolve projeto de agricultura regenerativa\" srcset=\"https:\/\/www.fraterinternacional.org\/wp-content\/uploads\/2020\/07\/AGRICULTURA-REGENERATIVA-CASA-LUZ-DA-COLINA-FFHI-1-200x113.jpg 200w, https:\/\/www.fraterinternacional.org\/wp-content\/uploads\/2020\/07\/AGRICULTURA-REGENERATIVA-CASA-LUZ-DA-COLINA-FFHI-1-300x169.jpg 300w, https:\/\/www.fraterinternacional.org\/wp-content\/uploads\/2020\/07\/AGRICULTURA-REGENERATIVA-CASA-LUZ-DA-COLINA-FFHI-1-400x225.jpg 400w, https:\/\/www.fraterinternacional.org\/wp-content\/uploads\/2020\/07\/AGRICULTURA-REGENERATIVA-CASA-LUZ-DA-COLINA-FFHI-1-600x338.jpg 600w, https:\/\/www.fraterinternacional.org\/wp-content\/uploads\/2020\/07\/AGRICULTURA-REGENERATIVA-CASA-LUZ-DA-COLINA-FFHI-1-800x450.jpg 800w, https:\/\/www.fraterinternacional.org\/wp-content\/uploads\/2020\/07\/AGRICULTURA-REGENERATIVA-CASA-LUZ-DA-COLINA-FFHI-1.jpg 1000w\" sizes=\"(max-width: 600px) 100vw, 600px\" \/><\/a>\n\t\t\t<\/dt><\/dl><dl class='gallery-item'>\n\t\t\t<dt class='gallery-icon landscape'>\n\t\t\t\t<a data-rel=\"iLightbox[postimages]\" data-title=\"AGRICULTURA REGENERATIVA CASA LUZ DA COLINA FFHI 3\" data-caption=\"\" href='https:\/\/www.fraterinternacional.org\/wp-content\/uploads\/2020\/07\/AGRICULTURA-REGENERATIVA-CASA-LUZ-DA-COLINA-FFHI-3.jpg'><img decoding=\"async\" width=\"600\" height=\"338\" src=\"https:\/\/www.fraterinternacional.org\/wp-content\/uploads\/2020\/07\/AGRICULTURA-REGENERATIVA-CASA-LUZ-DA-COLINA-FFHI-3-600x338.jpg\" class=\"attachment-fusion-600 size-fusion-600\" alt=\"Casa Luz da Colina desenvolve projeto de agricultura regenerativa\" srcset=\"https:\/\/www.fraterinternacional.org\/wp-content\/uploads\/2020\/07\/AGRICULTURA-REGENERATIVA-CASA-LUZ-DA-COLINA-FFHI-3-200x113.jpg 200w, https:\/\/www.fraterinternacional.org\/wp-content\/uploads\/2020\/07\/AGRICULTURA-REGENERATIVA-CASA-LUZ-DA-COLINA-FFHI-3-300x169.jpg 300w, https:\/\/www.fraterinternacional.org\/wp-content\/uploads\/2020\/07\/AGRICULTURA-REGENERATIVA-CASA-LUZ-DA-COLINA-FFHI-3-400x225.jpg 400w, https:\/\/www.fraterinternacional.org\/wp-content\/uploads\/2020\/07\/AGRICULTURA-REGENERATIVA-CASA-LUZ-DA-COLINA-FFHI-3-600x338.jpg 600w, https:\/\/www.fraterinternacional.org\/wp-content\/uploads\/2020\/07\/AGRICULTURA-REGENERATIVA-CASA-LUZ-DA-COLINA-FFHI-3-800x450.jpg 800w, https:\/\/www.fraterinternacional.org\/wp-content\/uploads\/2020\/07\/AGRICULTURA-REGENERATIVA-CASA-LUZ-DA-COLINA-FFHI-3.jpg 1000w\" sizes=\"(max-width: 600px) 100vw, 600px\" \/><\/a>\n\t\t\t<\/dt><\/dl><br style=\"clear: both\" \/>\n\t\t<\/div>\n\n<p style=\"text-align: justify;\">This work is being done in an\u00a0area of 1,500 m<sup>2\u00a0<\/sup>(approx.1\/2 acre) that was used for a long time by the previous owner as pasture for cattle. To regenerate the health of this soil and encourage the life and biodiversity of the area, techniques of Syntropic Agriculture from Ernst Gotsch were used, transmitted by the\u00a0<strong><a href=\"http:\/\/www.comunidadefigueira.org.br\/portal\/en\/\">Light-Community of Figueira<\/a><\/strong>\u00a0through courses with Isa\u00edas Reis.<\/p>\n\n\t\t<style type=\"text\/css\">\n\t\t\t#gallery-2 {\n\t\t\t\tmargin: auto;\n\t\t\t}\n\t\t\t#gallery-2 .gallery-item {\n\t\t\t\tfloat: left;\n\t\t\t\tmargin-top: 10px;\n\t\t\t\ttext-align: center;\n\t\t\t\twidth: 50%;\n\t\t\t}\n\t\t\t#gallery-2 img {\n\t\t\t\tborder: 2px solid #cfcfcf;\n\t\t\t}\n\t\t\t#gallery-2 .gallery-caption {\n\t\t\t\tmargin-left: 0;\n\t\t\t}\n\t\t\t\/* see gallery_shortcode() in wp-includes\/media.php *\/\n\t\t<\/style>\n\t\t<div id='gallery-2' class='gallery galleryid-116947 gallery-columns-2 gallery-size-fusion-600'><dl class='gallery-item'>\n\t\t\t<dt class='gallery-icon landscape'>\n\t\t\t\t<a data-rel=\"iLightbox[postimages]\" data-title=\"AGRICULTURA REGENERATIVA CASA LUZ DA COLINA FFHI 2\" data-caption=\"\" href='https:\/\/www.fraterinternacional.org\/wp-content\/uploads\/2020\/07\/AGRICULTURA-REGENERATIVA-CASA-LUZ-DA-COLINA-FFHI-2.jpg'><img decoding=\"async\" width=\"600\" height=\"338\" src=\"https:\/\/www.fraterinternacional.org\/wp-content\/uploads\/2020\/07\/AGRICULTURA-REGENERATIVA-CASA-LUZ-DA-COLINA-FFHI-2-600x338.jpg\" class=\"attachment-fusion-600 size-fusion-600\" alt=\"Casa Luz da Colina desenvolve projeto de agricultura regenerativa\" srcset=\"https:\/\/www.fraterinternacional.org\/wp-content\/uploads\/2020\/07\/AGRICULTURA-REGENERATIVA-CASA-LUZ-DA-COLINA-FFHI-2-200x113.jpg 200w, https:\/\/www.fraterinternacional.org\/wp-content\/uploads\/2020\/07\/AGRICULTURA-REGENERATIVA-CASA-LUZ-DA-COLINA-FFHI-2-300x169.jpg 300w, https:\/\/www.fraterinternacional.org\/wp-content\/uploads\/2020\/07\/AGRICULTURA-REGENERATIVA-CASA-LUZ-DA-COLINA-FFHI-2-400x225.jpg 400w, https:\/\/www.fraterinternacional.org\/wp-content\/uploads\/2020\/07\/AGRICULTURA-REGENERATIVA-CASA-LUZ-DA-COLINA-FFHI-2-600x338.jpg 600w, https:\/\/www.fraterinternacional.org\/wp-content\/uploads\/2020\/07\/AGRICULTURA-REGENERATIVA-CASA-LUZ-DA-COLINA-FFHI-2-800x450.jpg 800w, https:\/\/www.fraterinternacional.org\/wp-content\/uploads\/2020\/07\/AGRICULTURA-REGENERATIVA-CASA-LUZ-DA-COLINA-FFHI-2.jpg 1000w\" sizes=\"(max-width: 600px) 100vw, 600px\" \/><\/a>\n\t\t\t<\/dt><\/dl><dl class='gallery-item'>\n\t\t\t<dt class='gallery-icon landscape'>\n\t\t\t\t<a data-rel=\"iLightbox[postimages]\" data-title=\"AGRICULTURA REGENERATIVA CASA LUZ DA COLINA FFHI 4\" data-caption=\"\" href='https:\/\/www.fraterinternacional.org\/wp-content\/uploads\/2020\/07\/AGRICULTURA-REGENERATIVA-CASA-LUZ-DA-COLINA-FFHI-4.jpg'><img decoding=\"async\" width=\"600\" height=\"338\" src=\"https:\/\/www.fraterinternacional.org\/wp-content\/uploads\/2020\/07\/AGRICULTURA-REGENERATIVA-CASA-LUZ-DA-COLINA-FFHI-4-600x338.jpg\" class=\"attachment-fusion-600 size-fusion-600\" alt=\"Casa Luz da Colina desenvolve projeto de agricultura regenerativa\" srcset=\"https:\/\/www.fraterinternacional.org\/wp-content\/uploads\/2020\/07\/AGRICULTURA-REGENERATIVA-CASA-LUZ-DA-COLINA-FFHI-4-200x113.jpg 200w, https:\/\/www.fraterinternacional.org\/wp-content\/uploads\/2020\/07\/AGRICULTURA-REGENERATIVA-CASA-LUZ-DA-COLINA-FFHI-4-300x169.jpg 300w, https:\/\/www.fraterinternacional.org\/wp-content\/uploads\/2020\/07\/AGRICULTURA-REGENERATIVA-CASA-LUZ-DA-COLINA-FFHI-4-400x225.jpg 400w, https:\/\/www.fraterinternacional.org\/wp-content\/uploads\/2020\/07\/AGRICULTURA-REGENERATIVA-CASA-LUZ-DA-COLINA-FFHI-4-600x338.jpg 600w, https:\/\/www.fraterinternacional.org\/wp-content\/uploads\/2020\/07\/AGRICULTURA-REGENERATIVA-CASA-LUZ-DA-COLINA-FFHI-4-800x450.jpg 800w, https:\/\/www.fraterinternacional.org\/wp-content\/uploads\/2020\/07\/AGRICULTURA-REGENERATIVA-CASA-LUZ-DA-COLINA-FFHI-4.jpg 1000w\" sizes=\"(max-width: 600px) 100vw, 600px\" \/><\/a>\n\t\t\t<\/dt><\/dl><br style=\"clear: both\" \/>\n\t\t<\/div>\n\n<p style=\"text-align: justify;\">\u201cWe planted some rows of fruit trees and plants that act as fertilizers, and on those same rows we are cultivating vegetables; in this way, we take care of the trees and optimize the natural resources and the workforce. Up to now we have planted an assortment of 50 species, and our goal is to expand the plantings in quantity and biodiversity,\u201d explains Tain\u00e1.<\/p>\n\n\t\t<style type=\"text\/css\">\n\t\t\t#gallery-3 {\n\t\t\t\tmargin: auto;\n\t\t\t}\n\t\t\t#gallery-3 .gallery-item {\n\t\t\t\tfloat: left;\n\t\t\t\tmargin-top: 10px;\n\t\t\t\ttext-align: center;\n\t\t\t\twidth: 50%;\n\t\t\t}\n\t\t\t#gallery-3 img {\n\t\t\t\tborder: 2px solid #cfcfcf;\n\t\t\t}\n\t\t\t#gallery-3 .gallery-caption {\n\t\t\t\tmargin-left: 0;\n\t\t\t}\n\t\t\t\/* see gallery_shortcode() in wp-includes\/media.php *\/\n\t\t<\/style>\n\t\t<div id='gallery-3' class='gallery galleryid-116947 gallery-columns-2 gallery-size-fusion-600'><dl class='gallery-item'>\n\t\t\t<dt class='gallery-icon landscape'>\n\t\t\t\t<a data-rel=\"iLightbox[postimages]\" data-title=\"AGRICULTURA REGENERATIVA CASA LUZ DA COLINA FFHI 7\" data-caption=\"\" href='https:\/\/www.fraterinternacional.org\/wp-content\/uploads\/2020\/07\/AGRICULTURA-REGENERATIVA-CASA-LUZ-DA-COLINA-FFHI-7.jpg'><img decoding=\"async\" width=\"600\" height=\"338\" src=\"https:\/\/www.fraterinternacional.org\/wp-content\/uploads\/2020\/07\/AGRICULTURA-REGENERATIVA-CASA-LUZ-DA-COLINA-FFHI-7-600x338.jpg\" class=\"attachment-fusion-600 size-fusion-600\" alt=\"Casa Luz da Colina desenvolve projeto de agricultura regenerativa\" srcset=\"https:\/\/www.fraterinternacional.org\/wp-content\/uploads\/2020\/07\/AGRICULTURA-REGENERATIVA-CASA-LUZ-DA-COLINA-FFHI-7-200x113.jpg 200w, https:\/\/www.fraterinternacional.org\/wp-content\/uploads\/2020\/07\/AGRICULTURA-REGENERATIVA-CASA-LUZ-DA-COLINA-FFHI-7-300x169.jpg 300w, https:\/\/www.fraterinternacional.org\/wp-content\/uploads\/2020\/07\/AGRICULTURA-REGENERATIVA-CASA-LUZ-DA-COLINA-FFHI-7-400x225.jpg 400w, https:\/\/www.fraterinternacional.org\/wp-content\/uploads\/2020\/07\/AGRICULTURA-REGENERATIVA-CASA-LUZ-DA-COLINA-FFHI-7-600x338.jpg 600w, https:\/\/www.fraterinternacional.org\/wp-content\/uploads\/2020\/07\/AGRICULTURA-REGENERATIVA-CASA-LUZ-DA-COLINA-FFHI-7-800x450.jpg 800w, https:\/\/www.fraterinternacional.org\/wp-content\/uploads\/2020\/07\/AGRICULTURA-REGENERATIVA-CASA-LUZ-DA-COLINA-FFHI-7.jpg 1000w\" sizes=\"(max-width: 600px) 100vw, 600px\" \/><\/a>\n\t\t\t<\/dt><\/dl><dl class='gallery-item'>\n\t\t\t<dt class='gallery-icon landscape'>\n\t\t\t\t<a data-rel=\"iLightbox[postimages]\" data-title=\"AGRICULTURA REGENERATIVA CASA LUZ DA COLINA FFHI 6\" data-caption=\"\" href='https:\/\/www.fraterinternacional.org\/wp-content\/uploads\/2020\/07\/AGRICULTURA-REGENERATIVA-CASA-LUZ-DA-COLINA-FFHI-6.jpg'><img decoding=\"async\" width=\"600\" height=\"338\" src=\"https:\/\/www.fraterinternacional.org\/wp-content\/uploads\/2020\/07\/AGRICULTURA-REGENERATIVA-CASA-LUZ-DA-COLINA-FFHI-6-600x338.jpg\" class=\"attachment-fusion-600 size-fusion-600\" alt=\"Casa Luz da Colina desenvolve projeto de agricultura regenerativa\" srcset=\"https:\/\/www.fraterinternacional.org\/wp-content\/uploads\/2020\/07\/AGRICULTURA-REGENERATIVA-CASA-LUZ-DA-COLINA-FFHI-6-200x113.jpg 200w, https:\/\/www.fraterinternacional.org\/wp-content\/uploads\/2020\/07\/AGRICULTURA-REGENERATIVA-CASA-LUZ-DA-COLINA-FFHI-6-300x169.jpg 300w, https:\/\/www.fraterinternacional.org\/wp-content\/uploads\/2020\/07\/AGRICULTURA-REGENERATIVA-CASA-LUZ-DA-COLINA-FFHI-6-400x225.jpg 400w, https:\/\/www.fraterinternacional.org\/wp-content\/uploads\/2020\/07\/AGRICULTURA-REGENERATIVA-CASA-LUZ-DA-COLINA-FFHI-6-600x338.jpg 600w, https:\/\/www.fraterinternacional.org\/wp-content\/uploads\/2020\/07\/AGRICULTURA-REGENERATIVA-CASA-LUZ-DA-COLINA-FFHI-6-800x450.jpg 800w, https:\/\/www.fraterinternacional.org\/wp-content\/uploads\/2020\/07\/AGRICULTURA-REGENERATIVA-CASA-LUZ-DA-COLINA-FFHI-6.jpg 1000w\" sizes=\"(max-width: 600px) 100vw, 600px\" \/><\/a>\n\t\t\t<\/dt><\/dl><br style=\"clear: both\" \/>\n\t\t<\/div>\n\n<p style=\"text-align: justify;\">Concerning the donation of food to the low-income community, Tain\u00e1 affirms: \u201cI believe that the offering and the vital energy of the food can foster relationships of fraternity and care, generating hope and renewal for this difficult time we are going through together,\u201d she ends.<\/p>\n<p style=\"text-align: justify;\">\n","protected":false},"excerpt":{"rendered":"<p>The House of the Light on the Hill, affiliated with the\u00a0Fraternity \u2013 International Humanitarian Federation (FIHF), is working on an [&hellip;]<\/p>\n","protected":false},"author":4,"featured_media":116866,"comment_status":"closed","ping_status":"closed","sticky":false,"template":"","format":"standard","meta":{"footnotes":""},"categories":[150],"tags":[],"class_list":["post-116947","post","type-post","status-publish","format-standard","has-post-thumbnail","hentry","category-news"],"yoast_head":"<!-- This site is optimized with the Yoast SEO Premium plugin v21.0 (Yoast SEO v21.0) - https:\/\/yoast.com\/wordpress\/plugins\/seo\/ -->\n<title>House of the Light on the Hill Develops a Project of Regenerative Agriculture<\/title>\n<meta name=\"description\" content=\"The House of the Light on the Hill, affiliated with the Fraternity \u2013 International Humanitarian Federation (FIHF), is working on an agricultural regenerative project with the goal of producing healthy food while the soil is regenerated and the local biodiversity is increased.\" \/>\n<meta name=\"robots\" content=\"index, follow, max-snippet:-1, max-image-preview:large, max-video-preview:-1\" \/>\n<link rel=\"canonical\" href=\"https:\/\/www.fraterinternacional.org\/en\/house-of-the-light-on-the-hill-develops-project-of-regenerative-agriculture\/\" \/>\n<meta property=\"og:locale\" content=\"en_US\" \/>\n<meta property=\"og:type\" content=\"article\" \/>\n<meta property=\"og:title\" content=\"House of the Light on the Hill Develops a Project of Regenerative Agriculture\" \/>\n<meta property=\"og:description\" content=\"The House of the Light on the Hill, affiliated with the Fraternity \u2013 International Humanitarian Federation (FIHF), is working on an agricultural regenerative project with the goal of producing healthy food while the soil is regenerated and the local biodiversity is increased.\" \/>\n<meta property=\"og:url\" content=\"https:\/\/www.fraterinternacional.org\/en\/house-of-the-light-on-the-hill-develops-project-of-regenerative-agriculture\/\" \/>\n<meta property=\"og:site_name\" content=\"Fraternidade - Federa\u00e7\u00e3o Humanit\u00e1ria Internacional\" \/>\n<meta property=\"article:publisher\" content=\"https:\/\/www.facebook.com\/fraternidadehumanitaria\" \/>\n<meta property=\"article:published_time\" content=\"2020-08-03T12:28:16+00:00\" \/>\n<meta property=\"article:modified_time\" content=\"2020-08-03T12:32:03+00:00\" \/>\n<meta property=\"og:image\" content=\"https:\/\/www.fraterinternacional.org\/wp-content\/uploads\/2020\/07\/AGRICULTURA-REGENERATIVA-CASA-LUZ-DA-COLINA-FFHI-6.jpg\" \/>\n\t<meta property=\"og:image:width\" content=\"1000\" \/>\n\t<meta property=\"og:image:height\" content=\"563\" \/>\n\t<meta property=\"og:image:type\" content=\"image\/jpeg\" \/>\n<meta name=\"author\" content=\"maducato_admin\" \/>\n<meta name=\"twitter:card\" content=\"summary_large_image\" \/>\n<meta name=\"twitter:creator\" content=\"@fraternidadeFHI\" \/>\n<meta name=\"twitter:site\" content=\"@fraternidadeFHI\" \/>\n<meta name=\"twitter:label1\" content=\"Written by\" \/>\n\t<meta name=\"twitter:data1\" content=\"maducato_admin\" \/>\n\t<meta name=\"twitter:label2\" content=\"Est. reading time\" \/>\n\t<meta name=\"twitter:data2\" content=\"2 minutes\" \/>\n<script type=\"application\/ld+json\" class=\"yoast-schema-graph\">{\"@context\":\"https:\/\/schema.org\",\"@graph\":[{\"@type\":\"WebPage\",\"@id\":\"https:\/\/www.fraterinternacional.org\/en\/house-of-the-light-on-the-hill-develops-project-of-regenerative-agriculture\/\",\"url\":\"https:\/\/www.fraterinternacional.org\/en\/house-of-the-light-on-the-hill-develops-project-of-regenerative-agriculture\/\",\"name\":\"House of the Light on the Hill Develops a Project of Regenerative Agriculture\",\"isPartOf\":{\"@id\":\"https:\/\/www.fraterinternacional.org\/es\/#website\"},\"datePublished\":\"2020-08-03T12:28:16+00:00\",\"dateModified\":\"2020-08-03T12:32:03+00:00\",\"author\":{\"@id\":\"https:\/\/www.fraterinternacional.org\/es\/#\/schema\/person\/19cb7a5541fd019768c7fe255d72701e\"},\"description\":\"The House of the Light on the Hill, affiliated with the Fraternity \u2013 International Humanitarian Federation (FIHF), is working on an agricultural regenerative project with the goal of producing healthy food while the soil is regenerated and the local biodiversity is increased.\",\"breadcrumb\":{\"@id\":\"https:\/\/www.fraterinternacional.org\/en\/house-of-the-light-on-the-hill-develops-project-of-regenerative-agriculture\/#breadcrumb\"},\"inLanguage\":\"en-US\",\"potentialAction\":[{\"@type\":\"ReadAction\",\"target\":[\"https:\/\/www.fraterinternacional.org\/en\/house-of-the-light-on-the-hill-develops-project-of-regenerative-agriculture\/\"]}]},{\"@type\":\"BreadcrumbList\",\"@id\":\"https:\/\/www.fraterinternacional.org\/en\/house-of-the-light-on-the-hill-develops-project-of-regenerative-agriculture\/#breadcrumb\",\"itemListElement\":[{\"@type\":\"ListItem\",\"position\":1,\"name\":\"In\u00edcio\",\"item\":\"https:\/\/www.fraterinternacional.org\/en\/\"},{\"@type\":\"ListItem\",\"position\":2,\"name\":\"House of the Light on the Hill Develops a Project of Regenerative Agriculture\"}]},{\"@type\":\"WebSite\",\"@id\":\"https:\/\/www.fraterinternacional.org\/es\/#website\",\"url\":\"https:\/\/www.fraterinternacional.org\/es\/\",\"name\":\"Fraternidade - Federa\u00e7\u00e3o Humanit\u00e1ria Internacional\",\"description\":\"Fraternidade - Federa\u00e7\u00e3o Humanit\u00e1ria Internacional\",\"potentialAction\":[{\"@type\":\"SearchAction\",\"target\":{\"@type\":\"EntryPoint\",\"urlTemplate\":\"https:\/\/www.fraterinternacional.org\/es\/?s={search_term_string}\"},\"query-input\":\"required name=search_term_string\"}],\"inLanguage\":\"en-US\"},{\"@type\":\"Person\",\"@id\":\"https:\/\/www.fraterinternacional.org\/es\/#\/schema\/person\/19cb7a5541fd019768c7fe255d72701e\",\"name\":\"maducato_admin\"}]}<\/script>\n<!-- \/ Yoast SEO Premium plugin. -->","yoast_head_json":{"title":"House of the Light on the Hill Develops a Project of Regenerative Agriculture","description":"The House of the Light on the Hill, affiliated with the Fraternity \u2013 International Humanitarian Federation (FIHF), is working on an agricultural regenerative project with the goal of producing healthy food while the soil is regenerated and the local biodiversity is increased.","robots":{"index":"index","follow":"follow","max-snippet":"max-snippet:-1","max-image-preview":"max-image-preview:large","max-video-preview":"max-video-preview:-1"},"canonical":"https:\/\/www.fraterinternacional.org\/en\/house-of-the-light-on-the-hill-develops-project-of-regenerative-agriculture\/","og_locale":"en_US","og_type":"article","og_title":"House of the Light on the Hill Develops a Project of Regenerative Agriculture","og_description":"The House of the Light on the Hill, affiliated with the Fraternity \u2013 International Humanitarian Federation (FIHF), is working on an agricultural regenerative project with the goal of producing healthy food while the soil is regenerated and the local biodiversity is increased.","og_url":"https:\/\/www.fraterinternacional.org\/en\/house-of-the-light-on-the-hill-develops-project-of-regenerative-agriculture\/","og_site_name":"Fraternidade - Federa\u00e7\u00e3o Humanit\u00e1ria Internacional","article_publisher":"https:\/\/www.facebook.com\/fraternidadehumanitaria","article_published_time":"2020-08-03T12:28:16+00:00","article_modified_time":"2020-08-03T12:32:03+00:00","og_image":[{"width":1000,"height":563,"url":"https:\/\/www.fraterinternacional.org\/wp-content\/uploads\/2020\/07\/AGRICULTURA-REGENERATIVA-CASA-LUZ-DA-COLINA-FFHI-6.jpg","type":"image\/jpeg"}],"author":"maducato_admin","twitter_card":"summary_large_image","twitter_creator":"@fraternidadeFHI","twitter_site":"@fraternidadeFHI","twitter_misc":{"Written by":"maducato_admin","Est. reading time":"2 minutes"},"schema":{"@context":"https:\/\/schema.org","@graph":[{"@type":"WebPage","@id":"https:\/\/www.fraterinternacional.org\/en\/house-of-the-light-on-the-hill-develops-project-of-regenerative-agriculture\/","url":"https:\/\/www.fraterinternacional.org\/en\/house-of-the-light-on-the-hill-develops-project-of-regenerative-agriculture\/","name":"House of the Light on the Hill Develops a Project of Regenerative Agriculture","isPartOf":{"@id":"https:\/\/www.fraterinternacional.org\/es\/#website"},"datePublished":"2020-08-03T12:28:16+00:00","dateModified":"2020-08-03T12:32:03+00:00","author":{"@id":"https:\/\/www.fraterinternacional.org\/es\/#\/schema\/person\/19cb7a5541fd019768c7fe255d72701e"},"description":"The House of the Light on the Hill, affiliated with the Fraternity \u2013 International Humanitarian Federation (FIHF), is working on an agricultural regenerative project with the goal of producing healthy food while the soil is regenerated and the local biodiversity is increased.","breadcrumb":{"@id":"https:\/\/www.fraterinternacional.org\/en\/house-of-the-light-on-the-hill-develops-project-of-regenerative-agriculture\/#breadcrumb"},"inLanguage":"en-US","potentialAction":[{"@type":"ReadAction","target":["https:\/\/www.fraterinternacional.org\/en\/house-of-the-light-on-the-hill-develops-project-of-regenerative-agriculture\/"]}]},{"@type":"BreadcrumbList","@id":"https:\/\/www.fraterinternacional.org\/en\/house-of-the-light-on-the-hill-develops-project-of-regenerative-agriculture\/#breadcrumb","itemListElement":[{"@type":"ListItem","position":1,"name":"In\u00edcio","item":"https:\/\/www.fraterinternacional.org\/en\/"},{"@type":"ListItem","position":2,"name":"House of the Light on the Hill Develops a Project of Regenerative Agriculture"}]},{"@type":"WebSite","@id":"https:\/\/www.fraterinternacional.org\/es\/#website","url":"https:\/\/www.fraterinternacional.org\/es\/","name":"Fraternidade - Federa\u00e7\u00e3o Humanit\u00e1ria Internacional","description":"Fraternidade - Federa\u00e7\u00e3o Humanit\u00e1ria Internacional","potentialAction":[{"@type":"SearchAction","target":{"@type":"EntryPoint","urlTemplate":"https:\/\/www.fraterinternacional.org\/es\/?s={search_term_string}"},"query-input":"required name=search_term_string"}],"inLanguage":"en-US"},{"@type":"Person","@id":"https:\/\/www.fraterinternacional.org\/es\/#\/schema\/person\/19cb7a5541fd019768c7fe255d72701e","name":"maducato_admin"}]}},"_links":{"self":[{"href":"https:\/\/www.fraterinternacional.org\/en\/wp-json\/wp\/v2\/posts\/116947"}],"collection":[{"href":"https:\/\/www.fraterinternacional.org\/en\/wp-json\/wp\/v2\/posts"}],"about":[{"href":"https:\/\/www.fraterinternacional.org\/en\/wp-json\/wp\/v2\/types\/post"}],"author":[{"embeddable":true,"href":"https:\/\/www.fraterinternacional.org\/en\/wp-json\/wp\/v2\/users\/4"}],"replies":[{"embeddable":true,"href":"https:\/\/www.fraterinternacional.org\/en\/wp-json\/wp\/v2\/comments?post=116947"}],"version-history":[{"count":0,"href":"https:\/\/www.fraterinternacional.org\/en\/wp-json\/wp\/v2\/posts\/116947\/revisions"}],"wp:featuredmedia":[{"embeddable":true,"href":"https:\/\/www.fraterinternacional.org\/en\/wp-json\/wp\/v2\/media\/116866"}],"wp:attachment":[{"href":"https:\/\/www.fraterinternacional.org\/en\/wp-json\/wp\/v2\/media?parent=116947"}],"wp:term":[{"taxonomy":"category","embeddable":true,"href":"https:\/\/www.fraterinternacional.org\/en\/wp-json\/wp\/v2\/categories?post=116947"},{"taxonomy":"post_tag","embeddable":true,"href":"https:\/\/www.fraterinternacional.org\/en\/wp-json\/wp\/v2\/tags?post=116947"}],"curies":[{"name":"wp","href":"https:\/\/api.w.org\/{rel}","templated":true}]}}