{"id":114661,"date":"2020-05-15T10:17:08","date_gmt":"2020-05-15T13:17:08","guid":{"rendered":"https:\/\/www.fraterinternacional.org\/?p=114661"},"modified":"2020-05-15T10:17:08","modified_gmt":"2020-05-15T13:17:08","slug":"advances-in-the-agroforestry-system-of-the-light-community-of-aurora-in-uruguay","status":"publish","type":"post","link":"https:\/\/www.fraterinternacional.org\/en\/advances-in-the-agroforestry-system-of-the-light-community-of-aurora-in-uruguay\/","title":{"rendered":"Advances in the Agroforestry System of the Light-Community of Aurora, in Uruguay"},"content":{"rendered":"<p style=\"text-align: justify;\">After the course on Agroforestry done in February 2019, the\u00a0<strong><a href=\"https:\/\/www.fraternidadaurora.org\/pt-br\/comunidade-luz\">Light-Community Fraternity of Aurora<\/a><\/strong>, affiliated with the\u00a0<strong><a href=\"https:\/\/www.fraterinternacional.org\/\">Fraternity \u2013 International Humanitarian Federation (FIHF)<\/a>,<\/strong> continued moving forward with the implementation of this system and, in addition, in bringing the heirloom seeds bank up to date. Up until now, trees have been planted, the soil adjusted with nutrients and vegetation recently planted in the area of R2 chosen according to what was designed to optimize the method.<\/p>\n\n\t\t<style type=\"text\/css\">\n\t\t\t#gallery-1 {\n\t\t\t\tmargin: auto;\n\t\t\t}\n\t\t\t#gallery-1 .gallery-item {\n\t\t\t\tfloat: left;\n\t\t\t\tmargin-top: 10px;\n\t\t\t\ttext-align: center;\n\t\t\t\twidth: 50%;\n\t\t\t}\n\t\t\t#gallery-1 img {\n\t\t\t\tborder: 2px solid #cfcfcf;\n\t\t\t}\n\t\t\t#gallery-1 .gallery-caption {\n\t\t\t\tmargin-left: 0;\n\t\t\t}\n\t\t\t\/* see gallery_shortcode() in wp-includes\/media.php *\/\n\t\t<\/style>\n\t\t<div id='gallery-1' class='gallery galleryid-114661 gallery-columns-2 gallery-size-fusion-400'><dl class='gallery-item'>\n\t\t\t<dt class='gallery-icon landscape'>\n\t\t\t\t<a data-rel=\"iLightbox[postimages]\" data-title=\"agrofloresta-cuminidade-aurora-FFHI06\" data-caption=\"\" href='https:\/\/www.fraterinternacional.org\/wp-content\/uploads\/2020\/05\/agrofloresta-cuminidade-aurora-FFHI06.jpg'><img decoding=\"async\" width=\"400\" height=\"267\" src=\"https:\/\/www.fraterinternacional.org\/wp-content\/uploads\/2020\/05\/agrofloresta-cuminidade-aurora-FFHI06-400x267.jpg\" class=\"attachment-fusion-400 size-fusion-400\" alt=\"Sistemas Agroflorestais em Aurora\" srcset=\"https:\/\/www.fraterinternacional.org\/wp-content\/uploads\/2020\/05\/agrofloresta-cuminidade-aurora-FFHI06-200x133.jpg 200w, https:\/\/www.fraterinternacional.org\/wp-content\/uploads\/2020\/05\/agrofloresta-cuminidade-aurora-FFHI06-300x200.jpg 300w, https:\/\/www.fraterinternacional.org\/wp-content\/uploads\/2020\/05\/agrofloresta-cuminidade-aurora-FFHI06-400x267.jpg 400w, https:\/\/www.fraterinternacional.org\/wp-content\/uploads\/2020\/05\/agrofloresta-cuminidade-aurora-FFHI06-600x400.jpg 600w, https:\/\/www.fraterinternacional.org\/wp-content\/uploads\/2020\/05\/agrofloresta-cuminidade-aurora-FFHI06-800x534.jpg 800w, https:\/\/www.fraterinternacional.org\/wp-content\/uploads\/2020\/05\/agrofloresta-cuminidade-aurora-FFHI06.jpg 1000w\" sizes=\"(max-width: 400px) 100vw, 400px\" \/><\/a>\n\t\t\t<\/dt><\/dl><dl class='gallery-item'>\n\t\t\t<dt class='gallery-icon landscape'>\n\t\t\t\t<a data-rel=\"iLightbox[postimages]\" data-title=\"agrofloresta-cuminidade-aurora-FFHI01\" data-caption=\"\" href='https:\/\/www.fraterinternacional.org\/wp-content\/uploads\/2020\/05\/agrofloresta-cuminidade-aurora-FFHI01.jpg'><img decoding=\"async\" width=\"400\" height=\"267\" src=\"https:\/\/www.fraterinternacional.org\/wp-content\/uploads\/2020\/05\/agrofloresta-cuminidade-aurora-FFHI01-400x267.jpg\" class=\"attachment-fusion-400 size-fusion-400\" alt=\"Sistemas Agroflorestais em Aurora\" srcset=\"https:\/\/www.fraterinternacional.org\/wp-content\/uploads\/2020\/05\/agrofloresta-cuminidade-aurora-FFHI01-200x133.jpg 200w, https:\/\/www.fraterinternacional.org\/wp-content\/uploads\/2020\/05\/agrofloresta-cuminidade-aurora-FFHI01-300x200.jpg 300w, https:\/\/www.fraterinternacional.org\/wp-content\/uploads\/2020\/05\/agrofloresta-cuminidade-aurora-FFHI01-400x267.jpg 400w, https:\/\/www.fraterinternacional.org\/wp-content\/uploads\/2020\/05\/agrofloresta-cuminidade-aurora-FFHI01-600x400.jpg 600w, https:\/\/www.fraterinternacional.org\/wp-content\/uploads\/2020\/05\/agrofloresta-cuminidade-aurora-FFHI01-800x534.jpg 800w, https:\/\/www.fraterinternacional.org\/wp-content\/uploads\/2020\/05\/agrofloresta-cuminidade-aurora-FFHI01.jpg 1000w\" sizes=\"(max-width: 400px) 100vw, 400px\" \/><\/a>\n\t\t\t<\/dt><\/dl><br style=\"clear: both\" \/>\n\t\t<\/div>\n\n<p style=\"text-align: justify;\">The agroforestry is being implemented in all the\u00a0<strong><a href=\"https:\/\/www.fraterinternacional.org\/filiadas\/#comunidades\">Light-Communities<\/a>\u00a0<\/strong>as an ecologically sustainable system based on the integration of agriculture and forestry. This allows the soil to be renewed naturally, taking advantage of the greatest benefit that the trees provide with the fixing of the soil, the retention of water, and the renewal of nutrients through the dropping of organic matter. At the same time, the Communities apply spiritual teachings connecting the human being with nature, providing the earth with what it needs, keeping the natural diversity always in balance with natural Laws so that the Law of Manifestation may be present. In the excerpt taken from the Esoteric Lexicon,\u00a0<strong><a href=\"https:\/\/www.trigueirinho.org.br\/\">Jos\u00e9 Trigueirinho Netto<\/a>\u00a0<\/strong>explains:<\/p>\n<p style=\"text-align: justify;\">\u201cThe true need of each moment is provided in the right measure when it is in correct attunement.\u201d<\/p>\n<p style=\"text-align: justify;\">The experience, technology and the ways to cultivate that the\u00a0<strong><a href=\"http:\/\/www.comunidadefigueira.org.br\/portal\/\">Light-Community of Figueira<\/a><\/strong>\u00a0developed over the years is becoming the foundation and the example for the\u00a0<strong><a href=\"https:\/\/www.fraternidadaurora.org\/pt-br\/comunidade-luz\">Community of Aurora<\/a>.<\/strong> Besides applying it to the plants, the experience allowed an impulse to be given in the renewal, storing, and categorization of the heirloom seed bank. \u201cThe purpose of the bank is to have a collection of heirloom seeds, also called native, that are seeds that have not gone through a process of genetic modification or cross-pollinated with other species, which are called hybrid seeds. This allows the cultivation with the same characteristics over time, maintaining a stronger and healthier plant,\u201d says Friar Uriel, a monk of the\u00a0<a href=\"https:\/\/www.mensajerosdivinos.org\/pt-br\/ordem-graca-misericordia\"><strong>Grace Mercy Order (GMO)<\/strong><\/a>\u00a0and a member of the cultivation group of the Community.<\/p>\n\n\t\t<style type=\"text\/css\">\n\t\t\t#gallery-2 {\n\t\t\t\tmargin: auto;\n\t\t\t}\n\t\t\t#gallery-2 .gallery-item {\n\t\t\t\tfloat: left;\n\t\t\t\tmargin-top: 10px;\n\t\t\t\ttext-align: center;\n\t\t\t\twidth: 50%;\n\t\t\t}\n\t\t\t#gallery-2 img {\n\t\t\t\tborder: 2px solid #cfcfcf;\n\t\t\t}\n\t\t\t#gallery-2 .gallery-caption {\n\t\t\t\tmargin-left: 0;\n\t\t\t}\n\t\t\t\/* see gallery_shortcode() in wp-includes\/media.php *\/\n\t\t<\/style>\n\t\t<div id='gallery-2' class='gallery galleryid-114661 gallery-columns-2 gallery-size-fusion-400'><dl class='gallery-item'>\n\t\t\t<dt class='gallery-icon landscape'>\n\t\t\t\t<a data-rel=\"iLightbox[postimages]\" data-title=\"agrofloresta-cuminidade-aurora-FFHI04\" data-caption=\"\" href='https:\/\/www.fraterinternacional.org\/wp-content\/uploads\/2020\/05\/agrofloresta-cuminidade-aurora-FFHI04.jpg'><img decoding=\"async\" width=\"400\" height=\"267\" src=\"https:\/\/www.fraterinternacional.org\/wp-content\/uploads\/2020\/05\/agrofloresta-cuminidade-aurora-FFHI04-400x267.jpg\" class=\"attachment-fusion-400 size-fusion-400\" alt=\"Sistemas Agroflorestais em Aurora\" srcset=\"https:\/\/www.fraterinternacional.org\/wp-content\/uploads\/2020\/05\/agrofloresta-cuminidade-aurora-FFHI04-200x133.jpg 200w, https:\/\/www.fraterinternacional.org\/wp-content\/uploads\/2020\/05\/agrofloresta-cuminidade-aurora-FFHI04-300x200.jpg 300w, https:\/\/www.fraterinternacional.org\/wp-content\/uploads\/2020\/05\/agrofloresta-cuminidade-aurora-FFHI04-400x267.jpg 400w, https:\/\/www.fraterinternacional.org\/wp-content\/uploads\/2020\/05\/agrofloresta-cuminidade-aurora-FFHI04-600x400.jpg 600w, https:\/\/www.fraterinternacional.org\/wp-content\/uploads\/2020\/05\/agrofloresta-cuminidade-aurora-FFHI04-800x534.jpg 800w, https:\/\/www.fraterinternacional.org\/wp-content\/uploads\/2020\/05\/agrofloresta-cuminidade-aurora-FFHI04.jpg 1000w\" sizes=\"(max-width: 400px) 100vw, 400px\" \/><\/a>\n\t\t\t<\/dt><\/dl><dl class='gallery-item'>\n\t\t\t<dt class='gallery-icon landscape'>\n\t\t\t\t<a data-rel=\"iLightbox[postimages]\" data-title=\"agrofloresta-cuminidade-aurora-FFHI05\" data-caption=\"\" href='https:\/\/www.fraterinternacional.org\/wp-content\/uploads\/2020\/05\/agrofloresta-cuminidade-aurora-FFHI05.jpg'><img decoding=\"async\" width=\"400\" height=\"267\" src=\"https:\/\/www.fraterinternacional.org\/wp-content\/uploads\/2020\/05\/agrofloresta-cuminidade-aurora-FFHI05-400x267.jpg\" class=\"attachment-fusion-400 size-fusion-400\" alt=\"Sistemas Agroflorestais em Aurora\" srcset=\"https:\/\/www.fraterinternacional.org\/wp-content\/uploads\/2020\/05\/agrofloresta-cuminidade-aurora-FFHI05-200x133.jpg 200w, https:\/\/www.fraterinternacional.org\/wp-content\/uploads\/2020\/05\/agrofloresta-cuminidade-aurora-FFHI05-300x200.jpg 300w, https:\/\/www.fraterinternacional.org\/wp-content\/uploads\/2020\/05\/agrofloresta-cuminidade-aurora-FFHI05-400x267.jpg 400w, https:\/\/www.fraterinternacional.org\/wp-content\/uploads\/2020\/05\/agrofloresta-cuminidade-aurora-FFHI05-600x400.jpg 600w, https:\/\/www.fraterinternacional.org\/wp-content\/uploads\/2020\/05\/agrofloresta-cuminidade-aurora-FFHI05-800x534.jpg 800w, https:\/\/www.fraterinternacional.org\/wp-content\/uploads\/2020\/05\/agrofloresta-cuminidade-aurora-FFHI05.jpg 1000w\" sizes=\"(max-width: 400px) 100vw, 400px\" \/><\/a>\n\t\t\t<\/dt><\/dl><br style=\"clear: both\" \/>\n\t\t<\/div>\n\n<p style=\"font-weight: 400; text-align: justify;\">As this process was suspended for a time and needs to be renewed every year, the bank is being updated with varieties of native seeds from Uruguay. Meanwhile, in the Community, the seeds produced in the plantations are also being selected and planted to achieve this quality of purity.<\/p>\n<p style=\"font-weight: 400; text-align: justify;\">During 2019, in the agroforestry system, the trees grew in a satisfactory manner, but in relation to the adjustment of the soil, there were difficulties because of the rain that washed out the nutrients that had been applied. For this reason, the vegetables planted found it difficult to germinate and grow. After several attempts at nutrition, progress was made in March of 2020, which permitted the decision to carry out a new planting.<\/p>\n<p style=\"font-weight: 400; text-align: justify;\">Between the rows of various species of trees, small rows of plants were put in place as initial evidence of this new cycle of self-supplying. Among the species planted are broccoli, cauliflower, chard, cabbage, artichokes, herbs, and celery, among others that will be added soon. Friar Uriel emphasizes, \u201cthat agroforestry has the quality of creating a culture that allows plants to be closer to each other through a system of strata that allows a large production of food in a small area, which does not happen with other techniques.\u201d<\/p>\n\n\t\t<style type=\"text\/css\">\n\t\t\t#gallery-3 {\n\t\t\t\tmargin: auto;\n\t\t\t}\n\t\t\t#gallery-3 .gallery-item {\n\t\t\t\tfloat: left;\n\t\t\t\tmargin-top: 10px;\n\t\t\t\ttext-align: center;\n\t\t\t\twidth: 50%;\n\t\t\t}\n\t\t\t#gallery-3 img {\n\t\t\t\tborder: 2px solid #cfcfcf;\n\t\t\t}\n\t\t\t#gallery-3 .gallery-caption {\n\t\t\t\tmargin-left: 0;\n\t\t\t}\n\t\t\t\/* see gallery_shortcode() in wp-includes\/media.php *\/\n\t\t<\/style>\n\t\t<div id='gallery-3' class='gallery galleryid-114661 gallery-columns-2 gallery-size-fusion-400'><dl class='gallery-item'>\n\t\t\t<dt class='gallery-icon landscape'>\n\t\t\t\t<a data-rel=\"iLightbox[postimages]\" data-title=\"agrofloresta-cuminidade-aurora-FFHI02\" data-caption=\"\" href='https:\/\/www.fraterinternacional.org\/wp-content\/uploads\/2020\/05\/agrofloresta-cuminidade-aurora-FFHI02.jpg'><img decoding=\"async\" width=\"400\" height=\"267\" src=\"https:\/\/www.fraterinternacional.org\/wp-content\/uploads\/2020\/05\/agrofloresta-cuminidade-aurora-FFHI02-400x267.jpg\" class=\"attachment-fusion-400 size-fusion-400\" alt=\"Sistemas Agroflorestais em Aurora\" srcset=\"https:\/\/www.fraterinternacional.org\/wp-content\/uploads\/2020\/05\/agrofloresta-cuminidade-aurora-FFHI02-200x133.jpg 200w, https:\/\/www.fraterinternacional.org\/wp-content\/uploads\/2020\/05\/agrofloresta-cuminidade-aurora-FFHI02-300x200.jpg 300w, https:\/\/www.fraterinternacional.org\/wp-content\/uploads\/2020\/05\/agrofloresta-cuminidade-aurora-FFHI02-400x267.jpg 400w, https:\/\/www.fraterinternacional.org\/wp-content\/uploads\/2020\/05\/agrofloresta-cuminidade-aurora-FFHI02-600x400.jpg 600w, https:\/\/www.fraterinternacional.org\/wp-content\/uploads\/2020\/05\/agrofloresta-cuminidade-aurora-FFHI02-800x534.jpg 800w, https:\/\/www.fraterinternacional.org\/wp-content\/uploads\/2020\/05\/agrofloresta-cuminidade-aurora-FFHI02.jpg 1000w\" sizes=\"(max-width: 400px) 100vw, 400px\" \/><\/a>\n\t\t\t<\/dt><\/dl><dl class='gallery-item'>\n\t\t\t<dt class='gallery-icon landscape'>\n\t\t\t\t<a data-rel=\"iLightbox[postimages]\" data-title=\"agrofloresta-cuminidade-aurora-FFHI08\" data-caption=\"\" href='https:\/\/www.fraterinternacional.org\/wp-content\/uploads\/2020\/05\/agrofloresta-cuminidade-aurora-FFHI08.jpg'><img decoding=\"async\" width=\"400\" height=\"267\" src=\"https:\/\/www.fraterinternacional.org\/wp-content\/uploads\/2020\/05\/agrofloresta-cuminidade-aurora-FFHI08-400x267.jpg\" class=\"attachment-fusion-400 size-fusion-400\" alt=\"Sistemas Agroflorestais em Aurora\" srcset=\"https:\/\/www.fraterinternacional.org\/wp-content\/uploads\/2020\/05\/agrofloresta-cuminidade-aurora-FFHI08-200x133.jpg 200w, https:\/\/www.fraterinternacional.org\/wp-content\/uploads\/2020\/05\/agrofloresta-cuminidade-aurora-FFHI08-300x200.jpg 300w, https:\/\/www.fraterinternacional.org\/wp-content\/uploads\/2020\/05\/agrofloresta-cuminidade-aurora-FFHI08-400x267.jpg 400w, https:\/\/www.fraterinternacional.org\/wp-content\/uploads\/2020\/05\/agrofloresta-cuminidade-aurora-FFHI08-600x400.jpg 600w, https:\/\/www.fraterinternacional.org\/wp-content\/uploads\/2020\/05\/agrofloresta-cuminidade-aurora-FFHI08-800x534.jpg 800w, https:\/\/www.fraterinternacional.org\/wp-content\/uploads\/2020\/05\/agrofloresta-cuminidade-aurora-FFHI08.jpg 1000w\" sizes=\"(max-width: 400px) 100vw, 400px\" \/><\/a>\n\t\t\t<\/dt><\/dl><br style=\"clear: both\" \/>\n\t\t<\/div>\n\n<p style=\"font-weight: 400; text-align: justify;\">Maintenance requires daily irrigation, a controlled defense to contain pests, and soil treatment so that it does not lose fertility. However, due to the water retention and the amount of organic matter generated by the trees, after a few years it will be possible to see the difference in soil nutrition and thus, the need for maintenance will be sporadic. Simultaneously with this project, spaces are being organized that are favorable for new agroforestry systems. In them, the soil will be recovered with rock dust and green manure, then the trees will be planted, and when the soil is ready, wheat and corn will be planted.<\/p>\n<p style=\"font-weight: 400; text-align: justify;\">\u201cHaving fertile soil and heirloom seeds, we will be able to have food for an indeterminate period, a self-sustaining source for the whole Community,\u201d concludes Friar Uriel.<\/p>\n\n\t\t<style type=\"text\/css\">\n\t\t\t#gallery-4 {\n\t\t\t\tmargin: auto;\n\t\t\t}\n\t\t\t#gallery-4 .gallery-item {\n\t\t\t\tfloat: left;\n\t\t\t\tmargin-top: 10px;\n\t\t\t\ttext-align: center;\n\t\t\t\twidth: 50%;\n\t\t\t}\n\t\t\t#gallery-4 img {\n\t\t\t\tborder: 2px solid #cfcfcf;\n\t\t\t}\n\t\t\t#gallery-4 .gallery-caption {\n\t\t\t\tmargin-left: 0;\n\t\t\t}\n\t\t\t\/* see gallery_shortcode() in wp-includes\/media.php *\/\n\t\t<\/style>\n\t\t<div id='gallery-4' class='gallery galleryid-114661 gallery-columns-2 gallery-size-fusion-400'><dl class='gallery-item'>\n\t\t\t<dt class='gallery-icon landscape'>\n\t\t\t\t<a data-rel=\"iLightbox[postimages]\" data-title=\"agrofloresta-cuminidade-aurora-FFHI03\" data-caption=\"\" href='https:\/\/www.fraterinternacional.org\/wp-content\/uploads\/2020\/05\/agrofloresta-cuminidade-aurora-FFHI03.jpg'><img decoding=\"async\" width=\"400\" height=\"267\" src=\"https:\/\/www.fraterinternacional.org\/wp-content\/uploads\/2020\/05\/agrofloresta-cuminidade-aurora-FFHI03-400x267.jpg\" class=\"attachment-fusion-400 size-fusion-400\" alt=\"Sistemas Agroflorestais em Aurora\" srcset=\"https:\/\/www.fraterinternacional.org\/wp-content\/uploads\/2020\/05\/agrofloresta-cuminidade-aurora-FFHI03-200x133.jpg 200w, https:\/\/www.fraterinternacional.org\/wp-content\/uploads\/2020\/05\/agrofloresta-cuminidade-aurora-FFHI03-300x200.jpg 300w, https:\/\/www.fraterinternacional.org\/wp-content\/uploads\/2020\/05\/agrofloresta-cuminidade-aurora-FFHI03-400x267.jpg 400w, https:\/\/www.fraterinternacional.org\/wp-content\/uploads\/2020\/05\/agrofloresta-cuminidade-aurora-FFHI03-600x400.jpg 600w, https:\/\/www.fraterinternacional.org\/wp-content\/uploads\/2020\/05\/agrofloresta-cuminidade-aurora-FFHI03-800x534.jpg 800w, https:\/\/www.fraterinternacional.org\/wp-content\/uploads\/2020\/05\/agrofloresta-cuminidade-aurora-FFHI03.jpg 1000w\" sizes=\"(max-width: 400px) 100vw, 400px\" \/><\/a>\n\t\t\t<\/dt><\/dl><dl class='gallery-item'>\n\t\t\t<dt class='gallery-icon landscape'>\n\t\t\t\t<a data-rel=\"iLightbox[postimages]\" data-title=\"agrofloresta-cuminidade-aurora-FFHI07\" data-caption=\"\" href='https:\/\/www.fraterinternacional.org\/wp-content\/uploads\/2020\/05\/agrofloresta-cuminidade-aurora-FFHI07.jpg'><img decoding=\"async\" width=\"400\" height=\"267\" src=\"https:\/\/www.fraterinternacional.org\/wp-content\/uploads\/2020\/05\/agrofloresta-cuminidade-aurora-FFHI07-400x267.jpg\" class=\"attachment-fusion-400 size-fusion-400\" alt=\"Sistemas Agroflorestais em Aurora\" srcset=\"https:\/\/www.fraterinternacional.org\/wp-content\/uploads\/2020\/05\/agrofloresta-cuminidade-aurora-FFHI07-200x133.jpg 200w, https:\/\/www.fraterinternacional.org\/wp-content\/uploads\/2020\/05\/agrofloresta-cuminidade-aurora-FFHI07-300x200.jpg 300w, https:\/\/www.fraterinternacional.org\/wp-content\/uploads\/2020\/05\/agrofloresta-cuminidade-aurora-FFHI07-400x267.jpg 400w, https:\/\/www.fraterinternacional.org\/wp-content\/uploads\/2020\/05\/agrofloresta-cuminidade-aurora-FFHI07-600x400.jpg 600w, https:\/\/www.fraterinternacional.org\/wp-content\/uploads\/2020\/05\/agrofloresta-cuminidade-aurora-FFHI07-800x534.jpg 800w, https:\/\/www.fraterinternacional.org\/wp-content\/uploads\/2020\/05\/agrofloresta-cuminidade-aurora-FFHI07.jpg 1000w\" sizes=\"(max-width: 400px) 100vw, 400px\" \/><\/a>\n\t\t\t<\/dt><\/dl><br style=\"clear: both\" \/>\n\t\t<\/div>\n\n","protected":false},"excerpt":{"rendered":"<p>After the course on Agroforestry done in February 2019, the\u00a0Light-Community Fraternity of Aurora, affiliated with the\u00a0Fraternity \u2013 International Humanitarian Federation [&hellip;]<\/p>\n","protected":false},"author":4,"featured_media":114599,"comment_status":"closed","ping_status":"closed","sticky":false,"template":"","format":"standard","meta":{"footnotes":""},"categories":[150],"tags":[],"class_list":["post-114661","post","type-post","status-publish","format-standard","has-post-thumbnail","hentry","category-news"],"yoast_head":"<!-- This site is optimized with the Yoast SEO Premium plugin v21.0 (Yoast SEO v21.0) - https:\/\/yoast.com\/wordpress\/plugins\/seo\/ -->\n<title>Advances in the Agroforestry System of the Light-Community of Aurora, in Uruguay<\/title>\n<meta name=\"description\" content=\"After the course on Agroforestry done in February 2019, the Light-Community Fraternity of Aurora, affiliated with the Fraternity \u2013 International Humanitarian Federation (FIHF), continued moving forward with the implementation of this system and, in addition, in bringing the heirloom seeds bank up to date. Up until now, trees have been planted, the soil adjusted with nutrients and vegetation recently planted in the area of R2 chosen according to what was designed to optimize the method.\" \/>\n<meta name=\"robots\" content=\"index, follow, max-snippet:-1, max-image-preview:large, max-video-preview:-1\" \/>\n<link rel=\"canonical\" href=\"https:\/\/www.fraterinternacional.org\/en\/advances-in-the-agroforestry-system-of-the-light-community-of-aurora-in-uruguay\/\" \/>\n<meta property=\"og:locale\" content=\"en_US\" \/>\n<meta property=\"og:type\" content=\"article\" \/>\n<meta property=\"og:title\" content=\"Advances in the Agroforestry System of the Light-Community of Aurora, in Uruguay\" \/>\n<meta property=\"og:description\" content=\"After the course on Agroforestry done in February 2019, the Light-Community Fraternity of Aurora, affiliated with the Fraternity \u2013 International Humanitarian Federation (FIHF), continued moving forward with the implementation of this system and, in addition, in bringing the heirloom seeds bank up to date. Up until now, trees have been planted, the soil adjusted with nutrients and vegetation recently planted in the area of R2 chosen according to what was designed to optimize the method.\" \/>\n<meta property=\"og:url\" content=\"https:\/\/www.fraterinternacional.org\/en\/advances-in-the-agroforestry-system-of-the-light-community-of-aurora-in-uruguay\/\" \/>\n<meta property=\"og:site_name\" content=\"Fraternidade - Federa\u00e7\u00e3o Humanit\u00e1ria Internacional\" \/>\n<meta property=\"article:publisher\" content=\"https:\/\/www.facebook.com\/fraternidadehumanitaria\" \/>\n<meta property=\"article:published_time\" content=\"2020-05-15T13:17:08+00:00\" \/>\n<meta property=\"og:image\" content=\"https:\/\/www.fraterinternacional.org\/wp-content\/uploads\/2020\/05\/agrofloresta-cuminidade-aurora-FFHI01.jpg\" \/>\n\t<meta property=\"og:image:width\" content=\"1000\" \/>\n\t<meta property=\"og:image:height\" content=\"667\" \/>\n\t<meta property=\"og:image:type\" content=\"image\/jpeg\" \/>\n<meta name=\"author\" content=\"maducato_admin\" \/>\n<meta name=\"twitter:card\" content=\"summary_large_image\" \/>\n<meta name=\"twitter:creator\" content=\"@fraternidadeFHI\" \/>\n<meta name=\"twitter:site\" content=\"@fraternidadeFHI\" \/>\n<meta name=\"twitter:label1\" content=\"Written by\" \/>\n\t<meta name=\"twitter:data1\" content=\"maducato_admin\" \/>\n\t<meta name=\"twitter:label2\" content=\"Est. reading time\" \/>\n\t<meta name=\"twitter:data2\" content=\"4 minutes\" \/>\n<script type=\"application\/ld+json\" class=\"yoast-schema-graph\">{\"@context\":\"https:\/\/schema.org\",\"@graph\":[{\"@type\":\"WebPage\",\"@id\":\"https:\/\/www.fraterinternacional.org\/en\/advances-in-the-agroforestry-system-of-the-light-community-of-aurora-in-uruguay\/\",\"url\":\"https:\/\/www.fraterinternacional.org\/en\/advances-in-the-agroforestry-system-of-the-light-community-of-aurora-in-uruguay\/\",\"name\":\"Advances in the Agroforestry System of the Light-Community of Aurora, in Uruguay\",\"isPartOf\":{\"@id\":\"https:\/\/www.fraterinternacional.org\/es\/#website\"},\"datePublished\":\"2020-05-15T13:17:08+00:00\",\"dateModified\":\"2020-05-15T13:17:08+00:00\",\"author\":{\"@id\":\"https:\/\/www.fraterinternacional.org\/es\/#\/schema\/person\/19cb7a5541fd019768c7fe255d72701e\"},\"description\":\"After the course on Agroforestry done in February 2019, the Light-Community Fraternity of Aurora, affiliated with the Fraternity \u2013 International Humanitarian Federation (FIHF), continued moving forward with the implementation of this system and, in addition, in bringing the heirloom seeds bank up to date. Up until now, trees have been planted, the soil adjusted with nutrients and vegetation recently planted in the area of R2 chosen according to what was designed to optimize the method.\",\"breadcrumb\":{\"@id\":\"https:\/\/www.fraterinternacional.org\/en\/advances-in-the-agroforestry-system-of-the-light-community-of-aurora-in-uruguay\/#breadcrumb\"},\"inLanguage\":\"en-US\",\"potentialAction\":[{\"@type\":\"ReadAction\",\"target\":[\"https:\/\/www.fraterinternacional.org\/en\/advances-in-the-agroforestry-system-of-the-light-community-of-aurora-in-uruguay\/\"]}]},{\"@type\":\"BreadcrumbList\",\"@id\":\"https:\/\/www.fraterinternacional.org\/en\/advances-in-the-agroforestry-system-of-the-light-community-of-aurora-in-uruguay\/#breadcrumb\",\"itemListElement\":[{\"@type\":\"ListItem\",\"position\":1,\"name\":\"In\u00edcio\",\"item\":\"https:\/\/www.fraterinternacional.org\/en\/\"},{\"@type\":\"ListItem\",\"position\":2,\"name\":\"Advances in the Agroforestry System of the Light-Community of Aurora, in Uruguay\"}]},{\"@type\":\"WebSite\",\"@id\":\"https:\/\/www.fraterinternacional.org\/es\/#website\",\"url\":\"https:\/\/www.fraterinternacional.org\/es\/\",\"name\":\"Fraternidade - Federa\u00e7\u00e3o Humanit\u00e1ria Internacional\",\"description\":\"Fraternidade - Federa\u00e7\u00e3o Humanit\u00e1ria Internacional\",\"potentialAction\":[{\"@type\":\"SearchAction\",\"target\":{\"@type\":\"EntryPoint\",\"urlTemplate\":\"https:\/\/www.fraterinternacional.org\/es\/?s={search_term_string}\"},\"query-input\":\"required name=search_term_string\"}],\"inLanguage\":\"en-US\"},{\"@type\":\"Person\",\"@id\":\"https:\/\/www.fraterinternacional.org\/es\/#\/schema\/person\/19cb7a5541fd019768c7fe255d72701e\",\"name\":\"maducato_admin\"}]}<\/script>\n<!-- \/ Yoast SEO Premium plugin. -->","yoast_head_json":{"title":"Advances in the Agroforestry System of the Light-Community of Aurora, in Uruguay","description":"After the course on Agroforestry done in February 2019, the Light-Community Fraternity of Aurora, affiliated with the Fraternity \u2013 International Humanitarian Federation (FIHF), continued moving forward with the implementation of this system and, in addition, in bringing the heirloom seeds bank up to date. Up until now, trees have been planted, the soil adjusted with nutrients and vegetation recently planted in the area of R2 chosen according to what was designed to optimize the method.","robots":{"index":"index","follow":"follow","max-snippet":"max-snippet:-1","max-image-preview":"max-image-preview:large","max-video-preview":"max-video-preview:-1"},"canonical":"https:\/\/www.fraterinternacional.org\/en\/advances-in-the-agroforestry-system-of-the-light-community-of-aurora-in-uruguay\/","og_locale":"en_US","og_type":"article","og_title":"Advances in the Agroforestry System of the Light-Community of Aurora, in Uruguay","og_description":"After the course on Agroforestry done in February 2019, the Light-Community Fraternity of Aurora, affiliated with the Fraternity \u2013 International Humanitarian Federation (FIHF), continued moving forward with the implementation of this system and, in addition, in bringing the heirloom seeds bank up to date. Up until now, trees have been planted, the soil adjusted with nutrients and vegetation recently planted in the area of R2 chosen according to what was designed to optimize the method.","og_url":"https:\/\/www.fraterinternacional.org\/en\/advances-in-the-agroforestry-system-of-the-light-community-of-aurora-in-uruguay\/","og_site_name":"Fraternidade - Federa\u00e7\u00e3o Humanit\u00e1ria Internacional","article_publisher":"https:\/\/www.facebook.com\/fraternidadehumanitaria","article_published_time":"2020-05-15T13:17:08+00:00","og_image":[{"width":1000,"height":667,"url":"https:\/\/www.fraterinternacional.org\/wp-content\/uploads\/2020\/05\/agrofloresta-cuminidade-aurora-FFHI01.jpg","type":"image\/jpeg"}],"author":"maducato_admin","twitter_card":"summary_large_image","twitter_creator":"@fraternidadeFHI","twitter_site":"@fraternidadeFHI","twitter_misc":{"Written by":"maducato_admin","Est. reading time":"4 minutes"},"schema":{"@context":"https:\/\/schema.org","@graph":[{"@type":"WebPage","@id":"https:\/\/www.fraterinternacional.org\/en\/advances-in-the-agroforestry-system-of-the-light-community-of-aurora-in-uruguay\/","url":"https:\/\/www.fraterinternacional.org\/en\/advances-in-the-agroforestry-system-of-the-light-community-of-aurora-in-uruguay\/","name":"Advances in the Agroforestry System of the Light-Community of Aurora, in Uruguay","isPartOf":{"@id":"https:\/\/www.fraterinternacional.org\/es\/#website"},"datePublished":"2020-05-15T13:17:08+00:00","dateModified":"2020-05-15T13:17:08+00:00","author":{"@id":"https:\/\/www.fraterinternacional.org\/es\/#\/schema\/person\/19cb7a5541fd019768c7fe255d72701e"},"description":"After the course on Agroforestry done in February 2019, the Light-Community Fraternity of Aurora, affiliated with the Fraternity \u2013 International Humanitarian Federation (FIHF), continued moving forward with the implementation of this system and, in addition, in bringing the heirloom seeds bank up to date. Up until now, trees have been planted, the soil adjusted with nutrients and vegetation recently planted in the area of R2 chosen according to what was designed to optimize the method.","breadcrumb":{"@id":"https:\/\/www.fraterinternacional.org\/en\/advances-in-the-agroforestry-system-of-the-light-community-of-aurora-in-uruguay\/#breadcrumb"},"inLanguage":"en-US","potentialAction":[{"@type":"ReadAction","target":["https:\/\/www.fraterinternacional.org\/en\/advances-in-the-agroforestry-system-of-the-light-community-of-aurora-in-uruguay\/"]}]},{"@type":"BreadcrumbList","@id":"https:\/\/www.fraterinternacional.org\/en\/advances-in-the-agroforestry-system-of-the-light-community-of-aurora-in-uruguay\/#breadcrumb","itemListElement":[{"@type":"ListItem","position":1,"name":"In\u00edcio","item":"https:\/\/www.fraterinternacional.org\/en\/"},{"@type":"ListItem","position":2,"name":"Advances in the Agroforestry System of the Light-Community of Aurora, in Uruguay"}]},{"@type":"WebSite","@id":"https:\/\/www.fraterinternacional.org\/es\/#website","url":"https:\/\/www.fraterinternacional.org\/es\/","name":"Fraternidade - Federa\u00e7\u00e3o Humanit\u00e1ria Internacional","description":"Fraternidade - Federa\u00e7\u00e3o Humanit\u00e1ria Internacional","potentialAction":[{"@type":"SearchAction","target":{"@type":"EntryPoint","urlTemplate":"https:\/\/www.fraterinternacional.org\/es\/?s={search_term_string}"},"query-input":"required name=search_term_string"}],"inLanguage":"en-US"},{"@type":"Person","@id":"https:\/\/www.fraterinternacional.org\/es\/#\/schema\/person\/19cb7a5541fd019768c7fe255d72701e","name":"maducato_admin"}]}},"_links":{"self":[{"href":"https:\/\/www.fraterinternacional.org\/en\/wp-json\/wp\/v2\/posts\/114661"}],"collection":[{"href":"https:\/\/www.fraterinternacional.org\/en\/wp-json\/wp\/v2\/posts"}],"about":[{"href":"https:\/\/www.fraterinternacional.org\/en\/wp-json\/wp\/v2\/types\/post"}],"author":[{"embeddable":true,"href":"https:\/\/www.fraterinternacional.org\/en\/wp-json\/wp\/v2\/users\/4"}],"replies":[{"embeddable":true,"href":"https:\/\/www.fraterinternacional.org\/en\/wp-json\/wp\/v2\/comments?post=114661"}],"version-history":[{"count":0,"href":"https:\/\/www.fraterinternacional.org\/en\/wp-json\/wp\/v2\/posts\/114661\/revisions"}],"wp:featuredmedia":[{"embeddable":true,"href":"https:\/\/www.fraterinternacional.org\/en\/wp-json\/wp\/v2\/media\/114599"}],"wp:attachment":[{"href":"https:\/\/www.fraterinternacional.org\/en\/wp-json\/wp\/v2\/media?parent=114661"}],"wp:term":[{"taxonomy":"category","embeddable":true,"href":"https:\/\/www.fraterinternacional.org\/en\/wp-json\/wp\/v2\/categories?post=114661"},{"taxonomy":"post_tag","embeddable":true,"href":"https:\/\/www.fraterinternacional.org\/en\/wp-json\/wp\/v2\/tags?post=114661"}],"curies":[{"name":"wp","href":"https:\/\/api.w.org\/{rel}","templated":true}]}}