{"id":11425,"date":"2016-01-30T15:43:40","date_gmt":"2016-01-30T18:43:40","guid":{"rendered":"http:\/\/www.fraterinternacional.org\/en\/?p=11425"},"modified":"2016-11-01T19:26:54","modified_gmt":"2016-11-01T22:26:54","slug":"next-saturday-there-will-be-meeting-of-service-in-the-marian-center-of-the-child-king","status":"publish","type":"post","link":"https:\/\/www.fraterinternacional.org\/en\/next-saturday-there-will-be-meeting-of-service-in-the-marian-center-of-the-child-king\/","title":{"rendered":"Next Saturday there will be a Meeting of Service in the Marian Center of the Child-King"},"content":{"rendered":"<p style=\"text-align: justify;\"><a href=\"http:\/\/www.fraterinternacional.org\/wp-content\/uploads\/2016\/01\/SITE_FFHI_menino-rei2-1.jpg\" rel=\"attachment wp-att-11417\"><img decoding=\"async\" class=\"alignleft size-medium wp-image-11417\" src=\"http:\/\/www.fraterinternacional.org\/wp-content\/uploads\/2016\/01\/SITE_FFHI_menino-rei2-1-300x169.jpg\" alt=\"SITE_FFHI_menino-rei2\" width=\"300\" height=\"169\" srcset=\"https:\/\/www.fraterinternacional.org\/wp-content\/uploads\/2016\/01\/SITE_FFHI_menino-rei2-1-200x113.jpg 200w, https:\/\/www.fraterinternacional.org\/wp-content\/uploads\/2016\/01\/SITE_FFHI_menino-rei2-1-300x169.jpg 300w, https:\/\/www.fraterinternacional.org\/wp-content\/uploads\/2016\/01\/SITE_FFHI_menino-rei2-1-400x225.jpg 400w, https:\/\/www.fraterinternacional.org\/wp-content\/uploads\/2016\/01\/SITE_FFHI_menino-rei2-1-600x338.jpg 600w, https:\/\/www.fraterinternacional.org\/wp-content\/uploads\/2016\/01\/SITE_FFHI_menino-rei2-1.jpg 700w\" sizes=\"(max-width: 300px) 100vw, 300px\" \/><\/a>Next Saturday, January 30, the <a href=\"http:\/\/wp.me\/P6GSxW-1F7\">Network-of-Light<\/a> Rio de Janeiro will hoste\u00a0a Meeting of Service in the <a href=\"http:\/\/wp.me\/P6GSxW-1FX\">Marian Center of the Child-King<\/a>, located in the city of Teres\u00f3polis, State of Rio de Janeiro, Brazil.<\/p>\n<p style=\"text-align: justify;\">During the event two tasks of constructions will be undertaken: a group service to increase the number of stalls to better welcome the new animals that have arrived and the building of the walls of the House of Prayer in the Marian Center of the Child-King.<\/p>\n<p style=\"text-align: justify;\">The building material was received as donation.<\/p>\n<p style=\"text-align: justify;\"><a href=\"http:\/\/www.fraterinternacional.org\/wp-content\/uploads\/2016\/01\/convite_encontro_servico.jpg\" rel=\"attachment wp-att-11421\"><img decoding=\"async\" class=\"aligncenter size-large wp-image-11421\" src=\"http:\/\/www.fraterinternacional.org\/wp-content\/uploads\/2016\/01\/convite_encontro_servico-1024x613.jpg\" alt=\"convite_encontro_servico\" width=\"669\" height=\"400\" srcset=\"https:\/\/www.fraterinternacional.org\/wp-content\/uploads\/2016\/01\/convite_encontro_servico-200x120.jpg 200w, https:\/\/www.fraterinternacional.org\/wp-content\/uploads\/2016\/01\/convite_encontro_servico-300x180.jpg 300w, https:\/\/www.fraterinternacional.org\/wp-content\/uploads\/2016\/01\/convite_encontro_servico-400x240.jpg 400w, https:\/\/www.fraterinternacional.org\/wp-content\/uploads\/2016\/01\/convite_encontro_servico-600x359.jpg 600w, https:\/\/www.fraterinternacional.org\/wp-content\/uploads\/2016\/01\/convite_encontro_servico-800x479.jpg 800w, https:\/\/www.fraterinternacional.org\/wp-content\/uploads\/2016\/01\/convite_encontro_servico-1024x613.jpg 1024w, https:\/\/www.fraterinternacional.org\/wp-content\/uploads\/2016\/01\/convite_encontro_servico.jpg 1080w\" sizes=\"(max-width: 669px) 100vw, 669px\" \/><\/a><\/p>\n","protected":false},"excerpt":{"rendered":"<p>Next Saturday, January 30, the Network-of-Light Rio de Janeiro will hoste\u00a0a Meeting of Service in the Marian Center of the [&hellip;]<\/p>\n","protected":false},"author":11,"featured_media":11418,"comment_status":"closed","ping_status":"closed","sticky":false,"template":"","format":"standard","meta":{"footnotes":""},"categories":[150],"tags":[115,119],"class_list":["post-11425","post","type-post","status-publish","format-standard","has-post-thumbnail","hentry","category-news","tag-communities-of-light","tag-marian-centers"],"yoast_head":"<!-- This site is optimized with the Yoast SEO Premium plugin v21.0 (Yoast SEO v21.0) - https:\/\/yoast.com\/wordpress\/plugins\/seo\/ -->\n<title>Next Saturday there will be a Meeting of Service in the Marian Center of the Child-King<\/title>\n<meta name=\"description\" content=\"Next Saturday, January 30, the Network-of-Light Rio de Janeiro will hoste a Meeting. During the event two tasks of constructions will be undertaken.\" \/>\n<meta name=\"robots\" content=\"index, follow, max-snippet:-1, max-image-preview:large, max-video-preview:-1\" \/>\n<link rel=\"canonical\" href=\"https:\/\/www.fraterinternacional.org\/en\/next-saturday-there-will-be-meeting-of-service-in-the-marian-center-of-the-child-king\/\" \/>\n<meta property=\"og:locale\" content=\"en_US\" \/>\n<meta property=\"og:type\" content=\"article\" \/>\n<meta property=\"og:title\" content=\"Next Saturday there will be a Meeting of Service in the Marian Center of the Child-King\" \/>\n<meta property=\"og:description\" content=\"Next Saturday, January 30, the Network-of-Light Rio de Janeiro will hoste a Meeting. During the event two tasks of constructions will be undertaken.\" \/>\n<meta property=\"og:url\" content=\"https:\/\/www.fraterinternacional.org\/en\/next-saturday-there-will-be-meeting-of-service-in-the-marian-center-of-the-child-king\/\" \/>\n<meta property=\"og:site_name\" content=\"Fraternidade - Federa\u00e7\u00e3o Humanit\u00e1ria Internacional\" \/>\n<meta property=\"article:publisher\" content=\"https:\/\/www.facebook.com\/fraternidadehumanitaria\" \/>\n<meta property=\"article:published_time\" content=\"2016-01-30T18:43:40+00:00\" \/>\n<meta property=\"article:modified_time\" content=\"2016-11-01T22:26:54+00:00\" \/>\n<meta property=\"og:image\" content=\"https:\/\/www.fraterinternacional.org\/wp-content\/uploads\/2016\/01\/SITE_FFHI_menino-rei2-1.jpg\" \/>\n\t<meta property=\"og:image:width\" content=\"700\" \/>\n\t<meta property=\"og:image:height\" content=\"394\" \/>\n\t<meta property=\"og:image:type\" content=\"image\/jpeg\" \/>\n<meta name=\"author\" content=\"Nelson Frater\" \/>\n<meta name=\"twitter:card\" content=\"summary_large_image\" \/>\n<meta name=\"twitter:creator\" content=\"@fraternidadeFHI\" \/>\n<meta name=\"twitter:site\" content=\"@fraternidadeFHI\" \/>\n<meta name=\"twitter:label1\" content=\"Written by\" \/>\n\t<meta name=\"twitter:data1\" content=\"Nelson Frater\" \/>\n<script type=\"application\/ld+json\" class=\"yoast-schema-graph\">{\"@context\":\"https:\/\/schema.org\",\"@graph\":[{\"@type\":\"WebPage\",\"@id\":\"https:\/\/www.fraterinternacional.org\/en\/next-saturday-there-will-be-meeting-of-service-in-the-marian-center-of-the-child-king\/\",\"url\":\"https:\/\/www.fraterinternacional.org\/en\/next-saturday-there-will-be-meeting-of-service-in-the-marian-center-of-the-child-king\/\",\"name\":\"Next Saturday there will be a Meeting of Service in the Marian Center of the Child-King\",\"isPartOf\":{\"@id\":\"https:\/\/www.fraterinternacional.org\/es\/#website\"},\"datePublished\":\"2016-01-30T18:43:40+00:00\",\"dateModified\":\"2016-11-01T22:26:54+00:00\",\"author\":{\"@id\":\"https:\/\/www.fraterinternacional.org\/es\/#\/schema\/person\/facd24ae5f7e6b4ee1aeec7ad1b960ae\"},\"description\":\"Next Saturday, January 30, the Network-of-Light Rio de Janeiro will hoste a Meeting. During the event two tasks of constructions will be undertaken.\",\"breadcrumb\":{\"@id\":\"https:\/\/www.fraterinternacional.org\/en\/next-saturday-there-will-be-meeting-of-service-in-the-marian-center-of-the-child-king\/#breadcrumb\"},\"inLanguage\":\"en-US\",\"potentialAction\":[{\"@type\":\"ReadAction\",\"target\":[\"https:\/\/www.fraterinternacional.org\/en\/next-saturday-there-will-be-meeting-of-service-in-the-marian-center-of-the-child-king\/\"]}]},{\"@type\":\"BreadcrumbList\",\"@id\":\"https:\/\/www.fraterinternacional.org\/en\/next-saturday-there-will-be-meeting-of-service-in-the-marian-center-of-the-child-king\/#breadcrumb\",\"itemListElement\":[{\"@type\":\"ListItem\",\"position\":1,\"name\":\"In\u00edcio\",\"item\":\"https:\/\/www.fraterinternacional.org\/en\/\"},{\"@type\":\"ListItem\",\"position\":2,\"name\":\"Next Saturday there will be a Meeting of Service in the Marian Center of the Child-King\"}]},{\"@type\":\"WebSite\",\"@id\":\"https:\/\/www.fraterinternacional.org\/es\/#website\",\"url\":\"https:\/\/www.fraterinternacional.org\/es\/\",\"name\":\"Fraternidade - Federa\u00e7\u00e3o Humanit\u00e1ria Internacional\",\"description\":\"Fraternidade - Federa\u00e7\u00e3o Humanit\u00e1ria Internacional\",\"potentialAction\":[{\"@type\":\"SearchAction\",\"target\":{\"@type\":\"EntryPoint\",\"urlTemplate\":\"https:\/\/www.fraterinternacional.org\/es\/?s={search_term_string}\"},\"query-input\":\"required name=search_term_string\"}],\"inLanguage\":\"en-US\"},{\"@type\":\"Person\",\"@id\":\"https:\/\/www.fraterinternacional.org\/es\/#\/schema\/person\/facd24ae5f7e6b4ee1aeec7ad1b960ae\",\"name\":\"Nelson Frater\"}]}<\/script>\n<!-- \/ Yoast SEO Premium plugin. -->","yoast_head_json":{"title":"Next Saturday there will be a Meeting of Service in the Marian Center of the Child-King","description":"Next Saturday, January 30, the Network-of-Light Rio de Janeiro will hoste a Meeting. During the event two tasks of constructions will be undertaken.","robots":{"index":"index","follow":"follow","max-snippet":"max-snippet:-1","max-image-preview":"max-image-preview:large","max-video-preview":"max-video-preview:-1"},"canonical":"https:\/\/www.fraterinternacional.org\/en\/next-saturday-there-will-be-meeting-of-service-in-the-marian-center-of-the-child-king\/","og_locale":"en_US","og_type":"article","og_title":"Next Saturday there will be a Meeting of Service in the Marian Center of the Child-King","og_description":"Next Saturday, January 30, the Network-of-Light Rio de Janeiro will hoste a Meeting. During the event two tasks of constructions will be undertaken.","og_url":"https:\/\/www.fraterinternacional.org\/en\/next-saturday-there-will-be-meeting-of-service-in-the-marian-center-of-the-child-king\/","og_site_name":"Fraternidade - Federa\u00e7\u00e3o Humanit\u00e1ria Internacional","article_publisher":"https:\/\/www.facebook.com\/fraternidadehumanitaria","article_published_time":"2016-01-30T18:43:40+00:00","article_modified_time":"2016-11-01T22:26:54+00:00","og_image":[{"width":700,"height":394,"url":"https:\/\/www.fraterinternacional.org\/wp-content\/uploads\/2016\/01\/SITE_FFHI_menino-rei2-1.jpg","type":"image\/jpeg"}],"author":"Nelson Frater","twitter_card":"summary_large_image","twitter_creator":"@fraternidadeFHI","twitter_site":"@fraternidadeFHI","twitter_misc":{"Written by":"Nelson Frater"},"schema":{"@context":"https:\/\/schema.org","@graph":[{"@type":"WebPage","@id":"https:\/\/www.fraterinternacional.org\/en\/next-saturday-there-will-be-meeting-of-service-in-the-marian-center-of-the-child-king\/","url":"https:\/\/www.fraterinternacional.org\/en\/next-saturday-there-will-be-meeting-of-service-in-the-marian-center-of-the-child-king\/","name":"Next Saturday there will be a Meeting of Service in the Marian Center of the Child-King","isPartOf":{"@id":"https:\/\/www.fraterinternacional.org\/es\/#website"},"datePublished":"2016-01-30T18:43:40+00:00","dateModified":"2016-11-01T22:26:54+00:00","author":{"@id":"https:\/\/www.fraterinternacional.org\/es\/#\/schema\/person\/facd24ae5f7e6b4ee1aeec7ad1b960ae"},"description":"Next Saturday, January 30, the Network-of-Light Rio de Janeiro will hoste a Meeting. During the event two tasks of constructions will be undertaken.","breadcrumb":{"@id":"https:\/\/www.fraterinternacional.org\/en\/next-saturday-there-will-be-meeting-of-service-in-the-marian-center-of-the-child-king\/#breadcrumb"},"inLanguage":"en-US","potentialAction":[{"@type":"ReadAction","target":["https:\/\/www.fraterinternacional.org\/en\/next-saturday-there-will-be-meeting-of-service-in-the-marian-center-of-the-child-king\/"]}]},{"@type":"BreadcrumbList","@id":"https:\/\/www.fraterinternacional.org\/en\/next-saturday-there-will-be-meeting-of-service-in-the-marian-center-of-the-child-king\/#breadcrumb","itemListElement":[{"@type":"ListItem","position":1,"name":"In\u00edcio","item":"https:\/\/www.fraterinternacional.org\/en\/"},{"@type":"ListItem","position":2,"name":"Next Saturday there will be a Meeting of Service in the Marian Center of the Child-King"}]},{"@type":"WebSite","@id":"https:\/\/www.fraterinternacional.org\/es\/#website","url":"https:\/\/www.fraterinternacional.org\/es\/","name":"Fraternidade - Federa\u00e7\u00e3o Humanit\u00e1ria Internacional","description":"Fraternidade - Federa\u00e7\u00e3o Humanit\u00e1ria Internacional","potentialAction":[{"@type":"SearchAction","target":{"@type":"EntryPoint","urlTemplate":"https:\/\/www.fraterinternacional.org\/es\/?s={search_term_string}"},"query-input":"required name=search_term_string"}],"inLanguage":"en-US"},{"@type":"Person","@id":"https:\/\/www.fraterinternacional.org\/es\/#\/schema\/person\/facd24ae5f7e6b4ee1aeec7ad1b960ae","name":"Nelson Frater"}]}},"_links":{"self":[{"href":"https:\/\/www.fraterinternacional.org\/en\/wp-json\/wp\/v2\/posts\/11425"}],"collection":[{"href":"https:\/\/www.fraterinternacional.org\/en\/wp-json\/wp\/v2\/posts"}],"about":[{"href":"https:\/\/www.fraterinternacional.org\/en\/wp-json\/wp\/v2\/types\/post"}],"author":[{"embeddable":true,"href":"https:\/\/www.fraterinternacional.org\/en\/wp-json\/wp\/v2\/users\/11"}],"replies":[{"embeddable":true,"href":"https:\/\/www.fraterinternacional.org\/en\/wp-json\/wp\/v2\/comments?post=11425"}],"version-history":[{"count":0,"href":"https:\/\/www.fraterinternacional.org\/en\/wp-json\/wp\/v2\/posts\/11425\/revisions"}],"wp:featuredmedia":[{"embeddable":true,"href":"https:\/\/www.fraterinternacional.org\/en\/wp-json\/wp\/v2\/media\/11418"}],"wp:attachment":[{"href":"https:\/\/www.fraterinternacional.org\/en\/wp-json\/wp\/v2\/media?parent=11425"}],"wp:term":[{"taxonomy":"category","embeddable":true,"href":"https:\/\/www.fraterinternacional.org\/en\/wp-json\/wp\/v2\/categories?post=11425"},{"taxonomy":"post_tag","embeddable":true,"href":"https:\/\/www.fraterinternacional.org\/en\/wp-json\/wp\/v2\/tags?post=11425"}],"curies":[{"name":"wp","href":"https:\/\/api.w.org\/{rel}","templated":true}]}}