{"id":113863,"date":"2020-04-26T12:46:54","date_gmt":"2020-04-26T15:46:54","guid":{"rendered":"https:\/\/www.fraterinternacional.org\/?p=113863"},"modified":"2020-04-26T12:50:00","modified_gmt":"2020-04-26T15:50:00","slug":"art-education-in-the-shelters-work-of-love-for-life","status":"publish","type":"post","link":"https:\/\/www.fraterinternacional.org\/en\/art-education-in-the-shelters-work-of-love-for-life\/","title":{"rendered":"Art Education in the Shelters: A Work of Love for Life"},"content":{"rendered":"<h3 style=\"text-align: center;\">Painting, music, handicrafts and other artistic expressions are encouraged among the Venezuelan refugees in the shelters.<\/h3>\n<p style=\"text-align: justify;\">Venezuelan refugees have found support for not only physical needs \u2013 such as lodging and food &#8211; but also for emotional and intellectual ones, thanks to the art education project \u201cThe Common Good\u201d and other artistic activities carried out in shelters in the State of Roraima, which are maintained by the\u00a0<strong><a href=\"https:\/\/www.unhcr.org\/\" target=\"_blank\" rel=\"noopener noreferrer\">United Nations High Commissioner for Refugees (UNHCR)<\/a><\/strong>\u00a0and managed by the\u00a0<strong>Fraternity \u2013 International Humanitarian Federation (FIHF)<\/strong>.<\/p>\n<p style=\"text-align: justify;\">On April 15th, as we celebrate the World Day of Art, we will explore this project which uses all the human artistic potential to transform disposable objects and white walls into art and life.<\/p>\n<p><a href=\"https:\/\/www.fraterinternacional.org\/wp-content\/uploads\/2020\/04\/arte-educacao-roraima-FFHI09.jpg\"><img decoding=\"async\" class=\"size-full wp-image-113410 aligncenter\" src=\"https:\/\/www.fraterinternacional.org\/wp-content\/uploads\/2020\/04\/arte-educacao-roraima-FFHI09.jpg\" alt=\"Arte-Educa\u00e7\u00e3o nos abrigos da Miss\u00e3o Roraima\" width=\"1280\" height=\"720\" srcset=\"https:\/\/www.fraterinternacional.org\/wp-content\/uploads\/2020\/04\/arte-educacao-roraima-FFHI09-200x113.jpg 200w, https:\/\/www.fraterinternacional.org\/wp-content\/uploads\/2020\/04\/arte-educacao-roraima-FFHI09-300x169.jpg 300w, https:\/\/www.fraterinternacional.org\/wp-content\/uploads\/2020\/04\/arte-educacao-roraima-FFHI09-400x225.jpg 400w, https:\/\/www.fraterinternacional.org\/wp-content\/uploads\/2020\/04\/arte-educacao-roraima-FFHI09-600x338.jpg 600w, https:\/\/www.fraterinternacional.org\/wp-content\/uploads\/2020\/04\/arte-educacao-roraima-FFHI09-800x450.jpg 800w, https:\/\/www.fraterinternacional.org\/wp-content\/uploads\/2020\/04\/arte-educacao-roraima-FFHI09-1024x576.jpg 1024w, https:\/\/www.fraterinternacional.org\/wp-content\/uploads\/2020\/04\/arte-educacao-roraima-FFHI09-1200x675.jpg 1200w, https:\/\/www.fraterinternacional.org\/wp-content\/uploads\/2020\/04\/arte-educacao-roraima-FFHI09.jpg 1280w\" sizes=\"(max-width: 1280px) 100vw, 1280px\" \/><\/a><\/p>\n<h3 style=\"text-align: justify;\"><strong>Art Education Project \u201cThe Common Good\u201d<\/strong><\/h3>\n<p style=\"text-align: justify;\">In the indigenous shelter Pintol\u00e2ndia, the children of the E\u2019\u00f1epa tribe participated in a beginners workshop for music with percussion instruments.<\/p>\n<p style=\"text-align: justify;\">\u201cOur intention was to provide a moment of dynamic welcome, where working with sound and rhythm could help children. It is one of the possible educational intervention strategies to deal with the gap that traumatic situations such as forced immigration can generate,\u201d explains one of the facilitators of the workshop, the missionary of the\u00a0<strong>Fraternity \u2013 International Humanitarian Federation (FIHF)<\/strong>, Sister Maria, also a coordinator of the project.<\/p>\n<div id=\"attachment_113428\" style=\"width: 1290px\" class=\"wp-caption aligncenter\"><a href=\"https:\/\/www.fraterinternacional.org\/wp-content\/uploads\/2020\/04\/arte-educacao-roraima-FFHI02.jpg\"><img decoding=\"async\" aria-describedby=\"caption-attachment-113428\" class=\"wp-image-113428 size-full\" src=\"https:\/\/www.fraterinternacional.org\/wp-content\/uploads\/2020\/04\/arte-educacao-roraima-FFHI02.jpg\" alt=\"Arte-Educa\u00e7\u00e3o nos abrigos da Miss\u00e3o Roraima\" width=\"1280\" height=\"720\" srcset=\"https:\/\/www.fraterinternacional.org\/wp-content\/uploads\/2020\/04\/arte-educacao-roraima-FFHI02-200x113.jpg 200w, https:\/\/www.fraterinternacional.org\/wp-content\/uploads\/2020\/04\/arte-educacao-roraima-FFHI02-300x169.jpg 300w, https:\/\/www.fraterinternacional.org\/wp-content\/uploads\/2020\/04\/arte-educacao-roraima-FFHI02-400x225.jpg 400w, https:\/\/www.fraterinternacional.org\/wp-content\/uploads\/2020\/04\/arte-educacao-roraima-FFHI02-600x338.jpg 600w, https:\/\/www.fraterinternacional.org\/wp-content\/uploads\/2020\/04\/arte-educacao-roraima-FFHI02-800x450.jpg 800w, https:\/\/www.fraterinternacional.org\/wp-content\/uploads\/2020\/04\/arte-educacao-roraima-FFHI02-1024x576.jpg 1024w, https:\/\/www.fraterinternacional.org\/wp-content\/uploads\/2020\/04\/arte-educacao-roraima-FFHI02-1200x675.jpg 1200w, https:\/\/www.fraterinternacional.org\/wp-content\/uploads\/2020\/04\/arte-educacao-roraima-FFHI02.jpg 1280w\" sizes=\"(max-width: 1280px) 100vw, 1280px\" \/><\/a><p id=\"caption-attachment-113428\" class=\"wp-caption-text\">Singing lesson with indigenous children Warao and E\u2019\u00f1epa<\/p><\/div>\n<p style=\"text-align: justify;\">Before the classes, songs are intoned in the languages of the indigenous tribes that live in the shelter \u2013 Warao and E\u2019\u00f1epa \u2013 as well as in Portuguese and Spanish.<\/p>\n<p style=\"text-align: justify;\">The artistic workshops, besides serving as recreation for those involved, reinforce the internalization of values that support resilience and bring hope in face of possible traumas coming from immigrating from a country in crisis.<\/p>\n<p style=\"text-align: justify;\">\u201cArt assists in the expression of anguish-generating emotions, as well as promoting its redefinition,\u201d explains Sister Maria.<\/p>\n<p style=\"text-align: justify;\">Free and thematic drawings, watercolor and poster paint, the design of mandalas, murals, carpentry with artistic finishes and theater are some of the other activities developed daily in the shelters.<\/p>\n<p style=\"text-align: justify;\"><a href=\"https:\/\/www.fraterinternacional.org\/wp-content\/uploads\/2020\/04\/arte-educacao-roraima-FFHI05.jpg\"><img decoding=\"async\" class=\"size-full wp-image-113398 aligncenter\" src=\"https:\/\/www.fraterinternacional.org\/wp-content\/uploads\/2020\/04\/arte-educacao-roraima-FFHI05.jpg\" alt=\"Arte-Educa\u00e7\u00e3o nos abrigos da Miss\u00e3o Roraima\" width=\"749\" height=\"1000\" srcset=\"https:\/\/www.fraterinternacional.org\/wp-content\/uploads\/2020\/04\/arte-educacao-roraima-FFHI05-200x267.jpg 200w, https:\/\/www.fraterinternacional.org\/wp-content\/uploads\/2020\/04\/arte-educacao-roraima-FFHI05-225x300.jpg 225w, https:\/\/www.fraterinternacional.org\/wp-content\/uploads\/2020\/04\/arte-educacao-roraima-FFHI05-400x534.jpg 400w, https:\/\/www.fraterinternacional.org\/wp-content\/uploads\/2020\/04\/arte-educacao-roraima-FFHI05-600x801.jpg 600w, https:\/\/www.fraterinternacional.org\/wp-content\/uploads\/2020\/04\/arte-educacao-roraima-FFHI05.jpg 749w\" sizes=\"(max-width: 749px) 100vw, 749px\" \/><\/a><\/p>\n<h3><strong>Building with Art<\/strong><\/h3>\n<p style=\"text-align: justify;\">But it is not only the project, The Common Good, that promotes art. In the Tancredo Neves Shelter, the missionaries began a renovation in the room to be used for the handicraft, sewing, and art workshops.<\/p>\n<p>The elderly with experience in painting and young people thirsty to learn and express, unite in the creation of what will be a space destined for creativity.<\/p>\n\n\t\t<style type=\"text\/css\">\n\t\t\t#gallery-1 {\n\t\t\t\tmargin: auto;\n\t\t\t}\n\t\t\t#gallery-1 .gallery-item {\n\t\t\t\tfloat: left;\n\t\t\t\tmargin-top: 10px;\n\t\t\t\ttext-align: center;\n\t\t\t\twidth: 25%;\n\t\t\t}\n\t\t\t#gallery-1 img {\n\t\t\t\tborder: 2px solid #cfcfcf;\n\t\t\t}\n\t\t\t#gallery-1 .gallery-caption {\n\t\t\t\tmargin-left: 0;\n\t\t\t}\n\t\t\t\/* see gallery_shortcode() in wp-includes\/media.php *\/\n\t\t<\/style>\n\t\t<div id='gallery-1' class='gallery galleryid-113863 gallery-columns-4 gallery-size-fusion-200'><dl class='gallery-item'>\n\t\t\t<dt class='gallery-icon landscape'>\n\t\t\t\t<a data-rel=\"iLightbox[postimages]\" data-title=\"arte-educacao-roraima-FFHI01\" data-caption=\"\" href='https:\/\/www.fraterinternacional.org\/wp-content\/uploads\/2020\/04\/arte-educacao-roraima-FFHI01.jpg'><img decoding=\"async\" width=\"200\" height=\"150\" src=\"https:\/\/www.fraterinternacional.org\/wp-content\/uploads\/2020\/04\/arte-educacao-roraima-FFHI01-200x150.jpg\" class=\"attachment-fusion-200 size-fusion-200\" alt=\"Arte-Educa\u00e7\u00e3o nos abrigos da Miss\u00e3o Roraima\" srcset=\"https:\/\/www.fraterinternacional.org\/wp-content\/uploads\/2020\/04\/arte-educacao-roraima-FFHI01-200x150.jpg 200w, https:\/\/www.fraterinternacional.org\/wp-content\/uploads\/2020\/04\/arte-educacao-roraima-FFHI01-300x225.jpg 300w, https:\/\/www.fraterinternacional.org\/wp-content\/uploads\/2020\/04\/arte-educacao-roraima-FFHI01-400x300.jpg 400w, https:\/\/www.fraterinternacional.org\/wp-content\/uploads\/2020\/04\/arte-educacao-roraima-FFHI01-600x450.jpg 600w, https:\/\/www.fraterinternacional.org\/wp-content\/uploads\/2020\/04\/arte-educacao-roraima-FFHI01-800x600.jpg 800w, https:\/\/www.fraterinternacional.org\/wp-content\/uploads\/2020\/04\/arte-educacao-roraima-FFHI01.jpg 1000w\" sizes=\"(max-width: 200px) 100vw, 200px\" \/><\/a>\n\t\t\t<\/dt><\/dl><dl class='gallery-item'>\n\t\t\t<dt class='gallery-icon landscape'>\n\t\t\t\t<a data-rel=\"iLightbox[postimages]\" data-title=\"arte-educacao-roraima-FFHI03\" data-caption=\"\" href='https:\/\/www.fraterinternacional.org\/wp-content\/uploads\/2020\/04\/arte-educacao-roraima-FFHI03.jpg'><img decoding=\"async\" width=\"200\" height=\"113\" src=\"https:\/\/www.fraterinternacional.org\/wp-content\/uploads\/2020\/04\/arte-educacao-roraima-FFHI03-200x113.jpg\" class=\"attachment-fusion-200 size-fusion-200\" alt=\"Arte-Educa\u00e7\u00e3o nos abrigos da Miss\u00e3o Roraima\" srcset=\"https:\/\/www.fraterinternacional.org\/wp-content\/uploads\/2020\/04\/arte-educacao-roraima-FFHI03-200x113.jpg 200w, https:\/\/www.fraterinternacional.org\/wp-content\/uploads\/2020\/04\/arte-educacao-roraima-FFHI03-300x169.jpg 300w, https:\/\/www.fraterinternacional.org\/wp-content\/uploads\/2020\/04\/arte-educacao-roraima-FFHI03-400x225.jpg 400w, https:\/\/www.fraterinternacional.org\/wp-content\/uploads\/2020\/04\/arte-educacao-roraima-FFHI03-600x338.jpg 600w, https:\/\/www.fraterinternacional.org\/wp-content\/uploads\/2020\/04\/arte-educacao-roraima-FFHI03-800x450.jpg 800w, https:\/\/www.fraterinternacional.org\/wp-content\/uploads\/2020\/04\/arte-educacao-roraima-FFHI03.jpg 1000w\" sizes=\"(max-width: 200px) 100vw, 200px\" \/><\/a>\n\t\t\t<\/dt><\/dl><dl class='gallery-item'>\n\t\t\t<dt class='gallery-icon landscape'>\n\t\t\t\t<a data-rel=\"iLightbox[postimages]\" data-title=\"arte-educacao-roraima-FFHI10\" data-caption=\"\" href='https:\/\/www.fraterinternacional.org\/wp-content\/uploads\/2020\/04\/arte-educacao-roraima-FFHI10.jpg'><img decoding=\"async\" width=\"200\" height=\"113\" src=\"https:\/\/www.fraterinternacional.org\/wp-content\/uploads\/2020\/04\/arte-educacao-roraima-FFHI10-200x113.jpg\" class=\"attachment-fusion-200 size-fusion-200\" alt=\"Arte-Educa\u00e7\u00e3o nos abrigos da Miss\u00e3o Roraima\" srcset=\"https:\/\/www.fraterinternacional.org\/wp-content\/uploads\/2020\/04\/arte-educacao-roraima-FFHI10-200x113.jpg 200w, https:\/\/www.fraterinternacional.org\/wp-content\/uploads\/2020\/04\/arte-educacao-roraima-FFHI10-300x169.jpg 300w, https:\/\/www.fraterinternacional.org\/wp-content\/uploads\/2020\/04\/arte-educacao-roraima-FFHI10-400x225.jpg 400w, https:\/\/www.fraterinternacional.org\/wp-content\/uploads\/2020\/04\/arte-educacao-roraima-FFHI10-600x338.jpg 600w, https:\/\/www.fraterinternacional.org\/wp-content\/uploads\/2020\/04\/arte-educacao-roraima-FFHI10-800x450.jpg 800w, https:\/\/www.fraterinternacional.org\/wp-content\/uploads\/2020\/04\/arte-educacao-roraima-FFHI10-1024x576.jpg 1024w, https:\/\/www.fraterinternacional.org\/wp-content\/uploads\/2020\/04\/arte-educacao-roraima-FFHI10.jpg 1032w\" sizes=\"(max-width: 200px) 100vw, 200px\" \/><\/a>\n\t\t\t<\/dt><\/dl><dl class='gallery-item'>\n\t\t\t<dt class='gallery-icon landscape'>\n\t\t\t\t<a data-rel=\"iLightbox[postimages]\" data-title=\"arte-educacao-roraima-FFHI08\" data-caption=\"\" href='https:\/\/www.fraterinternacional.org\/wp-content\/uploads\/2020\/04\/arte-educacao-roraima-FFHI08.jpg'><img decoding=\"async\" width=\"200\" height=\"113\" src=\"https:\/\/www.fraterinternacional.org\/wp-content\/uploads\/2020\/04\/arte-educacao-roraima-FFHI08-200x113.jpg\" class=\"attachment-fusion-200 size-fusion-200\" alt=\"Arte-Educa\u00e7\u00e3o nos abrigos da Miss\u00e3o Roraima\" srcset=\"https:\/\/www.fraterinternacional.org\/wp-content\/uploads\/2020\/04\/arte-educacao-roraima-FFHI08-200x113.jpg 200w, https:\/\/www.fraterinternacional.org\/wp-content\/uploads\/2020\/04\/arte-educacao-roraima-FFHI08-300x169.jpg 300w, https:\/\/www.fraterinternacional.org\/wp-content\/uploads\/2020\/04\/arte-educacao-roraima-FFHI08-400x225.jpg 400w, https:\/\/www.fraterinternacional.org\/wp-content\/uploads\/2020\/04\/arte-educacao-roraima-FFHI08-600x338.jpg 600w, https:\/\/www.fraterinternacional.org\/wp-content\/uploads\/2020\/04\/arte-educacao-roraima-FFHI08-800x450.jpg 800w, https:\/\/www.fraterinternacional.org\/wp-content\/uploads\/2020\/04\/arte-educacao-roraima-FFHI08.jpg 1000w\" sizes=\"(max-width: 200px) 100vw, 200px\" \/><\/a>\n\t\t\t<\/dt><\/dl><br style=\"clear: both\" \/>\n\t\t<\/div>\n\n<p>Being 65 years old and a painter since he was 48, Ant\u00f4nio Rondon was a teacher in plastic arts, art education, painting and technical design. His greatest joy, he says, is in teaching children so that they can learn to paint from a young age. Now, even though he is far from his country, he continues his mission.<\/p>\n\n\t\t<style type=\"text\/css\">\n\t\t\t#gallery-2 {\n\t\t\t\tmargin: auto;\n\t\t\t}\n\t\t\t#gallery-2 .gallery-item {\n\t\t\t\tfloat: left;\n\t\t\t\tmargin-top: 10px;\n\t\t\t\ttext-align: center;\n\t\t\t\twidth: 50%;\n\t\t\t}\n\t\t\t#gallery-2 img {\n\t\t\t\tborder: 2px solid #cfcfcf;\n\t\t\t}\n\t\t\t#gallery-2 .gallery-caption {\n\t\t\t\tmargin-left: 0;\n\t\t\t}\n\t\t\t\/* see gallery_shortcode() in wp-includes\/media.php *\/\n\t\t<\/style>\n\t\t<div id='gallery-2' class='gallery galleryid-113863 gallery-columns-2 gallery-size-fusion-400'><dl class='gallery-item'>\n\t\t\t<dt class='gallery-icon landscape'>\n\t\t\t\t<a data-rel=\"iLightbox[postimages]\" data-title=\"arte-educacao-roraima-FFHI11\" data-caption=\"Ant\u00f4nio Rondon plastic arts teacher in Venezuela\" href='https:\/\/www.fraterinternacional.org\/wp-content\/uploads\/2020\/04\/arte-educacao-roraima-FFHI11.jpg'><img decoding=\"async\" width=\"400\" height=\"225\" src=\"https:\/\/www.fraterinternacional.org\/wp-content\/uploads\/2020\/04\/arte-educacao-roraima-FFHI11-400x225.jpg\" class=\"attachment-fusion-400 size-fusion-400\" alt=\"Arte-Educa\u00e7\u00e3o nos abrigos da Miss\u00e3o Roraima\" aria-describedby=\"gallery-2-113417\" srcset=\"https:\/\/www.fraterinternacional.org\/wp-content\/uploads\/2020\/04\/arte-educacao-roraima-FFHI11-200x113.jpg 200w, https:\/\/www.fraterinternacional.org\/wp-content\/uploads\/2020\/04\/arte-educacao-roraima-FFHI11-300x169.jpg 300w, https:\/\/www.fraterinternacional.org\/wp-content\/uploads\/2020\/04\/arte-educacao-roraima-FFHI11-400x225.jpg 400w, https:\/\/www.fraterinternacional.org\/wp-content\/uploads\/2020\/04\/arte-educacao-roraima-FFHI11-600x338.jpg 600w, https:\/\/www.fraterinternacional.org\/wp-content\/uploads\/2020\/04\/arte-educacao-roraima-FFHI11-800x450.jpg 800w, https:\/\/www.fraterinternacional.org\/wp-content\/uploads\/2020\/04\/arte-educacao-roraima-FFHI11-1024x576.jpg 1024w, https:\/\/www.fraterinternacional.org\/wp-content\/uploads\/2020\/04\/arte-educacao-roraima-FFHI11-1200x675.jpg 1200w, https:\/\/www.fraterinternacional.org\/wp-content\/uploads\/2020\/04\/arte-educacao-roraima-FFHI11.jpg 1280w\" sizes=\"(max-width: 400px) 100vw, 400px\" \/><\/a>\n\t\t\t<\/dt>\n\t\t\t\t<dd class='wp-caption-text gallery-caption' id='gallery-2-113417'>\n\t\t\t\tAnt\u00f4nio Rondon plastic arts teacher in Venezuela\n\t\t\t\t<\/dd><\/dl><dl class='gallery-item'>\n\t\t\t<dt class='gallery-icon landscape'>\n\t\t\t\t<a data-rel=\"iLightbox[postimages]\" data-title=\"arte-educacao-roraima-FFHI06)\" data-caption=\"Ant\u00f4nio Rondon plastic arts teacher in Venezuela\" href='https:\/\/www.fraterinternacional.org\/wp-content\/uploads\/2020\/04\/arte-educacao-roraima-FFHI06.jpg'><img decoding=\"async\" width=\"400\" height=\"300\" src=\"https:\/\/www.fraterinternacional.org\/wp-content\/uploads\/2020\/04\/arte-educacao-roraima-FFHI06-400x300.jpg\" class=\"attachment-fusion-400 size-fusion-400\" alt=\"Arte-Educa\u00e7\u00e3o nos abrigos da Miss\u00e3o Roraima\" aria-describedby=\"gallery-2-113402\" srcset=\"https:\/\/www.fraterinternacional.org\/wp-content\/uploads\/2020\/04\/arte-educacao-roraima-FFHI06-200x150.jpg 200w, https:\/\/www.fraterinternacional.org\/wp-content\/uploads\/2020\/04\/arte-educacao-roraima-FFHI06-300x225.jpg 300w, https:\/\/www.fraterinternacional.org\/wp-content\/uploads\/2020\/04\/arte-educacao-roraima-FFHI06-400x300.jpg 400w, https:\/\/www.fraterinternacional.org\/wp-content\/uploads\/2020\/04\/arte-educacao-roraima-FFHI06-600x449.jpg 600w, https:\/\/www.fraterinternacional.org\/wp-content\/uploads\/2020\/04\/arte-educacao-roraima-FFHI06-800x599.jpg 800w, https:\/\/www.fraterinternacional.org\/wp-content\/uploads\/2020\/04\/arte-educacao-roraima-FFHI06.jpg 1000w\" sizes=\"(max-width: 400px) 100vw, 400px\" \/><\/a>\n\t\t\t<\/dt>\n\t\t\t\t<dd class='wp-caption-text gallery-caption' id='gallery-2-113402'>\n\t\t\t\tAnt\u00f4nio Rondon plastic arts teacher in Venezuela\n\t\t\t\t<\/dd><\/dl><br style=\"clear: both\" \/>\n\t\t<\/div>\n\n<p style=\"text-align: justify;\">During the activities, those in the shelter fill the environment with other expressions. A youth with special needs, with mutilated arms and legs, revealed himself to be a singer.<\/p>\n<p><a href=\"https:\/\/www.fraterinternacional.org\/wp-content\/uploads\/2020\/04\/arte-educacao-roraima-FFHI07-e1586980520298.jpg\"><img decoding=\"async\" class=\"size-full wp-image-113404 aligncenter\" src=\"https:\/\/www.fraterinternacional.org\/wp-content\/uploads\/2020\/04\/arte-educacao-roraima-FFHI07-e1586980520298.jpg\" alt=\"Arte-Educa\u00e7\u00e3o nos abrigos da Miss\u00e3o Roraima\" width=\"1280\" height=\"720\" srcset=\"https:\/\/www.fraterinternacional.org\/wp-content\/uploads\/2020\/04\/arte-educacao-roraima-FFHI07-e1586980520298-200x113.jpg 200w, https:\/\/www.fraterinternacional.org\/wp-content\/uploads\/2020\/04\/arte-educacao-roraima-FFHI07-e1586980520298-300x169.jpg 300w, https:\/\/www.fraterinternacional.org\/wp-content\/uploads\/2020\/04\/arte-educacao-roraima-FFHI07-e1586980520298-400x225.jpg 400w, https:\/\/www.fraterinternacional.org\/wp-content\/uploads\/2020\/04\/arte-educacao-roraima-FFHI07-e1586980520298-600x338.jpg 600w, https:\/\/www.fraterinternacional.org\/wp-content\/uploads\/2020\/04\/arte-educacao-roraima-FFHI07-e1586980520298-800x450.jpg 800w, https:\/\/www.fraterinternacional.org\/wp-content\/uploads\/2020\/04\/arte-educacao-roraima-FFHI07-e1586980520298-1024x576.jpg 1024w, https:\/\/www.fraterinternacional.org\/wp-content\/uploads\/2020\/04\/arte-educacao-roraima-FFHI07-e1586980520298-1200x675.jpg 1200w, https:\/\/www.fraterinternacional.org\/wp-content\/uploads\/2020\/04\/arte-educacao-roraima-FFHI07-e1586980520298.jpg 1280w\" sizes=\"(max-width: 1280px) 100vw, 1280px\" \/><\/a><\/p>\n<p style=\"text-align: justify;\">An elderly person approached a missionary who was recording the activities with a camera and asked for a photo. Immediately, all those present in the place asked for photographs, and then saw their images portrayed. When asked about the importance of photography to them, one of the young people responded: \u201cit\u2019s because people have value!\u201d<\/p>\n\n\t\t<style type=\"text\/css\">\n\t\t\t#gallery-3 {\n\t\t\t\tmargin: auto;\n\t\t\t}\n\t\t\t#gallery-3 .gallery-item {\n\t\t\t\tfloat: left;\n\t\t\t\tmargin-top: 10px;\n\t\t\t\ttext-align: center;\n\t\t\t\twidth: 50%;\n\t\t\t}\n\t\t\t#gallery-3 img {\n\t\t\t\tborder: 2px solid #cfcfcf;\n\t\t\t}\n\t\t\t#gallery-3 .gallery-caption {\n\t\t\t\tmargin-left: 0;\n\t\t\t}\n\t\t\t\/* see gallery_shortcode() in wp-includes\/media.php *\/\n\t\t<\/style>\n\t\t<div id='gallery-3' class='gallery galleryid-113863 gallery-columns-2 gallery-size-fusion-400'><dl class='gallery-item'>\n\t\t\t<dt class='gallery-icon landscape'>\n\t\t\t\t<a data-rel=\"iLightbox[postimages]\" data-title=\"arte-educacao-roraima-FFHI12\" data-caption=\" Mr. Jesus Salvador, who asked to be photographed\" href='https:\/\/www.fraterinternacional.org\/wp-content\/uploads\/2020\/04\/arte-educacao-roraima-FFHI12.jpg'><img decoding=\"async\" width=\"400\" height=\"225\" src=\"https:\/\/www.fraterinternacional.org\/wp-content\/uploads\/2020\/04\/arte-educacao-roraima-FFHI12-400x225.jpg\" class=\"attachment-fusion-400 size-fusion-400\" alt=\"Arte-Educa\u00e7\u00e3o nos abrigos da Miss\u00e3o Roraima\" aria-describedby=\"gallery-3-113420\" srcset=\"https:\/\/www.fraterinternacional.org\/wp-content\/uploads\/2020\/04\/arte-educacao-roraima-FFHI12-200x113.jpg 200w, https:\/\/www.fraterinternacional.org\/wp-content\/uploads\/2020\/04\/arte-educacao-roraima-FFHI12-300x169.jpg 300w, https:\/\/www.fraterinternacional.org\/wp-content\/uploads\/2020\/04\/arte-educacao-roraima-FFHI12-400x225.jpg 400w, https:\/\/www.fraterinternacional.org\/wp-content\/uploads\/2020\/04\/arte-educacao-roraima-FFHI12-600x338.jpg 600w, https:\/\/www.fraterinternacional.org\/wp-content\/uploads\/2020\/04\/arte-educacao-roraima-FFHI12-800x450.jpg 800w, https:\/\/www.fraterinternacional.org\/wp-content\/uploads\/2020\/04\/arte-educacao-roraima-FFHI12-1024x576.jpg 1024w, https:\/\/www.fraterinternacional.org\/wp-content\/uploads\/2020\/04\/arte-educacao-roraima-FFHI12-1200x675.jpg 1200w, https:\/\/www.fraterinternacional.org\/wp-content\/uploads\/2020\/04\/arte-educacao-roraima-FFHI12.jpg 1280w\" sizes=\"(max-width: 400px) 100vw, 400px\" \/><\/a>\n\t\t\t<\/dt>\n\t\t\t\t<dd class='wp-caption-text gallery-caption' id='gallery-3-113420'>\n\t\t\t\t Mr. Jesus Salvador, who asked to be photographed\n\t\t\t\t<\/dd><\/dl><dl class='gallery-item'>\n\t\t\t<dt class='gallery-icon landscape'>\n\t\t\t\t<a data-rel=\"iLightbox[postimages]\" data-title=\"arte-educacao-roraima-FFHI (13)\" data-caption=\"\" href='https:\/\/www.fraterinternacional.org\/wp-content\/uploads\/2020\/04\/arte-educacao-roraima-FFHI-13.jpg'><img decoding=\"async\" width=\"400\" height=\"225\" src=\"https:\/\/www.fraterinternacional.org\/wp-content\/uploads\/2020\/04\/arte-educacao-roraima-FFHI-13-400x225.jpg\" class=\"attachment-fusion-400 size-fusion-400\" alt=\"Arte-Educa\u00e7\u00e3o nos abrigos da Miss\u00e3o Roraima\" srcset=\"https:\/\/www.fraterinternacional.org\/wp-content\/uploads\/2020\/04\/arte-educacao-roraima-FFHI-13-200x113.jpg 200w, https:\/\/www.fraterinternacional.org\/wp-content\/uploads\/2020\/04\/arte-educacao-roraima-FFHI-13-300x169.jpg 300w, https:\/\/www.fraterinternacional.org\/wp-content\/uploads\/2020\/04\/arte-educacao-roraima-FFHI-13-400x225.jpg 400w, https:\/\/www.fraterinternacional.org\/wp-content\/uploads\/2020\/04\/arte-educacao-roraima-FFHI-13-600x338.jpg 600w, https:\/\/www.fraterinternacional.org\/wp-content\/uploads\/2020\/04\/arte-educacao-roraima-FFHI-13-800x450.jpg 800w, https:\/\/www.fraterinternacional.org\/wp-content\/uploads\/2020\/04\/arte-educacao-roraima-FFHI-13.jpg 1000w\" sizes=\"(max-width: 400px) 100vw, 400px\" \/><\/a>\n\t\t\t<\/dt><\/dl><br style=\"clear: both\" \/>\n\t\t<\/div>\n\n<p>Plastic bottles are painted and transformed into flower vases. White walls are filled with suns, hills, trees and animals. Some paint houses, others, realistic waterfalls, and there are those who draw the sea in geometric shapes. With their subjective points of view, personal inspiration and experiences, together they now form their own homes, full of portraits of a world where there is nothing more important than life.<\/p>\n<p><a href=\"https:\/\/www.fraterinternacional.org\/wp-content\/uploads\/2020\/04\/arte-educacao-roraima-FFHI04.jpg\"><img decoding=\"async\" class=\"size-full wp-image-113395 aligncenter\" src=\"https:\/\/www.fraterinternacional.org\/wp-content\/uploads\/2020\/04\/arte-educacao-roraima-FFHI04.jpg\" alt=\"Arte-Educa\u00e7\u00e3o nos abrigos da Miss\u00e3o Roraima\" width=\"1032\" height=\"581\" srcset=\"https:\/\/www.fraterinternacional.org\/wp-content\/uploads\/2020\/04\/arte-educacao-roraima-FFHI04-200x113.jpg 200w, https:\/\/www.fraterinternacional.org\/wp-content\/uploads\/2020\/04\/arte-educacao-roraima-FFHI04-300x169.jpg 300w, https:\/\/www.fraterinternacional.org\/wp-content\/uploads\/2020\/04\/arte-educacao-roraima-FFHI04-400x225.jpg 400w, https:\/\/www.fraterinternacional.org\/wp-content\/uploads\/2020\/04\/arte-educacao-roraima-FFHI04-600x338.jpg 600w, https:\/\/www.fraterinternacional.org\/wp-content\/uploads\/2020\/04\/arte-educacao-roraima-FFHI04-800x450.jpg 800w, https:\/\/www.fraterinternacional.org\/wp-content\/uploads\/2020\/04\/arte-educacao-roraima-FFHI04-1024x576.jpg 1024w, https:\/\/www.fraterinternacional.org\/wp-content\/uploads\/2020\/04\/arte-educacao-roraima-FFHI04.jpg 1032w\" sizes=\"(max-width: 1032px) 100vw, 1032px\" \/><\/a><\/p>\n","protected":false},"excerpt":{"rendered":"<p>Painting, music, handicrafts and other artistic expressions are encouraged among the Venezuelan refugees in the shelters. Venezuelan refugees have found [&hellip;]<\/p>\n","protected":false},"author":4,"featured_media":113402,"comment_status":"closed","ping_status":"closed","sticky":false,"template":"","format":"standard","meta":{"footnotes":""},"categories":[150],"tags":[],"class_list":["post-113863","post","type-post","status-publish","format-standard","has-post-thumbnail","hentry","category-news"],"yoast_head":"<!-- This site is optimized with the Yoast SEO Premium plugin v21.0 (Yoast SEO v21.0) - https:\/\/yoast.com\/wordpress\/plugins\/seo\/ -->\n<title>Art Education in the Shelters: A Work of Love for Life<\/title>\n<meta name=\"description\" content=\"On April 15th, as we celebrate the World Day of Art, we will explore this project which uses all the human artistic potential to transform disposable objects and white walls into art and life.\" \/>\n<meta name=\"robots\" content=\"index, follow, max-snippet:-1, max-image-preview:large, max-video-preview:-1\" \/>\n<link rel=\"canonical\" href=\"https:\/\/www.fraterinternacional.org\/en\/art-education-in-the-shelters-work-of-love-for-life\/\" \/>\n<meta property=\"og:locale\" content=\"en_US\" \/>\n<meta property=\"og:type\" content=\"article\" \/>\n<meta property=\"og:title\" content=\"Art Education in the Shelters: A Work of Love for Life\" \/>\n<meta property=\"og:description\" content=\"On April 15th, as we celebrate the World Day of Art, we will explore this project which uses all the human artistic potential to transform disposable objects and white walls into art and life.\" \/>\n<meta property=\"og:url\" content=\"https:\/\/www.fraterinternacional.org\/en\/art-education-in-the-shelters-work-of-love-for-life\/\" \/>\n<meta property=\"og:site_name\" content=\"Fraternidade - Federa\u00e7\u00e3o Humanit\u00e1ria Internacional\" \/>\n<meta property=\"article:publisher\" content=\"https:\/\/www.facebook.com\/fraternidadehumanitaria\" \/>\n<meta property=\"article:published_time\" content=\"2020-04-26T15:46:54+00:00\" \/>\n<meta property=\"article:modified_time\" content=\"2020-04-26T15:50:00+00:00\" \/>\n<meta property=\"og:image\" content=\"https:\/\/www.fraterinternacional.org\/wp-content\/uploads\/2020\/04\/arte-educacao-roraima-FFHI06.jpg\" \/>\n\t<meta property=\"og:image:width\" content=\"1000\" \/>\n\t<meta property=\"og:image:height\" content=\"749\" \/>\n\t<meta property=\"og:image:type\" content=\"image\/jpeg\" \/>\n<meta name=\"author\" content=\"maducato_admin\" \/>\n<meta name=\"twitter:card\" content=\"summary_large_image\" \/>\n<meta name=\"twitter:creator\" content=\"@fraternidadeFHI\" \/>\n<meta name=\"twitter:site\" content=\"@fraternidadeFHI\" \/>\n<meta name=\"twitter:label1\" content=\"Written by\" \/>\n\t<meta name=\"twitter:data1\" content=\"maducato_admin\" \/>\n\t<meta name=\"twitter:label2\" content=\"Est. reading time\" \/>\n\t<meta name=\"twitter:data2\" content=\"3 minutes\" \/>\n<script type=\"application\/ld+json\" class=\"yoast-schema-graph\">{\"@context\":\"https:\/\/schema.org\",\"@graph\":[{\"@type\":\"WebPage\",\"@id\":\"https:\/\/www.fraterinternacional.org\/en\/art-education-in-the-shelters-work-of-love-for-life\/\",\"url\":\"https:\/\/www.fraterinternacional.org\/en\/art-education-in-the-shelters-work-of-love-for-life\/\",\"name\":\"Art Education in the Shelters: A Work of Love for Life\",\"isPartOf\":{\"@id\":\"https:\/\/www.fraterinternacional.org\/es\/#website\"},\"datePublished\":\"2020-04-26T15:46:54+00:00\",\"dateModified\":\"2020-04-26T15:50:00+00:00\",\"author\":{\"@id\":\"https:\/\/www.fraterinternacional.org\/es\/#\/schema\/person\/19cb7a5541fd019768c7fe255d72701e\"},\"description\":\"On April 15th, as we celebrate the World Day of Art, we will explore this project which uses all the human artistic potential to transform disposable objects and white walls into art and life.\",\"breadcrumb\":{\"@id\":\"https:\/\/www.fraterinternacional.org\/en\/art-education-in-the-shelters-work-of-love-for-life\/#breadcrumb\"},\"inLanguage\":\"en-US\",\"potentialAction\":[{\"@type\":\"ReadAction\",\"target\":[\"https:\/\/www.fraterinternacional.org\/en\/art-education-in-the-shelters-work-of-love-for-life\/\"]}]},{\"@type\":\"BreadcrumbList\",\"@id\":\"https:\/\/www.fraterinternacional.org\/en\/art-education-in-the-shelters-work-of-love-for-life\/#breadcrumb\",\"itemListElement\":[{\"@type\":\"ListItem\",\"position\":1,\"name\":\"In\u00edcio\",\"item\":\"https:\/\/www.fraterinternacional.org\/en\/\"},{\"@type\":\"ListItem\",\"position\":2,\"name\":\"Art Education in the Shelters: A Work of Love for Life\"}]},{\"@type\":\"WebSite\",\"@id\":\"https:\/\/www.fraterinternacional.org\/es\/#website\",\"url\":\"https:\/\/www.fraterinternacional.org\/es\/\",\"name\":\"Fraternidade - Federa\u00e7\u00e3o Humanit\u00e1ria Internacional\",\"description\":\"Fraternidade - Federa\u00e7\u00e3o Humanit\u00e1ria Internacional\",\"potentialAction\":[{\"@type\":\"SearchAction\",\"target\":{\"@type\":\"EntryPoint\",\"urlTemplate\":\"https:\/\/www.fraterinternacional.org\/es\/?s={search_term_string}\"},\"query-input\":\"required name=search_term_string\"}],\"inLanguage\":\"en-US\"},{\"@type\":\"Person\",\"@id\":\"https:\/\/www.fraterinternacional.org\/es\/#\/schema\/person\/19cb7a5541fd019768c7fe255d72701e\",\"name\":\"maducato_admin\"}]}<\/script>\n<!-- \/ Yoast SEO Premium plugin. -->","yoast_head_json":{"title":"Art Education in the Shelters: A Work of Love for Life","description":"On April 15th, as we celebrate the World Day of Art, we will explore this project which uses all the human artistic potential to transform disposable objects and white walls into art and life.","robots":{"index":"index","follow":"follow","max-snippet":"max-snippet:-1","max-image-preview":"max-image-preview:large","max-video-preview":"max-video-preview:-1"},"canonical":"https:\/\/www.fraterinternacional.org\/en\/art-education-in-the-shelters-work-of-love-for-life\/","og_locale":"en_US","og_type":"article","og_title":"Art Education in the Shelters: A Work of Love for Life","og_description":"On April 15th, as we celebrate the World Day of Art, we will explore this project which uses all the human artistic potential to transform disposable objects and white walls into art and life.","og_url":"https:\/\/www.fraterinternacional.org\/en\/art-education-in-the-shelters-work-of-love-for-life\/","og_site_name":"Fraternidade - Federa\u00e7\u00e3o Humanit\u00e1ria Internacional","article_publisher":"https:\/\/www.facebook.com\/fraternidadehumanitaria","article_published_time":"2020-04-26T15:46:54+00:00","article_modified_time":"2020-04-26T15:50:00+00:00","og_image":[{"width":1000,"height":749,"url":"https:\/\/www.fraterinternacional.org\/wp-content\/uploads\/2020\/04\/arte-educacao-roraima-FFHI06.jpg","type":"image\/jpeg"}],"author":"maducato_admin","twitter_card":"summary_large_image","twitter_creator":"@fraternidadeFHI","twitter_site":"@fraternidadeFHI","twitter_misc":{"Written by":"maducato_admin","Est. reading time":"3 minutes"},"schema":{"@context":"https:\/\/schema.org","@graph":[{"@type":"WebPage","@id":"https:\/\/www.fraterinternacional.org\/en\/art-education-in-the-shelters-work-of-love-for-life\/","url":"https:\/\/www.fraterinternacional.org\/en\/art-education-in-the-shelters-work-of-love-for-life\/","name":"Art Education in the Shelters: A Work of Love for Life","isPartOf":{"@id":"https:\/\/www.fraterinternacional.org\/es\/#website"},"datePublished":"2020-04-26T15:46:54+00:00","dateModified":"2020-04-26T15:50:00+00:00","author":{"@id":"https:\/\/www.fraterinternacional.org\/es\/#\/schema\/person\/19cb7a5541fd019768c7fe255d72701e"},"description":"On April 15th, as we celebrate the World Day of Art, we will explore this project which uses all the human artistic potential to transform disposable objects and white walls into art and life.","breadcrumb":{"@id":"https:\/\/www.fraterinternacional.org\/en\/art-education-in-the-shelters-work-of-love-for-life\/#breadcrumb"},"inLanguage":"en-US","potentialAction":[{"@type":"ReadAction","target":["https:\/\/www.fraterinternacional.org\/en\/art-education-in-the-shelters-work-of-love-for-life\/"]}]},{"@type":"BreadcrumbList","@id":"https:\/\/www.fraterinternacional.org\/en\/art-education-in-the-shelters-work-of-love-for-life\/#breadcrumb","itemListElement":[{"@type":"ListItem","position":1,"name":"In\u00edcio","item":"https:\/\/www.fraterinternacional.org\/en\/"},{"@type":"ListItem","position":2,"name":"Art Education in the Shelters: A Work of Love for Life"}]},{"@type":"WebSite","@id":"https:\/\/www.fraterinternacional.org\/es\/#website","url":"https:\/\/www.fraterinternacional.org\/es\/","name":"Fraternidade - Federa\u00e7\u00e3o Humanit\u00e1ria Internacional","description":"Fraternidade - Federa\u00e7\u00e3o Humanit\u00e1ria Internacional","potentialAction":[{"@type":"SearchAction","target":{"@type":"EntryPoint","urlTemplate":"https:\/\/www.fraterinternacional.org\/es\/?s={search_term_string}"},"query-input":"required name=search_term_string"}],"inLanguage":"en-US"},{"@type":"Person","@id":"https:\/\/www.fraterinternacional.org\/es\/#\/schema\/person\/19cb7a5541fd019768c7fe255d72701e","name":"maducato_admin"}]}},"_links":{"self":[{"href":"https:\/\/www.fraterinternacional.org\/en\/wp-json\/wp\/v2\/posts\/113863"}],"collection":[{"href":"https:\/\/www.fraterinternacional.org\/en\/wp-json\/wp\/v2\/posts"}],"about":[{"href":"https:\/\/www.fraterinternacional.org\/en\/wp-json\/wp\/v2\/types\/post"}],"author":[{"embeddable":true,"href":"https:\/\/www.fraterinternacional.org\/en\/wp-json\/wp\/v2\/users\/4"}],"replies":[{"embeddable":true,"href":"https:\/\/www.fraterinternacional.org\/en\/wp-json\/wp\/v2\/comments?post=113863"}],"version-history":[{"count":0,"href":"https:\/\/www.fraterinternacional.org\/en\/wp-json\/wp\/v2\/posts\/113863\/revisions"}],"wp:featuredmedia":[{"embeddable":true,"href":"https:\/\/www.fraterinternacional.org\/en\/wp-json\/wp\/v2\/media\/113402"}],"wp:attachment":[{"href":"https:\/\/www.fraterinternacional.org\/en\/wp-json\/wp\/v2\/media?parent=113863"}],"wp:term":[{"taxonomy":"category","embeddable":true,"href":"https:\/\/www.fraterinternacional.org\/en\/wp-json\/wp\/v2\/categories?post=113863"},{"taxonomy":"post_tag","embeddable":true,"href":"https:\/\/www.fraterinternacional.org\/en\/wp-json\/wp\/v2\/tags?post=113863"}],"curies":[{"name":"wp","href":"https:\/\/api.w.org\/{rel}","templated":true}]}}