{"id":113826,"date":"2020-04-25T10:35:35","date_gmt":"2020-04-25T13:35:35","guid":{"rendered":"https:\/\/www.fraterinternacional.org\/?p=113826"},"modified":"2020-06-24T11:36:23","modified_gmt":"2020-06-24T14:36:23","slug":"talk-that-expands-the-consciousness-in-the-care-of-the-animal-kingdom-in-the-light-community-fraternity-of-aurora","status":"publish","type":"post","link":"https:\/\/www.fraterinternacional.org\/en\/talk-that-expands-the-consciousness-in-the-care-of-the-animal-kingdom-in-the-light-community-fraternity-of-aurora\/","title":{"rendered":"A Talk That Expands the Consciousness in the Care of the Animal Kingdom in the  Light-Community Fraternity of Aurora"},"content":{"rendered":"<p style=\"font-weight: 400; text-align: justify;\">The\u00a0<strong><a href=\"https:\/\/www.fraterinternacional.org\/filiadas\/comunidade-luz-fraternidade-aurora\/\">Light-Community Fraternity of Aurora<\/a><\/strong>\u00a0is preparing a series of talks for the purpose of developing a more conscious work concerning the care and the correct interaction with animals.<\/p>\n<div id=\"attachment_113369\" style=\"width: 1010px\" class=\"wp-caption aligncenter\"><a href=\"https:\/\/www.fraterinternacional.org\/wp-content\/uploads\/2020\/04\/cuidado-reino-animal-comunidade-luz-aurora01.jpg\"><img decoding=\"async\" aria-describedby=\"caption-attachment-113369\" class=\"wp-image-113369 size-full\" src=\"https:\/\/www.fraterinternacional.org\/wp-content\/uploads\/2020\/04\/cuidado-reino-animal-comunidade-luz-aurora01.jpg\" alt=\"Cuidado com o Reino Animal\" width=\"1000\" height=\"667\" srcset=\"https:\/\/www.fraterinternacional.org\/wp-content\/uploads\/2020\/04\/cuidado-reino-animal-comunidade-luz-aurora01-200x133.jpg 200w, https:\/\/www.fraterinternacional.org\/wp-content\/uploads\/2020\/04\/cuidado-reino-animal-comunidade-luz-aurora01-300x200.jpg 300w, https:\/\/www.fraterinternacional.org\/wp-content\/uploads\/2020\/04\/cuidado-reino-animal-comunidade-luz-aurora01-400x267.jpg 400w, https:\/\/www.fraterinternacional.org\/wp-content\/uploads\/2020\/04\/cuidado-reino-animal-comunidade-luz-aurora01-600x400.jpg 600w, https:\/\/www.fraterinternacional.org\/wp-content\/uploads\/2020\/04\/cuidado-reino-animal-comunidade-luz-aurora01-800x534.jpg 800w, https:\/\/www.fraterinternacional.org\/wp-content\/uploads\/2020\/04\/cuidado-reino-animal-comunidade-luz-aurora01.jpg 1000w\" sizes=\"(max-width: 1000px) 100vw, 1000px\" \/><\/a><p id=\"caption-attachment-113369\" class=\"wp-caption-text\">Becoming aware of the care and correct interaction with animals<\/p><\/div>\n<p style=\"text-align: justify;\">In the first talk, Friar Maximiliano, assistant veterinary, spoke with the members of the Community about several matters, from the most basic needs to the correct attitude and communion with animals for caringly leading them on their evolutionary path. &#8220;The objective is to have the animal transition from an instinctive life and help it create a more intuitive life,&#8221; explained the monk.<\/p>\n<p style=\"text-align: justify;\">He clarified that with a correct attitude, the one responsible for an animal must know that they don\u2019t own it, they are not the owner, but rather a tutor, a monitor and guardian attentive to its needs so as to be able to help it in whatever is necessary.<\/p>\n<div id=\"attachment_113372\" style=\"width: 1010px\" class=\"wp-caption aligncenter\"><a href=\"https:\/\/www.fraterinternacional.org\/wp-content\/uploads\/2020\/04\/cuidado-reino-animal-comunidade-luz-aurora02.jpg\"><img decoding=\"async\" aria-describedby=\"caption-attachment-113372\" class=\"wp-image-113372 size-full\" src=\"https:\/\/www.fraterinternacional.org\/wp-content\/uploads\/2020\/04\/cuidado-reino-animal-comunidade-luz-aurora02.jpg\" alt=\"Cuidado com o Reino Animal\" width=\"1000\" height=\"667\" srcset=\"https:\/\/www.fraterinternacional.org\/wp-content\/uploads\/2020\/04\/cuidado-reino-animal-comunidade-luz-aurora02-200x133.jpg 200w, https:\/\/www.fraterinternacional.org\/wp-content\/uploads\/2020\/04\/cuidado-reino-animal-comunidade-luz-aurora02-300x200.jpg 300w, https:\/\/www.fraterinternacional.org\/wp-content\/uploads\/2020\/04\/cuidado-reino-animal-comunidade-luz-aurora02-400x267.jpg 400w, https:\/\/www.fraterinternacional.org\/wp-content\/uploads\/2020\/04\/cuidado-reino-animal-comunidade-luz-aurora02-600x400.jpg 600w, https:\/\/www.fraterinternacional.org\/wp-content\/uploads\/2020\/04\/cuidado-reino-animal-comunidade-luz-aurora02-800x534.jpg 800w, https:\/\/www.fraterinternacional.org\/wp-content\/uploads\/2020\/04\/cuidado-reino-animal-comunidade-luz-aurora02.jpg 1000w\" sizes=\"(max-width: 1000px) 100vw, 1000px\" \/><\/a><p id=\"caption-attachment-113372\" class=\"wp-caption-text\">Taking care of animals is a constant work of service and self-giving<\/p><\/div>\n<p style=\"text-align: justify;\">During the talk, a specific program was launched containing the ideal routine for anchoring the foundations in the care of dogs and cats. In this program there is information on the importance of keeping them clean and brushed, creating stable rhythms of feeding, taking walks and taking adequate care of their spaces. \u201cWhen animals begin to follow a rhythm, they prefer to remain more with the humans, they change their behavior,\u201d explains Friar Maximiliano.<\/p>\n<p style=\"text-align: justify;\">The program also established that a file must be created with folders for each animal, in which all the records on vaccines, medications, diseases and other care must be included, facilitating control and having the one responsible be more attentive. As Friar Maximiliano explains: \u201ceach caregiver will have a specific training program according to the behavior of each animal treated.\u201d<\/p>\n<div id=\"attachment_113375\" style=\"width: 1010px\" class=\"wp-caption aligncenter\"><a href=\"https:\/\/www.fraterinternacional.org\/wp-content\/uploads\/2020\/04\/cuidado-reino-animal-comunidade-luz-aurora03.jpg\"><img decoding=\"async\" aria-describedby=\"caption-attachment-113375\" class=\"wp-image-113375 size-full\" src=\"https:\/\/www.fraterinternacional.org\/wp-content\/uploads\/2020\/04\/cuidado-reino-animal-comunidade-luz-aurora03.jpg\" alt=\"Cuidado com o Reino Animal\" width=\"1000\" height=\"750\" srcset=\"https:\/\/www.fraterinternacional.org\/wp-content\/uploads\/2020\/04\/cuidado-reino-animal-comunidade-luz-aurora03-200x150.jpg 200w, https:\/\/www.fraterinternacional.org\/wp-content\/uploads\/2020\/04\/cuidado-reino-animal-comunidade-luz-aurora03-300x225.jpg 300w, https:\/\/www.fraterinternacional.org\/wp-content\/uploads\/2020\/04\/cuidado-reino-animal-comunidade-luz-aurora03-400x300.jpg 400w, https:\/\/www.fraterinternacional.org\/wp-content\/uploads\/2020\/04\/cuidado-reino-animal-comunidade-luz-aurora03-600x450.jpg 600w, https:\/\/www.fraterinternacional.org\/wp-content\/uploads\/2020\/04\/cuidado-reino-animal-comunidade-luz-aurora03-800x600.jpg 800w, https:\/\/www.fraterinternacional.org\/wp-content\/uploads\/2020\/04\/cuidado-reino-animal-comunidade-luz-aurora03.jpg 1000w\" sizes=\"(max-width: 1000px) 100vw, 1000px\" \/><\/a><p id=\"caption-attachment-113375\" class=\"wp-caption-text\">With a correct attitude, the one responsible for an animal must know that they don\u2019t own it<\/p><\/div>\n<p style=\"text-align: justify;\">The transmission of a\u00a0study in Portuguese of Jos\u00e9 Trigueirinho Netto, called \u201c<strong><a href=\"https:\/\/www.irdin.org.br\/site\/produtos\/a-energia-dos-raios-e-os-animais\/\">The Energy of the Rays and Animals<\/a>\u201d<\/strong> is also part of the program.<\/p>\n<p style=\"text-align: justify;\">In a dialogue between the speaker and the participants, it was emphasized that especially dogs and cats have a perception about things that happen to the guardian and reflect many of the energies that they perceive, so it is therefore important to pay more attention to observing them and allowing for that mutual assistance.<\/p>\n<div id=\"attachment_113378\" style=\"width: 1010px\" class=\"wp-caption aligncenter\"><a href=\"https:\/\/www.fraterinternacional.org\/wp-content\/uploads\/2020\/04\/cuidado-reino-animal-comunidade-luz-aurora04.jpg\"><img decoding=\"async\" aria-describedby=\"caption-attachment-113378\" class=\"size-full wp-image-113378\" src=\"https:\/\/www.fraterinternacional.org\/wp-content\/uploads\/2020\/04\/cuidado-reino-animal-comunidade-luz-aurora04.jpg\" alt=\"Cuidado com o Reino Animal\" width=\"1000\" height=\"667\" srcset=\"https:\/\/www.fraterinternacional.org\/wp-content\/uploads\/2020\/04\/cuidado-reino-animal-comunidade-luz-aurora04-200x133.jpg 200w, https:\/\/www.fraterinternacional.org\/wp-content\/uploads\/2020\/04\/cuidado-reino-animal-comunidade-luz-aurora04-300x200.jpg 300w, https:\/\/www.fraterinternacional.org\/wp-content\/uploads\/2020\/04\/cuidado-reino-animal-comunidade-luz-aurora04-400x267.jpg 400w, https:\/\/www.fraterinternacional.org\/wp-content\/uploads\/2020\/04\/cuidado-reino-animal-comunidade-luz-aurora04-600x400.jpg 600w, https:\/\/www.fraterinternacional.org\/wp-content\/uploads\/2020\/04\/cuidado-reino-animal-comunidade-luz-aurora04-800x534.jpg 800w, https:\/\/www.fraterinternacional.org\/wp-content\/uploads\/2020\/04\/cuidado-reino-animal-comunidade-luz-aurora04.jpg 1000w\" sizes=\"(max-width: 1000px) 100vw, 1000px\" \/><\/a><p id=\"caption-attachment-113378\" class=\"wp-caption-text\">The program presented explains about the creation of a file with all the information about the animals<\/p><\/div>\n<p style=\"text-align: justify;\">Nara C\u00e2mara, a reliable collaborator and responsible for a cat, highlighted that \u201cthrough this talk, we became aware that taking care of animals is a constant work of service and self-giving, because one has to step outside of oneself to take care of the other.\u201d And Nara ended by saying: \u201cI perceived that to improve some behavior in the animal, one needs to improve that aspect in oneself.\u201d<\/p>\n<p style=\"text-align: justify;\">The members of the\u00a0<strong><a href=\"https:\/\/www.fraterinternacional.org\/filiadas\/comunidade-luz-fraternidade-aurora\/\">Light-Community Fraternity of Aurora<\/a><\/strong>\u00a0considered the talk to be important work, in which they were able to become aware of the relevance of a harmonious co-existence between the human being and the animals for the evolution of all. \u201cIt is very important for the Community to re-activate and revive those commitments with the Animal Kingdom,\u201d emphasized Nara.<\/p>\n<p style=\"text-align: justify;\">At the end of the presentation, it was established that in the next meeting the talk would be to broaden the horizons, for it will deal with the care of other animals that live in the Light-Community, among them cows, horses, geese, and chickens.<\/p>\n<div id=\"attachment_113366\" style=\"width: 1010px\" class=\"wp-caption aligncenter\"><a href=\"https:\/\/www.fraterinternacional.org\/wp-content\/uploads\/2020\/04\/cuidado-reino-animal-comunidade-luz-aurora05.jpg\"><img decoding=\"async\" aria-describedby=\"caption-attachment-113366\" class=\"wp-image-113366 size-full\" src=\"https:\/\/www.fraterinternacional.org\/wp-content\/uploads\/2020\/04\/cuidado-reino-animal-comunidade-luz-aurora05.jpg\" alt=\"\" width=\"1000\" height=\"750\" srcset=\"https:\/\/www.fraterinternacional.org\/wp-content\/uploads\/2020\/04\/cuidado-reino-animal-comunidade-luz-aurora05-200x150.jpg 200w, https:\/\/www.fraterinternacional.org\/wp-content\/uploads\/2020\/04\/cuidado-reino-animal-comunidade-luz-aurora05-300x225.jpg 300w, https:\/\/www.fraterinternacional.org\/wp-content\/uploads\/2020\/04\/cuidado-reino-animal-comunidade-luz-aurora05-400x300.jpg 400w, https:\/\/www.fraterinternacional.org\/wp-content\/uploads\/2020\/04\/cuidado-reino-animal-comunidade-luz-aurora05-600x450.jpg 600w, https:\/\/www.fraterinternacional.org\/wp-content\/uploads\/2020\/04\/cuidado-reino-animal-comunidade-luz-aurora05-800x600.jpg 800w, https:\/\/www.fraterinternacional.org\/wp-content\/uploads\/2020\/04\/cuidado-reino-animal-comunidade-luz-aurora05.jpg 1000w\" sizes=\"(max-width: 1000px) 100vw, 1000px\" \/><\/a><p id=\"caption-attachment-113366\" class=\"wp-caption-text\">It is important to maintain a stable rhythm of feeding and adequate cleaning of the spaces of the animals<\/p><\/div>\n","protected":false},"excerpt":{"rendered":"<p>The\u00a0Light-Community Fraternity of Aurora\u00a0is preparing a series of talks for the purpose of developing a more conscious work concerning the [&hellip;]<\/p>\n","protected":false},"author":4,"featured_media":113379,"comment_status":"closed","ping_status":"closed","sticky":false,"template":"","format":"standard","meta":{"footnotes":""},"categories":[150],"tags":[],"class_list":["post-113826","post","type-post","status-publish","format-standard","has-post-thumbnail","hentry","category-news"],"yoast_head":"<!-- This site is optimized with the Yoast SEO Premium plugin v21.0 (Yoast SEO v21.0) - https:\/\/yoast.com\/wordpress\/plugins\/seo\/ -->\n<title>A Talk That Expands the Consciousness in the Care of the Animal Kingdom in the Light-Community Fraternity of Aurora<\/title>\n<meta name=\"description\" content=\"The Light-Community Fraternity of Aurora is preparing a series of talks for the purpose of developing a more conscious work concerning the care and the correct interaction with animals\" \/>\n<meta name=\"robots\" content=\"index, follow, max-snippet:-1, max-image-preview:large, max-video-preview:-1\" \/>\n<link rel=\"canonical\" href=\"https:\/\/www.fraterinternacional.org\/en\/talk-that-expands-the-consciousness-in-the-care-of-the-animal-kingdom-in-the-light-community-fraternity-of-aurora\/\" \/>\n<meta property=\"og:locale\" content=\"en_US\" \/>\n<meta property=\"og:type\" content=\"article\" \/>\n<meta property=\"og:title\" content=\"A Talk That Expands the Consciousness in the Care of the Animal Kingdom in the Light-Community Fraternity of Aurora\" \/>\n<meta property=\"og:description\" content=\"The Light-Community Fraternity of Aurora is preparing a series of talks for the purpose of developing a more conscious work concerning the care and the correct interaction with animals\" \/>\n<meta property=\"og:url\" content=\"https:\/\/www.fraterinternacional.org\/en\/talk-that-expands-the-consciousness-in-the-care-of-the-animal-kingdom-in-the-light-community-fraternity-of-aurora\/\" \/>\n<meta property=\"og:site_name\" content=\"Fraternidade - Federa\u00e7\u00e3o Humanit\u00e1ria Internacional\" \/>\n<meta property=\"article:publisher\" content=\"https:\/\/www.facebook.com\/fraternidadehumanitaria\" \/>\n<meta property=\"article:published_time\" content=\"2020-04-25T13:35:35+00:00\" \/>\n<meta property=\"article:modified_time\" content=\"2020-06-24T14:36:23+00:00\" \/>\n<meta property=\"og:image\" content=\"https:\/\/www.fraterinternacional.org\/wp-content\/uploads\/2020\/04\/cuidado-reino-animal-comunidade-luz-aurora04.jpg\" \/>\n\t<meta property=\"og:image:width\" content=\"1000\" \/>\n\t<meta property=\"og:image:height\" content=\"667\" \/>\n\t<meta property=\"og:image:type\" content=\"image\/jpeg\" \/>\n<meta name=\"author\" content=\"maducato_admin\" \/>\n<meta name=\"twitter:card\" content=\"summary_large_image\" \/>\n<meta name=\"twitter:creator\" content=\"@fraternidadeFHI\" \/>\n<meta name=\"twitter:site\" content=\"@fraternidadeFHI\" \/>\n<meta name=\"twitter:label1\" content=\"Written by\" \/>\n\t<meta name=\"twitter:data1\" content=\"maducato_admin\" \/>\n\t<meta name=\"twitter:label2\" content=\"Est. reading time\" \/>\n\t<meta name=\"twitter:data2\" content=\"3 minutes\" \/>\n<script type=\"application\/ld+json\" class=\"yoast-schema-graph\">{\"@context\":\"https:\/\/schema.org\",\"@graph\":[{\"@type\":\"WebPage\",\"@id\":\"https:\/\/www.fraterinternacional.org\/en\/talk-that-expands-the-consciousness-in-the-care-of-the-animal-kingdom-in-the-light-community-fraternity-of-aurora\/\",\"url\":\"https:\/\/www.fraterinternacional.org\/en\/talk-that-expands-the-consciousness-in-the-care-of-the-animal-kingdom-in-the-light-community-fraternity-of-aurora\/\",\"name\":\"A Talk That Expands the Consciousness in the Care of the Animal Kingdom in the Light-Community Fraternity of Aurora\",\"isPartOf\":{\"@id\":\"https:\/\/www.fraterinternacional.org\/es\/#website\"},\"datePublished\":\"2020-04-25T13:35:35+00:00\",\"dateModified\":\"2020-06-24T14:36:23+00:00\",\"author\":{\"@id\":\"https:\/\/www.fraterinternacional.org\/es\/#\/schema\/person\/19cb7a5541fd019768c7fe255d72701e\"},\"description\":\"The Light-Community Fraternity of Aurora is preparing a series of talks for the purpose of developing a more conscious work concerning the care and the correct interaction with animals\",\"breadcrumb\":{\"@id\":\"https:\/\/www.fraterinternacional.org\/en\/talk-that-expands-the-consciousness-in-the-care-of-the-animal-kingdom-in-the-light-community-fraternity-of-aurora\/#breadcrumb\"},\"inLanguage\":\"en-US\",\"potentialAction\":[{\"@type\":\"ReadAction\",\"target\":[\"https:\/\/www.fraterinternacional.org\/en\/talk-that-expands-the-consciousness-in-the-care-of-the-animal-kingdom-in-the-light-community-fraternity-of-aurora\/\"]}]},{\"@type\":\"BreadcrumbList\",\"@id\":\"https:\/\/www.fraterinternacional.org\/en\/talk-that-expands-the-consciousness-in-the-care-of-the-animal-kingdom-in-the-light-community-fraternity-of-aurora\/#breadcrumb\",\"itemListElement\":[{\"@type\":\"ListItem\",\"position\":1,\"name\":\"In\u00edcio\",\"item\":\"https:\/\/www.fraterinternacional.org\/en\/\"},{\"@type\":\"ListItem\",\"position\":2,\"name\":\"A Talk That Expands the Consciousness in the Care of the Animal Kingdom in the Light-Community Fraternity of Aurora\"}]},{\"@type\":\"WebSite\",\"@id\":\"https:\/\/www.fraterinternacional.org\/es\/#website\",\"url\":\"https:\/\/www.fraterinternacional.org\/es\/\",\"name\":\"Fraternidade - Federa\u00e7\u00e3o Humanit\u00e1ria Internacional\",\"description\":\"Fraternidade - Federa\u00e7\u00e3o Humanit\u00e1ria Internacional\",\"potentialAction\":[{\"@type\":\"SearchAction\",\"target\":{\"@type\":\"EntryPoint\",\"urlTemplate\":\"https:\/\/www.fraterinternacional.org\/es\/?s={search_term_string}\"},\"query-input\":\"required name=search_term_string\"}],\"inLanguage\":\"en-US\"},{\"@type\":\"Person\",\"@id\":\"https:\/\/www.fraterinternacional.org\/es\/#\/schema\/person\/19cb7a5541fd019768c7fe255d72701e\",\"name\":\"maducato_admin\"}]}<\/script>\n<!-- \/ Yoast SEO Premium plugin. -->","yoast_head_json":{"title":"A Talk That Expands the Consciousness in the Care of the Animal Kingdom in the Light-Community Fraternity of Aurora","description":"The Light-Community Fraternity of Aurora is preparing a series of talks for the purpose of developing a more conscious work concerning the care and the correct interaction with animals","robots":{"index":"index","follow":"follow","max-snippet":"max-snippet:-1","max-image-preview":"max-image-preview:large","max-video-preview":"max-video-preview:-1"},"canonical":"https:\/\/www.fraterinternacional.org\/en\/talk-that-expands-the-consciousness-in-the-care-of-the-animal-kingdom-in-the-light-community-fraternity-of-aurora\/","og_locale":"en_US","og_type":"article","og_title":"A Talk That Expands the Consciousness in the Care of the Animal Kingdom in the Light-Community Fraternity of Aurora","og_description":"The Light-Community Fraternity of Aurora is preparing a series of talks for the purpose of developing a more conscious work concerning the care and the correct interaction with animals","og_url":"https:\/\/www.fraterinternacional.org\/en\/talk-that-expands-the-consciousness-in-the-care-of-the-animal-kingdom-in-the-light-community-fraternity-of-aurora\/","og_site_name":"Fraternidade - Federa\u00e7\u00e3o Humanit\u00e1ria Internacional","article_publisher":"https:\/\/www.facebook.com\/fraternidadehumanitaria","article_published_time":"2020-04-25T13:35:35+00:00","article_modified_time":"2020-06-24T14:36:23+00:00","og_image":[{"width":1000,"height":667,"url":"https:\/\/www.fraterinternacional.org\/wp-content\/uploads\/2020\/04\/cuidado-reino-animal-comunidade-luz-aurora04.jpg","type":"image\/jpeg"}],"author":"maducato_admin","twitter_card":"summary_large_image","twitter_creator":"@fraternidadeFHI","twitter_site":"@fraternidadeFHI","twitter_misc":{"Written by":"maducato_admin","Est. reading time":"3 minutes"},"schema":{"@context":"https:\/\/schema.org","@graph":[{"@type":"WebPage","@id":"https:\/\/www.fraterinternacional.org\/en\/talk-that-expands-the-consciousness-in-the-care-of-the-animal-kingdom-in-the-light-community-fraternity-of-aurora\/","url":"https:\/\/www.fraterinternacional.org\/en\/talk-that-expands-the-consciousness-in-the-care-of-the-animal-kingdom-in-the-light-community-fraternity-of-aurora\/","name":"A Talk That Expands the Consciousness in the Care of the Animal Kingdom in the Light-Community Fraternity of Aurora","isPartOf":{"@id":"https:\/\/www.fraterinternacional.org\/es\/#website"},"datePublished":"2020-04-25T13:35:35+00:00","dateModified":"2020-06-24T14:36:23+00:00","author":{"@id":"https:\/\/www.fraterinternacional.org\/es\/#\/schema\/person\/19cb7a5541fd019768c7fe255d72701e"},"description":"The Light-Community Fraternity of Aurora is preparing a series of talks for the purpose of developing a more conscious work concerning the care and the correct interaction with animals","breadcrumb":{"@id":"https:\/\/www.fraterinternacional.org\/en\/talk-that-expands-the-consciousness-in-the-care-of-the-animal-kingdom-in-the-light-community-fraternity-of-aurora\/#breadcrumb"},"inLanguage":"en-US","potentialAction":[{"@type":"ReadAction","target":["https:\/\/www.fraterinternacional.org\/en\/talk-that-expands-the-consciousness-in-the-care-of-the-animal-kingdom-in-the-light-community-fraternity-of-aurora\/"]}]},{"@type":"BreadcrumbList","@id":"https:\/\/www.fraterinternacional.org\/en\/talk-that-expands-the-consciousness-in-the-care-of-the-animal-kingdom-in-the-light-community-fraternity-of-aurora\/#breadcrumb","itemListElement":[{"@type":"ListItem","position":1,"name":"In\u00edcio","item":"https:\/\/www.fraterinternacional.org\/en\/"},{"@type":"ListItem","position":2,"name":"A Talk That Expands the Consciousness in the Care of the Animal Kingdom in the Light-Community Fraternity of Aurora"}]},{"@type":"WebSite","@id":"https:\/\/www.fraterinternacional.org\/es\/#website","url":"https:\/\/www.fraterinternacional.org\/es\/","name":"Fraternidade - Federa\u00e7\u00e3o Humanit\u00e1ria Internacional","description":"Fraternidade - Federa\u00e7\u00e3o Humanit\u00e1ria Internacional","potentialAction":[{"@type":"SearchAction","target":{"@type":"EntryPoint","urlTemplate":"https:\/\/www.fraterinternacional.org\/es\/?s={search_term_string}"},"query-input":"required name=search_term_string"}],"inLanguage":"en-US"},{"@type":"Person","@id":"https:\/\/www.fraterinternacional.org\/es\/#\/schema\/person\/19cb7a5541fd019768c7fe255d72701e","name":"maducato_admin"}]}},"_links":{"self":[{"href":"https:\/\/www.fraterinternacional.org\/en\/wp-json\/wp\/v2\/posts\/113826"}],"collection":[{"href":"https:\/\/www.fraterinternacional.org\/en\/wp-json\/wp\/v2\/posts"}],"about":[{"href":"https:\/\/www.fraterinternacional.org\/en\/wp-json\/wp\/v2\/types\/post"}],"author":[{"embeddable":true,"href":"https:\/\/www.fraterinternacional.org\/en\/wp-json\/wp\/v2\/users\/4"}],"replies":[{"embeddable":true,"href":"https:\/\/www.fraterinternacional.org\/en\/wp-json\/wp\/v2\/comments?post=113826"}],"version-history":[{"count":0,"href":"https:\/\/www.fraterinternacional.org\/en\/wp-json\/wp\/v2\/posts\/113826\/revisions"}],"wp:featuredmedia":[{"embeddable":true,"href":"https:\/\/www.fraterinternacional.org\/en\/wp-json\/wp\/v2\/media\/113379"}],"wp:attachment":[{"href":"https:\/\/www.fraterinternacional.org\/en\/wp-json\/wp\/v2\/media?parent=113826"}],"wp:term":[{"taxonomy":"category","embeddable":true,"href":"https:\/\/www.fraterinternacional.org\/en\/wp-json\/wp\/v2\/categories?post=113826"},{"taxonomy":"post_tag","embeddable":true,"href":"https:\/\/www.fraterinternacional.org\/en\/wp-json\/wp\/v2\/tags?post=113826"}],"curies":[{"name":"wp","href":"https:\/\/api.w.org\/{rel}","templated":true}]}}