{"id":113599,"date":"2020-04-18T12:20:10","date_gmt":"2020-04-18T15:20:10","guid":{"rendered":"https:\/\/www.fraterinternacional.org\/?p=113599"},"modified":"2020-04-18T12:20:10","modified_gmt":"2020-04-18T15:20:10","slug":"international-day-of-health-and-the-value-of-integrative-therapies","status":"publish","type":"post","link":"https:\/\/www.fraterinternacional.org\/en\/international-day-of-health-and-the-value-of-integrative-therapies\/","title":{"rendered":"International Day of Health and the Value of Integrative Therapies"},"content":{"rendered":"<p style=\"text-align: justify;\">In the past, not long ago, health was defined as the absence of illnesses, mainly the absence of physical discomfort, not taking into account dysfunctions caused by emotions, thoughts, and unbalanced psychic states.<\/p>\n<p style=\"text-align: justify;\">With the expansion of the human consciousness, the concept of health has been constructed in a more assertive way with a more holistic approach.<\/p>\n<div id=\"attachment_113195\" style=\"width: 1010px\" class=\"wp-caption aligncenter\"><a href=\"https:\/\/www.fraterinternacional.org\/wp-content\/uploads\/2020\/04\/saude_terapias_integrativas_ffhi_1.jpg\"><img decoding=\"async\" aria-describedby=\"caption-attachment-113195\" class=\"wp-image-113195 size-full\" src=\"https:\/\/www.fraterinternacional.org\/wp-content\/uploads\/2020\/04\/saude_terapias_integrativas_ffhi_1.jpg\" alt=\"Dia da Sa\u00fade\" width=\"1000\" height=\"749\" srcset=\"https:\/\/www.fraterinternacional.org\/wp-content\/uploads\/2020\/04\/saude_terapias_integrativas_ffhi_1-200x150.jpg 200w, https:\/\/www.fraterinternacional.org\/wp-content\/uploads\/2020\/04\/saude_terapias_integrativas_ffhi_1-300x225.jpg 300w, https:\/\/www.fraterinternacional.org\/wp-content\/uploads\/2020\/04\/saude_terapias_integrativas_ffhi_1-400x300.jpg 400w, https:\/\/www.fraterinternacional.org\/wp-content\/uploads\/2020\/04\/saude_terapias_integrativas_ffhi_1-600x449.jpg 600w, https:\/\/www.fraterinternacional.org\/wp-content\/uploads\/2020\/04\/saude_terapias_integrativas_ffhi_1-800x599.jpg 800w, https:\/\/www.fraterinternacional.org\/wp-content\/uploads\/2020\/04\/saude_terapias_integrativas_ffhi_1.jpg 1000w\" sizes=\"(max-width: 1000px) 100vw, 1000px\" \/><\/a><p id=\"caption-attachment-113195\" class=\"wp-caption-text\">Attunement with the vibration of stones and crystals<\/p><\/div>\n<p style=\"text-align: justify;\">Besides the concepts and definitions, on this 7th\u00a0of April, in which the International Day of Health is celebrated, it is worth emphasizing that the application of integrative therapies, which complement conventional treatments, also promotes significant changes in health-related issues.<\/p>\n<p style=\"text-align: justify;\">Maria Ori, collaborating therapist of the\u00a0<strong><a href=\"http:\/\/www.comunidadefigueira.org.br\/\" target=\"_blank\" rel=\"noopener noreferrer\">Light-Community of Figueira<\/a><\/strong>, among many others, cites some treatments considered integrative, such as \u201cphytotherapy, therapy with stones and crystals, Eastern medicine, Ayurvedic, yoga, acupuncture, prayer, meditation.\u201d<\/p>\n<div id=\"attachment_113198\" style=\"width: 1286px\" class=\"wp-caption aligncenter\"><a href=\"https:\/\/www.fraterinternacional.org\/wp-content\/uploads\/2020\/04\/saude_terapias_integrativas_ffhi_4.jpg\"><img decoding=\"async\" aria-describedby=\"caption-attachment-113198\" class=\"wp-image-113198 size-full\" src=\"https:\/\/www.fraterinternacional.org\/wp-content\/uploads\/2020\/04\/saude_terapias_integrativas_ffhi_4.jpg\" alt=\"Dia da Sa\u00fade\" width=\"1276\" height=\"956\" srcset=\"https:\/\/www.fraterinternacional.org\/wp-content\/uploads\/2020\/04\/saude_terapias_integrativas_ffhi_4-200x150.jpg 200w, https:\/\/www.fraterinternacional.org\/wp-content\/uploads\/2020\/04\/saude_terapias_integrativas_ffhi_4-300x225.jpg 300w, https:\/\/www.fraterinternacional.org\/wp-content\/uploads\/2020\/04\/saude_terapias_integrativas_ffhi_4-400x300.jpg 400w, https:\/\/www.fraterinternacional.org\/wp-content\/uploads\/2020\/04\/saude_terapias_integrativas_ffhi_4-600x450.jpg 600w, https:\/\/www.fraterinternacional.org\/wp-content\/uploads\/2020\/04\/saude_terapias_integrativas_ffhi_4-800x599.jpg 800w, https:\/\/www.fraterinternacional.org\/wp-content\/uploads\/2020\/04\/saude_terapias_integrativas_ffhi_4-1024x767.jpg 1024w, https:\/\/www.fraterinternacional.org\/wp-content\/uploads\/2020\/04\/saude_terapias_integrativas_ffhi_4-1200x899.jpg 1200w, https:\/\/www.fraterinternacional.org\/wp-content\/uploads\/2020\/04\/saude_terapias_integrativas_ffhi_4.jpg 1276w\" sizes=\"(max-width: 1276px) 100vw, 1276px\" \/><\/a><p id=\"caption-attachment-113198\" class=\"wp-caption-text\">Phytotherapy: treatment with medicinal plants<\/p><\/div>\n<p style=\"text-align: justify;\">Concerning prayer, allopathic traditional medicine has formed research teams in hospitals that are dedicated to the study and analysis of cases related to the power of faith and prayer for the treatment and cure of the patient. Following this same line, there are renown medical universities in the capital of S\u00e3o Paulo with regulated training courses for facilitators to lead meditations focused on health.<\/p>\n<p style=\"text-align: justify;\">Among the integrative therapies cited, also highlighted was the value of acupuncture. In the words of Maria Ori: \u201cacupuncture originated in China more than 5,000 years ago, and today it is quite widespread throughout the West. With this technique, the therapist harmonizes the energies of the person through the energy meridians that permeate their body.\u201d<\/p>\n<p style=\"text-align: justify;\">One can recall also that, not long ago, acupuncture was the target of prejudice in the traditional medical environment and today has proven its effectiveness, being accepted and applied as a complementary treatment in numerous pathologies. From inflammatory and orthopedic issues, through hormonal and vital organ regulation, even including generalized emotional imbalances.<\/p>\n<p style=\"text-align: justify;\">Also within the concept of integrative therapies, another approach used by Maria Ori in her client services, is the food orientation. She explains that \u201cwhen a person chooses a food that nourishes their organism, and doesn\u2019t just eat to satisfy their desires or gain pleasure, they perceive a great difference in the quality of their health, including an increase in their immunity.\u201d<\/p>\n<div id=\"attachment_113204\" style=\"width: 1010px\" class=\"wp-caption aligncenter\"><a href=\"https:\/\/www.fraterinternacional.org\/wp-content\/uploads\/2020\/04\/saude_terapias_integrativas_ffhi_3.jpg\"><img decoding=\"async\" aria-describedby=\"caption-attachment-113204\" class=\"wp-image-113204 size-full\" src=\"https:\/\/www.fraterinternacional.org\/wp-content\/uploads\/2020\/04\/saude_terapias_integrativas_ffhi_3.jpg\" alt=\"Dia da Sa\u00fade\" width=\"1000\" height=\"750\" srcset=\"https:\/\/www.fraterinternacional.org\/wp-content\/uploads\/2020\/04\/saude_terapias_integrativas_ffhi_3-200x150.jpg 200w, https:\/\/www.fraterinternacional.org\/wp-content\/uploads\/2020\/04\/saude_terapias_integrativas_ffhi_3-300x225.jpg 300w, https:\/\/www.fraterinternacional.org\/wp-content\/uploads\/2020\/04\/saude_terapias_integrativas_ffhi_3-400x300.jpg 400w, https:\/\/www.fraterinternacional.org\/wp-content\/uploads\/2020\/04\/saude_terapias_integrativas_ffhi_3-600x450.jpg 600w, https:\/\/www.fraterinternacional.org\/wp-content\/uploads\/2020\/04\/saude_terapias_integrativas_ffhi_3-800x600.jpg 800w, https:\/\/www.fraterinternacional.org\/wp-content\/uploads\/2020\/04\/saude_terapias_integrativas_ffhi_3.jpg 1000w\" sizes=\"(max-width: 1000px) 100vw, 1000px\" \/><\/a><p id=\"caption-attachment-113204\" class=\"wp-caption-text\">Training on integrative therapies in the Light-Community Fraternity of Aurora<\/p><\/div>\n<p style=\"text-align: justify;\">The therapist relates various natural foods to the power to nurture the organism and strengthen the immune system, such as raw vegetables, saffron, ginger and the herbal\u00a0black-sage\u00a0tea. Specifically about immunity, she adds: \u201capproaching this issue from a spiritual angle, it is known, through the instruction of Jos\u00e9 Trigueirinho Netto, that immunity has a lot to do with the level of consciousness; we must always raise our mental and spiritual vibration.\u201d<\/p>\n<p style=\"text-align: justify;\">In this sense, and mostly, integrative therapies count on a relevant resource: that of emphasizing the importance of the human being seeking that state of balance, homeostasis, not only through submitting to medications, but also as a participant in one\u2019s own process of healing and maintaining health.<\/p>\n<p style=\"text-align: justify;\">The term homeostasis, originating in philosophy, began to also be used more recently in psychology to define a state of self-regulation inherent to the body, which automatically seeks a balance when facing the challenges imposed by the environment to which it is subject.<\/p>\n<p style=\"text-align: justify;\">Considering the entirety and the complexity of the human being, which is far greater than the sum of the physical parts of the body, the therapist Maria Ori makes us aware that \u201cin order to be healthy, it is necessary to keep our mind and thoughts at the highest energetic vibration, so that the organs, the cells, the atoms, the molecules, and all the components of the organism are able to radiate light and harmony.\u201d<\/p>\n","protected":false},"excerpt":{"rendered":"<p>In the past, not long ago, health was defined as the absence of illnesses, mainly the absence of physical discomfort, [&hellip;]<\/p>\n","protected":false},"author":4,"featured_media":113196,"comment_status":"closed","ping_status":"closed","sticky":false,"template":"","format":"standard","meta":{"footnotes":""},"categories":[150],"tags":[],"class_list":["post-113599","post","type-post","status-publish","format-standard","has-post-thumbnail","hentry","category-news"],"yoast_head":"<!-- This site is optimized with the Yoast SEO Premium plugin v21.0 (Yoast SEO v21.0) - https:\/\/yoast.com\/wordpress\/plugins\/seo\/ -->\n<title>International Day of Health and the Value of Integrative Therapies<\/title>\n<meta name=\"description\" content=\"In the past, not long ago, health was defined as the absence of illnesses, mainly the absence of physical discomfort, not taking into account dysfunctions caused by emotions, thoughts, and unbalanced psychic states.\" \/>\n<meta name=\"robots\" content=\"index, follow, max-snippet:-1, max-image-preview:large, max-video-preview:-1\" \/>\n<link rel=\"canonical\" href=\"https:\/\/www.fraterinternacional.org\/en\/international-day-of-health-and-the-value-of-integrative-therapies\/\" \/>\n<meta property=\"og:locale\" content=\"en_US\" \/>\n<meta property=\"og:type\" content=\"article\" \/>\n<meta property=\"og:title\" content=\"International Day of Health and the Value of Integrative Therapies\" \/>\n<meta property=\"og:description\" content=\"In the past, not long ago, health was defined as the absence of illnesses, mainly the absence of physical discomfort, not taking into account dysfunctions caused by emotions, thoughts, and unbalanced psychic states.\" \/>\n<meta property=\"og:url\" content=\"https:\/\/www.fraterinternacional.org\/en\/international-day-of-health-and-the-value-of-integrative-therapies\/\" \/>\n<meta property=\"og:site_name\" content=\"Fraternidade - Federa\u00e7\u00e3o Humanit\u00e1ria Internacional\" \/>\n<meta property=\"article:publisher\" content=\"https:\/\/www.facebook.com\/fraternidadehumanitaria\" \/>\n<meta property=\"article:published_time\" content=\"2020-04-18T15:20:10+00:00\" \/>\n<meta property=\"og:image\" content=\"https:\/\/www.fraterinternacional.org\/wp-content\/uploads\/2020\/04\/saude_terapias_integrativas_ffhi_1.jpg\" \/>\n\t<meta property=\"og:image:width\" content=\"1000\" \/>\n\t<meta property=\"og:image:height\" content=\"749\" \/>\n\t<meta property=\"og:image:type\" content=\"image\/jpeg\" \/>\n<meta name=\"author\" content=\"maducato_admin\" \/>\n<meta name=\"twitter:card\" content=\"summary_large_image\" \/>\n<meta name=\"twitter:creator\" content=\"@fraternidadeFHI\" \/>\n<meta name=\"twitter:site\" content=\"@fraternidadeFHI\" \/>\n<meta name=\"twitter:label1\" content=\"Written by\" \/>\n\t<meta name=\"twitter:data1\" content=\"maducato_admin\" \/>\n\t<meta name=\"twitter:label2\" content=\"Est. reading time\" \/>\n\t<meta name=\"twitter:data2\" content=\"3 minutes\" \/>\n<script type=\"application\/ld+json\" class=\"yoast-schema-graph\">{\"@context\":\"https:\/\/schema.org\",\"@graph\":[{\"@type\":\"WebPage\",\"@id\":\"https:\/\/www.fraterinternacional.org\/en\/international-day-of-health-and-the-value-of-integrative-therapies\/\",\"url\":\"https:\/\/www.fraterinternacional.org\/en\/international-day-of-health-and-the-value-of-integrative-therapies\/\",\"name\":\"International Day of Health and the Value of Integrative Therapies\",\"isPartOf\":{\"@id\":\"https:\/\/www.fraterinternacional.org\/es\/#website\"},\"datePublished\":\"2020-04-18T15:20:10+00:00\",\"dateModified\":\"2020-04-18T15:20:10+00:00\",\"author\":{\"@id\":\"https:\/\/www.fraterinternacional.org\/es\/#\/schema\/person\/19cb7a5541fd019768c7fe255d72701e\"},\"description\":\"In the past, not long ago, health was defined as the absence of illnesses, mainly the absence of physical discomfort, not taking into account dysfunctions caused by emotions, thoughts, and unbalanced psychic states.\",\"breadcrumb\":{\"@id\":\"https:\/\/www.fraterinternacional.org\/en\/international-day-of-health-and-the-value-of-integrative-therapies\/#breadcrumb\"},\"inLanguage\":\"en-US\",\"potentialAction\":[{\"@type\":\"ReadAction\",\"target\":[\"https:\/\/www.fraterinternacional.org\/en\/international-day-of-health-and-the-value-of-integrative-therapies\/\"]}]},{\"@type\":\"BreadcrumbList\",\"@id\":\"https:\/\/www.fraterinternacional.org\/en\/international-day-of-health-and-the-value-of-integrative-therapies\/#breadcrumb\",\"itemListElement\":[{\"@type\":\"ListItem\",\"position\":1,\"name\":\"In\u00edcio\",\"item\":\"https:\/\/www.fraterinternacional.org\/en\/\"},{\"@type\":\"ListItem\",\"position\":2,\"name\":\"International Day of Health and the Value of Integrative Therapies\"}]},{\"@type\":\"WebSite\",\"@id\":\"https:\/\/www.fraterinternacional.org\/es\/#website\",\"url\":\"https:\/\/www.fraterinternacional.org\/es\/\",\"name\":\"Fraternidade - Federa\u00e7\u00e3o Humanit\u00e1ria Internacional\",\"description\":\"Fraternidade - Federa\u00e7\u00e3o Humanit\u00e1ria Internacional\",\"potentialAction\":[{\"@type\":\"SearchAction\",\"target\":{\"@type\":\"EntryPoint\",\"urlTemplate\":\"https:\/\/www.fraterinternacional.org\/es\/?s={search_term_string}\"},\"query-input\":\"required name=search_term_string\"}],\"inLanguage\":\"en-US\"},{\"@type\":\"Person\",\"@id\":\"https:\/\/www.fraterinternacional.org\/es\/#\/schema\/person\/19cb7a5541fd019768c7fe255d72701e\",\"name\":\"maducato_admin\"}]}<\/script>\n<!-- \/ Yoast SEO Premium plugin. -->","yoast_head_json":{"title":"International Day of Health and the Value of Integrative Therapies","description":"In the past, not long ago, health was defined as the absence of illnesses, mainly the absence of physical discomfort, not taking into account dysfunctions caused by emotions, thoughts, and unbalanced psychic states.","robots":{"index":"index","follow":"follow","max-snippet":"max-snippet:-1","max-image-preview":"max-image-preview:large","max-video-preview":"max-video-preview:-1"},"canonical":"https:\/\/www.fraterinternacional.org\/en\/international-day-of-health-and-the-value-of-integrative-therapies\/","og_locale":"en_US","og_type":"article","og_title":"International Day of Health and the Value of Integrative Therapies","og_description":"In the past, not long ago, health was defined as the absence of illnesses, mainly the absence of physical discomfort, not taking into account dysfunctions caused by emotions, thoughts, and unbalanced psychic states.","og_url":"https:\/\/www.fraterinternacional.org\/en\/international-day-of-health-and-the-value-of-integrative-therapies\/","og_site_name":"Fraternidade - Federa\u00e7\u00e3o Humanit\u00e1ria Internacional","article_publisher":"https:\/\/www.facebook.com\/fraternidadehumanitaria","article_published_time":"2020-04-18T15:20:10+00:00","og_image":[{"width":1000,"height":749,"url":"https:\/\/www.fraterinternacional.org\/wp-content\/uploads\/2020\/04\/saude_terapias_integrativas_ffhi_1.jpg","type":"image\/jpeg"}],"author":"maducato_admin","twitter_card":"summary_large_image","twitter_creator":"@fraternidadeFHI","twitter_site":"@fraternidadeFHI","twitter_misc":{"Written by":"maducato_admin","Est. reading time":"3 minutes"},"schema":{"@context":"https:\/\/schema.org","@graph":[{"@type":"WebPage","@id":"https:\/\/www.fraterinternacional.org\/en\/international-day-of-health-and-the-value-of-integrative-therapies\/","url":"https:\/\/www.fraterinternacional.org\/en\/international-day-of-health-and-the-value-of-integrative-therapies\/","name":"International Day of Health and the Value of Integrative Therapies","isPartOf":{"@id":"https:\/\/www.fraterinternacional.org\/es\/#website"},"datePublished":"2020-04-18T15:20:10+00:00","dateModified":"2020-04-18T15:20:10+00:00","author":{"@id":"https:\/\/www.fraterinternacional.org\/es\/#\/schema\/person\/19cb7a5541fd019768c7fe255d72701e"},"description":"In the past, not long ago, health was defined as the absence of illnesses, mainly the absence of physical discomfort, not taking into account dysfunctions caused by emotions, thoughts, and unbalanced psychic states.","breadcrumb":{"@id":"https:\/\/www.fraterinternacional.org\/en\/international-day-of-health-and-the-value-of-integrative-therapies\/#breadcrumb"},"inLanguage":"en-US","potentialAction":[{"@type":"ReadAction","target":["https:\/\/www.fraterinternacional.org\/en\/international-day-of-health-and-the-value-of-integrative-therapies\/"]}]},{"@type":"BreadcrumbList","@id":"https:\/\/www.fraterinternacional.org\/en\/international-day-of-health-and-the-value-of-integrative-therapies\/#breadcrumb","itemListElement":[{"@type":"ListItem","position":1,"name":"In\u00edcio","item":"https:\/\/www.fraterinternacional.org\/en\/"},{"@type":"ListItem","position":2,"name":"International Day of Health and the Value of Integrative Therapies"}]},{"@type":"WebSite","@id":"https:\/\/www.fraterinternacional.org\/es\/#website","url":"https:\/\/www.fraterinternacional.org\/es\/","name":"Fraternidade - Federa\u00e7\u00e3o Humanit\u00e1ria Internacional","description":"Fraternidade - Federa\u00e7\u00e3o Humanit\u00e1ria Internacional","potentialAction":[{"@type":"SearchAction","target":{"@type":"EntryPoint","urlTemplate":"https:\/\/www.fraterinternacional.org\/es\/?s={search_term_string}"},"query-input":"required name=search_term_string"}],"inLanguage":"en-US"},{"@type":"Person","@id":"https:\/\/www.fraterinternacional.org\/es\/#\/schema\/person\/19cb7a5541fd019768c7fe255d72701e","name":"maducato_admin"}]}},"_links":{"self":[{"href":"https:\/\/www.fraterinternacional.org\/en\/wp-json\/wp\/v2\/posts\/113599"}],"collection":[{"href":"https:\/\/www.fraterinternacional.org\/en\/wp-json\/wp\/v2\/posts"}],"about":[{"href":"https:\/\/www.fraterinternacional.org\/en\/wp-json\/wp\/v2\/types\/post"}],"author":[{"embeddable":true,"href":"https:\/\/www.fraterinternacional.org\/en\/wp-json\/wp\/v2\/users\/4"}],"replies":[{"embeddable":true,"href":"https:\/\/www.fraterinternacional.org\/en\/wp-json\/wp\/v2\/comments?post=113599"}],"version-history":[{"count":0,"href":"https:\/\/www.fraterinternacional.org\/en\/wp-json\/wp\/v2\/posts\/113599\/revisions"}],"wp:featuredmedia":[{"embeddable":true,"href":"https:\/\/www.fraterinternacional.org\/en\/wp-json\/wp\/v2\/media\/113196"}],"wp:attachment":[{"href":"https:\/\/www.fraterinternacional.org\/en\/wp-json\/wp\/v2\/media?parent=113599"}],"wp:term":[{"taxonomy":"category","embeddable":true,"href":"https:\/\/www.fraterinternacional.org\/en\/wp-json\/wp\/v2\/categories?post=113599"},{"taxonomy":"post_tag","embeddable":true,"href":"https:\/\/www.fraterinternacional.org\/en\/wp-json\/wp\/v2\/tags?post=113599"}],"curies":[{"name":"wp","href":"https:\/\/api.w.org\/{rel}","templated":true}]}}