{"id":110106,"date":"2019-12-17T17:43:34","date_gmt":"2019-12-17T20:43:34","guid":{"rendered":"https:\/\/www.fraterinternacional.org\/?p=110106"},"modified":"2019-12-17T17:43:34","modified_gmt":"2019-12-17T20:43:34","slug":"friar-luciano-promotes-the-missionary-work-in-porto-alegre","status":"publish","type":"post","link":"https:\/\/www.fraterinternacional.org\/en\/friar-luciano-promotes-the-missionary-work-in-porto-alegre\/","title":{"rendered":"Friar Luciano promotes the missionary work in Porto Alegre"},"content":{"rendered":"<p><a href=\"https:\/\/www.fraterinternacional.org\/wp-content\/uploads\/2019\/12\/img-trabalho-missionario-porto-alegre-dest.jpg\"><img decoding=\"async\" class=\"size-full wp-image-110047 aligncenter\" src=\"https:\/\/www.fraterinternacional.org\/wp-content\/uploads\/2019\/12\/img-trabalho-missionario-porto-alegre-dest.jpg\" alt=\"Frei Luciano difunde o trabalho mission\u00e1rio em Porto\" width=\"1280\" height=\"853\" srcset=\"https:\/\/www.fraterinternacional.org\/wp-content\/uploads\/2019\/12\/img-trabalho-missionario-porto-alegre-dest-200x133.jpg 200w, https:\/\/www.fraterinternacional.org\/wp-content\/uploads\/2019\/12\/img-trabalho-missionario-porto-alegre-dest-300x200.jpg 300w, https:\/\/www.fraterinternacional.org\/wp-content\/uploads\/2019\/12\/img-trabalho-missionario-porto-alegre-dest-400x267.jpg 400w, https:\/\/www.fraterinternacional.org\/wp-content\/uploads\/2019\/12\/img-trabalho-missionario-porto-alegre-dest-600x400.jpg 600w, https:\/\/www.fraterinternacional.org\/wp-content\/uploads\/2019\/12\/img-trabalho-missionario-porto-alegre-dest-800x533.jpg 800w, https:\/\/www.fraterinternacional.org\/wp-content\/uploads\/2019\/12\/img-trabalho-missionario-porto-alegre-dest-1024x682.jpg 1024w, https:\/\/www.fraterinternacional.org\/wp-content\/uploads\/2019\/12\/img-trabalho-missionario-porto-alegre-dest-1200x800.jpg 1200w, https:\/\/www.fraterinternacional.org\/wp-content\/uploads\/2019\/12\/img-trabalho-missionario-porto-alegre-dest.jpg 1280w\" sizes=\"(max-width: 1280px) 100vw, 1280px\" \/><\/a><\/p>\n<p class=\"p1\" style=\"text-align: justify;\"><span style=\"font-weight: 400;\">Friar Luciano, General Manager of the\u00a0<\/span><a href=\"https:\/\/www.fraterinternacional.org\/en\/\"><strong>Fraternidade \u2013 International Humanitarian Federation<\/strong><\/a><span style=\"font-weight: 400;\">, completed an agenda of meetings in Porto Alegre, Brazil. Between December 11 and 13, he met representatives of various sectors of the society, with the aim of promoting the missionary work and informing the population regarding the situation of the Venezuelan refugees in the country, as the migratory flow is still an unknown reality.<\/span><\/p>\n<p class=\"p1\" style=\"text-align: justify;\"><a href=\"https:\/\/www.fraterinternacional.org\/wp-content\/uploads\/2019\/12\/img-trabalho-missionario-porto-alegre-01.jpg\"><img decoding=\"async\" class=\"size-full wp-image-110050 aligncenter\" src=\"https:\/\/www.fraterinternacional.org\/wp-content\/uploads\/2019\/12\/img-trabalho-missionario-porto-alegre-01.jpg\" alt=\"Frei Luciano difunde o trabalho mission\u00e1rio em Porto\" width=\"1280\" height=\"960\" srcset=\"https:\/\/www.fraterinternacional.org\/wp-content\/uploads\/2019\/12\/img-trabalho-missionario-porto-alegre-01-200x150.jpg 200w, https:\/\/www.fraterinternacional.org\/wp-content\/uploads\/2019\/12\/img-trabalho-missionario-porto-alegre-01-300x225.jpg 300w, https:\/\/www.fraterinternacional.org\/wp-content\/uploads\/2019\/12\/img-trabalho-missionario-porto-alegre-01-400x300.jpg 400w, https:\/\/www.fraterinternacional.org\/wp-content\/uploads\/2019\/12\/img-trabalho-missionario-porto-alegre-01-600x450.jpg 600w, https:\/\/www.fraterinternacional.org\/wp-content\/uploads\/2019\/12\/img-trabalho-missionario-porto-alegre-01-800x600.jpg 800w, https:\/\/www.fraterinternacional.org\/wp-content\/uploads\/2019\/12\/img-trabalho-missionario-porto-alegre-01-1024x768.jpg 1024w, https:\/\/www.fraterinternacional.org\/wp-content\/uploads\/2019\/12\/img-trabalho-missionario-porto-alegre-01-1200x900.jpg 1200w, https:\/\/www.fraterinternacional.org\/wp-content\/uploads\/2019\/12\/img-trabalho-missionario-porto-alegre-01.jpg 1280w\" sizes=\"(max-width: 1280px) 100vw, 1280px\" \/><\/a><\/p>\n<p style=\"text-align: justify;\"><span style=\"font-weight: 400;\">In the visit to the Southern capital, he was received by Alexandre Gadret, Vice-President of\u00a0<\/span><span style=\"font-weight: 400;\"><a href=\"https:\/\/www.federasul.com.br\/\"><strong>Federasul<\/strong><\/a>,<\/span><span style=\"font-weight: 400;\">\u00a0and by Sergio Gabardo, from\u00a0<\/span><a href=\"http:\/\/transgabardo.com.br\/site\/\"><strong>Transportes Gabardo<\/strong><\/a><span style=\"font-weight: 400;\">. He also had meetings with Regina Becker, State Secretary of Labor and Social Assistance, and with Catarina Paladino, State Secretary of Justice, Citizenship and Human Rights. He met with Sister Gentila also, of the\u00a0<\/span><a href=\"https:\/\/www.icm-sec.org.br\/category\/congregacao\/\"><strong>Congregation of the Immaculate Heart of Mary.<\/strong><\/a><\/p>\n<p><a href=\"https:\/\/www.fraterinternacional.org\/wp-content\/uploads\/2019\/12\/img-trabalho-missionario-porto-alegre-02.jpg\"><img decoding=\"async\" class=\"alignnone size-full wp-image-110053\" src=\"https:\/\/www.fraterinternacional.org\/wp-content\/uploads\/2019\/12\/img-trabalho-missionario-porto-alegre-02.jpg\" alt=\"Frei Luciano difunde o trabalho mission\u00e1rio em Porto\" width=\"1280\" height=\"960\" srcset=\"https:\/\/www.fraterinternacional.org\/wp-content\/uploads\/2019\/12\/img-trabalho-missionario-porto-alegre-02-200x150.jpg 200w, https:\/\/www.fraterinternacional.org\/wp-content\/uploads\/2019\/12\/img-trabalho-missionario-porto-alegre-02-300x225.jpg 300w, https:\/\/www.fraterinternacional.org\/wp-content\/uploads\/2019\/12\/img-trabalho-missionario-porto-alegre-02-400x300.jpg 400w, https:\/\/www.fraterinternacional.org\/wp-content\/uploads\/2019\/12\/img-trabalho-missionario-porto-alegre-02-600x450.jpg 600w, https:\/\/www.fraterinternacional.org\/wp-content\/uploads\/2019\/12\/img-trabalho-missionario-porto-alegre-02-800x600.jpg 800w, https:\/\/www.fraterinternacional.org\/wp-content\/uploads\/2019\/12\/img-trabalho-missionario-porto-alegre-02-1024x768.jpg 1024w, https:\/\/www.fraterinternacional.org\/wp-content\/uploads\/2019\/12\/img-trabalho-missionario-porto-alegre-02-1200x900.jpg 1200w, https:\/\/www.fraterinternacional.org\/wp-content\/uploads\/2019\/12\/img-trabalho-missionario-porto-alegre-02.jpg 1280w\" sizes=\"(max-width: 1280px) 100vw, 1280px\" \/><\/a><\/p>\n<p class=\"p1\" style=\"text-align: justify;\">Friar Luciano invited all of them to participate in a project aimed at the dissemination of refugees that is being developed in partnership with national and international organizations. In this first stage, strategies are being studied to distribute the refugees concentrated in <a href=\"https:\/\/www.fraterinternacional.org\/en\/roraima-mission\/\"><strong>Roraima<\/strong><\/a> and Manaus into 12 capital cities of Brazil, so that they can have opportunities to rebuild the life they left behind in Venezuela. Considering that Brazil faces for the first time a humanitarian crisis, the joint effort of public and private institutions becomes necessary to handle the demand and bring about efficient solutions.<\/p>\n<p><a href=\"https:\/\/www.fraterinternacional.org\/wp-content\/uploads\/2019\/12\/img-trabalho-missionario-porto-alegre-03.jpg\"><img decoding=\"async\" class=\"alignnone size-full wp-image-110056\" src=\"https:\/\/www.fraterinternacional.org\/wp-content\/uploads\/2019\/12\/img-trabalho-missionario-porto-alegre-03.jpg\" alt=\"Frei Luciano difunde o trabalho mission\u00e1rio em Porto\" width=\"1280\" height=\"960\" srcset=\"https:\/\/www.fraterinternacional.org\/wp-content\/uploads\/2019\/12\/img-trabalho-missionario-porto-alegre-03-200x150.jpg 200w, https:\/\/www.fraterinternacional.org\/wp-content\/uploads\/2019\/12\/img-trabalho-missionario-porto-alegre-03-300x225.jpg 300w, https:\/\/www.fraterinternacional.org\/wp-content\/uploads\/2019\/12\/img-trabalho-missionario-porto-alegre-03-400x300.jpg 400w, https:\/\/www.fraterinternacional.org\/wp-content\/uploads\/2019\/12\/img-trabalho-missionario-porto-alegre-03-600x450.jpg 600w, https:\/\/www.fraterinternacional.org\/wp-content\/uploads\/2019\/12\/img-trabalho-missionario-porto-alegre-03-800x600.jpg 800w, https:\/\/www.fraterinternacional.org\/wp-content\/uploads\/2019\/12\/img-trabalho-missionario-porto-alegre-03-1024x768.jpg 1024w, https:\/\/www.fraterinternacional.org\/wp-content\/uploads\/2019\/12\/img-trabalho-missionario-porto-alegre-03-1200x900.jpg 1200w, https:\/\/www.fraterinternacional.org\/wp-content\/uploads\/2019\/12\/img-trabalho-missionario-porto-alegre-03.jpg 1280w\" sizes=\"(max-width: 1280px) 100vw, 1280px\" \/><\/a> <a href=\"https:\/\/youtu.be\/hvQydFDGpx8\" target=\"_blank\" rel=\"noopener noreferrer\"><strong>Click here to watch the interview between Regina Becker (Secretary Work and Social Welfare RS) and Friar Luciano (General Manager of the Fraternity &#8211; International Humanitarian Federation) on the official Youtube of the Secretariat Work and Social Welfare RS.<\/strong><\/a><\/p>\n","protected":false},"excerpt":{"rendered":"<p>Friar Luciano, General Manager of the\u00a0Fraternidade \u2013 International Humanitarian Federation, completed an agenda of meetings in Porto Alegre, Brazil. Between [&hellip;]<\/p>\n","protected":false},"author":4,"featured_media":110048,"comment_status":"closed","ping_status":"closed","sticky":false,"template":"","format":"standard","meta":{"footnotes":""},"categories":[150],"tags":[],"class_list":["post-110106","post","type-post","status-publish","format-standard","has-post-thumbnail","hentry","category-news"],"yoast_head":"<!-- This site is optimized with the Yoast SEO Premium plugin v21.0 (Yoast SEO v21.0) - https:\/\/yoast.com\/wordpress\/plugins\/seo\/ -->\n<title>Friar Luciano promotes the missionary work in Porto Alegre<\/title>\n<meta name=\"description\" content=\"Friar Luciano, General Manager of the Fraternidade \u2013 International Humanitarian Federation, completed an agenda of meetings in Porto Alegre, Brazil. Between December 11 and 13, he met representatives of various sectors of the society, with the aim of promoting the missionary work and informing the population regarding the situation of the Venezuelan refugees in the country, as the migratory flow is still an unknown reality.\" \/>\n<meta name=\"robots\" content=\"index, follow, max-snippet:-1, max-image-preview:large, max-video-preview:-1\" \/>\n<link rel=\"canonical\" href=\"https:\/\/www.fraterinternacional.org\/en\/friar-luciano-promotes-the-missionary-work-in-porto-alegre\/\" \/>\n<meta property=\"og:locale\" content=\"en_US\" \/>\n<meta property=\"og:type\" content=\"article\" \/>\n<meta property=\"og:title\" content=\"Friar Luciano promotes the missionary work in Porto Alegre\" \/>\n<meta property=\"og:description\" content=\"Friar Luciano, General Manager of the Fraternidade \u2013 International Humanitarian Federation, completed an agenda of meetings in Porto Alegre, Brazil. Between December 11 and 13, he met representatives of various sectors of the society, with the aim of promoting the missionary work and informing the population regarding the situation of the Venezuelan refugees in the country, as the migratory flow is still an unknown reality.\" \/>\n<meta property=\"og:url\" content=\"https:\/\/www.fraterinternacional.org\/en\/friar-luciano-promotes-the-missionary-work-in-porto-alegre\/\" \/>\n<meta property=\"og:site_name\" content=\"Fraternidade - Federa\u00e7\u00e3o Humanit\u00e1ria Internacional\" \/>\n<meta property=\"article:publisher\" content=\"https:\/\/www.facebook.com\/fraternidadehumanitaria\" \/>\n<meta property=\"article:published_time\" content=\"2019-12-17T20:43:34+00:00\" \/>\n<meta property=\"og:image\" content=\"https:\/\/www.fraterinternacional.org\/wp-content\/uploads\/2019\/12\/img-trabalho-missionario-porto-alegre-dest.jpg\" \/>\n\t<meta property=\"og:image:width\" content=\"1280\" \/>\n\t<meta property=\"og:image:height\" content=\"853\" \/>\n\t<meta property=\"og:image:type\" content=\"image\/jpeg\" \/>\n<meta name=\"author\" content=\"maducato_admin\" \/>\n<meta name=\"twitter:card\" content=\"summary_large_image\" \/>\n<meta name=\"twitter:creator\" content=\"@fraternidadeFHI\" \/>\n<meta name=\"twitter:site\" content=\"@fraternidadeFHI\" \/>\n<meta name=\"twitter:label1\" content=\"Written by\" \/>\n\t<meta name=\"twitter:data1\" content=\"maducato_admin\" \/>\n\t<meta name=\"twitter:label2\" content=\"Est. reading time\" \/>\n\t<meta name=\"twitter:data2\" content=\"1 minute\" \/>\n<script type=\"application\/ld+json\" class=\"yoast-schema-graph\">{\"@context\":\"https:\/\/schema.org\",\"@graph\":[{\"@type\":\"WebPage\",\"@id\":\"https:\/\/www.fraterinternacional.org\/en\/friar-luciano-promotes-the-missionary-work-in-porto-alegre\/\",\"url\":\"https:\/\/www.fraterinternacional.org\/en\/friar-luciano-promotes-the-missionary-work-in-porto-alegre\/\",\"name\":\"Friar Luciano promotes the missionary work in Porto Alegre\",\"isPartOf\":{\"@id\":\"https:\/\/www.fraterinternacional.org\/es\/#website\"},\"datePublished\":\"2019-12-17T20:43:34+00:00\",\"dateModified\":\"2019-12-17T20:43:34+00:00\",\"author\":{\"@id\":\"https:\/\/www.fraterinternacional.org\/es\/#\/schema\/person\/19cb7a5541fd019768c7fe255d72701e\"},\"description\":\"Friar Luciano, General Manager of the Fraternidade \u2013 International Humanitarian Federation, completed an agenda of meetings in Porto Alegre, Brazil. Between December 11 and 13, he met representatives of various sectors of the society, with the aim of promoting the missionary work and informing the population regarding the situation of the Venezuelan refugees in the country, as the migratory flow is still an unknown reality.\",\"breadcrumb\":{\"@id\":\"https:\/\/www.fraterinternacional.org\/en\/friar-luciano-promotes-the-missionary-work-in-porto-alegre\/#breadcrumb\"},\"inLanguage\":\"en-US\",\"potentialAction\":[{\"@type\":\"ReadAction\",\"target\":[\"https:\/\/www.fraterinternacional.org\/en\/friar-luciano-promotes-the-missionary-work-in-porto-alegre\/\"]}]},{\"@type\":\"BreadcrumbList\",\"@id\":\"https:\/\/www.fraterinternacional.org\/en\/friar-luciano-promotes-the-missionary-work-in-porto-alegre\/#breadcrumb\",\"itemListElement\":[{\"@type\":\"ListItem\",\"position\":1,\"name\":\"In\u00edcio\",\"item\":\"https:\/\/www.fraterinternacional.org\/en\/\"},{\"@type\":\"ListItem\",\"position\":2,\"name\":\"Friar Luciano promotes the missionary work in Porto Alegre\"}]},{\"@type\":\"WebSite\",\"@id\":\"https:\/\/www.fraterinternacional.org\/es\/#website\",\"url\":\"https:\/\/www.fraterinternacional.org\/es\/\",\"name\":\"Fraternidade - Federa\u00e7\u00e3o Humanit\u00e1ria Internacional\",\"description\":\"Fraternidade - Federa\u00e7\u00e3o Humanit\u00e1ria Internacional\",\"potentialAction\":[{\"@type\":\"SearchAction\",\"target\":{\"@type\":\"EntryPoint\",\"urlTemplate\":\"https:\/\/www.fraterinternacional.org\/es\/?s={search_term_string}\"},\"query-input\":\"required name=search_term_string\"}],\"inLanguage\":\"en-US\"},{\"@type\":\"Person\",\"@id\":\"https:\/\/www.fraterinternacional.org\/es\/#\/schema\/person\/19cb7a5541fd019768c7fe255d72701e\",\"name\":\"maducato_admin\"}]}<\/script>\n<!-- \/ Yoast SEO Premium plugin. -->","yoast_head_json":{"title":"Friar Luciano promotes the missionary work in Porto Alegre","description":"Friar Luciano, General Manager of the Fraternidade \u2013 International Humanitarian Federation, completed an agenda of meetings in Porto Alegre, Brazil. Between December 11 and 13, he met representatives of various sectors of the society, with the aim of promoting the missionary work and informing the population regarding the situation of the Venezuelan refugees in the country, as the migratory flow is still an unknown reality.","robots":{"index":"index","follow":"follow","max-snippet":"max-snippet:-1","max-image-preview":"max-image-preview:large","max-video-preview":"max-video-preview:-1"},"canonical":"https:\/\/www.fraterinternacional.org\/en\/friar-luciano-promotes-the-missionary-work-in-porto-alegre\/","og_locale":"en_US","og_type":"article","og_title":"Friar Luciano promotes the missionary work in Porto Alegre","og_description":"Friar Luciano, General Manager of the Fraternidade \u2013 International Humanitarian Federation, completed an agenda of meetings in Porto Alegre, Brazil. Between December 11 and 13, he met representatives of various sectors of the society, with the aim of promoting the missionary work and informing the population regarding the situation of the Venezuelan refugees in the country, as the migratory flow is still an unknown reality.","og_url":"https:\/\/www.fraterinternacional.org\/en\/friar-luciano-promotes-the-missionary-work-in-porto-alegre\/","og_site_name":"Fraternidade - Federa\u00e7\u00e3o Humanit\u00e1ria Internacional","article_publisher":"https:\/\/www.facebook.com\/fraternidadehumanitaria","article_published_time":"2019-12-17T20:43:34+00:00","og_image":[{"width":1280,"height":853,"url":"https:\/\/www.fraterinternacional.org\/wp-content\/uploads\/2019\/12\/img-trabalho-missionario-porto-alegre-dest.jpg","type":"image\/jpeg"}],"author":"maducato_admin","twitter_card":"summary_large_image","twitter_creator":"@fraternidadeFHI","twitter_site":"@fraternidadeFHI","twitter_misc":{"Written by":"maducato_admin","Est. reading time":"1 minute"},"schema":{"@context":"https:\/\/schema.org","@graph":[{"@type":"WebPage","@id":"https:\/\/www.fraterinternacional.org\/en\/friar-luciano-promotes-the-missionary-work-in-porto-alegre\/","url":"https:\/\/www.fraterinternacional.org\/en\/friar-luciano-promotes-the-missionary-work-in-porto-alegre\/","name":"Friar Luciano promotes the missionary work in Porto Alegre","isPartOf":{"@id":"https:\/\/www.fraterinternacional.org\/es\/#website"},"datePublished":"2019-12-17T20:43:34+00:00","dateModified":"2019-12-17T20:43:34+00:00","author":{"@id":"https:\/\/www.fraterinternacional.org\/es\/#\/schema\/person\/19cb7a5541fd019768c7fe255d72701e"},"description":"Friar Luciano, General Manager of the Fraternidade \u2013 International Humanitarian Federation, completed an agenda of meetings in Porto Alegre, Brazil. Between December 11 and 13, he met representatives of various sectors of the society, with the aim of promoting the missionary work and informing the population regarding the situation of the Venezuelan refugees in the country, as the migratory flow is still an unknown reality.","breadcrumb":{"@id":"https:\/\/www.fraterinternacional.org\/en\/friar-luciano-promotes-the-missionary-work-in-porto-alegre\/#breadcrumb"},"inLanguage":"en-US","potentialAction":[{"@type":"ReadAction","target":["https:\/\/www.fraterinternacional.org\/en\/friar-luciano-promotes-the-missionary-work-in-porto-alegre\/"]}]},{"@type":"BreadcrumbList","@id":"https:\/\/www.fraterinternacional.org\/en\/friar-luciano-promotes-the-missionary-work-in-porto-alegre\/#breadcrumb","itemListElement":[{"@type":"ListItem","position":1,"name":"In\u00edcio","item":"https:\/\/www.fraterinternacional.org\/en\/"},{"@type":"ListItem","position":2,"name":"Friar Luciano promotes the missionary work in Porto Alegre"}]},{"@type":"WebSite","@id":"https:\/\/www.fraterinternacional.org\/es\/#website","url":"https:\/\/www.fraterinternacional.org\/es\/","name":"Fraternidade - Federa\u00e7\u00e3o Humanit\u00e1ria Internacional","description":"Fraternidade - Federa\u00e7\u00e3o Humanit\u00e1ria Internacional","potentialAction":[{"@type":"SearchAction","target":{"@type":"EntryPoint","urlTemplate":"https:\/\/www.fraterinternacional.org\/es\/?s={search_term_string}"},"query-input":"required name=search_term_string"}],"inLanguage":"en-US"},{"@type":"Person","@id":"https:\/\/www.fraterinternacional.org\/es\/#\/schema\/person\/19cb7a5541fd019768c7fe255d72701e","name":"maducato_admin"}]}},"_links":{"self":[{"href":"https:\/\/www.fraterinternacional.org\/en\/wp-json\/wp\/v2\/posts\/110106"}],"collection":[{"href":"https:\/\/www.fraterinternacional.org\/en\/wp-json\/wp\/v2\/posts"}],"about":[{"href":"https:\/\/www.fraterinternacional.org\/en\/wp-json\/wp\/v2\/types\/post"}],"author":[{"embeddable":true,"href":"https:\/\/www.fraterinternacional.org\/en\/wp-json\/wp\/v2\/users\/4"}],"replies":[{"embeddable":true,"href":"https:\/\/www.fraterinternacional.org\/en\/wp-json\/wp\/v2\/comments?post=110106"}],"version-history":[{"count":0,"href":"https:\/\/www.fraterinternacional.org\/en\/wp-json\/wp\/v2\/posts\/110106\/revisions"}],"wp:featuredmedia":[{"embeddable":true,"href":"https:\/\/www.fraterinternacional.org\/en\/wp-json\/wp\/v2\/media\/110048"}],"wp:attachment":[{"href":"https:\/\/www.fraterinternacional.org\/en\/wp-json\/wp\/v2\/media?parent=110106"}],"wp:term":[{"taxonomy":"category","embeddable":true,"href":"https:\/\/www.fraterinternacional.org\/en\/wp-json\/wp\/v2\/categories?post=110106"},{"taxonomy":"post_tag","embeddable":true,"href":"https:\/\/www.fraterinternacional.org\/en\/wp-json\/wp\/v2\/tags?post=110106"}],"curies":[{"name":"wp","href":"https:\/\/api.w.org\/{rel}","templated":true}]}}