{"id":109318,"date":"2019-11-27T06:26:05","date_gmt":"2019-11-27T09:26:05","guid":{"rendered":"https:\/\/www.fraterinternacional.org\/?p=109318"},"modified":"2019-11-27T06:26:05","modified_gmt":"2019-11-27T09:26:05","slug":"two-communities-of-the-qom-ethnic-group-are-helped-by-the-chaco-mission-in-argentina","status":"publish","type":"post","link":"https:\/\/www.fraterinternacional.org\/en\/two-communities-of-the-qom-ethnic-group-are-helped-by-the-chaco-mission-in-argentina\/","title":{"rendered":"Two communities of the Qom ethnic group are helped by the Chaco Mission, in Argentina"},"content":{"rendered":"<p style=\"text-align: justify;\">The <a href=\"https:\/\/www.fraterinternacional.org\/en\/chaco-mission\/\" target=\"_blank\" rel=\"noopener noreferrer\"><strong>Chaco Mission<\/strong><\/a> is a recurrent mission carried out approximately every three months, when different Qom communities are visited. In October this year, the <a href=\"https:\/\/www.fraterinternacional.org\/en\/light-network\/\" target=\"_blank\" rel=\"noopener noreferrer\"><strong>Light-Network<\/strong><\/a> group of Chaco, affiliated with the <a href=\"https:\/\/www.fraterinternacional.org\/en\/humanitarian-missions\/\" target=\"_blank\" rel=\"noopener noreferrer\"><strong>Fraternidade \u2013 International Humanitarian Federation FIHF<\/strong><\/a>, sought to meet the most urgent needs in these communities.<\/p>\n<p style=\"text-align: justify;\"><a href=\"https:\/\/www.fraterinternacional.org\/wp-content\/uploads\/2019\/11\/capachaco01.jpg\"><img decoding=\"async\" class=\"size-full wp-image-109190 aligncenter\" src=\"https:\/\/www.fraterinternacional.org\/wp-content\/uploads\/2019\/11\/capachaco01.jpg\" alt=\"Miss\u00e3o Chaco\" width=\"800\" height=\"533\" srcset=\"https:\/\/www.fraterinternacional.org\/wp-content\/uploads\/2019\/11\/capachaco01-200x133.jpg 200w, https:\/\/www.fraterinternacional.org\/wp-content\/uploads\/2019\/11\/capachaco01-300x200.jpg 300w, https:\/\/www.fraterinternacional.org\/wp-content\/uploads\/2019\/11\/capachaco01-400x267.jpg 400w, https:\/\/www.fraterinternacional.org\/wp-content\/uploads\/2019\/11\/capachaco01-600x400.jpg 600w, https:\/\/www.fraterinternacional.org\/wp-content\/uploads\/2019\/11\/capachaco01.jpg 800w\" sizes=\"(max-width: 800px) 100vw, 800px\" \/><\/a><\/p>\n<p style=\"font-weight: 400; text-align: justify;\">About 35 people participated, including volunteers of the Monastery of the Brotherhood, the <a href=\"https:\/\/www.fraterinternacional.org\/en\/light-network\/\" target=\"_blank\" rel=\"noopener noreferrer\"><strong>Light-Network North<\/strong><\/a> and the Missionary Youth for Peace, which represented several provinces of Argentina.<\/p>\n<p style=\"font-weight: 400; text-align: justify;\">They visited the communities of Cacique Pelayo and Puerto Tirol, and also the foundation of animal rescue Liberar, which is dedicated to rescuing horses from animal abuse.<\/p>\n<p style=\"font-weight: 400; text-align: justify;\">Several activities were carried out during the solidary visit to the community of Cacique Pelayo, including cleaning and maintenance of places of common use, besides\u00a0hairdressing and hygiene\u00a0personal cares.<\/p>\n<p style=\"font-weight: 400; text-align: justify;\">The day continued with recreation, painting, board games, facial painting, work with puppets, and then the group was invited for lunch.<\/p>\n<p style=\"text-align: justify;\"><a href=\"https:\/\/www.fraterinternacional.org\/wp-content\/uploads\/2019\/11\/img-chaco02.jpg\"><img decoding=\"async\" class=\"size-full wp-image-109194 aligncenter\" src=\"https:\/\/www.fraterinternacional.org\/wp-content\/uploads\/2019\/11\/img-chaco02.jpg\" alt=\"Miss\u00e3o Chaco\" width=\"800\" height=\"533\" srcset=\"https:\/\/www.fraterinternacional.org\/wp-content\/uploads\/2019\/11\/img-chaco02-200x133.jpg 200w, https:\/\/www.fraterinternacional.org\/wp-content\/uploads\/2019\/11\/img-chaco02-300x200.jpg 300w, https:\/\/www.fraterinternacional.org\/wp-content\/uploads\/2019\/11\/img-chaco02-400x267.jpg 400w, https:\/\/www.fraterinternacional.org\/wp-content\/uploads\/2019\/11\/img-chaco02-600x400.jpg 600w, https:\/\/www.fraterinternacional.org\/wp-content\/uploads\/2019\/11\/img-chaco02.jpg 800w\" sizes=\"(max-width: 800px) 100vw, 800px\" \/><\/a><\/p>\n<p style=\"font-weight: 400; text-align: justify;\"><em>\u201cThe activities flowed in harmony and fraternity\u201d, commented Ricardo Baumgartner, who participated in this mission for the first time.<\/em><\/p>\n<p style=\"font-weight: 400; text-align: justify;\">The community of Puerto Tirol was attended in a similar manner, besides the fact that they received help from the volunteers in the preparation and sowing of an organic vegetable garden.<\/p>\n<p style=\"font-weight: 400; text-align: justify;\">The animals were vaccinated and dewormed in both communities, which, for the first time, received a veterinarian who attended all animals, brought by the residents themselves.<\/p>\n<p style=\"text-align: justify;\">When they returned to the base, for the preparation of the next day of activity, Ricardo offered training to all participants that, according to Anah\u00ed Fernandez, \u201c<em>helped clarify a lot of doubts about what the missions are<\/em>\u201d.<\/p>\n<p style=\"text-align: justify;\"><a href=\"https:\/\/www.fraterinternacional.org\/wp-content\/uploads\/2019\/11\/img-chaco01.jpg\"><img decoding=\"async\" class=\"size-full wp-image-109197 aligncenter\" src=\"https:\/\/www.fraterinternacional.org\/wp-content\/uploads\/2019\/11\/img-chaco01.jpg\" alt=\"Miss\u00e3o Chaco\" width=\"800\" height=\"533\" srcset=\"https:\/\/www.fraterinternacional.org\/wp-content\/uploads\/2019\/11\/img-chaco01-200x133.jpg 200w, https:\/\/www.fraterinternacional.org\/wp-content\/uploads\/2019\/11\/img-chaco01-300x200.jpg 300w, https:\/\/www.fraterinternacional.org\/wp-content\/uploads\/2019\/11\/img-chaco01-400x267.jpg 400w, https:\/\/www.fraterinternacional.org\/wp-content\/uploads\/2019\/11\/img-chaco01-600x400.jpg 600w, https:\/\/www.fraterinternacional.org\/wp-content\/uploads\/2019\/11\/img-chaco01.jpg 800w\" sizes=\"(max-width: 800px) 100vw, 800px\" \/><\/a><\/p>\n<p style=\"font-weight: 400; text-align: justify;\">On the second day, the Foundation Liberar, located 15 km from Resistencia, the capital of Chaco, was visited, where approximately 45 horses are accommodated.<\/p>\n<p style=\"font-weight: 400; text-align: justify;\">Among other tasks, the group did the cleaning of the internal and of the external areas, painted the external wall and organized the place where the animal food is kept.<\/p>\n<p style=\"font-weight: 400; text-align: justify;\">To Marcos Renaudo, the coordinator of the <a href=\"https:\/\/www.fraterinternacional.org\/en\/light-network\/\" target=\"_blank\" rel=\"noopener noreferrer\"><strong>Light-Network <\/strong><\/a>of Chaco, \u201c\u2026<em>it is possible to perceive that the group is undergoing a stage of deepening in the service task, above all in the bond with the communities, giving another dimension to this service, beyond the practice<\/em>\u201d, he concludes.<\/p>\n","protected":false},"excerpt":{"rendered":"<p>The Chaco Mission is a recurrent mission carried out approximately every three months, when different Qom communities are visited. In [&hellip;]<\/p>\n","protected":false},"author":4,"featured_media":109191,"comment_status":"closed","ping_status":"closed","sticky":false,"template":"","format":"standard","meta":{"footnotes":""},"categories":[150,107],"tags":[],"class_list":["post-109318","post","type-post","status-publish","format-standard","has-post-thumbnail","hentry","category-news","category-news-of-the-missions"],"yoast_head":"<!-- This site is optimized with the Yoast SEO Premium plugin v21.0 (Yoast SEO v21.0) - https:\/\/yoast.com\/wordpress\/plugins\/seo\/ -->\n<title>Two communities of the Qom ethnic group are helped by the Chaco Mission, in Argentina<\/title>\n<meta name=\"description\" content=\"The Chaco Mission is a recurrent mission carried out approximately every three months, when different Qom communities are visited. In October this year, the Light-Network group of Chaco\" \/>\n<meta name=\"robots\" content=\"index, follow, max-snippet:-1, max-image-preview:large, max-video-preview:-1\" \/>\n<link rel=\"canonical\" href=\"https:\/\/www.fraterinternacional.org\/en\/two-communities-of-the-qom-ethnic-group-are-helped-by-the-chaco-mission-in-argentina\/\" \/>\n<meta property=\"og:locale\" content=\"en_US\" \/>\n<meta property=\"og:type\" content=\"article\" \/>\n<meta property=\"og:title\" content=\"Two communities of the Qom ethnic group are helped by the Chaco Mission, in Argentina\" \/>\n<meta property=\"og:description\" content=\"The Chaco Mission is a recurrent mission carried out approximately every three months, when different Qom communities are visited. In October this year, the Light-Network group of Chaco\" \/>\n<meta property=\"og:url\" content=\"https:\/\/www.fraterinternacional.org\/en\/two-communities-of-the-qom-ethnic-group-are-helped-by-the-chaco-mission-in-argentina\/\" \/>\n<meta property=\"og:site_name\" content=\"Fraternidade - Federa\u00e7\u00e3o Humanit\u00e1ria Internacional\" \/>\n<meta property=\"article:publisher\" content=\"https:\/\/www.facebook.com\/fraternidadehumanitaria\" \/>\n<meta property=\"article:published_time\" content=\"2019-11-27T09:26:05+00:00\" \/>\n<meta property=\"og:image\" content=\"https:\/\/www.fraterinternacional.org\/wp-content\/uploads\/2019\/11\/capachaco01.jpg\" \/>\n\t<meta property=\"og:image:width\" content=\"800\" \/>\n\t<meta property=\"og:image:height\" content=\"533\" \/>\n\t<meta property=\"og:image:type\" content=\"image\/jpeg\" \/>\n<meta name=\"author\" content=\"maducato_admin\" \/>\n<meta name=\"twitter:card\" content=\"summary_large_image\" \/>\n<meta name=\"twitter:creator\" content=\"@fraternidadeFHI\" \/>\n<meta name=\"twitter:site\" content=\"@fraternidadeFHI\" \/>\n<meta name=\"twitter:label1\" content=\"Written by\" \/>\n\t<meta name=\"twitter:data1\" content=\"maducato_admin\" \/>\n\t<meta name=\"twitter:label2\" content=\"Est. reading time\" \/>\n\t<meta name=\"twitter:data2\" content=\"2 minutes\" \/>\n<script type=\"application\/ld+json\" class=\"yoast-schema-graph\">{\"@context\":\"https:\/\/schema.org\",\"@graph\":[{\"@type\":\"WebPage\",\"@id\":\"https:\/\/www.fraterinternacional.org\/en\/two-communities-of-the-qom-ethnic-group-are-helped-by-the-chaco-mission-in-argentina\/\",\"url\":\"https:\/\/www.fraterinternacional.org\/en\/two-communities-of-the-qom-ethnic-group-are-helped-by-the-chaco-mission-in-argentina\/\",\"name\":\"Two communities of the Qom ethnic group are helped by the Chaco Mission, in Argentina\",\"isPartOf\":{\"@id\":\"https:\/\/www.fraterinternacional.org\/es\/#website\"},\"datePublished\":\"2019-11-27T09:26:05+00:00\",\"dateModified\":\"2019-11-27T09:26:05+00:00\",\"author\":{\"@id\":\"https:\/\/www.fraterinternacional.org\/es\/#\/schema\/person\/19cb7a5541fd019768c7fe255d72701e\"},\"description\":\"The Chaco Mission is a recurrent mission carried out approximately every three months, when different Qom communities are visited. In October this year, the Light-Network group of Chaco\",\"breadcrumb\":{\"@id\":\"https:\/\/www.fraterinternacional.org\/en\/two-communities-of-the-qom-ethnic-group-are-helped-by-the-chaco-mission-in-argentina\/#breadcrumb\"},\"inLanguage\":\"en-US\",\"potentialAction\":[{\"@type\":\"ReadAction\",\"target\":[\"https:\/\/www.fraterinternacional.org\/en\/two-communities-of-the-qom-ethnic-group-are-helped-by-the-chaco-mission-in-argentina\/\"]}]},{\"@type\":\"BreadcrumbList\",\"@id\":\"https:\/\/www.fraterinternacional.org\/en\/two-communities-of-the-qom-ethnic-group-are-helped-by-the-chaco-mission-in-argentina\/#breadcrumb\",\"itemListElement\":[{\"@type\":\"ListItem\",\"position\":1,\"name\":\"In\u00edcio\",\"item\":\"https:\/\/www.fraterinternacional.org\/en\/\"},{\"@type\":\"ListItem\",\"position\":2,\"name\":\"Two communities of the Qom ethnic group are helped by the Chaco Mission, in Argentina\"}]},{\"@type\":\"WebSite\",\"@id\":\"https:\/\/www.fraterinternacional.org\/es\/#website\",\"url\":\"https:\/\/www.fraterinternacional.org\/es\/\",\"name\":\"Fraternidade - Federa\u00e7\u00e3o Humanit\u00e1ria Internacional\",\"description\":\"Fraternidade - Federa\u00e7\u00e3o Humanit\u00e1ria Internacional\",\"potentialAction\":[{\"@type\":\"SearchAction\",\"target\":{\"@type\":\"EntryPoint\",\"urlTemplate\":\"https:\/\/www.fraterinternacional.org\/es\/?s={search_term_string}\"},\"query-input\":\"required name=search_term_string\"}],\"inLanguage\":\"en-US\"},{\"@type\":\"Person\",\"@id\":\"https:\/\/www.fraterinternacional.org\/es\/#\/schema\/person\/19cb7a5541fd019768c7fe255d72701e\",\"name\":\"maducato_admin\"}]}<\/script>\n<!-- \/ Yoast SEO Premium plugin. -->","yoast_head_json":{"title":"Two communities of the Qom ethnic group are helped by the Chaco Mission, in Argentina","description":"The Chaco Mission is a recurrent mission carried out approximately every three months, when different Qom communities are visited. In October this year, the Light-Network group of Chaco","robots":{"index":"index","follow":"follow","max-snippet":"max-snippet:-1","max-image-preview":"max-image-preview:large","max-video-preview":"max-video-preview:-1"},"canonical":"https:\/\/www.fraterinternacional.org\/en\/two-communities-of-the-qom-ethnic-group-are-helped-by-the-chaco-mission-in-argentina\/","og_locale":"en_US","og_type":"article","og_title":"Two communities of the Qom ethnic group are helped by the Chaco Mission, in Argentina","og_description":"The Chaco Mission is a recurrent mission carried out approximately every three months, when different Qom communities are visited. In October this year, the Light-Network group of Chaco","og_url":"https:\/\/www.fraterinternacional.org\/en\/two-communities-of-the-qom-ethnic-group-are-helped-by-the-chaco-mission-in-argentina\/","og_site_name":"Fraternidade - Federa\u00e7\u00e3o Humanit\u00e1ria Internacional","article_publisher":"https:\/\/www.facebook.com\/fraternidadehumanitaria","article_published_time":"2019-11-27T09:26:05+00:00","og_image":[{"width":800,"height":533,"url":"https:\/\/www.fraterinternacional.org\/wp-content\/uploads\/2019\/11\/capachaco01.jpg","type":"image\/jpeg"}],"author":"maducato_admin","twitter_card":"summary_large_image","twitter_creator":"@fraternidadeFHI","twitter_site":"@fraternidadeFHI","twitter_misc":{"Written by":"maducato_admin","Est. reading time":"2 minutes"},"schema":{"@context":"https:\/\/schema.org","@graph":[{"@type":"WebPage","@id":"https:\/\/www.fraterinternacional.org\/en\/two-communities-of-the-qom-ethnic-group-are-helped-by-the-chaco-mission-in-argentina\/","url":"https:\/\/www.fraterinternacional.org\/en\/two-communities-of-the-qom-ethnic-group-are-helped-by-the-chaco-mission-in-argentina\/","name":"Two communities of the Qom ethnic group are helped by the Chaco Mission, in Argentina","isPartOf":{"@id":"https:\/\/www.fraterinternacional.org\/es\/#website"},"datePublished":"2019-11-27T09:26:05+00:00","dateModified":"2019-11-27T09:26:05+00:00","author":{"@id":"https:\/\/www.fraterinternacional.org\/es\/#\/schema\/person\/19cb7a5541fd019768c7fe255d72701e"},"description":"The Chaco Mission is a recurrent mission carried out approximately every three months, when different Qom communities are visited. In October this year, the Light-Network group of Chaco","breadcrumb":{"@id":"https:\/\/www.fraterinternacional.org\/en\/two-communities-of-the-qom-ethnic-group-are-helped-by-the-chaco-mission-in-argentina\/#breadcrumb"},"inLanguage":"en-US","potentialAction":[{"@type":"ReadAction","target":["https:\/\/www.fraterinternacional.org\/en\/two-communities-of-the-qom-ethnic-group-are-helped-by-the-chaco-mission-in-argentina\/"]}]},{"@type":"BreadcrumbList","@id":"https:\/\/www.fraterinternacional.org\/en\/two-communities-of-the-qom-ethnic-group-are-helped-by-the-chaco-mission-in-argentina\/#breadcrumb","itemListElement":[{"@type":"ListItem","position":1,"name":"In\u00edcio","item":"https:\/\/www.fraterinternacional.org\/en\/"},{"@type":"ListItem","position":2,"name":"Two communities of the Qom ethnic group are helped by the Chaco Mission, in Argentina"}]},{"@type":"WebSite","@id":"https:\/\/www.fraterinternacional.org\/es\/#website","url":"https:\/\/www.fraterinternacional.org\/es\/","name":"Fraternidade - Federa\u00e7\u00e3o Humanit\u00e1ria Internacional","description":"Fraternidade - Federa\u00e7\u00e3o Humanit\u00e1ria Internacional","potentialAction":[{"@type":"SearchAction","target":{"@type":"EntryPoint","urlTemplate":"https:\/\/www.fraterinternacional.org\/es\/?s={search_term_string}"},"query-input":"required name=search_term_string"}],"inLanguage":"en-US"},{"@type":"Person","@id":"https:\/\/www.fraterinternacional.org\/es\/#\/schema\/person\/19cb7a5541fd019768c7fe255d72701e","name":"maducato_admin"}]}},"_links":{"self":[{"href":"https:\/\/www.fraterinternacional.org\/en\/wp-json\/wp\/v2\/posts\/109318"}],"collection":[{"href":"https:\/\/www.fraterinternacional.org\/en\/wp-json\/wp\/v2\/posts"}],"about":[{"href":"https:\/\/www.fraterinternacional.org\/en\/wp-json\/wp\/v2\/types\/post"}],"author":[{"embeddable":true,"href":"https:\/\/www.fraterinternacional.org\/en\/wp-json\/wp\/v2\/users\/4"}],"replies":[{"embeddable":true,"href":"https:\/\/www.fraterinternacional.org\/en\/wp-json\/wp\/v2\/comments?post=109318"}],"version-history":[{"count":0,"href":"https:\/\/www.fraterinternacional.org\/en\/wp-json\/wp\/v2\/posts\/109318\/revisions"}],"wp:featuredmedia":[{"embeddable":true,"href":"https:\/\/www.fraterinternacional.org\/en\/wp-json\/wp\/v2\/media\/109191"}],"wp:attachment":[{"href":"https:\/\/www.fraterinternacional.org\/en\/wp-json\/wp\/v2\/media?parent=109318"}],"wp:term":[{"taxonomy":"category","embeddable":true,"href":"https:\/\/www.fraterinternacional.org\/en\/wp-json\/wp\/v2\/categories?post=109318"},{"taxonomy":"post_tag","embeddable":true,"href":"https:\/\/www.fraterinternacional.org\/en\/wp-json\/wp\/v2\/tags?post=109318"}],"curies":[{"name":"wp","href":"https:\/\/api.w.org\/{rel}","templated":true}]}}