{"id":108468,"date":"2019-10-21T15:17:29","date_gmt":"2019-10-21T18:17:29","guid":{"rendered":"https:\/\/www.fraterinternacional.org\/?p=108468"},"modified":"2019-10-21T15:17:29","modified_gmt":"2019-10-21T18:17:29","slug":"representative-of-the-unhcr-visits-the-light-community-of-figueira","status":"publish","type":"post","link":"https:\/\/www.fraterinternacional.org\/en\/representative-of-the-unhcr-visits-the-light-community-of-figueira\/","title":{"rendered":"Representative of the UNHCR visits the Light-Community of Figueira"},"content":{"rendered":"<p style=\"text-align: justify;\">On Wednesday 18<sup>th<\/sup>, the <a href=\"http:\/\/www.comunidadefigueira.org.br\/portal\/en\/\" target=\"_blank\" rel=\"noopener noreferrer\">Light-Community of Figueira,<\/a> in Carmo da Cachoeira, MG, received a visit from Jos\u00e9 Egas, the\u00a0 representative of the <a href=\"https:\/\/www.unhcr.org\/\" target=\"_blank\" rel=\"noopener noreferrer\"><strong>United Nations High Commissioner for Refugees (UNHCR)<\/strong><\/a>\u00a0in Brazil.<\/p>\n<p style=\"text-align: justify;\"><a href=\"https:\/\/www.fraterinternacional.org\/wp-content\/uploads\/2019\/10\/visita-edgas-ffhi-01.jpg\"><img decoding=\"async\" width=\"800\" height=\"450\" class=\"wp-image-108421 aligncenter\" src=\"https:\/\/www.fraterinternacional.org\/wp-content\/uploads\/2019\/10\/visita-edgas-ffhi-01.jpg\" alt=\"Representante do ACNUR visita a Comunidade Luz-Figueira\" srcset=\"https:\/\/www.fraterinternacional.org\/wp-content\/uploads\/2019\/10\/visita-edgas-ffhi-01-200x113.jpg 200w, https:\/\/www.fraterinternacional.org\/wp-content\/uploads\/2019\/10\/visita-edgas-ffhi-01-300x169.jpg 300w, https:\/\/www.fraterinternacional.org\/wp-content\/uploads\/2019\/10\/visita-edgas-ffhi-01-400x225.jpg 400w, https:\/\/www.fraterinternacional.org\/wp-content\/uploads\/2019\/10\/visita-edgas-ffhi-01-600x338.jpg 600w, https:\/\/www.fraterinternacional.org\/wp-content\/uploads\/2019\/10\/visita-edgas-ffhi-01.jpg 800w\" sizes=\"(max-width: 800px) 100vw, 800px\" \/><\/a><\/p>\n<p style=\"text-align: justify;\">The work that <strong>Fraternidade-International Humanitarian Federation (FIHF)<\/strong> has been doing in Brazil and in Colombia with the Venezuelan refugees brought about partnerships such as that of the <a href=\"https:\/\/www.unhcr.org\/\" target=\"_blank\" rel=\"noopener noreferrer\"><strong>United Nations High Commissioner for Refugees (UNHCR)<\/strong><\/a>. In Brazil, today\u2019s work for both organizations is the Welcome Operation, coordinated by the Brazilian Army.\u00a0It was the first visit of Egas to the FIHF headquarters, and his perception was one of a new discovery, however synergistic, of the experience <a href=\"https:\/\/www.unhcr.org\/\" target=\"_blank\" rel=\"noopener noreferrer\"><strong>UNHCR<\/strong> <\/a>members have gained alongside FIHF on the humanitarian front with refugees<\/p>\n<p style=\"text-align: justify;\"><a href=\"https:\/\/www.fraterinternacional.org\/wp-content\/uploads\/2019\/10\/visita-edgas-ffhi-02.jpg\"><img decoding=\"async\" class=\"size-medium wp-image-108424 alignleft\" src=\"https:\/\/www.fraterinternacional.org\/wp-content\/uploads\/2019\/10\/visita-edgas-ffhi-02-300x225.jpg\" alt=\"Representante do ACNUR visita a Comunidade Luz-Figueira\" width=\"300\" height=\"225\" srcset=\"https:\/\/www.fraterinternacional.org\/wp-content\/uploads\/2019\/10\/visita-edgas-ffhi-02-200x150.jpg 200w, https:\/\/www.fraterinternacional.org\/wp-content\/uploads\/2019\/10\/visita-edgas-ffhi-02-300x225.jpg 300w, https:\/\/www.fraterinternacional.org\/wp-content\/uploads\/2019\/10\/visita-edgas-ffhi-02-400x300.jpg 400w, https:\/\/www.fraterinternacional.org\/wp-content\/uploads\/2019\/10\/visita-edgas-ffhi-02-600x450.jpg 600w, https:\/\/www.fraterinternacional.org\/wp-content\/uploads\/2019\/10\/visita-edgas-ffhi-02.jpg 800w\" sizes=\"(max-width: 300px) 100vw, 300px\" \/><\/a><\/p>\n<p style=\"text-align: justify;\"><em>\u201cI didn\u2019t expect to see what I saw. I didn\u2019t expect to experience this sense of community in which you live here. The whole ongoing process, from sowing to harvesting, the production of food, for example, all done with a respect for nature, I loved it. I didn\u2019t expect to see this cold storage seed bank, for example. Also, it is easy to feel the welcome that the community offers in a natural way to people that arrive here, always permeated by the philosophy of Fraternidade.\u201d<\/em><\/p>\n<p style=\"text-align: justify;\">For Egas, the <strong>FIHF<\/strong> has much to share, especially in humanitarian responses, but also in the process of integration of people in Brazil, as well as in other regions.<\/p>\n<h3 style=\"text-align: justify;\"><strong>About the shelters<\/strong><\/h3>\n<p style=\"text-align: justify;\">Egas also referred to the work that FIHF is doing for Venezuelan refugees today in Brazil on two humanitarian fronts \u2013 Roraima and Manaus. \u201c<em>Fraternidade, for me, knowing how you work on these fronts in the north of the country, has the ability to foster a communal and social cohesion, as well as supporting the refugee so that they can rediscover their psycho-emotional stability, while, at the same time, being an active participant in any of the processes in motion.<\/em>\u201d He was referring to the process of social integration or living in a shelter, which is always a challenge for an individual in a refuge situation.<\/p>\n<h3 style=\"text-align: justify;\"><strong>\u201cProfessional\u201d volunteers<\/strong><\/h3>\n<p style=\"text-align: justify;\"><a href=\"https:\/\/www.fraterinternacional.org\/wp-content\/uploads\/2019\/10\/visita-edgas-ffhi-03.jpg\"><img decoding=\"async\" class=\"size-medium wp-image-108418 alignright\" src=\"https:\/\/www.fraterinternacional.org\/wp-content\/uploads\/2019\/10\/visita-edgas-ffhi-03-300x225.jpg\" alt=\"Representante do ACNUR visita a Comunidade Luz-Figueira\" width=\"300\" height=\"225\" srcset=\"https:\/\/www.fraterinternacional.org\/wp-content\/uploads\/2019\/10\/visita-edgas-ffhi-03-200x150.jpg 200w, https:\/\/www.fraterinternacional.org\/wp-content\/uploads\/2019\/10\/visita-edgas-ffhi-03-300x225.jpg 300w, https:\/\/www.fraterinternacional.org\/wp-content\/uploads\/2019\/10\/visita-edgas-ffhi-03-400x300.jpg 400w, https:\/\/www.fraterinternacional.org\/wp-content\/uploads\/2019\/10\/visita-edgas-ffhi-03-600x450.jpg 600w, https:\/\/www.fraterinternacional.org\/wp-content\/uploads\/2019\/10\/visita-edgas-ffhi-03.jpg 800w\" sizes=\"(max-width: 300px) 100vw, 300px\" \/><\/a>The executive was referring precisely to the actions of the <strong>FIHF<\/strong> being complex and challenging in their role of welcoming indigenous refugees of Warao ethnicity and all the vulnerability this particular group represents. \u201c<em>From what I saw here in Figueira, FIHF has a lot to contribute in the reconstruction of these peoples\u2019 new reality.<\/em>\u201d Egas expressed the perception that FIHF has extensive technical experience from more than 30 years of mission work around the world, to make advancements in this humanitarian welcoming process. He concludes: \u201c<em>One of the things you have that nobody else has is this characteristic that the largest part if not most of your team is volunteers. That must represent a high logistical and administrative complexity, because not everybody can have that commitment full time or for long periods or years. We see that, regardless of the turnover of people arriving and leaving, the professional work continues and high in performance, which demonstrates that this organizational capacity is also internal, which is very admirable,\u201d<\/em> he concludes.<\/p>\n","protected":false},"excerpt":{"rendered":"<p>On Wednesday 18th, the Light-Community of Figueira, in Carmo da Cachoeira, MG, received a visit from Jos\u00e9 Egas, the\u00a0 representative [&hellip;]<\/p>\n","protected":false},"author":4,"featured_media":108421,"comment_status":"closed","ping_status":"closed","sticky":false,"template":"","format":"standard","meta":{"footnotes":""},"categories":[150,107],"tags":[],"class_list":["post-108468","post","type-post","status-publish","format-standard","has-post-thumbnail","hentry","category-news","category-news-of-the-missions"],"yoast_head":"<!-- This site is optimized with the Yoast SEO Premium plugin v21.0 (Yoast SEO v21.0) - https:\/\/yoast.com\/wordpress\/plugins\/seo\/ -->\n<title>Representative of the UNHCR visits the Light-Community of Figueira<\/title>\n<meta name=\"description\" content=\"On Wednesday 18th, the Light-Community of Figueira, in Carmo da Cachoeira, MG, received a visit from Jos\u00e9 Egas, the representative of the United Nations High Commissioner for Refugees (UNHCR) in Brazil.\" \/>\n<meta name=\"robots\" content=\"index, follow, max-snippet:-1, max-image-preview:large, max-video-preview:-1\" \/>\n<link rel=\"canonical\" href=\"https:\/\/www.fraterinternacional.org\/en\/representative-of-the-unhcr-visits-the-light-community-of-figueira\/\" \/>\n<meta property=\"og:locale\" content=\"en_US\" \/>\n<meta property=\"og:type\" content=\"article\" \/>\n<meta property=\"og:title\" content=\"Representative of the UNHCR visits the Light-Community of Figueira\" \/>\n<meta property=\"og:description\" content=\"On Wednesday 18th, the Light-Community of Figueira, in Carmo da Cachoeira, MG, received a visit from Jos\u00e9 Egas, the representative of the United Nations High Commissioner for Refugees (UNHCR) in Brazil.\" \/>\n<meta property=\"og:url\" content=\"https:\/\/www.fraterinternacional.org\/en\/representative-of-the-unhcr-visits-the-light-community-of-figueira\/\" \/>\n<meta property=\"og:site_name\" content=\"Fraternidade - Federa\u00e7\u00e3o Humanit\u00e1ria Internacional\" \/>\n<meta property=\"article:publisher\" content=\"https:\/\/www.facebook.com\/fraternidadehumanitaria\" \/>\n<meta property=\"article:published_time\" content=\"2019-10-21T18:17:29+00:00\" \/>\n<meta property=\"og:image\" content=\"https:\/\/www.fraterinternacional.org\/wp-content\/uploads\/2019\/10\/visita-edgas-ffhi-01.jpg\" \/>\n\t<meta property=\"og:image:width\" content=\"800\" \/>\n\t<meta property=\"og:image:height\" content=\"450\" \/>\n\t<meta property=\"og:image:type\" content=\"image\/jpeg\" \/>\n<meta name=\"author\" content=\"maducato_admin\" \/>\n<meta name=\"twitter:card\" content=\"summary_large_image\" \/>\n<meta name=\"twitter:creator\" content=\"@fraternidadeFHI\" \/>\n<meta name=\"twitter:site\" content=\"@fraternidadeFHI\" \/>\n<meta name=\"twitter:label1\" content=\"Written by\" \/>\n\t<meta name=\"twitter:data1\" content=\"maducato_admin\" \/>\n\t<meta name=\"twitter:label2\" content=\"Est. reading time\" \/>\n\t<meta name=\"twitter:data2\" content=\"3 minutes\" \/>\n<script type=\"application\/ld+json\" class=\"yoast-schema-graph\">{\"@context\":\"https:\/\/schema.org\",\"@graph\":[{\"@type\":\"WebPage\",\"@id\":\"https:\/\/www.fraterinternacional.org\/en\/representative-of-the-unhcr-visits-the-light-community-of-figueira\/\",\"url\":\"https:\/\/www.fraterinternacional.org\/en\/representative-of-the-unhcr-visits-the-light-community-of-figueira\/\",\"name\":\"Representative of the UNHCR visits the Light-Community of Figueira\",\"isPartOf\":{\"@id\":\"https:\/\/www.fraterinternacional.org\/es\/#website\"},\"datePublished\":\"2019-10-21T18:17:29+00:00\",\"dateModified\":\"2019-10-21T18:17:29+00:00\",\"author\":{\"@id\":\"https:\/\/www.fraterinternacional.org\/es\/#\/schema\/person\/19cb7a5541fd019768c7fe255d72701e\"},\"description\":\"On Wednesday 18th, the Light-Community of Figueira, in Carmo da Cachoeira, MG, received a visit from Jos\u00e9 Egas, the representative of the United Nations High Commissioner for Refugees (UNHCR) in Brazil.\",\"breadcrumb\":{\"@id\":\"https:\/\/www.fraterinternacional.org\/en\/representative-of-the-unhcr-visits-the-light-community-of-figueira\/#breadcrumb\"},\"inLanguage\":\"en-US\",\"potentialAction\":[{\"@type\":\"ReadAction\",\"target\":[\"https:\/\/www.fraterinternacional.org\/en\/representative-of-the-unhcr-visits-the-light-community-of-figueira\/\"]}]},{\"@type\":\"BreadcrumbList\",\"@id\":\"https:\/\/www.fraterinternacional.org\/en\/representative-of-the-unhcr-visits-the-light-community-of-figueira\/#breadcrumb\",\"itemListElement\":[{\"@type\":\"ListItem\",\"position\":1,\"name\":\"In\u00edcio\",\"item\":\"https:\/\/www.fraterinternacional.org\/en\/\"},{\"@type\":\"ListItem\",\"position\":2,\"name\":\"Representative of the UNHCR visits the Light-Community of Figueira\"}]},{\"@type\":\"WebSite\",\"@id\":\"https:\/\/www.fraterinternacional.org\/es\/#website\",\"url\":\"https:\/\/www.fraterinternacional.org\/es\/\",\"name\":\"Fraternidade - Federa\u00e7\u00e3o Humanit\u00e1ria Internacional\",\"description\":\"Fraternidade - Federa\u00e7\u00e3o Humanit\u00e1ria Internacional\",\"potentialAction\":[{\"@type\":\"SearchAction\",\"target\":{\"@type\":\"EntryPoint\",\"urlTemplate\":\"https:\/\/www.fraterinternacional.org\/es\/?s={search_term_string}\"},\"query-input\":\"required name=search_term_string\"}],\"inLanguage\":\"en-US\"},{\"@type\":\"Person\",\"@id\":\"https:\/\/www.fraterinternacional.org\/es\/#\/schema\/person\/19cb7a5541fd019768c7fe255d72701e\",\"name\":\"maducato_admin\"}]}<\/script>\n<!-- \/ Yoast SEO Premium plugin. -->","yoast_head_json":{"title":"Representative of the UNHCR visits the Light-Community of Figueira","description":"On Wednesday 18th, the Light-Community of Figueira, in Carmo da Cachoeira, MG, received a visit from Jos\u00e9 Egas, the representative of the United Nations High Commissioner for Refugees (UNHCR) in Brazil.","robots":{"index":"index","follow":"follow","max-snippet":"max-snippet:-1","max-image-preview":"max-image-preview:large","max-video-preview":"max-video-preview:-1"},"canonical":"https:\/\/www.fraterinternacional.org\/en\/representative-of-the-unhcr-visits-the-light-community-of-figueira\/","og_locale":"en_US","og_type":"article","og_title":"Representative of the UNHCR visits the Light-Community of Figueira","og_description":"On Wednesday 18th, the Light-Community of Figueira, in Carmo da Cachoeira, MG, received a visit from Jos\u00e9 Egas, the representative of the United Nations High Commissioner for Refugees (UNHCR) in Brazil.","og_url":"https:\/\/www.fraterinternacional.org\/en\/representative-of-the-unhcr-visits-the-light-community-of-figueira\/","og_site_name":"Fraternidade - Federa\u00e7\u00e3o Humanit\u00e1ria Internacional","article_publisher":"https:\/\/www.facebook.com\/fraternidadehumanitaria","article_published_time":"2019-10-21T18:17:29+00:00","og_image":[{"width":800,"height":450,"url":"https:\/\/www.fraterinternacional.org\/wp-content\/uploads\/2019\/10\/visita-edgas-ffhi-01.jpg","type":"image\/jpeg"}],"author":"maducato_admin","twitter_card":"summary_large_image","twitter_creator":"@fraternidadeFHI","twitter_site":"@fraternidadeFHI","twitter_misc":{"Written by":"maducato_admin","Est. reading time":"3 minutes"},"schema":{"@context":"https:\/\/schema.org","@graph":[{"@type":"WebPage","@id":"https:\/\/www.fraterinternacional.org\/en\/representative-of-the-unhcr-visits-the-light-community-of-figueira\/","url":"https:\/\/www.fraterinternacional.org\/en\/representative-of-the-unhcr-visits-the-light-community-of-figueira\/","name":"Representative of the UNHCR visits the Light-Community of Figueira","isPartOf":{"@id":"https:\/\/www.fraterinternacional.org\/es\/#website"},"datePublished":"2019-10-21T18:17:29+00:00","dateModified":"2019-10-21T18:17:29+00:00","author":{"@id":"https:\/\/www.fraterinternacional.org\/es\/#\/schema\/person\/19cb7a5541fd019768c7fe255d72701e"},"description":"On Wednesday 18th, the Light-Community of Figueira, in Carmo da Cachoeira, MG, received a visit from Jos\u00e9 Egas, the representative of the United Nations High Commissioner for Refugees (UNHCR) in Brazil.","breadcrumb":{"@id":"https:\/\/www.fraterinternacional.org\/en\/representative-of-the-unhcr-visits-the-light-community-of-figueira\/#breadcrumb"},"inLanguage":"en-US","potentialAction":[{"@type":"ReadAction","target":["https:\/\/www.fraterinternacional.org\/en\/representative-of-the-unhcr-visits-the-light-community-of-figueira\/"]}]},{"@type":"BreadcrumbList","@id":"https:\/\/www.fraterinternacional.org\/en\/representative-of-the-unhcr-visits-the-light-community-of-figueira\/#breadcrumb","itemListElement":[{"@type":"ListItem","position":1,"name":"In\u00edcio","item":"https:\/\/www.fraterinternacional.org\/en\/"},{"@type":"ListItem","position":2,"name":"Representative of the UNHCR visits the Light-Community of Figueira"}]},{"@type":"WebSite","@id":"https:\/\/www.fraterinternacional.org\/es\/#website","url":"https:\/\/www.fraterinternacional.org\/es\/","name":"Fraternidade - Federa\u00e7\u00e3o Humanit\u00e1ria Internacional","description":"Fraternidade - Federa\u00e7\u00e3o Humanit\u00e1ria Internacional","potentialAction":[{"@type":"SearchAction","target":{"@type":"EntryPoint","urlTemplate":"https:\/\/www.fraterinternacional.org\/es\/?s={search_term_string}"},"query-input":"required name=search_term_string"}],"inLanguage":"en-US"},{"@type":"Person","@id":"https:\/\/www.fraterinternacional.org\/es\/#\/schema\/person\/19cb7a5541fd019768c7fe255d72701e","name":"maducato_admin"}]}},"_links":{"self":[{"href":"https:\/\/www.fraterinternacional.org\/en\/wp-json\/wp\/v2\/posts\/108468"}],"collection":[{"href":"https:\/\/www.fraterinternacional.org\/en\/wp-json\/wp\/v2\/posts"}],"about":[{"href":"https:\/\/www.fraterinternacional.org\/en\/wp-json\/wp\/v2\/types\/post"}],"author":[{"embeddable":true,"href":"https:\/\/www.fraterinternacional.org\/en\/wp-json\/wp\/v2\/users\/4"}],"replies":[{"embeddable":true,"href":"https:\/\/www.fraterinternacional.org\/en\/wp-json\/wp\/v2\/comments?post=108468"}],"version-history":[{"count":0,"href":"https:\/\/www.fraterinternacional.org\/en\/wp-json\/wp\/v2\/posts\/108468\/revisions"}],"wp:featuredmedia":[{"embeddable":true,"href":"https:\/\/www.fraterinternacional.org\/en\/wp-json\/wp\/v2\/media\/108421"}],"wp:attachment":[{"href":"https:\/\/www.fraterinternacional.org\/en\/wp-json\/wp\/v2\/media?parent=108468"}],"wp:term":[{"taxonomy":"category","embeddable":true,"href":"https:\/\/www.fraterinternacional.org\/en\/wp-json\/wp\/v2\/categories?post=108468"},{"taxonomy":"post_tag","embeddable":true,"href":"https:\/\/www.fraterinternacional.org\/en\/wp-json\/wp\/v2\/tags?post=108468"}],"curies":[{"name":"wp","href":"https:\/\/api.w.org\/{rel}","templated":true}]}}