{"id":107760,"date":"2019-09-17T16:41:36","date_gmt":"2019-09-17T19:41:36","guid":{"rendered":"https:\/\/www.fraterinternacional.org\/?p=107760"},"modified":"2019-09-17T16:41:36","modified_gmt":"2019-09-17T19:41:36","slug":"music-for-healing-and-upliftment-of-humanity-in-september-23-of-2019","status":"publish","type":"post","link":"https:\/\/www.fraterinternacional.org\/en\/music-for-healing-and-upliftment-of-humanity-in-september-23-of-2019\/","title":{"rendered":"Music for Healing and Upliftment of Humanity in September 23 of 2019"},"content":{"rendered":"<p>On the 23rd of each month, choir singers of the Communities of Light and allied choirs carry out this special spiritual exercise, which has music as a vehicle of healing and upliftment of the human and planetary consciousness.<\/p>\n<p>Musical harmony and singing are forms of expression of our inner essence. When inspired by the spirit, they become sacred instruments that lead us towards love and peace.<\/p>\n<div class=\"video-shortcode\"><iframe title=\"MUSIC for HEALING and ELEVATION of HUMANITY - EN\" width=\"1200\" height=\"900\" src=\"https:\/\/www.youtube.com\/embed\/_9AazUdyIPs?feature=oembed\" frameborder=\"0\" allow=\"accelerometer; autoplay; clipboard-write; encrypted-media; gyroscope; picture-in-picture\" allowfullscreen><\/iframe><\/div>\n<p>This month&#8217;s program brings the unique lightness and tone of strings. The guests are violin player Brigitta Calloni, the piano player Liliana Michelsen and the String Camerata of <a href=\"http:\/\/www.ipdae.com.br\/\" target=\"_blank\" rel=\"noopener noreferrer\">Instituto Porto-Alegrense de Arte-Educa\u00e7\u00e3o (IPDAE).<\/a><\/p>\n<p><i class=\"fa fa-calendar-o\" aria-hidden=\"true\"><\/i> <strong>DATE:<\/strong><br \/>\nMonday, September 23 of 2019<\/p>\n<p><i class=\"fa fa-television\" aria-hidden=\"true\"><\/i> <strong>TLIVE TRANSMISSION VIA INTERNET THROUGH:<\/strong><br \/>\n<a href=\"https:\/\/www.misericordiamariatv.org\/pt-br\/ao-vivo\" target=\"_blank\" rel=\"noopener noreferrer\">www.misericordiamariatv.org<\/a><\/p>\n<p><i class=\"fa fa-clock-o\" aria-hidden=\"true\"><\/i> <strong>BROADCAST TIME:<\/strong><br \/>\n20:00 (Carmo da Cachoeira (MG) | Brasil)<\/p>\n<p><i class=\"fa fa-globe\" aria-hidden=\"true\"><\/i> <strong>TIME ZONES:<\/strong><br \/>\nBras\u00edlia 20:00 &#8211; Buenos Aires 20:00 &#8211; Montevid\u00e9u 20:00 &#8211; Nova Iorque 19:00 &#8211; Londres 0:00<\/p>\n<p><i class=\"fa fa-location-arrow\" aria-hidden=\"true\"><\/i> <strong>PLACE:<\/strong><br \/>\nAudit\u00f3rio de F2 &#8211; Centro Mariano de Figueira. Rodovia Fern\u00e3o Dias, sentido S\u00e3o Paulo, Km 717*. Carmo da Cachoeira, Minas Gerais, Brasil. <span style=\"font-size: 10pt;\">*Entrada ao lado do <em>Restaurante do Nem<\/em><\/span><\/p>\n<p><iframe style=\"border: 0;\" src=\"https:\/\/www.google.com\/maps\/embed?pb=!1m14!1m8!1m3!1d29718.0774837919!2d-45.221209!3d-21.399365!3m2!1i1024!2i768!4f13.1!3m3!1m2!1s0x0%3A0xd457e7112a253197!2sComunidade-Luz%20Figueira%20-%20F2!5e0!3m2!1spt-BR!2sus!4v1568747780435!5m2!1spt-BR!2sus\" width=\"100%\" height=\"300\" frameborder=\"0\" allowfullscreen=\"allowfullscreen\" data-mce-fragment=\"1\"><span data-mce-type=\"bookmark\" style=\"display: inline-block; width: 0px; overflow: hidden; line-height: 0;\" class=\"mce_SELRES_start\">\ufeff<\/span><\/iframe><\/p>\n","protected":false},"excerpt":{"rendered":"<p>On the 23rd of each month, choir singers of the Communities of Light and allied choirs carry out this special [&hellip;]<\/p>\n","protected":false},"author":4,"featured_media":106648,"comment_status":"closed","ping_status":"closed","sticky":false,"template":"","format":"standard","meta":{"footnotes":""},"categories":[150],"tags":[],"class_list":["post-107760","post","type-post","status-publish","format-standard","has-post-thumbnail","hentry","category-news"],"yoast_head":"<!-- This site is optimized with the Yoast SEO Premium plugin v21.0 (Yoast SEO v21.0) - https:\/\/yoast.com\/wordpress\/plugins\/seo\/ -->\n<title>Music for Healing and Upliftment of Humanity in September 23 of 2019<\/title>\n<meta name=\"description\" content=\"On the 23rd of each month, choir singers of the Communities of Light and allied choirs carry out this special spiritual exercise, which has music as a vehicle of healing and upliftment of the human and planetary consciousness.\" \/>\n<meta name=\"robots\" content=\"index, follow, max-snippet:-1, max-image-preview:large, max-video-preview:-1\" \/>\n<link rel=\"canonical\" href=\"https:\/\/www.fraterinternacional.org\/en\/music-for-healing-and-upliftment-of-humanity-in-september-23-of-2019\/\" \/>\n<meta property=\"og:locale\" content=\"en_US\" \/>\n<meta property=\"og:type\" content=\"article\" \/>\n<meta property=\"og:title\" content=\"Music for Healing and Upliftment of Humanity in September 23 of 2019\" \/>\n<meta property=\"og:description\" content=\"On the 23rd of each month, choir singers of the Communities of Light and allied choirs carry out this special spiritual exercise, which has music as a vehicle of healing and upliftment of the human and planetary consciousness.\" \/>\n<meta property=\"og:url\" content=\"https:\/\/www.fraterinternacional.org\/en\/music-for-healing-and-upliftment-of-humanity-in-september-23-of-2019\/\" \/>\n<meta property=\"og:site_name\" content=\"Fraternidade - Federa\u00e7\u00e3o Humanit\u00e1ria Internacional\" \/>\n<meta property=\"article:publisher\" content=\"https:\/\/www.facebook.com\/fraternidadehumanitaria\" \/>\n<meta property=\"article:published_time\" content=\"2019-09-17T19:41:36+00:00\" \/>\n<meta property=\"og:image\" content=\"https:\/\/www.fraterinternacional.org\/wp-content\/uploads\/2019\/07\/Musica-para-cura.2psd.jpg\" \/>\n\t<meta property=\"og:image:width\" content=\"800\" \/>\n\t<meta property=\"og:image:height\" content=\"565\" \/>\n\t<meta property=\"og:image:type\" content=\"image\/jpeg\" \/>\n<meta name=\"author\" content=\"maducato_admin\" \/>\n<meta name=\"twitter:card\" content=\"summary_large_image\" \/>\n<meta name=\"twitter:creator\" content=\"@fraternidadeFHI\" \/>\n<meta name=\"twitter:site\" content=\"@fraternidadeFHI\" \/>\n<meta name=\"twitter:label1\" content=\"Written by\" \/>\n\t<meta name=\"twitter:data1\" content=\"maducato_admin\" \/>\n\t<meta name=\"twitter:label2\" content=\"Est. reading time\" \/>\n\t<meta name=\"twitter:data2\" content=\"1 minute\" \/>\n<script type=\"application\/ld+json\" class=\"yoast-schema-graph\">{\"@context\":\"https:\/\/schema.org\",\"@graph\":[{\"@type\":\"WebPage\",\"@id\":\"https:\/\/www.fraterinternacional.org\/en\/music-for-healing-and-upliftment-of-humanity-in-september-23-of-2019\/\",\"url\":\"https:\/\/www.fraterinternacional.org\/en\/music-for-healing-and-upliftment-of-humanity-in-september-23-of-2019\/\",\"name\":\"Music for Healing and Upliftment of Humanity in September 23 of 2019\",\"isPartOf\":{\"@id\":\"https:\/\/www.fraterinternacional.org\/es\/#website\"},\"datePublished\":\"2019-09-17T19:41:36+00:00\",\"dateModified\":\"2019-09-17T19:41:36+00:00\",\"author\":{\"@id\":\"https:\/\/www.fraterinternacional.org\/es\/#\/schema\/person\/19cb7a5541fd019768c7fe255d72701e\"},\"description\":\"On the 23rd of each month, choir singers of the Communities of Light and allied choirs carry out this special spiritual exercise, which has music as a vehicle of healing and upliftment of the human and planetary consciousness.\",\"breadcrumb\":{\"@id\":\"https:\/\/www.fraterinternacional.org\/en\/music-for-healing-and-upliftment-of-humanity-in-september-23-of-2019\/#breadcrumb\"},\"inLanguage\":\"en-US\",\"potentialAction\":[{\"@type\":\"ReadAction\",\"target\":[\"https:\/\/www.fraterinternacional.org\/en\/music-for-healing-and-upliftment-of-humanity-in-september-23-of-2019\/\"]}]},{\"@type\":\"BreadcrumbList\",\"@id\":\"https:\/\/www.fraterinternacional.org\/en\/music-for-healing-and-upliftment-of-humanity-in-september-23-of-2019\/#breadcrumb\",\"itemListElement\":[{\"@type\":\"ListItem\",\"position\":1,\"name\":\"In\u00edcio\",\"item\":\"https:\/\/www.fraterinternacional.org\/en\/\"},{\"@type\":\"ListItem\",\"position\":2,\"name\":\"Music for Healing and Upliftment of Humanity in September 23 of 2019\"}]},{\"@type\":\"WebSite\",\"@id\":\"https:\/\/www.fraterinternacional.org\/es\/#website\",\"url\":\"https:\/\/www.fraterinternacional.org\/es\/\",\"name\":\"Fraternidade - Federa\u00e7\u00e3o Humanit\u00e1ria Internacional\",\"description\":\"Fraternidade - Federa\u00e7\u00e3o Humanit\u00e1ria Internacional\",\"potentialAction\":[{\"@type\":\"SearchAction\",\"target\":{\"@type\":\"EntryPoint\",\"urlTemplate\":\"https:\/\/www.fraterinternacional.org\/es\/?s={search_term_string}\"},\"query-input\":\"required name=search_term_string\"}],\"inLanguage\":\"en-US\"},{\"@type\":\"Person\",\"@id\":\"https:\/\/www.fraterinternacional.org\/es\/#\/schema\/person\/19cb7a5541fd019768c7fe255d72701e\",\"name\":\"maducato_admin\"}]}<\/script>\n<!-- \/ Yoast SEO Premium plugin. -->","yoast_head_json":{"title":"Music for Healing and Upliftment of Humanity in September 23 of 2019","description":"On the 23rd of each month, choir singers of the Communities of Light and allied choirs carry out this special spiritual exercise, which has music as a vehicle of healing and upliftment of the human and planetary consciousness.","robots":{"index":"index","follow":"follow","max-snippet":"max-snippet:-1","max-image-preview":"max-image-preview:large","max-video-preview":"max-video-preview:-1"},"canonical":"https:\/\/www.fraterinternacional.org\/en\/music-for-healing-and-upliftment-of-humanity-in-september-23-of-2019\/","og_locale":"en_US","og_type":"article","og_title":"Music for Healing and Upliftment of Humanity in September 23 of 2019","og_description":"On the 23rd of each month, choir singers of the Communities of Light and allied choirs carry out this special spiritual exercise, which has music as a vehicle of healing and upliftment of the human and planetary consciousness.","og_url":"https:\/\/www.fraterinternacional.org\/en\/music-for-healing-and-upliftment-of-humanity-in-september-23-of-2019\/","og_site_name":"Fraternidade - Federa\u00e7\u00e3o Humanit\u00e1ria Internacional","article_publisher":"https:\/\/www.facebook.com\/fraternidadehumanitaria","article_published_time":"2019-09-17T19:41:36+00:00","og_image":[{"width":800,"height":565,"url":"https:\/\/www.fraterinternacional.org\/wp-content\/uploads\/2019\/07\/Musica-para-cura.2psd.jpg","type":"image\/jpeg"}],"author":"maducato_admin","twitter_card":"summary_large_image","twitter_creator":"@fraternidadeFHI","twitter_site":"@fraternidadeFHI","twitter_misc":{"Written by":"maducato_admin","Est. reading time":"1 minute"},"schema":{"@context":"https:\/\/schema.org","@graph":[{"@type":"WebPage","@id":"https:\/\/www.fraterinternacional.org\/en\/music-for-healing-and-upliftment-of-humanity-in-september-23-of-2019\/","url":"https:\/\/www.fraterinternacional.org\/en\/music-for-healing-and-upliftment-of-humanity-in-september-23-of-2019\/","name":"Music for Healing and Upliftment of Humanity in September 23 of 2019","isPartOf":{"@id":"https:\/\/www.fraterinternacional.org\/es\/#website"},"datePublished":"2019-09-17T19:41:36+00:00","dateModified":"2019-09-17T19:41:36+00:00","author":{"@id":"https:\/\/www.fraterinternacional.org\/es\/#\/schema\/person\/19cb7a5541fd019768c7fe255d72701e"},"description":"On the 23rd of each month, choir singers of the Communities of Light and allied choirs carry out this special spiritual exercise, which has music as a vehicle of healing and upliftment of the human and planetary consciousness.","breadcrumb":{"@id":"https:\/\/www.fraterinternacional.org\/en\/music-for-healing-and-upliftment-of-humanity-in-september-23-of-2019\/#breadcrumb"},"inLanguage":"en-US","potentialAction":[{"@type":"ReadAction","target":["https:\/\/www.fraterinternacional.org\/en\/music-for-healing-and-upliftment-of-humanity-in-september-23-of-2019\/"]}]},{"@type":"BreadcrumbList","@id":"https:\/\/www.fraterinternacional.org\/en\/music-for-healing-and-upliftment-of-humanity-in-september-23-of-2019\/#breadcrumb","itemListElement":[{"@type":"ListItem","position":1,"name":"In\u00edcio","item":"https:\/\/www.fraterinternacional.org\/en\/"},{"@type":"ListItem","position":2,"name":"Music for Healing and Upliftment of Humanity in September 23 of 2019"}]},{"@type":"WebSite","@id":"https:\/\/www.fraterinternacional.org\/es\/#website","url":"https:\/\/www.fraterinternacional.org\/es\/","name":"Fraternidade - Federa\u00e7\u00e3o Humanit\u00e1ria Internacional","description":"Fraternidade - Federa\u00e7\u00e3o Humanit\u00e1ria Internacional","potentialAction":[{"@type":"SearchAction","target":{"@type":"EntryPoint","urlTemplate":"https:\/\/www.fraterinternacional.org\/es\/?s={search_term_string}"},"query-input":"required name=search_term_string"}],"inLanguage":"en-US"},{"@type":"Person","@id":"https:\/\/www.fraterinternacional.org\/es\/#\/schema\/person\/19cb7a5541fd019768c7fe255d72701e","name":"maducato_admin"}]}},"_links":{"self":[{"href":"https:\/\/www.fraterinternacional.org\/en\/wp-json\/wp\/v2\/posts\/107760"}],"collection":[{"href":"https:\/\/www.fraterinternacional.org\/en\/wp-json\/wp\/v2\/posts"}],"about":[{"href":"https:\/\/www.fraterinternacional.org\/en\/wp-json\/wp\/v2\/types\/post"}],"author":[{"embeddable":true,"href":"https:\/\/www.fraterinternacional.org\/en\/wp-json\/wp\/v2\/users\/4"}],"replies":[{"embeddable":true,"href":"https:\/\/www.fraterinternacional.org\/en\/wp-json\/wp\/v2\/comments?post=107760"}],"version-history":[{"count":0,"href":"https:\/\/www.fraterinternacional.org\/en\/wp-json\/wp\/v2\/posts\/107760\/revisions"}],"wp:featuredmedia":[{"embeddable":true,"href":"https:\/\/www.fraterinternacional.org\/en\/wp-json\/wp\/v2\/media\/106648"}],"wp:attachment":[{"href":"https:\/\/www.fraterinternacional.org\/en\/wp-json\/wp\/v2\/media?parent=107760"}],"wp:term":[{"taxonomy":"category","embeddable":true,"href":"https:\/\/www.fraterinternacional.org\/en\/wp-json\/wp\/v2\/categories?post=107760"},{"taxonomy":"post_tag","embeddable":true,"href":"https:\/\/www.fraterinternacional.org\/en\/wp-json\/wp\/v2\/tags?post=107760"}],"curies":[{"name":"wp","href":"https:\/\/api.w.org\/{rel}","templated":true}]}}