{"id":106618,"date":"2019-07-18T19:04:36","date_gmt":"2019-07-18T22:04:36","guid":{"rendered":"https:\/\/www.fraterinternacional.org\/?p=106618"},"modified":"2019-08-16T12:40:06","modified_gmt":"2019-08-16T15:40:06","slug":"educating-for-overcoming-the-traumas-of-the-shelter","status":"publish","type":"post","link":"https:\/\/www.fraterinternacional.org\/en\/educating-for-overcoming-the-traumas-of-the-shelter\/","title":{"rendered":"Educating for overcoming the traumas of the shelter"},"content":{"rendered":"<div class=\"video-shortcode\"><iframe title=\"Emergency Training empowers refugee children - EN\" width=\"1200\" height=\"675\" src=\"https:\/\/www.youtube.com\/embed\/Kg_O5gedVUQ?feature=oembed\" frameborder=\"0\" allow=\"accelerometer; autoplay; clipboard-write; encrypted-media; gyroscope; picture-in-picture\" allowfullscreen><\/iframe><\/div>\n<p>&nbsp;<\/p>\n<p>Since it began with its humanitarian aid for the Venezuelan refugees in 2016, educating has always been one of the pillars in the operations of <strong>Fraternidade \u2013 International Humanitarian Federation<\/strong> in the five shelters that it administers in Roraima. During that period, approximately 3,000 children, young people and adolescents have already gone through one or more of the programs it develops in the State.<\/p>\n<p>There are projects still aimed at the adult population and directed toward teachers, who need new knowledge to deal with the situations generated by the shelter, such as that of Emergency Training, or of Trauma as it is also known; a method developed so that emotionally shaken children can recover their trust in themselves and in the people around them.<\/p>\n<p>Beyond the fact that education is basic for the development of any human being, Fraternidade understands that the educational experience strengthens the capacity to overcome and the resilience of the children and adolescents, who have had to leave family, friends, and the comfort of their homes to face the challenges that are part of the condition of the shelter and those of beginning their lives again in a foreign country.<\/p>\n<p>In the testimony of the teacher Omerys Maria Diaz Mensoza, it is possible to observe the impact of the programs of Fraternidade in the children and in the teachers themselves.<\/p>\n","protected":false},"excerpt":{"rendered":"<p>&nbsp; Since it began with its humanitarian aid for the Venezuelan refugees in 2016, educating has always been one of [&hellip;]<\/p>\n","protected":false},"author":50,"featured_media":106615,"comment_status":"closed","ping_status":"closed","sticky":false,"template":"","format":"standard","meta":{"footnotes":""},"categories":[150,107],"tags":[3332],"class_list":["post-106618","post","type-post","status-publish","format-standard","has-post-thumbnail","hentry","category-news","category-news-of-the-missions","tag-missao-roraima"],"yoast_head":"<!-- This site is optimized with the Yoast SEO Premium plugin v21.0 (Yoast SEO v21.0) - https:\/\/yoast.com\/wordpress\/plugins\/seo\/ -->\n<title>Educating for overcoming the traumas of the shelter<\/title>\n<meta name=\"description\" content=\"Method developed so that emotionally shaken children can recover their trust in themselves and in the people around them.\" \/>\n<meta name=\"robots\" content=\"index, follow, max-snippet:-1, max-image-preview:large, max-video-preview:-1\" \/>\n<link rel=\"canonical\" href=\"https:\/\/www.fraterinternacional.org\/en\/educating-for-overcoming-the-traumas-of-the-shelter\/\" \/>\n<meta property=\"og:locale\" content=\"en_US\" \/>\n<meta property=\"og:type\" content=\"article\" \/>\n<meta property=\"og:title\" content=\"Educating for overcoming the traumas of the shelter\" \/>\n<meta property=\"og:description\" content=\"Method developed so that emotionally shaken children can recover their trust in themselves and in the people around them.\" \/>\n<meta property=\"og:url\" content=\"https:\/\/www.fraterinternacional.org\/en\/educating-for-overcoming-the-traumas-of-the-shelter\/\" \/>\n<meta property=\"og:site_name\" content=\"Fraternidade - Federa\u00e7\u00e3o Humanit\u00e1ria Internacional\" \/>\n<meta property=\"article:publisher\" content=\"https:\/\/www.facebook.com\/fraternidadehumanitaria\" \/>\n<meta property=\"article:published_time\" content=\"2019-07-18T22:04:36+00:00\" \/>\n<meta property=\"article:modified_time\" content=\"2019-08-16T15:40:06+00:00\" \/>\n<meta property=\"og:image\" content=\"https:\/\/www.fraterinternacional.org\/wp-content\/uploads\/2019\/07\/Miss\u00e3o-Roraima-2.png\" \/>\n\t<meta property=\"og:image:width\" content=\"788\" \/>\n\t<meta property=\"og:image:height\" content=\"468\" \/>\n\t<meta property=\"og:image:type\" content=\"image\/png\" \/>\n<meta name=\"author\" content=\"Evandro Leite\" \/>\n<meta name=\"twitter:card\" content=\"summary_large_image\" \/>\n<meta name=\"twitter:creator\" content=\"@fraternidadeFHI\" \/>\n<meta name=\"twitter:site\" content=\"@fraternidadeFHI\" \/>\n<meta name=\"twitter:label1\" content=\"Written by\" \/>\n\t<meta name=\"twitter:data1\" content=\"Evandro Leite\" \/>\n\t<meta name=\"twitter:label2\" content=\"Est. reading time\" \/>\n\t<meta name=\"twitter:data2\" content=\"1 minute\" \/>\n<script type=\"application\/ld+json\" class=\"yoast-schema-graph\">{\"@context\":\"https:\/\/schema.org\",\"@graph\":[{\"@type\":\"WebPage\",\"@id\":\"https:\/\/www.fraterinternacional.org\/en\/educating-for-overcoming-the-traumas-of-the-shelter\/\",\"url\":\"https:\/\/www.fraterinternacional.org\/en\/educating-for-overcoming-the-traumas-of-the-shelter\/\",\"name\":\"Educating for overcoming the traumas of the shelter\",\"isPartOf\":{\"@id\":\"https:\/\/www.fraterinternacional.org\/es\/#website\"},\"datePublished\":\"2019-07-18T22:04:36+00:00\",\"dateModified\":\"2019-08-16T15:40:06+00:00\",\"author\":{\"@id\":\"https:\/\/www.fraterinternacional.org\/es\/#\/schema\/person\/635f0e75996e80b502d9d2ed1f2a0133\"},\"description\":\"Method developed so that emotionally shaken children can recover their trust in themselves and in the people around them.\",\"breadcrumb\":{\"@id\":\"https:\/\/www.fraterinternacional.org\/en\/educating-for-overcoming-the-traumas-of-the-shelter\/#breadcrumb\"},\"inLanguage\":\"en-US\",\"potentialAction\":[{\"@type\":\"ReadAction\",\"target\":[\"https:\/\/www.fraterinternacional.org\/en\/educating-for-overcoming-the-traumas-of-the-shelter\/\"]}]},{\"@type\":\"BreadcrumbList\",\"@id\":\"https:\/\/www.fraterinternacional.org\/en\/educating-for-overcoming-the-traumas-of-the-shelter\/#breadcrumb\",\"itemListElement\":[{\"@type\":\"ListItem\",\"position\":1,\"name\":\"In\u00edcio\",\"item\":\"https:\/\/www.fraterinternacional.org\/en\/\"},{\"@type\":\"ListItem\",\"position\":2,\"name\":\"Educating for overcoming the traumas of the shelter\"}]},{\"@type\":\"WebSite\",\"@id\":\"https:\/\/www.fraterinternacional.org\/es\/#website\",\"url\":\"https:\/\/www.fraterinternacional.org\/es\/\",\"name\":\"Fraternidade - Federa\u00e7\u00e3o Humanit\u00e1ria Internacional\",\"description\":\"Fraternidade - Federa\u00e7\u00e3o Humanit\u00e1ria Internacional\",\"potentialAction\":[{\"@type\":\"SearchAction\",\"target\":{\"@type\":\"EntryPoint\",\"urlTemplate\":\"https:\/\/www.fraterinternacional.org\/es\/?s={search_term_string}\"},\"query-input\":\"required name=search_term_string\"}],\"inLanguage\":\"en-US\"},{\"@type\":\"Person\",\"@id\":\"https:\/\/www.fraterinternacional.org\/es\/#\/schema\/person\/635f0e75996e80b502d9d2ed1f2a0133\",\"name\":\"Evandro Leite\"}]}<\/script>\n<!-- \/ Yoast SEO Premium plugin. -->","yoast_head_json":{"title":"Educating for overcoming the traumas of the shelter","description":"Method developed so that emotionally shaken children can recover their trust in themselves and in the people around them.","robots":{"index":"index","follow":"follow","max-snippet":"max-snippet:-1","max-image-preview":"max-image-preview:large","max-video-preview":"max-video-preview:-1"},"canonical":"https:\/\/www.fraterinternacional.org\/en\/educating-for-overcoming-the-traumas-of-the-shelter\/","og_locale":"en_US","og_type":"article","og_title":"Educating for overcoming the traumas of the shelter","og_description":"Method developed so that emotionally shaken children can recover their trust in themselves and in the people around them.","og_url":"https:\/\/www.fraterinternacional.org\/en\/educating-for-overcoming-the-traumas-of-the-shelter\/","og_site_name":"Fraternidade - Federa\u00e7\u00e3o Humanit\u00e1ria Internacional","article_publisher":"https:\/\/www.facebook.com\/fraternidadehumanitaria","article_published_time":"2019-07-18T22:04:36+00:00","article_modified_time":"2019-08-16T15:40:06+00:00","og_image":[{"width":788,"height":468,"url":"https:\/\/www.fraterinternacional.org\/wp-content\/uploads\/2019\/07\/Miss\u00e3o-Roraima-2.png","type":"image\/png"}],"author":"Evandro Leite","twitter_card":"summary_large_image","twitter_creator":"@fraternidadeFHI","twitter_site":"@fraternidadeFHI","twitter_misc":{"Written by":"Evandro Leite","Est. reading time":"1 minute"},"schema":{"@context":"https:\/\/schema.org","@graph":[{"@type":"WebPage","@id":"https:\/\/www.fraterinternacional.org\/en\/educating-for-overcoming-the-traumas-of-the-shelter\/","url":"https:\/\/www.fraterinternacional.org\/en\/educating-for-overcoming-the-traumas-of-the-shelter\/","name":"Educating for overcoming the traumas of the shelter","isPartOf":{"@id":"https:\/\/www.fraterinternacional.org\/es\/#website"},"datePublished":"2019-07-18T22:04:36+00:00","dateModified":"2019-08-16T15:40:06+00:00","author":{"@id":"https:\/\/www.fraterinternacional.org\/es\/#\/schema\/person\/635f0e75996e80b502d9d2ed1f2a0133"},"description":"Method developed so that emotionally shaken children can recover their trust in themselves and in the people around them.","breadcrumb":{"@id":"https:\/\/www.fraterinternacional.org\/en\/educating-for-overcoming-the-traumas-of-the-shelter\/#breadcrumb"},"inLanguage":"en-US","potentialAction":[{"@type":"ReadAction","target":["https:\/\/www.fraterinternacional.org\/en\/educating-for-overcoming-the-traumas-of-the-shelter\/"]}]},{"@type":"BreadcrumbList","@id":"https:\/\/www.fraterinternacional.org\/en\/educating-for-overcoming-the-traumas-of-the-shelter\/#breadcrumb","itemListElement":[{"@type":"ListItem","position":1,"name":"In\u00edcio","item":"https:\/\/www.fraterinternacional.org\/en\/"},{"@type":"ListItem","position":2,"name":"Educating for overcoming the traumas of the shelter"}]},{"@type":"WebSite","@id":"https:\/\/www.fraterinternacional.org\/es\/#website","url":"https:\/\/www.fraterinternacional.org\/es\/","name":"Fraternidade - Federa\u00e7\u00e3o Humanit\u00e1ria Internacional","description":"Fraternidade - Federa\u00e7\u00e3o Humanit\u00e1ria Internacional","potentialAction":[{"@type":"SearchAction","target":{"@type":"EntryPoint","urlTemplate":"https:\/\/www.fraterinternacional.org\/es\/?s={search_term_string}"},"query-input":"required name=search_term_string"}],"inLanguage":"en-US"},{"@type":"Person","@id":"https:\/\/www.fraterinternacional.org\/es\/#\/schema\/person\/635f0e75996e80b502d9d2ed1f2a0133","name":"Evandro Leite"}]}},"_links":{"self":[{"href":"https:\/\/www.fraterinternacional.org\/en\/wp-json\/wp\/v2\/posts\/106618"}],"collection":[{"href":"https:\/\/www.fraterinternacional.org\/en\/wp-json\/wp\/v2\/posts"}],"about":[{"href":"https:\/\/www.fraterinternacional.org\/en\/wp-json\/wp\/v2\/types\/post"}],"author":[{"embeddable":true,"href":"https:\/\/www.fraterinternacional.org\/en\/wp-json\/wp\/v2\/users\/50"}],"replies":[{"embeddable":true,"href":"https:\/\/www.fraterinternacional.org\/en\/wp-json\/wp\/v2\/comments?post=106618"}],"version-history":[{"count":0,"href":"https:\/\/www.fraterinternacional.org\/en\/wp-json\/wp\/v2\/posts\/106618\/revisions"}],"wp:featuredmedia":[{"embeddable":true,"href":"https:\/\/www.fraterinternacional.org\/en\/wp-json\/wp\/v2\/media\/106615"}],"wp:attachment":[{"href":"https:\/\/www.fraterinternacional.org\/en\/wp-json\/wp\/v2\/media?parent=106618"}],"wp:term":[{"taxonomy":"category","embeddable":true,"href":"https:\/\/www.fraterinternacional.org\/en\/wp-json\/wp\/v2\/categories?post=106618"},{"taxonomy":"post_tag","embeddable":true,"href":"https:\/\/www.fraterinternacional.org\/en\/wp-json\/wp\/v2\/tags?post=106618"}],"curies":[{"name":"wp","href":"https:\/\/api.w.org\/{rel}","templated":true}]}}