{"id":105221,"date":"2019-07-04T10:26:00","date_gmt":"2019-07-04T13:26:00","guid":{"rendered":"https:\/\/www.fraterinternacional.org\/?p=105221"},"modified":"2019-07-04T10:26:00","modified_gmt":"2019-07-04T13:26:00","slug":"migratory-crisis-and-education-in-emergency-times","status":"publish","type":"post","link":"https:\/\/www.fraterinternacional.org\/en\/migratory-crisis-and-education-in-emergency-times\/","title":{"rendered":"Migratory crisis and education in emergency times"},"content":{"rendered":"<p>Friar Luciano, general manager of Fraternidade \u2013 International Humanitarian Federation (FIHF), was one of the participants in the opening table of the 2<sup>nd<\/sup> Symposium of Children and Adolescents: The Common Good \u2013 Education for Emergency Times, whose objective was to contribute for the technical and emotional strengthening of education professionals, so that they can be better prepared to work with migrant children and adolescents who are in the public educational system, but who live in a vulnerable situation. The seminar was also destined to the professionals of the Federal University of Roraima, the host and one of the organizers of the event, together with Fraternidade.<\/p>\n<p>Focusing on Emergency Pedagogy and in the guidelines of the Alliance for Childhood, the Seminar had a multidisciplinary team, from coordinators and pedagogical instructors of the city, state and federal levels, to professionals of organizations and agencies, which daily deal with the impacts of the Venezuelan migratory crisis in the context of education in Roraima, the state in the bordering region of Brazil with Venezuela, where is sheltered the greatest part of the refugees that come from that country.<\/p>\n<p>The Emergency Pedagogy has the aim of helping children and youths who live in zones of catastrophe, war or in a situation of social vulnerability to overcome their traumatic experiences, by means of the stabilizing measures based on Waldorf Pedagogy. With these initiatives, the intention is to minimize disorders of post-traumatic stress, as it is believed that non-overcome traumas can disturb the development of a child in a lasting manner. In Brazil, the Emergency Pedagogy cannot reach all traumatized children and youths. Therefore, the work has the current priority of addressing teachers and educators who work in social organizations.<\/p>\n<p>Promoting actions of experience and inspiration, the Alliance for Childhood wants to have adults observe children with closer attention, be enchanted by their acts and enchant their relation with them and thus transform and give fullness to the childhood stage. A stage that is always held within each adult, in their emotional, intellectual and physical maturity. Accompany a little the lecture of Friar Luciano in this video, and understand what results are expected when these teaching methods are applied.<\/p>\n<div class=\"video-shortcode\"><iframe title=\"Emergency Pedagogy and guidelines of the Alliance for Childhood in debate - EN\" width=\"1200\" height=\"675\" src=\"https:\/\/www.youtube.com\/embed\/AYj4YrmL9tE?feature=oembed\" frameborder=\"0\" allow=\"accelerometer; autoplay; clipboard-write; encrypted-media; gyroscope; picture-in-picture\" allowfullscreen><\/iframe><\/div>\n<p>&nbsp;<\/p>\n","protected":false},"excerpt":{"rendered":"<p>Friar Luciano, general manager of Fraternidade \u2013 International Humanitarian Federation (FIHF), was one of the participants in the opening table [&hellip;]<\/p>\n","protected":false},"author":4,"featured_media":105047,"comment_status":"closed","ping_status":"closed","sticky":false,"template":"","format":"standard","meta":{"footnotes":""},"categories":[150,107],"tags":[],"class_list":["post-105221","post","type-post","status-publish","format-standard","has-post-thumbnail","hentry","category-news","category-news-of-the-missions"],"yoast_head":"<!-- This site is optimized with the Yoast SEO Premium plugin v21.0 (Yoast SEO v21.0) - https:\/\/yoast.com\/wordpress\/plugins\/seo\/ -->\n<title>Migratory crisis and education in emergency times<\/title>\n<meta name=\"description\" content=\"Friar Luciano, participates in an opening table of the 2nd Seminar Child and Adolescent: the Common Good \u2013 Education for Emergency Times.\" \/>\n<meta name=\"robots\" content=\"index, follow, max-snippet:-1, max-image-preview:large, max-video-preview:-1\" \/>\n<link rel=\"canonical\" href=\"https:\/\/www.fraterinternacional.org\/en\/migratory-crisis-and-education-in-emergency-times\/\" \/>\n<meta property=\"og:locale\" content=\"en_US\" \/>\n<meta property=\"og:type\" content=\"article\" \/>\n<meta property=\"og:title\" content=\"Migratory crisis and education in emergency times\" \/>\n<meta property=\"og:description\" content=\"Friar Luciano, participates in an opening table of the 2nd Seminar Child and Adolescent: the Common Good \u2013 Education for Emergency Times.\" \/>\n<meta property=\"og:url\" content=\"https:\/\/www.fraterinternacional.org\/en\/migratory-crisis-and-education-in-emergency-times\/\" \/>\n<meta property=\"og:site_name\" content=\"Fraternidade - Federa\u00e7\u00e3o Humanit\u00e1ria Internacional\" \/>\n<meta property=\"article:publisher\" content=\"https:\/\/www.facebook.com\/fraternidadehumanitaria\" \/>\n<meta property=\"article:published_time\" content=\"2019-07-04T13:26:00+00:00\" \/>\n<meta property=\"og:image\" content=\"https:\/\/www.fraterinternacional.org\/wp-content\/uploads\/2019\/07\/img-dest-pedagogia-emergencia.jpg\" \/>\n\t<meta property=\"og:image:width\" content=\"700\" \/>\n\t<meta property=\"og:image:height\" content=\"394\" \/>\n\t<meta property=\"og:image:type\" content=\"image\/jpeg\" \/>\n<meta name=\"author\" content=\"maducato_admin\" \/>\n<meta name=\"twitter:card\" content=\"summary_large_image\" \/>\n<meta name=\"twitter:creator\" content=\"@fraternidadeFHI\" \/>\n<meta name=\"twitter:site\" content=\"@fraternidadeFHI\" \/>\n<meta name=\"twitter:label1\" content=\"Written by\" \/>\n\t<meta name=\"twitter:data1\" content=\"maducato_admin\" \/>\n\t<meta name=\"twitter:label2\" content=\"Est. reading time\" \/>\n\t<meta name=\"twitter:data2\" content=\"2 minutes\" \/>\n<script type=\"application\/ld+json\" class=\"yoast-schema-graph\">{\"@context\":\"https:\/\/schema.org\",\"@graph\":[{\"@type\":\"WebPage\",\"@id\":\"https:\/\/www.fraterinternacional.org\/en\/migratory-crisis-and-education-in-emergency-times\/\",\"url\":\"https:\/\/www.fraterinternacional.org\/en\/migratory-crisis-and-education-in-emergency-times\/\",\"name\":\"Migratory crisis and education in emergency times\",\"isPartOf\":{\"@id\":\"https:\/\/www.fraterinternacional.org\/es\/#website\"},\"datePublished\":\"2019-07-04T13:26:00+00:00\",\"dateModified\":\"2019-07-04T13:26:00+00:00\",\"author\":{\"@id\":\"https:\/\/www.fraterinternacional.org\/es\/#\/schema\/person\/19cb7a5541fd019768c7fe255d72701e\"},\"description\":\"Friar Luciano, participates in an opening table of the 2nd Seminar Child and Adolescent: the Common Good \u2013 Education for Emergency Times.\",\"breadcrumb\":{\"@id\":\"https:\/\/www.fraterinternacional.org\/en\/migratory-crisis-and-education-in-emergency-times\/#breadcrumb\"},\"inLanguage\":\"en-US\",\"potentialAction\":[{\"@type\":\"ReadAction\",\"target\":[\"https:\/\/www.fraterinternacional.org\/en\/migratory-crisis-and-education-in-emergency-times\/\"]}]},{\"@type\":\"BreadcrumbList\",\"@id\":\"https:\/\/www.fraterinternacional.org\/en\/migratory-crisis-and-education-in-emergency-times\/#breadcrumb\",\"itemListElement\":[{\"@type\":\"ListItem\",\"position\":1,\"name\":\"In\u00edcio\",\"item\":\"https:\/\/www.fraterinternacional.org\/en\/\"},{\"@type\":\"ListItem\",\"position\":2,\"name\":\"Migratory crisis and education in emergency times\"}]},{\"@type\":\"WebSite\",\"@id\":\"https:\/\/www.fraterinternacional.org\/es\/#website\",\"url\":\"https:\/\/www.fraterinternacional.org\/es\/\",\"name\":\"Fraternidade - Federa\u00e7\u00e3o Humanit\u00e1ria Internacional\",\"description\":\"Fraternidade - Federa\u00e7\u00e3o Humanit\u00e1ria Internacional\",\"potentialAction\":[{\"@type\":\"SearchAction\",\"target\":{\"@type\":\"EntryPoint\",\"urlTemplate\":\"https:\/\/www.fraterinternacional.org\/es\/?s={search_term_string}\"},\"query-input\":\"required name=search_term_string\"}],\"inLanguage\":\"en-US\"},{\"@type\":\"Person\",\"@id\":\"https:\/\/www.fraterinternacional.org\/es\/#\/schema\/person\/19cb7a5541fd019768c7fe255d72701e\",\"name\":\"maducato_admin\"}]}<\/script>\n<!-- \/ Yoast SEO Premium plugin. -->","yoast_head_json":{"title":"Migratory crisis and education in emergency times","description":"Friar Luciano, participates in an opening table of the 2nd Seminar Child and Adolescent: the Common Good \u2013 Education for Emergency Times.","robots":{"index":"index","follow":"follow","max-snippet":"max-snippet:-1","max-image-preview":"max-image-preview:large","max-video-preview":"max-video-preview:-1"},"canonical":"https:\/\/www.fraterinternacional.org\/en\/migratory-crisis-and-education-in-emergency-times\/","og_locale":"en_US","og_type":"article","og_title":"Migratory crisis and education in emergency times","og_description":"Friar Luciano, participates in an opening table of the 2nd Seminar Child and Adolescent: the Common Good \u2013 Education for Emergency Times.","og_url":"https:\/\/www.fraterinternacional.org\/en\/migratory-crisis-and-education-in-emergency-times\/","og_site_name":"Fraternidade - Federa\u00e7\u00e3o Humanit\u00e1ria Internacional","article_publisher":"https:\/\/www.facebook.com\/fraternidadehumanitaria","article_published_time":"2019-07-04T13:26:00+00:00","og_image":[{"width":700,"height":394,"url":"https:\/\/www.fraterinternacional.org\/wp-content\/uploads\/2019\/07\/img-dest-pedagogia-emergencia.jpg","type":"image\/jpeg"}],"author":"maducato_admin","twitter_card":"summary_large_image","twitter_creator":"@fraternidadeFHI","twitter_site":"@fraternidadeFHI","twitter_misc":{"Written by":"maducato_admin","Est. reading time":"2 minutes"},"schema":{"@context":"https:\/\/schema.org","@graph":[{"@type":"WebPage","@id":"https:\/\/www.fraterinternacional.org\/en\/migratory-crisis-and-education-in-emergency-times\/","url":"https:\/\/www.fraterinternacional.org\/en\/migratory-crisis-and-education-in-emergency-times\/","name":"Migratory crisis and education in emergency times","isPartOf":{"@id":"https:\/\/www.fraterinternacional.org\/es\/#website"},"datePublished":"2019-07-04T13:26:00+00:00","dateModified":"2019-07-04T13:26:00+00:00","author":{"@id":"https:\/\/www.fraterinternacional.org\/es\/#\/schema\/person\/19cb7a5541fd019768c7fe255d72701e"},"description":"Friar Luciano, participates in an opening table of the 2nd Seminar Child and Adolescent: the Common Good \u2013 Education for Emergency Times.","breadcrumb":{"@id":"https:\/\/www.fraterinternacional.org\/en\/migratory-crisis-and-education-in-emergency-times\/#breadcrumb"},"inLanguage":"en-US","potentialAction":[{"@type":"ReadAction","target":["https:\/\/www.fraterinternacional.org\/en\/migratory-crisis-and-education-in-emergency-times\/"]}]},{"@type":"BreadcrumbList","@id":"https:\/\/www.fraterinternacional.org\/en\/migratory-crisis-and-education-in-emergency-times\/#breadcrumb","itemListElement":[{"@type":"ListItem","position":1,"name":"In\u00edcio","item":"https:\/\/www.fraterinternacional.org\/en\/"},{"@type":"ListItem","position":2,"name":"Migratory crisis and education in emergency times"}]},{"@type":"WebSite","@id":"https:\/\/www.fraterinternacional.org\/es\/#website","url":"https:\/\/www.fraterinternacional.org\/es\/","name":"Fraternidade - Federa\u00e7\u00e3o Humanit\u00e1ria Internacional","description":"Fraternidade - Federa\u00e7\u00e3o Humanit\u00e1ria Internacional","potentialAction":[{"@type":"SearchAction","target":{"@type":"EntryPoint","urlTemplate":"https:\/\/www.fraterinternacional.org\/es\/?s={search_term_string}"},"query-input":"required name=search_term_string"}],"inLanguage":"en-US"},{"@type":"Person","@id":"https:\/\/www.fraterinternacional.org\/es\/#\/schema\/person\/19cb7a5541fd019768c7fe255d72701e","name":"maducato_admin"}]}},"_links":{"self":[{"href":"https:\/\/www.fraterinternacional.org\/en\/wp-json\/wp\/v2\/posts\/105221"}],"collection":[{"href":"https:\/\/www.fraterinternacional.org\/en\/wp-json\/wp\/v2\/posts"}],"about":[{"href":"https:\/\/www.fraterinternacional.org\/en\/wp-json\/wp\/v2\/types\/post"}],"author":[{"embeddable":true,"href":"https:\/\/www.fraterinternacional.org\/en\/wp-json\/wp\/v2\/users\/4"}],"replies":[{"embeddable":true,"href":"https:\/\/www.fraterinternacional.org\/en\/wp-json\/wp\/v2\/comments?post=105221"}],"version-history":[{"count":0,"href":"https:\/\/www.fraterinternacional.org\/en\/wp-json\/wp\/v2\/posts\/105221\/revisions"}],"wp:featuredmedia":[{"embeddable":true,"href":"https:\/\/www.fraterinternacional.org\/en\/wp-json\/wp\/v2\/media\/105047"}],"wp:attachment":[{"href":"https:\/\/www.fraterinternacional.org\/en\/wp-json\/wp\/v2\/media?parent=105221"}],"wp:term":[{"taxonomy":"category","embeddable":true,"href":"https:\/\/www.fraterinternacional.org\/en\/wp-json\/wp\/v2\/categories?post=105221"},{"taxonomy":"post_tag","embeddable":true,"href":"https:\/\/www.fraterinternacional.org\/en\/wp-json\/wp\/v2\/tags?post=105221"}],"curies":[{"name":"wp","href":"https:\/\/api.w.org\/{rel}","templated":true}]}}