{"id":10397,"date":"2016-01-14T13:18:46","date_gmt":"2016-01-14T16:18:46","guid":{"rendered":"http:\/\/www.fraterinternacional.org\/en\/?p=10397"},"modified":"2016-11-01T19:27:24","modified_gmt":"2016-11-01T22:27:24","slug":"2nd-meeting-for-service-to-the-kingdoms-of-nature-in-the-community-of-the-brotherhood","status":"publish","type":"post","link":"https:\/\/www.fraterinternacional.org\/en\/2nd-meeting-for-service-to-the-kingdoms-of-nature-in-the-community-of-the-brotherhood\/","title":{"rendered":"2nd Meeting for service to the Kingdoms of Nature in the Community-of-Light of the Brotherhood"},"content":{"rendered":"<p style=\"text-align: justify;\"><a href=\"http:\/\/www.fraterinternacional.org\/wp-content\/uploads\/2016\/01\/erks_reuniao-1.jpg\" rel=\"attachment wp-att-10380\"><img decoding=\"async\" class=\"alignleft size-medium wp-image-10380\" src=\"http:\/\/www.fraterinternacional.org\/wp-content\/uploads\/2016\/01\/erks_reuniao-1-300x169.jpg\" alt=\"erks_reuniao\" width=\"300\" height=\"169\" srcset=\"https:\/\/www.fraterinternacional.org\/wp-content\/uploads\/2016\/01\/erks_reuniao-1-200x113.jpg 200w, https:\/\/www.fraterinternacional.org\/wp-content\/uploads\/2016\/01\/erks_reuniao-1-300x169.jpg 300w, https:\/\/www.fraterinternacional.org\/wp-content\/uploads\/2016\/01\/erks_reuniao-1-400x225.jpg 400w, https:\/\/www.fraterinternacional.org\/wp-content\/uploads\/2016\/01\/erks_reuniao-1-600x338.jpg 600w, https:\/\/www.fraterinternacional.org\/wp-content\/uploads\/2016\/01\/erks_reuniao-1.jpg 700w\" sizes=\"(max-width: 300px) 100vw, 300px\" \/><\/a>The <a href=\"http:\/\/www.fraterinternacional.org\/en\/communities-of-light\/\">Community-of-Light of the Brotherhood<\/a>, located in the region of Cordoba, Argentina, promotes on January 16 and 17, the 2<sup>nd<\/sup> Meeting for Service to the Kingdoms of Nature and Syntony with the Native Consciousness.<\/p>\n<p style=\"text-align: justify;\">During the two days of meeting syntonys with the Native Consciousness and with the Erks Planetary Center will be held and also trees that are fallen in the river that crosses the region will be removed. There will also be an alignment with the mineral kingdom through the water. About 30 people are expected.<\/p>\n<p>Further information:<\/p>\n<p>hermandad.secretaria@comunidaddelahermandad.org<br \/>\n(+54) 11 21506945<br \/>\n(+549) 3548 613437 \u2013 Whatsapp<\/p>\n<p>&nbsp;<\/p>\n<p style=\"text-align: justify;\">\u00a0<a href=\"http:\/\/www.fraterinternacional.org\/wp-content\/uploads\/2016\/01\/reinos_-conciencia_indigena_erks.jpg\" rel=\"attachment wp-att-10369\"><img decoding=\"async\" class=\"aligncenter size-full wp-image-10369\" src=\"http:\/\/www.fraterinternacional.org\/wp-content\/uploads\/2016\/01\/reinos_-conciencia_indigena_erks.jpg\" alt=\"reinos_ conciencia_indigena_erks\" width=\"1280\" height=\"905\" srcset=\"https:\/\/www.fraterinternacional.org\/wp-content\/uploads\/2016\/01\/reinos_-conciencia_indigena_erks-200x141.jpg 200w, https:\/\/www.fraterinternacional.org\/wp-content\/uploads\/2016\/01\/reinos_-conciencia_indigena_erks-300x212.jpg 300w, https:\/\/www.fraterinternacional.org\/wp-content\/uploads\/2016\/01\/reinos_-conciencia_indigena_erks-400x283.jpg 400w, https:\/\/www.fraterinternacional.org\/wp-content\/uploads\/2016\/01\/reinos_-conciencia_indigena_erks-600x424.jpg 600w, https:\/\/www.fraterinternacional.org\/wp-content\/uploads\/2016\/01\/reinos_-conciencia_indigena_erks-800x566.jpg 800w, https:\/\/www.fraterinternacional.org\/wp-content\/uploads\/2016\/01\/reinos_-conciencia_indigena_erks-1024x724.jpg 1024w, https:\/\/www.fraterinternacional.org\/wp-content\/uploads\/2016\/01\/reinos_-conciencia_indigena_erks-1200x848.jpg 1200w, https:\/\/www.fraterinternacional.org\/wp-content\/uploads\/2016\/01\/reinos_-conciencia_indigena_erks.jpg 1280w\" sizes=\"(max-width: 1280px) 100vw, 1280px\" \/><\/a><\/p>\n","protected":false},"excerpt":{"rendered":"<p>The Community-of-Light of the Brotherhood, located in the region of Cordoba, Argentina, promotes on January 16 and 17, the 2nd [&hellip;]<\/p>\n","protected":false},"author":11,"featured_media":10381,"comment_status":"closed","ping_status":"closed","sticky":false,"template":"","format":"standard","meta":{"footnotes":""},"categories":[150],"tags":[115,102],"class_list":["post-10397","post","type-post","status-publish","format-standard","has-post-thumbnail","hentry","category-news","tag-communities-of-light","tag-love-and-service-to-the-kingdoms"],"yoast_head":"<!-- This site is optimized with the Yoast SEO Premium plugin v21.0 (Yoast SEO v21.0) - https:\/\/yoast.com\/wordpress\/plugins\/seo\/ -->\n<title>2nd Meeting for service to the Kingdoms of Nature in the Community-of-Light of the Brotherhood<\/title>\n<meta name=\"description\" content=\"During the two days syntonys with the Native Consciousness and with the Erks Planetary Center will be held and also be a works with the Kingdoms of Nature.\" \/>\n<meta name=\"robots\" content=\"index, follow, max-snippet:-1, max-image-preview:large, max-video-preview:-1\" \/>\n<link rel=\"canonical\" href=\"https:\/\/www.fraterinternacional.org\/en\/2nd-meeting-for-service-to-the-kingdoms-of-nature-in-the-community-of-the-brotherhood\/\" \/>\n<meta property=\"og:locale\" content=\"en_US\" \/>\n<meta property=\"og:type\" content=\"article\" \/>\n<meta property=\"og:title\" content=\"2nd Meeting for service to the Kingdoms of Nature in the Community-of-Light of the Brotherhood\" \/>\n<meta property=\"og:description\" content=\"During the two days syntonys with the Native Consciousness and with the Erks Planetary Center will be held and also be a works with the Kingdoms of Nature.\" \/>\n<meta property=\"og:url\" content=\"https:\/\/www.fraterinternacional.org\/en\/2nd-meeting-for-service-to-the-kingdoms-of-nature-in-the-community-of-the-brotherhood\/\" \/>\n<meta property=\"og:site_name\" content=\"Fraternidade - Federa\u00e7\u00e3o Humanit\u00e1ria Internacional\" \/>\n<meta property=\"article:publisher\" content=\"https:\/\/www.facebook.com\/fraternidadehumanitaria\" \/>\n<meta property=\"article:published_time\" content=\"2016-01-14T16:18:46+00:00\" \/>\n<meta property=\"article:modified_time\" content=\"2016-11-01T22:27:24+00:00\" \/>\n<meta property=\"og:image\" content=\"https:\/\/www.fraterinternacional.org\/wp-content\/uploads\/2016\/01\/erks_reuniao-1.jpg\" \/>\n\t<meta property=\"og:image:width\" content=\"700\" \/>\n\t<meta property=\"og:image:height\" content=\"394\" \/>\n\t<meta property=\"og:image:type\" content=\"image\/jpeg\" \/>\n<meta name=\"author\" content=\"Nelson Frater\" \/>\n<meta name=\"twitter:card\" content=\"summary_large_image\" \/>\n<meta name=\"twitter:creator\" content=\"@fraternidadeFHI\" \/>\n<meta name=\"twitter:site\" content=\"@fraternidadeFHI\" \/>\n<meta name=\"twitter:label1\" content=\"Written by\" \/>\n\t<meta name=\"twitter:data1\" content=\"Nelson Frater\" \/>\n<script type=\"application\/ld+json\" class=\"yoast-schema-graph\">{\"@context\":\"https:\/\/schema.org\",\"@graph\":[{\"@type\":\"WebPage\",\"@id\":\"https:\/\/www.fraterinternacional.org\/en\/2nd-meeting-for-service-to-the-kingdoms-of-nature-in-the-community-of-the-brotherhood\/\",\"url\":\"https:\/\/www.fraterinternacional.org\/en\/2nd-meeting-for-service-to-the-kingdoms-of-nature-in-the-community-of-the-brotherhood\/\",\"name\":\"2nd Meeting for service to the Kingdoms of Nature in the Community-of-Light of the Brotherhood\",\"isPartOf\":{\"@id\":\"https:\/\/www.fraterinternacional.org\/es\/#website\"},\"datePublished\":\"2016-01-14T16:18:46+00:00\",\"dateModified\":\"2016-11-01T22:27:24+00:00\",\"author\":{\"@id\":\"https:\/\/www.fraterinternacional.org\/es\/#\/schema\/person\/facd24ae5f7e6b4ee1aeec7ad1b960ae\"},\"description\":\"During the two days syntonys with the Native Consciousness and with the Erks Planetary Center will be held and also be a works with the Kingdoms of Nature.\",\"breadcrumb\":{\"@id\":\"https:\/\/www.fraterinternacional.org\/en\/2nd-meeting-for-service-to-the-kingdoms-of-nature-in-the-community-of-the-brotherhood\/#breadcrumb\"},\"inLanguage\":\"en-US\",\"potentialAction\":[{\"@type\":\"ReadAction\",\"target\":[\"https:\/\/www.fraterinternacional.org\/en\/2nd-meeting-for-service-to-the-kingdoms-of-nature-in-the-community-of-the-brotherhood\/\"]}]},{\"@type\":\"BreadcrumbList\",\"@id\":\"https:\/\/www.fraterinternacional.org\/en\/2nd-meeting-for-service-to-the-kingdoms-of-nature-in-the-community-of-the-brotherhood\/#breadcrumb\",\"itemListElement\":[{\"@type\":\"ListItem\",\"position\":1,\"name\":\"In\u00edcio\",\"item\":\"https:\/\/www.fraterinternacional.org\/en\/\"},{\"@type\":\"ListItem\",\"position\":2,\"name\":\"2nd Meeting for service to the Kingdoms of Nature in the Community-of-Light of the Brotherhood\"}]},{\"@type\":\"WebSite\",\"@id\":\"https:\/\/www.fraterinternacional.org\/es\/#website\",\"url\":\"https:\/\/www.fraterinternacional.org\/es\/\",\"name\":\"Fraternidade - Federa\u00e7\u00e3o Humanit\u00e1ria Internacional\",\"description\":\"Fraternidade - Federa\u00e7\u00e3o Humanit\u00e1ria Internacional\",\"potentialAction\":[{\"@type\":\"SearchAction\",\"target\":{\"@type\":\"EntryPoint\",\"urlTemplate\":\"https:\/\/www.fraterinternacional.org\/es\/?s={search_term_string}\"},\"query-input\":\"required name=search_term_string\"}],\"inLanguage\":\"en-US\"},{\"@type\":\"Person\",\"@id\":\"https:\/\/www.fraterinternacional.org\/es\/#\/schema\/person\/facd24ae5f7e6b4ee1aeec7ad1b960ae\",\"name\":\"Nelson Frater\"}]}<\/script>\n<!-- \/ Yoast SEO Premium plugin. -->","yoast_head_json":{"title":"2nd Meeting for service to the Kingdoms of Nature in the Community-of-Light of the Brotherhood","description":"During the two days syntonys with the Native Consciousness and with the Erks Planetary Center will be held and also be a works with the Kingdoms of Nature.","robots":{"index":"index","follow":"follow","max-snippet":"max-snippet:-1","max-image-preview":"max-image-preview:large","max-video-preview":"max-video-preview:-1"},"canonical":"https:\/\/www.fraterinternacional.org\/en\/2nd-meeting-for-service-to-the-kingdoms-of-nature-in-the-community-of-the-brotherhood\/","og_locale":"en_US","og_type":"article","og_title":"2nd Meeting for service to the Kingdoms of Nature in the Community-of-Light of the Brotherhood","og_description":"During the two days syntonys with the Native Consciousness and with the Erks Planetary Center will be held and also be a works with the Kingdoms of Nature.","og_url":"https:\/\/www.fraterinternacional.org\/en\/2nd-meeting-for-service-to-the-kingdoms-of-nature-in-the-community-of-the-brotherhood\/","og_site_name":"Fraternidade - Federa\u00e7\u00e3o Humanit\u00e1ria Internacional","article_publisher":"https:\/\/www.facebook.com\/fraternidadehumanitaria","article_published_time":"2016-01-14T16:18:46+00:00","article_modified_time":"2016-11-01T22:27:24+00:00","og_image":[{"width":700,"height":394,"url":"https:\/\/www.fraterinternacional.org\/wp-content\/uploads\/2016\/01\/erks_reuniao-1.jpg","type":"image\/jpeg"}],"author":"Nelson Frater","twitter_card":"summary_large_image","twitter_creator":"@fraternidadeFHI","twitter_site":"@fraternidadeFHI","twitter_misc":{"Written by":"Nelson Frater"},"schema":{"@context":"https:\/\/schema.org","@graph":[{"@type":"WebPage","@id":"https:\/\/www.fraterinternacional.org\/en\/2nd-meeting-for-service-to-the-kingdoms-of-nature-in-the-community-of-the-brotherhood\/","url":"https:\/\/www.fraterinternacional.org\/en\/2nd-meeting-for-service-to-the-kingdoms-of-nature-in-the-community-of-the-brotherhood\/","name":"2nd Meeting for service to the Kingdoms of Nature in the Community-of-Light of the Brotherhood","isPartOf":{"@id":"https:\/\/www.fraterinternacional.org\/es\/#website"},"datePublished":"2016-01-14T16:18:46+00:00","dateModified":"2016-11-01T22:27:24+00:00","author":{"@id":"https:\/\/www.fraterinternacional.org\/es\/#\/schema\/person\/facd24ae5f7e6b4ee1aeec7ad1b960ae"},"description":"During the two days syntonys with the Native Consciousness and with the Erks Planetary Center will be held and also be a works with the Kingdoms of Nature.","breadcrumb":{"@id":"https:\/\/www.fraterinternacional.org\/en\/2nd-meeting-for-service-to-the-kingdoms-of-nature-in-the-community-of-the-brotherhood\/#breadcrumb"},"inLanguage":"en-US","potentialAction":[{"@type":"ReadAction","target":["https:\/\/www.fraterinternacional.org\/en\/2nd-meeting-for-service-to-the-kingdoms-of-nature-in-the-community-of-the-brotherhood\/"]}]},{"@type":"BreadcrumbList","@id":"https:\/\/www.fraterinternacional.org\/en\/2nd-meeting-for-service-to-the-kingdoms-of-nature-in-the-community-of-the-brotherhood\/#breadcrumb","itemListElement":[{"@type":"ListItem","position":1,"name":"In\u00edcio","item":"https:\/\/www.fraterinternacional.org\/en\/"},{"@type":"ListItem","position":2,"name":"2nd Meeting for service to the Kingdoms of Nature in the Community-of-Light of the Brotherhood"}]},{"@type":"WebSite","@id":"https:\/\/www.fraterinternacional.org\/es\/#website","url":"https:\/\/www.fraterinternacional.org\/es\/","name":"Fraternidade - Federa\u00e7\u00e3o Humanit\u00e1ria Internacional","description":"Fraternidade - Federa\u00e7\u00e3o Humanit\u00e1ria Internacional","potentialAction":[{"@type":"SearchAction","target":{"@type":"EntryPoint","urlTemplate":"https:\/\/www.fraterinternacional.org\/es\/?s={search_term_string}"},"query-input":"required name=search_term_string"}],"inLanguage":"en-US"},{"@type":"Person","@id":"https:\/\/www.fraterinternacional.org\/es\/#\/schema\/person\/facd24ae5f7e6b4ee1aeec7ad1b960ae","name":"Nelson Frater"}]}},"_links":{"self":[{"href":"https:\/\/www.fraterinternacional.org\/en\/wp-json\/wp\/v2\/posts\/10397"}],"collection":[{"href":"https:\/\/www.fraterinternacional.org\/en\/wp-json\/wp\/v2\/posts"}],"about":[{"href":"https:\/\/www.fraterinternacional.org\/en\/wp-json\/wp\/v2\/types\/post"}],"author":[{"embeddable":true,"href":"https:\/\/www.fraterinternacional.org\/en\/wp-json\/wp\/v2\/users\/11"}],"replies":[{"embeddable":true,"href":"https:\/\/www.fraterinternacional.org\/en\/wp-json\/wp\/v2\/comments?post=10397"}],"version-history":[{"count":0,"href":"https:\/\/www.fraterinternacional.org\/en\/wp-json\/wp\/v2\/posts\/10397\/revisions"}],"wp:featuredmedia":[{"embeddable":true,"href":"https:\/\/www.fraterinternacional.org\/en\/wp-json\/wp\/v2\/media\/10381"}],"wp:attachment":[{"href":"https:\/\/www.fraterinternacional.org\/en\/wp-json\/wp\/v2\/media?parent=10397"}],"wp:term":[{"taxonomy":"category","embeddable":true,"href":"https:\/\/www.fraterinternacional.org\/en\/wp-json\/wp\/v2\/categories?post=10397"},{"taxonomy":"post_tag","embeddable":true,"href":"https:\/\/www.fraterinternacional.org\/en\/wp-json\/wp\/v2\/tags?post=10397"}],"curies":[{"name":"wp","href":"https:\/\/api.w.org\/{rel}","templated":true}]}}